{"id":69468,"date":"2025-09-17T21:08:16","date_gmt":"2025-09-17T19:08:16","guid":{"rendered":"https:\/\/lesvolcansnews.net\/?p=69468"},"modified":"2025-09-17T21:08:16","modified_gmt":"2025-09-17T19:08:16","slug":"rdc-parlement-une-commission-speciale-mise-en-place-pour-examiner-les-petitions-contre-des-membres-du-bureau-de-lassemblee-nationale","status":"publish","type":"post","link":"https:\/\/lesvolcansnews.net\/?p=69468","title":{"rendered":"RDC-Parlement : Une commission sp\u00e9ciale mise en place pour examiner les p\u00e9titions contre des membres du bureau de l\u2019Assembl\u00e9e nationale"},"content":{"rendered":"<h3>L\u2019Assembl\u00e9e nationale de la R\u00e9publique d\u00e9mocratique du Congo a institu\u00e9 mercredi une commission sp\u00e9ciale temporaire charg\u00e9e d\u2019examiner plusieurs p\u00e9titions visant des membres de son bureau, a-t-on appris lors d&#8217;une s\u00e9ance pl\u00e9ni\u00e8re.<\/h3>\n<p>Cette d\u00e9cision intervient dans un contexte de tensions internes au sein de la chambre basse du Parlement. Les d\u00e9put\u00e9s ont approuv\u00e9 la cr\u00e9ation de cette structure afin de traiter de mani\u00e8re approfondie les requ\u00eates formul\u00e9es contre cinq membres actuels du bureau : Vital Kamerhe, Jacques Djoli, Dominique Munongo, Chim\u00e8ne Polipili et Gr\u00e2ce Neema.<\/p>\n<p>La commission, compos\u00e9e de 22 membres \u2014 un repr\u00e9sentant par groupe parlementaire et un pour les d\u00e9put\u00e9s non inscrits , disposera d\u2019un d\u00e9lai de 72 heures pour remettre son rapport \u00e0 la pl\u00e9ni\u00e8re.<\/p>\n<p>Selon la proc\u00e9dure adopt\u00e9e, la commission sp\u00e9ciale auditionnera \u00e0 la fois les membres du bureau vis\u00e9s par les p\u00e9titions ainsi que les p\u00e9titionnaires. Ces derniers seront appel\u00e9s \u00e0 exposer et motiver les charges port\u00e9es contre les personnalit\u00e9s concern\u00e9es.<\/p>\n<p>Le rapport attendu servira de base \u00e0 une d\u00e9cision finale de l\u2019Assembl\u00e9e nationale, qui devra se prononcer sur le maintien ou la r\u00e9vocation des membres vis\u00e9s.<\/p>\n<p>Aucune d\u00e9claration officielle n\u2019a \u00e9t\u00e9 faite par les membres du bureau mis en cause, ni par les groupes parlementaires \u00e0 l&#8217;origine des p\u00e9titions, au moment de la mise en place de cette commission.<\/p>\n<p>la r\u00e9daction<\/p>\n","protected":false},"excerpt":{"rendered":"<p>L\u2019Assembl\u00e9e nationale de la R\u00e9publique d\u00e9mocratique du Congo a institu\u00e9 mercredi une commission sp\u00e9ciale temporaire charg\u00e9e d\u2019examiner plusieurs p\u00e9titions visant des membres de son bureau, a-t-on appris lors d&#8217;une s\u00e9ance<\/p>\n","protected":false},"author":14,"featured_media":69469,"comment_status":"open","ping_status":"open","sticky":false,"template":"","format":"standard","meta":{"footnotes":""},"categories":[1],"tags":[],"class_list":["post-69468","post","type-post","status-publish","format-standard","has-post-thumbnail","hentry","category-actualite"],"yoast_head":"<!-- This site is optimized with the Yoast SEO plugin v27.3 - https:\/\/yoast.com\/product\/yoast-seo-wordpress\/ -->\n<title>RDC-Parlement : Une commission sp\u00e9ciale mise en place pour examiner les p\u00e9titions contre des membres du bureau de l\u2019Assembl\u00e9e nationale - LES VOLCANS NEWS<\/title>\n<meta name=\"robots\" content=\"index, follow, max-snippet:-1, max-image-preview:large, max-video-preview:-1\" \/>\n<link rel=\"canonical\" href=\"https:\/\/lesvolcansnews.net\/?p=69468\" \/>\n<meta property=\"og:locale\" content=\"fr_FR\" \/>\n<meta property=\"og:type\" content=\"article\" \/>\n<meta property=\"og:title\" content=\"RDC-Parlement : Une commission sp\u00e9ciale mise en place pour examiner les p\u00e9titions contre des membres du bureau de l\u2019Assembl\u00e9e nationale - LES VOLCANS NEWS\" \/>\n<meta property=\"og:description\" content=\"L\u2019Assembl\u00e9e nationale de la R\u00e9publique d\u00e9mocratique du Congo a institu\u00e9 mercredi une commission sp\u00e9ciale temporaire charg\u00e9e d\u2019examiner plusieurs p\u00e9titions visant des membres de son bureau, a-t-on appris lors d&#8217;une s\u00e9ance\" \/>\n<meta property=\"og:url\" content=\"https:\/\/lesvolcansnews.net\/?p=69468\" \/>\n<meta property=\"og:site_name\" content=\"LES VOLCANS NEWS\" \/>\n<meta property=\"article:published_time\" content=\"2025-09-17T19:08:16+00:00\" \/>\n<meta property=\"og:image\" content=\"https:\/\/i0.wp.com\/lesvolcansnews.net\/wp-content\/uploads\/2025\/09\/G05P0R0W4AIhoDu.jpeg?fit=1000%2C667&ssl=1\" \/>\n\t<meta property=\"og:image:width\" content=\"1000\" \/>\n\t<meta property=\"og:image:height\" content=\"667\" \/>\n\t<meta property=\"og:image:type\" content=\"image\/jpeg\" \/>\n<meta name=\"author\" content=\"R\u00e9daction - Les Volcans News\" \/>\n<meta name=\"twitter:card\" content=\"summary_large_image\" \/>\n<meta name=\"twitter:label1\" content=\"\u00c9crit par\" \/>\n\t<meta name=\"twitter:data1\" content=\"R\u00e9daction - Les Volcans News\" \/>\n\t<meta name=\"twitter:label2\" content=\"Dur\u00e9e de lecture estim\u00e9e\" \/>\n\t<meta name=\"twitter:data2\" content=\"1 minute\" \/>\n<script type=\"application\/ld+json\" class=\"yoast-schema-graph\">{\"@context\":\"https:\\\/\\\/schema.org\",\"@graph\":[{\"@type\":\"Article\",\"@id\":\"https:\\\/\\\/lesvolcansnews.net\\\/?p=69468#article\",\"isPartOf\":{\"@id\":\"https:\\\/\\\/lesvolcansnews.net\\\/?p=69468\"},\"author\":{\"name\":\"R\u00e9daction - Les Volcans News\",\"@id\":\"https:\\\/\\\/lesvolcansnews.net\\\/#\\\/schema\\\/person\\\/82c8bed2e77879ecf6cca63441f57354\"},\"headline\":\"RDC-Parlement : Une commission sp\u00e9ciale mise en place pour examiner les p\u00e9titions contre des membres du bureau de l\u2019Assembl\u00e9e nationale\",\"datePublished\":\"2025-09-17T19:08:16+00:00\",\"mainEntityOfPage\":{\"@id\":\"https:\\\/\\\/lesvolcansnews.net\\\/?p=69468\"},\"wordCount\":278,\"commentCount\":0,\"image\":{\"@id\":\"https:\\\/\\\/lesvolcansnews.net\\\/?p=69468#primaryimage\"},\"thumbnailUrl\":\"https:\\\/\\\/lesvolcansnews.net\\\/wp-content\\\/uploads\\\/2025\\\/09\\\/G05P0R0W4AIhoDu.jpeg\",\"articleSection\":[\"ACTUALIT\u00c9\"],\"inLanguage\":\"fr-FR\",\"potentialAction\":[{\"@type\":\"CommentAction\",\"name\":\"Comment\",\"target\":[\"https:\\\/\\\/lesvolcansnews.net\\\/?p=69468#respond\"]}]},{\"@type\":\"WebPage\",\"@id\":\"https:\\\/\\\/lesvolcansnews.net\\\/?p=69468\",\"url\":\"https:\\\/\\\/lesvolcansnews.net\\\/?p=69468\",\"name\":\"RDC-Parlement : Une commission sp\u00e9ciale mise en place pour examiner les p\u00e9titions contre des membres du bureau de l\u2019Assembl\u00e9e nationale - LES VOLCANS NEWS\",\"isPartOf\":{\"@id\":\"https:\\\/\\\/lesvolcansnews.net\\\/#website\"},\"primaryImageOfPage\":{\"@id\":\"https:\\\/\\\/lesvolcansnews.net\\\/?p=69468#primaryimage\"},\"image\":{\"@id\":\"https:\\\/\\\/lesvolcansnews.net\\\/?p=69468#primaryimage\"},\"thumbnailUrl\":\"https:\\\/\\\/lesvolcansnews.net\\\/wp-content\\\/uploads\\\/2025\\\/09\\\/G05P0R0W4AIhoDu.jpeg\",\"datePublished\":\"2025-09-17T19:08:16+00:00\",\"author\":{\"@id\":\"https:\\\/\\\/lesvolcansnews.net\\\/#\\\/schema\\\/person\\\/82c8bed2e77879ecf6cca63441f57354\"},\"breadcrumb\":{\"@id\":\"https:\\\/\\\/lesvolcansnews.net\\\/?p=69468#breadcrumb\"},\"inLanguage\":\"fr-FR\",\"potentialAction\":[{\"@type\":\"ReadAction\",\"target\":[\"https:\\\/\\\/lesvolcansnews.net\\\/?p=69468\"]}]},{\"@type\":\"ImageObject\",\"inLanguage\":\"fr-FR\",\"@id\":\"https:\\\/\\\/lesvolcansnews.net\\\/?p=69468#primaryimage\",\"url\":\"https:\\\/\\\/lesvolcansnews.net\\\/wp-content\\\/uploads\\\/2025\\\/09\\\/G05P0R0W4AIhoDu.jpeg\",\"contentUrl\":\"https:\\\/\\\/lesvolcansnews.net\\\/wp-content\\\/uploads\\\/2025\\\/09\\\/G05P0R0W4AIhoDu.jpeg\",\"width\":1000,\"height\":667},{\"@type\":\"BreadcrumbList\",\"@id\":\"https:\\\/\\\/lesvolcansnews.net\\\/?p=69468#breadcrumb\",\"itemListElement\":[{\"@type\":\"ListItem\",\"position\":1,\"name\":\"Accueil\",\"item\":\"https:\\\/\\\/lesvolcansnews.net\\\/\"},{\"@type\":\"ListItem\",\"position\":2,\"name\":\"RDC-Parlement : Une commission sp\u00e9ciale mise en place pour examiner les p\u00e9titions contre des membres du bureau de l\u2019Assembl\u00e9e nationale\"}]},{\"@type\":\"WebSite\",\"@id\":\"https:\\\/\\\/lesvolcansnews.net\\\/#website\",\"url\":\"https:\\\/\\\/lesvolcansnews.net\\\/\",\"name\":\"LES VOLCANS NEWS\",\"description\":\"L&#039;INFORMATION C&#039;EST NOUS\",\"potentialAction\":[{\"@type\":\"SearchAction\",\"target\":{\"@type\":\"EntryPoint\",\"urlTemplate\":\"https:\\\/\\\/lesvolcansnews.net\\\/?s={search_term_string}\"},\"query-input\":{\"@type\":\"PropertyValueSpecification\",\"valueRequired\":true,\"valueName\":\"search_term_string\"}}],\"inLanguage\":\"fr-FR\"},{\"@type\":\"Person\",\"@id\":\"https:\\\/\\\/lesvolcansnews.net\\\/#\\\/schema\\\/person\\\/82c8bed2e77879ecf6cca63441f57354\",\"name\":\"R\u00e9daction - Les Volcans News\",\"image\":{\"@type\":\"ImageObject\",\"inLanguage\":\"fr-FR\",\"@id\":\"https:\\\/\\\/secure.gravatar.com\\\/avatar\\\/8408942dd851e8a9c09f3d382a661bc05d2b3cd9002139bc1795b9528cdc6c80?s=96&d=mm&r=g\",\"url\":\"https:\\\/\\\/secure.gravatar.com\\\/avatar\\\/8408942dd851e8a9c09f3d382a661bc05d2b3cd9002139bc1795b9528cdc6c80?s=96&d=mm&r=g\",\"contentUrl\":\"https:\\\/\\\/secure.gravatar.com\\\/avatar\\\/8408942dd851e8a9c09f3d382a661bc05d2b3cd9002139bc1795b9528cdc6c80?s=96&d=mm&r=g\",\"caption\":\"R\u00e9daction - Les Volcans News\"},\"url\":\"https:\\\/\\\/lesvolcansnews.net\\\/?author=14\"}]}<\/script>\n<!-- \/ Yoast SEO plugin. -->","yoast_head_json":{"title":"RDC-Parlement : Une commission sp\u00e9ciale mise en place pour examiner les p\u00e9titions contre des membres du bureau de l\u2019Assembl\u00e9e nationale - LES VOLCANS NEWS","robots":{"index":"index","follow":"follow","max-snippet":"max-snippet:-1","max-image-preview":"max-image-preview:large","max-video-preview":"max-video-preview:-1"},"canonical":"https:\/\/lesvolcansnews.net\/?p=69468","og_locale":"fr_FR","og_type":"article","og_title":"RDC-Parlement : Une commission sp\u00e9ciale mise en place pour examiner les p\u00e9titions contre des membres du bureau de l\u2019Assembl\u00e9e nationale - LES VOLCANS NEWS","og_description":"L\u2019Assembl\u00e9e nationale de la R\u00e9publique d\u00e9mocratique du Congo a institu\u00e9 mercredi une commission sp\u00e9ciale temporaire charg\u00e9e d\u2019examiner plusieurs p\u00e9titions visant des membres de son bureau, a-t-on appris lors d&#8217;une s\u00e9ance","og_url":"https:\/\/lesvolcansnews.net\/?p=69468","og_site_name":"LES VOLCANS NEWS","article_published_time":"2025-09-17T19:08:16+00:00","og_image":[{"width":1000,"height":667,"url":"https:\/\/i0.wp.com\/lesvolcansnews.net\/wp-content\/uploads\/2025\/09\/G05P0R0W4AIhoDu.jpeg?fit=1000%2C667&ssl=1","type":"image\/jpeg"}],"author":"R\u00e9daction - Les Volcans News","twitter_card":"summary_large_image","twitter_misc":{"\u00c9crit par":"R\u00e9daction - Les Volcans News","Dur\u00e9e de lecture estim\u00e9e":"1 minute"},"schema":{"@context":"https:\/\/schema.org","@graph":[{"@type":"Article","@id":"https:\/\/lesvolcansnews.net\/?p=69468#article","isPartOf":{"@id":"https:\/\/lesvolcansnews.net\/?p=69468"},"author":{"name":"R\u00e9daction - Les Volcans News","@id":"https:\/\/lesvolcansnews.net\/#\/schema\/person\/82c8bed2e77879ecf6cca63441f57354"},"headline":"RDC-Parlement : Une commission sp\u00e9ciale mise en place pour examiner les p\u00e9titions contre des membres du bureau de l\u2019Assembl\u00e9e nationale","datePublished":"2025-09-17T19:08:16+00:00","mainEntityOfPage":{"@id":"https:\/\/lesvolcansnews.net\/?p=69468"},"wordCount":278,"commentCount":0,"image":{"@id":"https:\/\/lesvolcansnews.net\/?p=69468#primaryimage"},"thumbnailUrl":"https:\/\/lesvolcansnews.net\/wp-content\/uploads\/2025\/09\/G05P0R0W4AIhoDu.jpeg","articleSection":["ACTUALIT\u00c9"],"inLanguage":"fr-FR","potentialAction":[{"@type":"CommentAction","name":"Comment","target":["https:\/\/lesvolcansnews.net\/?p=69468#respond"]}]},{"@type":"WebPage","@id":"https:\/\/lesvolcansnews.net\/?p=69468","url":"https:\/\/lesvolcansnews.net\/?p=69468","name":"RDC-Parlement : Une commission sp\u00e9ciale mise en place pour examiner les p\u00e9titions contre des membres du bureau de l\u2019Assembl\u00e9e nationale - LES VOLCANS NEWS","isPartOf":{"@id":"https:\/\/lesvolcansnews.net\/#website"},"primaryImageOfPage":{"@id":"https:\/\/lesvolcansnews.net\/?p=69468#primaryimage"},"image":{"@id":"https:\/\/lesvolcansnews.net\/?p=69468#primaryimage"},"thumbnailUrl":"https:\/\/lesvolcansnews.net\/wp-content\/uploads\/2025\/09\/G05P0R0W4AIhoDu.jpeg","datePublished":"2025-09-17T19:08:16+00:00","author":{"@id":"https:\/\/lesvolcansnews.net\/#\/schema\/person\/82c8bed2e77879ecf6cca63441f57354"},"breadcrumb":{"@id":"https:\/\/lesvolcansnews.net\/?p=69468#breadcrumb"},"inLanguage":"fr-FR","potentialAction":[{"@type":"ReadAction","target":["https:\/\/lesvolcansnews.net\/?p=69468"]}]},{"@type":"ImageObject","inLanguage":"fr-FR","@id":"https:\/\/lesvolcansnews.net\/?p=69468#primaryimage","url":"https:\/\/lesvolcansnews.net\/wp-content\/uploads\/2025\/09\/G05P0R0W4AIhoDu.jpeg","contentUrl":"https:\/\/lesvolcansnews.net\/wp-content\/uploads\/2025\/09\/G05P0R0W4AIhoDu.jpeg","width":1000,"height":667},{"@type":"BreadcrumbList","@id":"https:\/\/lesvolcansnews.net\/?p=69468#breadcrumb","itemListElement":[{"@type":"ListItem","position":1,"name":"Accueil","item":"https:\/\/lesvolcansnews.net\/"},{"@type":"ListItem","position":2,"name":"RDC-Parlement : Une commission sp\u00e9ciale mise en place pour examiner les p\u00e9titions contre des membres du bureau de l\u2019Assembl\u00e9e nationale"}]},{"@type":"WebSite","@id":"https:\/\/lesvolcansnews.net\/#website","url":"https:\/\/lesvolcansnews.net\/","name":"LES VOLCANS NEWS","description":"L&#039;INFORMATION C&#039;EST NOUS","potentialAction":[{"@type":"SearchAction","target":{"@type":"EntryPoint","urlTemplate":"https:\/\/lesvolcansnews.net\/?s={search_term_string}"},"query-input":{"@type":"PropertyValueSpecification","valueRequired":true,"valueName":"search_term_string"}}],"inLanguage":"fr-FR"},{"@type":"Person","@id":"https:\/\/lesvolcansnews.net\/#\/schema\/person\/82c8bed2e77879ecf6cca63441f57354","name":"R\u00e9daction - Les Volcans News","image":{"@type":"ImageObject","inLanguage":"fr-FR","@id":"https:\/\/secure.gravatar.com\/avatar\/8408942dd851e8a9c09f3d382a661bc05d2b3cd9002139bc1795b9528cdc6c80?s=96&d=mm&r=g","url":"https:\/\/secure.gravatar.com\/avatar\/8408942dd851e8a9c09f3d382a661bc05d2b3cd9002139bc1795b9528cdc6c80?s=96&d=mm&r=g","contentUrl":"https:\/\/secure.gravatar.com\/avatar\/8408942dd851e8a9c09f3d382a661bc05d2b3cd9002139bc1795b9528cdc6c80?s=96&d=mm&r=g","caption":"R\u00e9daction - Les Volcans News"},"url":"https:\/\/lesvolcansnews.net\/?author=14"}]}},"_links":{"self":[{"href":"https:\/\/lesvolcansnews.net\/index.php?rest_route=\/wp\/v2\/posts\/69468","targetHints":{"allow":["GET"]}}],"collection":[{"href":"https:\/\/lesvolcansnews.net\/index.php?rest_route=\/wp\/v2\/posts"}],"about":[{"href":"https:\/\/lesvolcansnews.net\/index.php?rest_route=\/wp\/v2\/types\/post"}],"author":[{"embeddable":true,"href":"https:\/\/lesvolcansnews.net\/index.php?rest_route=\/wp\/v2\/users\/14"}],"replies":[{"embeddable":true,"href":"https:\/\/lesvolcansnews.net\/index.php?rest_route=%2Fwp%2Fv2%2Fcomments&post=69468"}],"version-history":[{"count":1,"href":"https:\/\/lesvolcansnews.net\/index.php?rest_route=\/wp\/v2\/posts\/69468\/revisions"}],"predecessor-version":[{"id":69470,"href":"https:\/\/lesvolcansnews.net\/index.php?rest_route=\/wp\/v2\/posts\/69468\/revisions\/69470"}],"wp:featuredmedia":[{"embeddable":true,"href":"https:\/\/lesvolcansnews.net\/index.php?rest_route=\/wp\/v2\/media\/69469"}],"wp:attachment":[{"href":"https:\/\/lesvolcansnews.net\/index.php?rest_route=%2Fwp%2Fv2%2Fmedia&parent=69468"}],"wp:term":[{"taxonomy":"category","embeddable":true,"href":"https:\/\/lesvolcansnews.net\/index.php?rest_route=%2Fwp%2Fv2%2Fcategories&post=69468"},{"taxonomy":"post_tag","embeddable":true,"href":"https:\/\/lesvolcansnews.net\/index.php?rest_route=%2Fwp%2Fv2%2Ftags&post=69468"}],"curies":[{"name":"wp","href":"https:\/\/api.w.org\/{rel}","templated":true}]}}