{"id":69443,"date":"2025-09-16T22:26:57","date_gmt":"2025-09-16T20:26:57","guid":{"rendered":"https:\/\/lesvolcansnews.net\/?p=69443"},"modified":"2025-09-16T22:26:57","modified_gmt":"2025-09-16T20:26:57","slug":"rdc-pleniere-convoquee-a-lassemblee-nationale-pour-examiner-des-petitions-contre-des-membres-du-bureau","status":"publish","type":"post","link":"https:\/\/lesvolcansnews.net\/?p=69443","title":{"rendered":"RDC : pl\u00e9ni\u00e8re convoqu\u00e9e \u00e0 l\u2019Assembl\u00e9e nationale pour examiner des p\u00e9titions contre des membres du Bureau"},"content":{"rendered":"<p>Le Premier vice-pr\u00e9sident de l\u2019Assembl\u00e9e nationale de la R\u00e9publique d\u00e9mocratique du Congo, Jean Claude Tshilumbayi, a convoqu\u00e9 une pl\u00e9ni\u00e8re pour ce mercredi 17 septembre \u00e0 14h00, au Palais du Peuple, afin d&#8217;examiner plusieurs p\u00e9titions visant des membres du Bureau de la chambre basse.<\/p>\n<p>\u00c0 l\u2019ordre du jour figure la mise en place d\u2019une commission sp\u00e9ciale charg\u00e9e d\u2019instruire ces requ\u00eates, conform\u00e9ment \u00e0 l\u2019article 32, alin\u00e9a 2, du R\u00e8glement int\u00e9rieur de l\u2019Assembl\u00e9e nationale.<\/p>\n<p>Selon une source parlementaire, le Bureau a \u00e9t\u00e9 officiellement saisi par plusieurs d\u00e9put\u00e9s exigeant des comptes \u00e0 certains de ses membres. La tenue de cette session, qualifi\u00e9e d\u2019\u00ab importante et sensible \u00bb dans les couloirs du Palais du Peuple, pourrait conduire \u00e0 une recomposition partielle du Bureau, voire \u00e0 des d\u00e9missions.<\/p>\n<p>La convocation intervient dans un climat de fortes tensions politiques, marqu\u00e9 par des d\u00e9saccords internes et des critiques croissantes sur la gestion de l\u2019institution. Certains \u00e9lus appellent \u00e0 une r\u00e9forme de la gouvernance parlementaire pour, selon eux, restaurer la transparence et la confiance au sein de l\u2019Assembl\u00e9e.<\/p>\n<p>Cette pl\u00e9ni\u00e8re sera scrut\u00e9e de pr\u00e8s, tant par les acteurs politiques que par la soci\u00e9t\u00e9 civile, en raison de ses implications potentielles sur l\u2019\u00e9quilibre au sein de la majorit\u00e9 et du leadership institutionnel.<\/p>\n<p>La R\u00e9daction<\/p>\n","protected":false},"excerpt":{"rendered":"<p>Le Premier vice-pr\u00e9sident de l\u2019Assembl\u00e9e nationale de la R\u00e9publique d\u00e9mocratique du Congo, Jean Claude Tshilumbayi, a convoqu\u00e9 une pl\u00e9ni\u00e8re pour ce mercredi 17 septembre \u00e0 14h00, au Palais du Peuple,<\/p>\n","protected":false},"author":14,"featured_media":69444,"comment_status":"open","ping_status":"open","sticky":false,"template":"","format":"standard","meta":{"footnotes":""},"categories":[27],"tags":[],"class_list":["post-69443","post","type-post","status-publish","format-standard","has-post-thumbnail","hentry","category-politique"],"yoast_head":"<!-- This site is optimized with the Yoast SEO plugin v27.3 - https:\/\/yoast.com\/product\/yoast-seo-wordpress\/ -->\n<title>RDC : pl\u00e9ni\u00e8re convoqu\u00e9e \u00e0 l\u2019Assembl\u00e9e nationale pour examiner des p\u00e9titions contre des membres du Bureau - LES VOLCANS NEWS<\/title>\n<meta name=\"robots\" content=\"index, follow, max-snippet:-1, max-image-preview:large, max-video-preview:-1\" \/>\n<link rel=\"canonical\" href=\"https:\/\/lesvolcansnews.net\/?p=69443\" \/>\n<meta property=\"og:locale\" content=\"fr_FR\" \/>\n<meta property=\"og:type\" content=\"article\" \/>\n<meta property=\"og:title\" content=\"RDC : pl\u00e9ni\u00e8re convoqu\u00e9e \u00e0 l\u2019Assembl\u00e9e nationale pour examiner des p\u00e9titions contre des membres du Bureau - LES VOLCANS NEWS\" \/>\n<meta property=\"og:description\" content=\"Le Premier vice-pr\u00e9sident de l\u2019Assembl\u00e9e nationale de la R\u00e9publique d\u00e9mocratique du Congo, Jean Claude Tshilumbayi, a convoqu\u00e9 une pl\u00e9ni\u00e8re pour ce mercredi 17 septembre \u00e0 14h00, au Palais du Peuple,\" \/>\n<meta property=\"og:url\" content=\"https:\/\/lesvolcansnews.net\/?p=69443\" \/>\n<meta property=\"og:site_name\" content=\"LES VOLCANS NEWS\" \/>\n<meta property=\"article:published_time\" content=\"2025-09-16T20:26:57+00:00\" \/>\n<meta property=\"og:image\" content=\"https:\/\/lesvolcansnews.net\/wp-content\/uploads\/2025\/09\/G0_JDc3WMAAh4dW.jpeg\" \/>\n\t<meta property=\"og:image:width\" content=\"576\" \/>\n\t<meta property=\"og:image:height\" content=\"288\" \/>\n\t<meta property=\"og:image:type\" content=\"image\/jpeg\" \/>\n<meta name=\"author\" content=\"R\u00e9daction - Les Volcans News\" \/>\n<meta name=\"twitter:card\" content=\"summary_large_image\" \/>\n<meta name=\"twitter:label1\" content=\"\u00c9crit par\" \/>\n\t<meta name=\"twitter:data1\" content=\"R\u00e9daction - Les Volcans News\" \/>\n\t<meta name=\"twitter:label2\" content=\"Dur\u00e9e de lecture estim\u00e9e\" \/>\n\t<meta name=\"twitter:data2\" content=\"1 minute\" \/>\n<script type=\"application\/ld+json\" class=\"yoast-schema-graph\">{\"@context\":\"https:\\\/\\\/schema.org\",\"@graph\":[{\"@type\":\"Article\",\"@id\":\"https:\\\/\\\/lesvolcansnews.net\\\/?p=69443#article\",\"isPartOf\":{\"@id\":\"https:\\\/\\\/lesvolcansnews.net\\\/?p=69443\"},\"author\":{\"name\":\"R\u00e9daction - Les Volcans News\",\"@id\":\"https:\\\/\\\/lesvolcansnews.net\\\/#\\\/schema\\\/person\\\/82c8bed2e77879ecf6cca63441f57354\"},\"headline\":\"RDC : pl\u00e9ni\u00e8re convoqu\u00e9e \u00e0 l\u2019Assembl\u00e9e nationale pour examiner des p\u00e9titions contre des membres du Bureau\",\"datePublished\":\"2025-09-16T20:26:57+00:00\",\"mainEntityOfPage\":{\"@id\":\"https:\\\/\\\/lesvolcansnews.net\\\/?p=69443\"},\"wordCount\":251,\"commentCount\":0,\"image\":{\"@id\":\"https:\\\/\\\/lesvolcansnews.net\\\/?p=69443#primaryimage\"},\"thumbnailUrl\":\"https:\\\/\\\/lesvolcansnews.net\\\/wp-content\\\/uploads\\\/2025\\\/09\\\/G0_JDc3WMAAh4dW.jpeg\",\"articleSection\":[\"POLITIQUE\"],\"inLanguage\":\"fr-FR\",\"potentialAction\":[{\"@type\":\"CommentAction\",\"name\":\"Comment\",\"target\":[\"https:\\\/\\\/lesvolcansnews.net\\\/?p=69443#respond\"]}]},{\"@type\":\"WebPage\",\"@id\":\"https:\\\/\\\/lesvolcansnews.net\\\/?p=69443\",\"url\":\"https:\\\/\\\/lesvolcansnews.net\\\/?p=69443\",\"name\":\"RDC : pl\u00e9ni\u00e8re convoqu\u00e9e \u00e0 l\u2019Assembl\u00e9e nationale pour examiner des p\u00e9titions contre des membres du Bureau - LES VOLCANS NEWS\",\"isPartOf\":{\"@id\":\"https:\\\/\\\/lesvolcansnews.net\\\/#website\"},\"primaryImageOfPage\":{\"@id\":\"https:\\\/\\\/lesvolcansnews.net\\\/?p=69443#primaryimage\"},\"image\":{\"@id\":\"https:\\\/\\\/lesvolcansnews.net\\\/?p=69443#primaryimage\"},\"thumbnailUrl\":\"https:\\\/\\\/lesvolcansnews.net\\\/wp-content\\\/uploads\\\/2025\\\/09\\\/G0_JDc3WMAAh4dW.jpeg\",\"datePublished\":\"2025-09-16T20:26:57+00:00\",\"author\":{\"@id\":\"https:\\\/\\\/lesvolcansnews.net\\\/#\\\/schema\\\/person\\\/82c8bed2e77879ecf6cca63441f57354\"},\"breadcrumb\":{\"@id\":\"https:\\\/\\\/lesvolcansnews.net\\\/?p=69443#breadcrumb\"},\"inLanguage\":\"fr-FR\",\"potentialAction\":[{\"@type\":\"ReadAction\",\"target\":[\"https:\\\/\\\/lesvolcansnews.net\\\/?p=69443\"]}]},{\"@type\":\"ImageObject\",\"inLanguage\":\"fr-FR\",\"@id\":\"https:\\\/\\\/lesvolcansnews.net\\\/?p=69443#primaryimage\",\"url\":\"https:\\\/\\\/lesvolcansnews.net\\\/wp-content\\\/uploads\\\/2025\\\/09\\\/G0_JDc3WMAAh4dW.jpeg\",\"contentUrl\":\"https:\\\/\\\/lesvolcansnews.net\\\/wp-content\\\/uploads\\\/2025\\\/09\\\/G0_JDc3WMAAh4dW.jpeg\",\"width\":576,\"height\":288},{\"@type\":\"BreadcrumbList\",\"@id\":\"https:\\\/\\\/lesvolcansnews.net\\\/?p=69443#breadcrumb\",\"itemListElement\":[{\"@type\":\"ListItem\",\"position\":1,\"name\":\"Accueil\",\"item\":\"https:\\\/\\\/lesvolcansnews.net\\\/\"},{\"@type\":\"ListItem\",\"position\":2,\"name\":\"RDC : pl\u00e9ni\u00e8re convoqu\u00e9e \u00e0 l\u2019Assembl\u00e9e nationale pour examiner des p\u00e9titions contre des membres du Bureau\"}]},{\"@type\":\"WebSite\",\"@id\":\"https:\\\/\\\/lesvolcansnews.net\\\/#website\",\"url\":\"https:\\\/\\\/lesvolcansnews.net\\\/\",\"name\":\"LES VOLCANS NEWS\",\"description\":\"L&#039;INFORMATION C&#039;EST NOUS\",\"potentialAction\":[{\"@type\":\"SearchAction\",\"target\":{\"@type\":\"EntryPoint\",\"urlTemplate\":\"https:\\\/\\\/lesvolcansnews.net\\\/?s={search_term_string}\"},\"query-input\":{\"@type\":\"PropertyValueSpecification\",\"valueRequired\":true,\"valueName\":\"search_term_string\"}}],\"inLanguage\":\"fr-FR\"},{\"@type\":\"Person\",\"@id\":\"https:\\\/\\\/lesvolcansnews.net\\\/#\\\/schema\\\/person\\\/82c8bed2e77879ecf6cca63441f57354\",\"name\":\"R\u00e9daction - Les Volcans News\",\"image\":{\"@type\":\"ImageObject\",\"inLanguage\":\"fr-FR\",\"@id\":\"https:\\\/\\\/secure.gravatar.com\\\/avatar\\\/8408942dd851e8a9c09f3d382a661bc05d2b3cd9002139bc1795b9528cdc6c80?s=96&d=mm&r=g\",\"url\":\"https:\\\/\\\/secure.gravatar.com\\\/avatar\\\/8408942dd851e8a9c09f3d382a661bc05d2b3cd9002139bc1795b9528cdc6c80?s=96&d=mm&r=g\",\"contentUrl\":\"https:\\\/\\\/secure.gravatar.com\\\/avatar\\\/8408942dd851e8a9c09f3d382a661bc05d2b3cd9002139bc1795b9528cdc6c80?s=96&d=mm&r=g\",\"caption\":\"R\u00e9daction - Les Volcans News\"},\"url\":\"https:\\\/\\\/lesvolcansnews.net\\\/?author=14\"}]}<\/script>\n<!-- \/ Yoast SEO plugin. -->","yoast_head_json":{"title":"RDC : pl\u00e9ni\u00e8re convoqu\u00e9e \u00e0 l\u2019Assembl\u00e9e nationale pour examiner des p\u00e9titions contre des membres du Bureau - LES VOLCANS NEWS","robots":{"index":"index","follow":"follow","max-snippet":"max-snippet:-1","max-image-preview":"max-image-preview:large","max-video-preview":"max-video-preview:-1"},"canonical":"https:\/\/lesvolcansnews.net\/?p=69443","og_locale":"fr_FR","og_type":"article","og_title":"RDC : pl\u00e9ni\u00e8re convoqu\u00e9e \u00e0 l\u2019Assembl\u00e9e nationale pour examiner des p\u00e9titions contre des membres du Bureau - LES VOLCANS NEWS","og_description":"Le Premier vice-pr\u00e9sident de l\u2019Assembl\u00e9e nationale de la R\u00e9publique d\u00e9mocratique du Congo, Jean Claude Tshilumbayi, a convoqu\u00e9 une pl\u00e9ni\u00e8re pour ce mercredi 17 septembre \u00e0 14h00, au Palais du Peuple,","og_url":"https:\/\/lesvolcansnews.net\/?p=69443","og_site_name":"LES VOLCANS NEWS","article_published_time":"2025-09-16T20:26:57+00:00","og_image":[{"width":576,"height":288,"url":"https:\/\/lesvolcansnews.net\/wp-content\/uploads\/2025\/09\/G0_JDc3WMAAh4dW.jpeg","type":"image\/jpeg"}],"author":"R\u00e9daction - Les Volcans News","twitter_card":"summary_large_image","twitter_misc":{"\u00c9crit par":"R\u00e9daction - Les Volcans News","Dur\u00e9e de lecture estim\u00e9e":"1 minute"},"schema":{"@context":"https:\/\/schema.org","@graph":[{"@type":"Article","@id":"https:\/\/lesvolcansnews.net\/?p=69443#article","isPartOf":{"@id":"https:\/\/lesvolcansnews.net\/?p=69443"},"author":{"name":"R\u00e9daction - Les Volcans News","@id":"https:\/\/lesvolcansnews.net\/#\/schema\/person\/82c8bed2e77879ecf6cca63441f57354"},"headline":"RDC : pl\u00e9ni\u00e8re convoqu\u00e9e \u00e0 l\u2019Assembl\u00e9e nationale pour examiner des p\u00e9titions contre des membres du Bureau","datePublished":"2025-09-16T20:26:57+00:00","mainEntityOfPage":{"@id":"https:\/\/lesvolcansnews.net\/?p=69443"},"wordCount":251,"commentCount":0,"image":{"@id":"https:\/\/lesvolcansnews.net\/?p=69443#primaryimage"},"thumbnailUrl":"https:\/\/lesvolcansnews.net\/wp-content\/uploads\/2025\/09\/G0_JDc3WMAAh4dW.jpeg","articleSection":["POLITIQUE"],"inLanguage":"fr-FR","potentialAction":[{"@type":"CommentAction","name":"Comment","target":["https:\/\/lesvolcansnews.net\/?p=69443#respond"]}]},{"@type":"WebPage","@id":"https:\/\/lesvolcansnews.net\/?p=69443","url":"https:\/\/lesvolcansnews.net\/?p=69443","name":"RDC : pl\u00e9ni\u00e8re convoqu\u00e9e \u00e0 l\u2019Assembl\u00e9e nationale pour examiner des p\u00e9titions contre des membres du Bureau - LES VOLCANS NEWS","isPartOf":{"@id":"https:\/\/lesvolcansnews.net\/#website"},"primaryImageOfPage":{"@id":"https:\/\/lesvolcansnews.net\/?p=69443#primaryimage"},"image":{"@id":"https:\/\/lesvolcansnews.net\/?p=69443#primaryimage"},"thumbnailUrl":"https:\/\/lesvolcansnews.net\/wp-content\/uploads\/2025\/09\/G0_JDc3WMAAh4dW.jpeg","datePublished":"2025-09-16T20:26:57+00:00","author":{"@id":"https:\/\/lesvolcansnews.net\/#\/schema\/person\/82c8bed2e77879ecf6cca63441f57354"},"breadcrumb":{"@id":"https:\/\/lesvolcansnews.net\/?p=69443#breadcrumb"},"inLanguage":"fr-FR","potentialAction":[{"@type":"ReadAction","target":["https:\/\/lesvolcansnews.net\/?p=69443"]}]},{"@type":"ImageObject","inLanguage":"fr-FR","@id":"https:\/\/lesvolcansnews.net\/?p=69443#primaryimage","url":"https:\/\/lesvolcansnews.net\/wp-content\/uploads\/2025\/09\/G0_JDc3WMAAh4dW.jpeg","contentUrl":"https:\/\/lesvolcansnews.net\/wp-content\/uploads\/2025\/09\/G0_JDc3WMAAh4dW.jpeg","width":576,"height":288},{"@type":"BreadcrumbList","@id":"https:\/\/lesvolcansnews.net\/?p=69443#breadcrumb","itemListElement":[{"@type":"ListItem","position":1,"name":"Accueil","item":"https:\/\/lesvolcansnews.net\/"},{"@type":"ListItem","position":2,"name":"RDC : pl\u00e9ni\u00e8re convoqu\u00e9e \u00e0 l\u2019Assembl\u00e9e nationale pour examiner des p\u00e9titions contre des membres du Bureau"}]},{"@type":"WebSite","@id":"https:\/\/lesvolcansnews.net\/#website","url":"https:\/\/lesvolcansnews.net\/","name":"LES VOLCANS NEWS","description":"L&#039;INFORMATION C&#039;EST NOUS","potentialAction":[{"@type":"SearchAction","target":{"@type":"EntryPoint","urlTemplate":"https:\/\/lesvolcansnews.net\/?s={search_term_string}"},"query-input":{"@type":"PropertyValueSpecification","valueRequired":true,"valueName":"search_term_string"}}],"inLanguage":"fr-FR"},{"@type":"Person","@id":"https:\/\/lesvolcansnews.net\/#\/schema\/person\/82c8bed2e77879ecf6cca63441f57354","name":"R\u00e9daction - Les Volcans News","image":{"@type":"ImageObject","inLanguage":"fr-FR","@id":"https:\/\/secure.gravatar.com\/avatar\/8408942dd851e8a9c09f3d382a661bc05d2b3cd9002139bc1795b9528cdc6c80?s=96&d=mm&r=g","url":"https:\/\/secure.gravatar.com\/avatar\/8408942dd851e8a9c09f3d382a661bc05d2b3cd9002139bc1795b9528cdc6c80?s=96&d=mm&r=g","contentUrl":"https:\/\/secure.gravatar.com\/avatar\/8408942dd851e8a9c09f3d382a661bc05d2b3cd9002139bc1795b9528cdc6c80?s=96&d=mm&r=g","caption":"R\u00e9daction - Les Volcans News"},"url":"https:\/\/lesvolcansnews.net\/?author=14"}]}},"_links":{"self":[{"href":"https:\/\/lesvolcansnews.net\/index.php?rest_route=\/wp\/v2\/posts\/69443","targetHints":{"allow":["GET"]}}],"collection":[{"href":"https:\/\/lesvolcansnews.net\/index.php?rest_route=\/wp\/v2\/posts"}],"about":[{"href":"https:\/\/lesvolcansnews.net\/index.php?rest_route=\/wp\/v2\/types\/post"}],"author":[{"embeddable":true,"href":"https:\/\/lesvolcansnews.net\/index.php?rest_route=\/wp\/v2\/users\/14"}],"replies":[{"embeddable":true,"href":"https:\/\/lesvolcansnews.net\/index.php?rest_route=%2Fwp%2Fv2%2Fcomments&post=69443"}],"version-history":[{"count":1,"href":"https:\/\/lesvolcansnews.net\/index.php?rest_route=\/wp\/v2\/posts\/69443\/revisions"}],"predecessor-version":[{"id":69445,"href":"https:\/\/lesvolcansnews.net\/index.php?rest_route=\/wp\/v2\/posts\/69443\/revisions\/69445"}],"wp:featuredmedia":[{"embeddable":true,"href":"https:\/\/lesvolcansnews.net\/index.php?rest_route=\/wp\/v2\/media\/69444"}],"wp:attachment":[{"href":"https:\/\/lesvolcansnews.net\/index.php?rest_route=%2Fwp%2Fv2%2Fmedia&parent=69443"}],"wp:term":[{"taxonomy":"category","embeddable":true,"href":"https:\/\/lesvolcansnews.net\/index.php?rest_route=%2Fwp%2Fv2%2Fcategories&post=69443"},{"taxonomy":"post_tag","embeddable":true,"href":"https:\/\/lesvolcansnews.net\/index.php?rest_route=%2Fwp%2Fv2%2Ftags&post=69443"}],"curies":[{"name":"wp","href":"https:\/\/api.w.org\/{rel}","templated":true}]}}