{"id":69232,"date":"2025-09-07T18:36:44","date_gmt":"2025-09-07T16:36:44","guid":{"rendered":"https:\/\/lesvolcansnews.net\/?p=69232"},"modified":"2025-09-07T19:22:58","modified_gmt":"2025-09-07T17:22:58","slug":"atelier-litteraire-lecrivaine-chantal-faida-appelle-les-femmes-et-les-jeunes-a-sengager-en-politique","status":"publish","type":"post","link":"https:\/\/lesvolcansnews.net\/?p=69232","title":{"rendered":"Atelier litt\u00e9raire : l\u2019\u00e9crivaine Chantal Faida appelle les femmes et les jeunes \u00e0 s\u2019engager en politique"},"content":{"rendered":"\r\n<p><strong>L\u2019\u00e9crivaine et militante congolaise Chantal Faida Mulengabyuma a anim\u00e9, samedi \u00e0 Silikin Village, un atelier litt\u00e9raire d\u2019\u00e9change autour de son ouvrage <em>\u00ab Je m\u2019engage en politique \u00bb<\/em>, en partenariat avec le collectif Clart\u00e9 Litt\u00e9raire.<\/strong><\/p>\r\n<p>Organis\u00e9e dans un cadre propice \u00e0 la r\u00e9flexion intellectuelle, la rencontre a r\u00e9uni des jeunes lecteurs, des communicants, ainsi que plusieurs\u00a0 leaders pour discuter de l&#8217;engagement politique sous le prisme du genre et de la responsabilit\u00e9 citoyenne.<\/p>\r\n<p><em>\u00ab Je suis honor\u00e9e par l\u2019initiative Clart\u00e9 qui nous a convi\u00e9s \u00e0 Silikin Village pour pr\u00e9senter le livre \u00e0 d\u2019autres intellectuels congolais. L\u2019engagement des femmes en politique n\u00e9cessite la volont\u00e9 des acteurs, mais aussi l\u2019engagement personnel des femmes elles-m\u00eames \u00bb<\/em>, a d\u00e9clar\u00e9 Chantal Faida lors de son intervention.<\/p>\r\n<h3>Une litt\u00e9rature engag\u00e9e au service de la citoyennet\u00e9<\/h3>\r\n<p>L\u2019activit\u00e9 a permis aux participants d\u2019explorer les th\u00e9matiques majeures du livre, notamment la politique active et passive, la repr\u00e9sentativit\u00e9 des femmes, et la responsabilit\u00e9 individuelle dans la construction nationale.<\/p>\r\n<p>Selon Faustin Tshimanga, coordonnateur de Clart\u00e9 Litt\u00e9raire, l\u2019atelier visait \u00e0 renforcer le lien entre lecture et conscience politique :<\/p>\r\n<p><em>\u00ab L\u2019id\u00e9e, c\u2019est de permettre qu\u2019avec la lecture, les Congolais s\u2019engagent en politique et dans d\u2019autres domaines de la vie. Lire, c\u2019est se pr\u00e9parer, c\u2019est investir en soi pour d\u00e9velopper ses comp\u00e9tences \u00bb<\/em>, a-t-il expliqu\u00e9.<\/p>\r\n<p>Dans ses \u00e9changes avec les participants, Chantal Faida a insist\u00e9 sur le fait que l\u2019engagement politique d\u00e9passe le simple militantisme m\u00e9diatique :<\/p>\r\n<p><em>\u00ab S\u2019engager en politique, ce n\u2019est pas juste aller sur les plateaux de t\u00e9l\u00e9vision. C\u2019est aussi initier des projets, influencer des politiques publiques ou encore soutenir les bonnes personnes aux bons postes \u00bb,<\/em> a-t-elle soulign\u00e9.<\/p>\r\n<p>Appelant \u00e0 un r\u00e9veil collectif, l\u2019auteure a exhort\u00e9 les 52 % de femmes congolaises \u00e0 s\u2019impliquer davantage dans la gouvernance :<\/p>\r\n<p><em>\u00ab Les femmes, prenez vos responsabilit\u00e9s, engagez-vous en politique, car il en va de vos enfants et des g\u00e9n\u00e9rations futures. Le pays est en manque de leaders responsables \u00bb<\/em>, a-t-elle lanc\u00e9.<\/p>\r\n<p>Publi\u00e9 r\u00e9cemment, <em>\u00ab Je m\u2019engage en politique \u00bb<\/em> se veut \u00e0 la fois un manifeste personnel et un outil de mobilisation. Le livre est vendu au prix de 20 USD et reste disponible dans plusieurs librairies du pays, notamment Maison du Savoir, Grands Lacs Kinshasa, Polina Commerce et Nzando.<\/p>\r\n<p>Chantal Faida, connue pour son engagement dans la soci\u00e9t\u00e9 civile et les mouvements citoyens, esp\u00e8re que ce livre servira de d\u00e9clic pour de nombreux jeunes et femmes qui h\u00e9sitent encore \u00e0 franchir le pas vers la chose publique.<\/p>\r\n<p>La R\u00e9daction\u00a0<\/p>\r\n","protected":false},"excerpt":{"rendered":"<p>L\u2019\u00e9crivaine et militante congolaise Chantal Faida Mulengabyuma a anim\u00e9, samedi \u00e0 Silikin Village, un atelier litt\u00e9raire d\u2019\u00e9change autour de son ouvrage \u00ab Je m\u2019engage en politique \u00bb, en partenariat avec<\/p>\n","protected":false},"author":14,"featured_media":69233,"comment_status":"open","ping_status":"open","sticky":false,"template":"","format":"standard","meta":{"footnotes":""},"categories":[12],"tags":[],"class_list":["post-69232","post","type-post","status-publish","format-standard","has-post-thumbnail","hentry","category-culture"],"yoast_head":"<!-- This site is optimized with the Yoast SEO plugin v27.5 - https:\/\/yoast.com\/product\/yoast-seo-wordpress\/ -->\n<title>Atelier litt\u00e9raire : l\u2019\u00e9crivaine Chantal Faida appelle les femmes et les jeunes \u00e0 s\u2019engager en politique - LES VOLCANS NEWS<\/title>\n<meta name=\"robots\" content=\"index, follow, max-snippet:-1, max-image-preview:large, max-video-preview:-1\" \/>\n<link rel=\"canonical\" href=\"https:\/\/lesvolcansnews.net\/?p=69232\" \/>\n<meta property=\"og:locale\" content=\"fr_FR\" \/>\n<meta property=\"og:type\" content=\"article\" \/>\n<meta property=\"og:title\" content=\"Atelier litt\u00e9raire : l\u2019\u00e9crivaine Chantal Faida appelle les femmes et les jeunes \u00e0 s\u2019engager en politique - LES VOLCANS NEWS\" \/>\n<meta property=\"og:description\" content=\"L\u2019\u00e9crivaine et militante congolaise Chantal Faida Mulengabyuma a anim\u00e9, samedi \u00e0 Silikin Village, un atelier litt\u00e9raire d\u2019\u00e9change autour de son ouvrage \u00ab Je m\u2019engage en politique \u00bb, en partenariat avec\" \/>\n<meta property=\"og:url\" content=\"https:\/\/lesvolcansnews.net\/?p=69232\" \/>\n<meta property=\"og:site_name\" content=\"LES VOLCANS NEWS\" \/>\n<meta property=\"article:published_time\" content=\"2025-09-07T16:36:44+00:00\" \/>\n<meta property=\"article:modified_time\" content=\"2025-09-07T17:22:58+00:00\" \/>\n<meta property=\"og:image\" content=\"https:\/\/lesvolcansnews.net\/wp-content\/uploads\/2025\/09\/541750020_1359866116141385_9221291572763167237_n.jpg\" \/>\n\t<meta property=\"og:image:width\" content=\"1080\" \/>\n\t<meta property=\"og:image:height\" content=\"750\" \/>\n\t<meta property=\"og:image:type\" content=\"image\/jpeg\" \/>\n<meta name=\"author\" content=\"R\u00e9daction - Les Volcans News\" \/>\n<meta name=\"twitter:card\" content=\"summary_large_image\" \/>\n<meta name=\"twitter:label1\" content=\"\u00c9crit par\" \/>\n\t<meta name=\"twitter:data1\" content=\"R\u00e9daction - Les Volcans News\" \/>\n\t<meta name=\"twitter:label2\" content=\"Dur\u00e9e de lecture estim\u00e9e\" \/>\n\t<meta name=\"twitter:data2\" content=\"2 minutes\" \/>\n<script type=\"application\/ld+json\" class=\"yoast-schema-graph\">{\"@context\":\"https:\\\/\\\/schema.org\",\"@graph\":[{\"@type\":\"Article\",\"@id\":\"https:\\\/\\\/lesvolcansnews.net\\\/?p=69232#article\",\"isPartOf\":{\"@id\":\"https:\\\/\\\/lesvolcansnews.net\\\/?p=69232\"},\"author\":{\"name\":\"R\u00e9daction - Les Volcans News\",\"@id\":\"https:\\\/\\\/lesvolcansnews.net\\\/#\\\/schema\\\/person\\\/82c8bed2e77879ecf6cca63441f57354\"},\"headline\":\"Atelier litt\u00e9raire : l\u2019\u00e9crivaine Chantal Faida appelle les femmes et les jeunes \u00e0 s\u2019engager en politique\",\"datePublished\":\"2025-09-07T16:36:44+00:00\",\"dateModified\":\"2025-09-07T17:22:58+00:00\",\"mainEntityOfPage\":{\"@id\":\"https:\\\/\\\/lesvolcansnews.net\\\/?p=69232\"},\"wordCount\":457,\"commentCount\":0,\"image\":{\"@id\":\"https:\\\/\\\/lesvolcansnews.net\\\/?p=69232#primaryimage\"},\"thumbnailUrl\":\"https:\\\/\\\/lesvolcansnews.net\\\/wp-content\\\/uploads\\\/2025\\\/09\\\/541750020_1359866116141385_9221291572763167237_n.jpg\",\"articleSection\":[\"CULTURE\"],\"inLanguage\":\"fr-FR\",\"potentialAction\":[{\"@type\":\"CommentAction\",\"name\":\"Comment\",\"target\":[\"https:\\\/\\\/lesvolcansnews.net\\\/?p=69232#respond\"]}]},{\"@type\":\"WebPage\",\"@id\":\"https:\\\/\\\/lesvolcansnews.net\\\/?p=69232\",\"url\":\"https:\\\/\\\/lesvolcansnews.net\\\/?p=69232\",\"name\":\"Atelier litt\u00e9raire : l\u2019\u00e9crivaine Chantal Faida appelle les femmes et les jeunes \u00e0 s\u2019engager en politique - LES VOLCANS NEWS\",\"isPartOf\":{\"@id\":\"https:\\\/\\\/lesvolcansnews.net\\\/#website\"},\"primaryImageOfPage\":{\"@id\":\"https:\\\/\\\/lesvolcansnews.net\\\/?p=69232#primaryimage\"},\"image\":{\"@id\":\"https:\\\/\\\/lesvolcansnews.net\\\/?p=69232#primaryimage\"},\"thumbnailUrl\":\"https:\\\/\\\/lesvolcansnews.net\\\/wp-content\\\/uploads\\\/2025\\\/09\\\/541750020_1359866116141385_9221291572763167237_n.jpg\",\"datePublished\":\"2025-09-07T16:36:44+00:00\",\"dateModified\":\"2025-09-07T17:22:58+00:00\",\"author\":{\"@id\":\"https:\\\/\\\/lesvolcansnews.net\\\/#\\\/schema\\\/person\\\/82c8bed2e77879ecf6cca63441f57354\"},\"breadcrumb\":{\"@id\":\"https:\\\/\\\/lesvolcansnews.net\\\/?p=69232#breadcrumb\"},\"inLanguage\":\"fr-FR\",\"potentialAction\":[{\"@type\":\"ReadAction\",\"target\":[\"https:\\\/\\\/lesvolcansnews.net\\\/?p=69232\"]}]},{\"@type\":\"ImageObject\",\"inLanguage\":\"fr-FR\",\"@id\":\"https:\\\/\\\/lesvolcansnews.net\\\/?p=69232#primaryimage\",\"url\":\"https:\\\/\\\/lesvolcansnews.net\\\/wp-content\\\/uploads\\\/2025\\\/09\\\/541750020_1359866116141385_9221291572763167237_n.jpg\",\"contentUrl\":\"https:\\\/\\\/lesvolcansnews.net\\\/wp-content\\\/uploads\\\/2025\\\/09\\\/541750020_1359866116141385_9221291572763167237_n.jpg\",\"width\":1080,\"height\":750},{\"@type\":\"BreadcrumbList\",\"@id\":\"https:\\\/\\\/lesvolcansnews.net\\\/?p=69232#breadcrumb\",\"itemListElement\":[{\"@type\":\"ListItem\",\"position\":1,\"name\":\"Accueil\",\"item\":\"https:\\\/\\\/lesvolcansnews.net\\\/\"},{\"@type\":\"ListItem\",\"position\":2,\"name\":\"Atelier litt\u00e9raire : l\u2019\u00e9crivaine Chantal Faida appelle les femmes et les jeunes \u00e0 s\u2019engager en politique\"}]},{\"@type\":\"WebSite\",\"@id\":\"https:\\\/\\\/lesvolcansnews.net\\\/#website\",\"url\":\"https:\\\/\\\/lesvolcansnews.net\\\/\",\"name\":\"LES VOLCANS NEWS\",\"description\":\"L&#039;INFORMATION C&#039;EST NOUS\",\"potentialAction\":[{\"@type\":\"SearchAction\",\"target\":{\"@type\":\"EntryPoint\",\"urlTemplate\":\"https:\\\/\\\/lesvolcansnews.net\\\/?s={search_term_string}\"},\"query-input\":{\"@type\":\"PropertyValueSpecification\",\"valueRequired\":true,\"valueName\":\"search_term_string\"}}],\"inLanguage\":\"fr-FR\"},{\"@type\":\"Person\",\"@id\":\"https:\\\/\\\/lesvolcansnews.net\\\/#\\\/schema\\\/person\\\/82c8bed2e77879ecf6cca63441f57354\",\"name\":\"R\u00e9daction - Les Volcans News\",\"image\":{\"@type\":\"ImageObject\",\"inLanguage\":\"fr-FR\",\"@id\":\"https:\\\/\\\/secure.gravatar.com\\\/avatar\\\/8408942dd851e8a9c09f3d382a661bc05d2b3cd9002139bc1795b9528cdc6c80?s=96&d=mm&r=g\",\"url\":\"https:\\\/\\\/secure.gravatar.com\\\/avatar\\\/8408942dd851e8a9c09f3d382a661bc05d2b3cd9002139bc1795b9528cdc6c80?s=96&d=mm&r=g\",\"contentUrl\":\"https:\\\/\\\/secure.gravatar.com\\\/avatar\\\/8408942dd851e8a9c09f3d382a661bc05d2b3cd9002139bc1795b9528cdc6c80?s=96&d=mm&r=g\",\"caption\":\"R\u00e9daction - Les Volcans News\"},\"url\":\"https:\\\/\\\/lesvolcansnews.net\\\/?author=14\"}]}<\/script>\n<!-- \/ Yoast SEO plugin. -->","yoast_head_json":{"title":"Atelier litt\u00e9raire : l\u2019\u00e9crivaine Chantal Faida appelle les femmes et les jeunes \u00e0 s\u2019engager en politique - LES VOLCANS NEWS","robots":{"index":"index","follow":"follow","max-snippet":"max-snippet:-1","max-image-preview":"max-image-preview:large","max-video-preview":"max-video-preview:-1"},"canonical":"https:\/\/lesvolcansnews.net\/?p=69232","og_locale":"fr_FR","og_type":"article","og_title":"Atelier litt\u00e9raire : l\u2019\u00e9crivaine Chantal Faida appelle les femmes et les jeunes \u00e0 s\u2019engager en politique - LES VOLCANS NEWS","og_description":"L\u2019\u00e9crivaine et militante congolaise Chantal Faida Mulengabyuma a anim\u00e9, samedi \u00e0 Silikin Village, un atelier litt\u00e9raire d\u2019\u00e9change autour de son ouvrage \u00ab Je m\u2019engage en politique \u00bb, en partenariat avec","og_url":"https:\/\/lesvolcansnews.net\/?p=69232","og_site_name":"LES VOLCANS NEWS","article_published_time":"2025-09-07T16:36:44+00:00","article_modified_time":"2025-09-07T17:22:58+00:00","og_image":[{"width":1080,"height":750,"url":"https:\/\/lesvolcansnews.net\/wp-content\/uploads\/2025\/09\/541750020_1359866116141385_9221291572763167237_n.jpg","type":"image\/jpeg"}],"author":"R\u00e9daction - Les Volcans News","twitter_card":"summary_large_image","twitter_misc":{"\u00c9crit par":"R\u00e9daction - Les Volcans News","Dur\u00e9e de lecture estim\u00e9e":"2 minutes"},"schema":{"@context":"https:\/\/schema.org","@graph":[{"@type":"Article","@id":"https:\/\/lesvolcansnews.net\/?p=69232#article","isPartOf":{"@id":"https:\/\/lesvolcansnews.net\/?p=69232"},"author":{"name":"R\u00e9daction - Les Volcans News","@id":"https:\/\/lesvolcansnews.net\/#\/schema\/person\/82c8bed2e77879ecf6cca63441f57354"},"headline":"Atelier litt\u00e9raire : l\u2019\u00e9crivaine Chantal Faida appelle les femmes et les jeunes \u00e0 s\u2019engager en politique","datePublished":"2025-09-07T16:36:44+00:00","dateModified":"2025-09-07T17:22:58+00:00","mainEntityOfPage":{"@id":"https:\/\/lesvolcansnews.net\/?p=69232"},"wordCount":457,"commentCount":0,"image":{"@id":"https:\/\/lesvolcansnews.net\/?p=69232#primaryimage"},"thumbnailUrl":"https:\/\/lesvolcansnews.net\/wp-content\/uploads\/2025\/09\/541750020_1359866116141385_9221291572763167237_n.jpg","articleSection":["CULTURE"],"inLanguage":"fr-FR","potentialAction":[{"@type":"CommentAction","name":"Comment","target":["https:\/\/lesvolcansnews.net\/?p=69232#respond"]}]},{"@type":"WebPage","@id":"https:\/\/lesvolcansnews.net\/?p=69232","url":"https:\/\/lesvolcansnews.net\/?p=69232","name":"Atelier litt\u00e9raire : l\u2019\u00e9crivaine Chantal Faida appelle les femmes et les jeunes \u00e0 s\u2019engager en politique - LES VOLCANS NEWS","isPartOf":{"@id":"https:\/\/lesvolcansnews.net\/#website"},"primaryImageOfPage":{"@id":"https:\/\/lesvolcansnews.net\/?p=69232#primaryimage"},"image":{"@id":"https:\/\/lesvolcansnews.net\/?p=69232#primaryimage"},"thumbnailUrl":"https:\/\/lesvolcansnews.net\/wp-content\/uploads\/2025\/09\/541750020_1359866116141385_9221291572763167237_n.jpg","datePublished":"2025-09-07T16:36:44+00:00","dateModified":"2025-09-07T17:22:58+00:00","author":{"@id":"https:\/\/lesvolcansnews.net\/#\/schema\/person\/82c8bed2e77879ecf6cca63441f57354"},"breadcrumb":{"@id":"https:\/\/lesvolcansnews.net\/?p=69232#breadcrumb"},"inLanguage":"fr-FR","potentialAction":[{"@type":"ReadAction","target":["https:\/\/lesvolcansnews.net\/?p=69232"]}]},{"@type":"ImageObject","inLanguage":"fr-FR","@id":"https:\/\/lesvolcansnews.net\/?p=69232#primaryimage","url":"https:\/\/lesvolcansnews.net\/wp-content\/uploads\/2025\/09\/541750020_1359866116141385_9221291572763167237_n.jpg","contentUrl":"https:\/\/lesvolcansnews.net\/wp-content\/uploads\/2025\/09\/541750020_1359866116141385_9221291572763167237_n.jpg","width":1080,"height":750},{"@type":"BreadcrumbList","@id":"https:\/\/lesvolcansnews.net\/?p=69232#breadcrumb","itemListElement":[{"@type":"ListItem","position":1,"name":"Accueil","item":"https:\/\/lesvolcansnews.net\/"},{"@type":"ListItem","position":2,"name":"Atelier litt\u00e9raire : l\u2019\u00e9crivaine Chantal Faida appelle les femmes et les jeunes \u00e0 s\u2019engager en politique"}]},{"@type":"WebSite","@id":"https:\/\/lesvolcansnews.net\/#website","url":"https:\/\/lesvolcansnews.net\/","name":"LES VOLCANS NEWS","description":"L&#039;INFORMATION C&#039;EST NOUS","potentialAction":[{"@type":"SearchAction","target":{"@type":"EntryPoint","urlTemplate":"https:\/\/lesvolcansnews.net\/?s={search_term_string}"},"query-input":{"@type":"PropertyValueSpecification","valueRequired":true,"valueName":"search_term_string"}}],"inLanguage":"fr-FR"},{"@type":"Person","@id":"https:\/\/lesvolcansnews.net\/#\/schema\/person\/82c8bed2e77879ecf6cca63441f57354","name":"R\u00e9daction - Les Volcans News","image":{"@type":"ImageObject","inLanguage":"fr-FR","@id":"https:\/\/secure.gravatar.com\/avatar\/8408942dd851e8a9c09f3d382a661bc05d2b3cd9002139bc1795b9528cdc6c80?s=96&d=mm&r=g","url":"https:\/\/secure.gravatar.com\/avatar\/8408942dd851e8a9c09f3d382a661bc05d2b3cd9002139bc1795b9528cdc6c80?s=96&d=mm&r=g","contentUrl":"https:\/\/secure.gravatar.com\/avatar\/8408942dd851e8a9c09f3d382a661bc05d2b3cd9002139bc1795b9528cdc6c80?s=96&d=mm&r=g","caption":"R\u00e9daction - Les Volcans News"},"url":"https:\/\/lesvolcansnews.net\/?author=14"}]}},"_links":{"self":[{"href":"https:\/\/lesvolcansnews.net\/index.php?rest_route=\/wp\/v2\/posts\/69232","targetHints":{"allow":["GET"]}}],"collection":[{"href":"https:\/\/lesvolcansnews.net\/index.php?rest_route=\/wp\/v2\/posts"}],"about":[{"href":"https:\/\/lesvolcansnews.net\/index.php?rest_route=\/wp\/v2\/types\/post"}],"author":[{"embeddable":true,"href":"https:\/\/lesvolcansnews.net\/index.php?rest_route=\/wp\/v2\/users\/14"}],"replies":[{"embeddable":true,"href":"https:\/\/lesvolcansnews.net\/index.php?rest_route=%2Fwp%2Fv2%2Fcomments&post=69232"}],"version-history":[{"count":1,"href":"https:\/\/lesvolcansnews.net\/index.php?rest_route=\/wp\/v2\/posts\/69232\/revisions"}],"predecessor-version":[{"id":69234,"href":"https:\/\/lesvolcansnews.net\/index.php?rest_route=\/wp\/v2\/posts\/69232\/revisions\/69234"}],"wp:featuredmedia":[{"embeddable":true,"href":"https:\/\/lesvolcansnews.net\/index.php?rest_route=\/wp\/v2\/media\/69233"}],"wp:attachment":[{"href":"https:\/\/lesvolcansnews.net\/index.php?rest_route=%2Fwp%2Fv2%2Fmedia&parent=69232"}],"wp:term":[{"taxonomy":"category","embeddable":true,"href":"https:\/\/lesvolcansnews.net\/index.php?rest_route=%2Fwp%2Fv2%2Fcategories&post=69232"},{"taxonomy":"post_tag","embeddable":true,"href":"https:\/\/lesvolcansnews.net\/index.php?rest_route=%2Fwp%2Fv2%2Ftags&post=69232"}],"curies":[{"name":"wp","href":"https:\/\/api.w.org\/{rel}","templated":true}]}}