{"id":69174,"date":"2025-09-05T23:35:11","date_gmt":"2025-09-05T21:35:11","guid":{"rendered":"https:\/\/lesvolcansnews.net\/?p=69174"},"modified":"2025-09-19T10:35:34","modified_gmt":"2025-09-19T08:35:34","slug":"rdc-larmee-convoque-la-presse-au-chesd-alors-que-la-tension-monte-a-uvira","status":"publish","type":"post","link":"https:\/\/lesvolcansnews.net\/?p=69174","title":{"rendered":"RDC : l&#8217;arm\u00e9e convoque la presse au CHESD alors que la tension monte \u00e0 Uvira"},"content":{"rendered":"<p><strong>Le porte-parole des Forces arm\u00e9es de la R\u00e9publique d\u00e9mocratique du Congo (FARDC), le g\u00e9n\u00e9ral-major Sylvain Ekenge, tiendra une conf\u00e9rence de presse ce samedi 6 septembre au Coll\u00e8ge de hautes \u00e9tudes de strat\u00e9gie et de d\u00e9fense (CHESD), \u00e0 Kinshasa, face au camp militaire Kokolo.<\/strong><\/p>\n<p>Selon les informations disponibles, 24 m\u00e9dias nationaux et internationaux ont \u00e9t\u00e9 convi\u00e9s \u00e0 cette rencontre.<\/p>\n<p>Toutefois, l\u2019objet de cette communication n\u2019a pas \u00e9t\u00e9 pr\u00e9cis\u00e9 dans l\u2019invitation transmise \u00e0 la presse.<\/p>\n<h3>Uvira sous tension, la nomination du g\u00e9n\u00e9ral Gasita en question<br \/>\n<\/h3>\n<p>Cette prise de parole survient dans un contexte s\u00e9curitaire tendu, notamment dans la ville d\u2019Uvira, dans la province du Sud-Kivu, o\u00f9 la psychose r\u00e8gne depuis plusieurs jours.<\/p>\n<p>Des \u00e9l\u00e9ments identifi\u00e9s comme appartenant au groupe Wazalendo auraient rejet\u00e9 la nomination du g\u00e9n\u00e9ral Gasita, r\u00e9cemment d\u00e9sign\u00e9 pour un poste strat\u00e9gique dans la r\u00e9gion.<\/p>\n<p>Face aux critiques et suspicions entourant cette nomination, l\u2019arm\u00e9e a r\u00e9affirm\u00e9 sa position.<\/p>\n<p><em>\u00ab Le g\u00e9n\u00e9ral Gasita a \u00e9t\u00e9 nomm\u00e9 sur d\u00e9cision de la haute hi\u00e9rarchie. Il a le total soutien des Forces arm\u00e9es, il a le total soutien des autorit\u00e9s, et surtout des autorit\u00e9s militaires \u00bb,<\/em> a d\u00e9clar\u00e9 cette semaine le g\u00e9n\u00e9ral Ekenge, en r\u00e9ponse aux contestations.<\/p>\n<p><em>\u00ab Ces autorit\u00e9s savent que c&#8217;est un patriote qui ne va jamais se compromettre. Si tel \u00e9tait le cas, les services l&#8217;auraient d\u00e9j\u00e0 mis hors d&#8217;\u00e9tat de nuire, comme c&#8217;\u00e9tait le cas avec d&#8217;autres aujourd&#8217;hui aux arr\u00eats \u00bb,<\/em> a-t-il ajout\u00e9.<\/p>\n<p>La convocation de cette conf\u00e9rence intervient alors que la situation s\u00e9curitaire dans l\u2019Est du pays reste volatile, entre pressions des groupes arm\u00e9s, fragilit\u00e9 de l\u2019autorit\u00e9 \u00e9tatique dans certaines zones et mont\u00e9e des tensions communautaires.<\/p>\n<p>L&#8217;intervention du g\u00e9n\u00e9ral Ekenge au CHESD est donc <strong>scrut\u00e9e avec attention<\/strong>,<\/p>\n<p>la redaction<\/p>\n","protected":false},"excerpt":{"rendered":"<p>Le porte-parole des Forces arm\u00e9es de la R\u00e9publique d\u00e9mocratique du Congo (FARDC), le g\u00e9n\u00e9ral-major Sylvain Ekenge, tiendra une conf\u00e9rence de presse ce samedi 6 septembre au Coll\u00e8ge de hautes \u00e9tudes<\/p>\n","protected":false},"author":14,"featured_media":69175,"comment_status":"open","ping_status":"open","sticky":false,"template":"","format":"standard","meta":{"footnotes":""},"categories":[1],"tags":[],"class_list":["post-69174","post","type-post","status-publish","format-standard","has-post-thumbnail","hentry","category-actualite"],"yoast_head":"<!-- This site is optimized with the Yoast SEO plugin v27.3 - https:\/\/yoast.com\/product\/yoast-seo-wordpress\/ -->\n<title>RDC : l&#039;arm\u00e9e convoque la presse au CHESD alors que la tension monte \u00e0 Uvira - LES VOLCANS NEWS<\/title>\n<meta name=\"robots\" content=\"index, follow, max-snippet:-1, max-image-preview:large, max-video-preview:-1\" \/>\n<link rel=\"canonical\" href=\"https:\/\/lesvolcansnews.net\/?p=69174\" \/>\n<meta property=\"og:locale\" content=\"fr_FR\" \/>\n<meta property=\"og:type\" content=\"article\" \/>\n<meta property=\"og:title\" content=\"RDC : l&#039;arm\u00e9e convoque la presse au CHESD alors que la tension monte \u00e0 Uvira - LES VOLCANS NEWS\" \/>\n<meta property=\"og:description\" content=\"Le porte-parole des Forces arm\u00e9es de la R\u00e9publique d\u00e9mocratique du Congo (FARDC), le g\u00e9n\u00e9ral-major Sylvain Ekenge, tiendra une conf\u00e9rence de presse ce samedi 6 septembre au Coll\u00e8ge de hautes \u00e9tudes\" \/>\n<meta property=\"og:url\" content=\"https:\/\/lesvolcansnews.net\/?p=69174\" \/>\n<meta property=\"og:site_name\" content=\"LES VOLCANS NEWS\" \/>\n<meta property=\"article:published_time\" content=\"2025-09-05T21:35:11+00:00\" \/>\n<meta property=\"article:modified_time\" content=\"2025-09-19T08:35:34+00:00\" \/>\n<meta property=\"og:image\" content=\"https:\/\/lesvolcansnews.net\/wp-content\/uploads\/2025\/09\/G0HFQdAXsAAU8d2.jpeg\" \/>\n\t<meta property=\"og:image:width\" content=\"679\" \/>\n\t<meta property=\"og:image:height\" content=\"469\" \/>\n\t<meta property=\"og:image:type\" content=\"image\/jpeg\" \/>\n<meta name=\"author\" content=\"R\u00e9daction - Les Volcans News\" \/>\n<meta name=\"twitter:card\" content=\"summary_large_image\" \/>\n<meta name=\"twitter:label1\" content=\"\u00c9crit par\" \/>\n\t<meta name=\"twitter:data1\" content=\"R\u00e9daction - Les Volcans News\" \/>\n\t<meta name=\"twitter:label2\" content=\"Dur\u00e9e de lecture estim\u00e9e\" \/>\n\t<meta name=\"twitter:data2\" content=\"2 minutes\" \/>\n<script type=\"application\/ld+json\" class=\"yoast-schema-graph\">{\"@context\":\"https:\\\/\\\/schema.org\",\"@graph\":[{\"@type\":\"Article\",\"@id\":\"https:\\\/\\\/lesvolcansnews.net\\\/?p=69174#article\",\"isPartOf\":{\"@id\":\"https:\\\/\\\/lesvolcansnews.net\\\/?p=69174\"},\"author\":{\"name\":\"R\u00e9daction - Les Volcans News\",\"@id\":\"https:\\\/\\\/lesvolcansnews.net\\\/#\\\/schema\\\/person\\\/82c8bed2e77879ecf6cca63441f57354\"},\"headline\":\"RDC : l&#8217;arm\u00e9e convoque la presse au CHESD alors que la tension monte \u00e0 Uvira\",\"datePublished\":\"2025-09-05T21:35:11+00:00\",\"dateModified\":\"2025-09-19T08:35:34+00:00\",\"mainEntityOfPage\":{\"@id\":\"https:\\\/\\\/lesvolcansnews.net\\\/?p=69174\"},\"wordCount\":346,\"commentCount\":0,\"image\":{\"@id\":\"https:\\\/\\\/lesvolcansnews.net\\\/?p=69174#primaryimage\"},\"thumbnailUrl\":\"https:\\\/\\\/lesvolcansnews.net\\\/wp-content\\\/uploads\\\/2025\\\/09\\\/G0HFQdAXsAAU8d2.jpeg\",\"articleSection\":[\"ACTUALIT\u00c9\"],\"inLanguage\":\"fr-FR\",\"potentialAction\":[{\"@type\":\"CommentAction\",\"name\":\"Comment\",\"target\":[\"https:\\\/\\\/lesvolcansnews.net\\\/?p=69174#respond\"]}]},{\"@type\":\"WebPage\",\"@id\":\"https:\\\/\\\/lesvolcansnews.net\\\/?p=69174\",\"url\":\"https:\\\/\\\/lesvolcansnews.net\\\/?p=69174\",\"name\":\"RDC : l'arm\u00e9e convoque la presse au CHESD alors que la tension monte \u00e0 Uvira - LES VOLCANS NEWS\",\"isPartOf\":{\"@id\":\"https:\\\/\\\/lesvolcansnews.net\\\/#website\"},\"primaryImageOfPage\":{\"@id\":\"https:\\\/\\\/lesvolcansnews.net\\\/?p=69174#primaryimage\"},\"image\":{\"@id\":\"https:\\\/\\\/lesvolcansnews.net\\\/?p=69174#primaryimage\"},\"thumbnailUrl\":\"https:\\\/\\\/lesvolcansnews.net\\\/wp-content\\\/uploads\\\/2025\\\/09\\\/G0HFQdAXsAAU8d2.jpeg\",\"datePublished\":\"2025-09-05T21:35:11+00:00\",\"dateModified\":\"2025-09-19T08:35:34+00:00\",\"author\":{\"@id\":\"https:\\\/\\\/lesvolcansnews.net\\\/#\\\/schema\\\/person\\\/82c8bed2e77879ecf6cca63441f57354\"},\"breadcrumb\":{\"@id\":\"https:\\\/\\\/lesvolcansnews.net\\\/?p=69174#breadcrumb\"},\"inLanguage\":\"fr-FR\",\"potentialAction\":[{\"@type\":\"ReadAction\",\"target\":[\"https:\\\/\\\/lesvolcansnews.net\\\/?p=69174\"]}]},{\"@type\":\"ImageObject\",\"inLanguage\":\"fr-FR\",\"@id\":\"https:\\\/\\\/lesvolcansnews.net\\\/?p=69174#primaryimage\",\"url\":\"https:\\\/\\\/lesvolcansnews.net\\\/wp-content\\\/uploads\\\/2025\\\/09\\\/G0HFQdAXsAAU8d2.jpeg\",\"contentUrl\":\"https:\\\/\\\/lesvolcansnews.net\\\/wp-content\\\/uploads\\\/2025\\\/09\\\/G0HFQdAXsAAU8d2.jpeg\",\"width\":679,\"height\":469},{\"@type\":\"BreadcrumbList\",\"@id\":\"https:\\\/\\\/lesvolcansnews.net\\\/?p=69174#breadcrumb\",\"itemListElement\":[{\"@type\":\"ListItem\",\"position\":1,\"name\":\"Accueil\",\"item\":\"https:\\\/\\\/lesvolcansnews.net\\\/\"},{\"@type\":\"ListItem\",\"position\":2,\"name\":\"RDC : l&#8217;arm\u00e9e convoque la presse au CHESD alors que la tension monte \u00e0 Uvira\"}]},{\"@type\":\"WebSite\",\"@id\":\"https:\\\/\\\/lesvolcansnews.net\\\/#website\",\"url\":\"https:\\\/\\\/lesvolcansnews.net\\\/\",\"name\":\"LES VOLCANS NEWS\",\"description\":\"L&#039;INFORMATION C&#039;EST NOUS\",\"potentialAction\":[{\"@type\":\"SearchAction\",\"target\":{\"@type\":\"EntryPoint\",\"urlTemplate\":\"https:\\\/\\\/lesvolcansnews.net\\\/?s={search_term_string}\"},\"query-input\":{\"@type\":\"PropertyValueSpecification\",\"valueRequired\":true,\"valueName\":\"search_term_string\"}}],\"inLanguage\":\"fr-FR\"},{\"@type\":\"Person\",\"@id\":\"https:\\\/\\\/lesvolcansnews.net\\\/#\\\/schema\\\/person\\\/82c8bed2e77879ecf6cca63441f57354\",\"name\":\"R\u00e9daction - Les Volcans News\",\"image\":{\"@type\":\"ImageObject\",\"inLanguage\":\"fr-FR\",\"@id\":\"https:\\\/\\\/secure.gravatar.com\\\/avatar\\\/8408942dd851e8a9c09f3d382a661bc05d2b3cd9002139bc1795b9528cdc6c80?s=96&d=mm&r=g\",\"url\":\"https:\\\/\\\/secure.gravatar.com\\\/avatar\\\/8408942dd851e8a9c09f3d382a661bc05d2b3cd9002139bc1795b9528cdc6c80?s=96&d=mm&r=g\",\"contentUrl\":\"https:\\\/\\\/secure.gravatar.com\\\/avatar\\\/8408942dd851e8a9c09f3d382a661bc05d2b3cd9002139bc1795b9528cdc6c80?s=96&d=mm&r=g\",\"caption\":\"R\u00e9daction - Les Volcans News\"},\"url\":\"https:\\\/\\\/lesvolcansnews.net\\\/?author=14\"}]}<\/script>\n<!-- \/ Yoast SEO plugin. -->","yoast_head_json":{"title":"RDC : l'arm\u00e9e convoque la presse au CHESD alors que la tension monte \u00e0 Uvira - LES VOLCANS NEWS","robots":{"index":"index","follow":"follow","max-snippet":"max-snippet:-1","max-image-preview":"max-image-preview:large","max-video-preview":"max-video-preview:-1"},"canonical":"https:\/\/lesvolcansnews.net\/?p=69174","og_locale":"fr_FR","og_type":"article","og_title":"RDC : l'arm\u00e9e convoque la presse au CHESD alors que la tension monte \u00e0 Uvira - LES VOLCANS NEWS","og_description":"Le porte-parole des Forces arm\u00e9es de la R\u00e9publique d\u00e9mocratique du Congo (FARDC), le g\u00e9n\u00e9ral-major Sylvain Ekenge, tiendra une conf\u00e9rence de presse ce samedi 6 septembre au Coll\u00e8ge de hautes \u00e9tudes","og_url":"https:\/\/lesvolcansnews.net\/?p=69174","og_site_name":"LES VOLCANS NEWS","article_published_time":"2025-09-05T21:35:11+00:00","article_modified_time":"2025-09-19T08:35:34+00:00","og_image":[{"width":679,"height":469,"url":"https:\/\/lesvolcansnews.net\/wp-content\/uploads\/2025\/09\/G0HFQdAXsAAU8d2.jpeg","type":"image\/jpeg"}],"author":"R\u00e9daction - Les Volcans News","twitter_card":"summary_large_image","twitter_misc":{"\u00c9crit par":"R\u00e9daction - Les Volcans News","Dur\u00e9e de lecture estim\u00e9e":"2 minutes"},"schema":{"@context":"https:\/\/schema.org","@graph":[{"@type":"Article","@id":"https:\/\/lesvolcansnews.net\/?p=69174#article","isPartOf":{"@id":"https:\/\/lesvolcansnews.net\/?p=69174"},"author":{"name":"R\u00e9daction - Les Volcans News","@id":"https:\/\/lesvolcansnews.net\/#\/schema\/person\/82c8bed2e77879ecf6cca63441f57354"},"headline":"RDC : l&#8217;arm\u00e9e convoque la presse au CHESD alors que la tension monte \u00e0 Uvira","datePublished":"2025-09-05T21:35:11+00:00","dateModified":"2025-09-19T08:35:34+00:00","mainEntityOfPage":{"@id":"https:\/\/lesvolcansnews.net\/?p=69174"},"wordCount":346,"commentCount":0,"image":{"@id":"https:\/\/lesvolcansnews.net\/?p=69174#primaryimage"},"thumbnailUrl":"https:\/\/lesvolcansnews.net\/wp-content\/uploads\/2025\/09\/G0HFQdAXsAAU8d2.jpeg","articleSection":["ACTUALIT\u00c9"],"inLanguage":"fr-FR","potentialAction":[{"@type":"CommentAction","name":"Comment","target":["https:\/\/lesvolcansnews.net\/?p=69174#respond"]}]},{"@type":"WebPage","@id":"https:\/\/lesvolcansnews.net\/?p=69174","url":"https:\/\/lesvolcansnews.net\/?p=69174","name":"RDC : l'arm\u00e9e convoque la presse au CHESD alors que la tension monte \u00e0 Uvira - LES VOLCANS NEWS","isPartOf":{"@id":"https:\/\/lesvolcansnews.net\/#website"},"primaryImageOfPage":{"@id":"https:\/\/lesvolcansnews.net\/?p=69174#primaryimage"},"image":{"@id":"https:\/\/lesvolcansnews.net\/?p=69174#primaryimage"},"thumbnailUrl":"https:\/\/lesvolcansnews.net\/wp-content\/uploads\/2025\/09\/G0HFQdAXsAAU8d2.jpeg","datePublished":"2025-09-05T21:35:11+00:00","dateModified":"2025-09-19T08:35:34+00:00","author":{"@id":"https:\/\/lesvolcansnews.net\/#\/schema\/person\/82c8bed2e77879ecf6cca63441f57354"},"breadcrumb":{"@id":"https:\/\/lesvolcansnews.net\/?p=69174#breadcrumb"},"inLanguage":"fr-FR","potentialAction":[{"@type":"ReadAction","target":["https:\/\/lesvolcansnews.net\/?p=69174"]}]},{"@type":"ImageObject","inLanguage":"fr-FR","@id":"https:\/\/lesvolcansnews.net\/?p=69174#primaryimage","url":"https:\/\/lesvolcansnews.net\/wp-content\/uploads\/2025\/09\/G0HFQdAXsAAU8d2.jpeg","contentUrl":"https:\/\/lesvolcansnews.net\/wp-content\/uploads\/2025\/09\/G0HFQdAXsAAU8d2.jpeg","width":679,"height":469},{"@type":"BreadcrumbList","@id":"https:\/\/lesvolcansnews.net\/?p=69174#breadcrumb","itemListElement":[{"@type":"ListItem","position":1,"name":"Accueil","item":"https:\/\/lesvolcansnews.net\/"},{"@type":"ListItem","position":2,"name":"RDC : l&#8217;arm\u00e9e convoque la presse au CHESD alors que la tension monte \u00e0 Uvira"}]},{"@type":"WebSite","@id":"https:\/\/lesvolcansnews.net\/#website","url":"https:\/\/lesvolcansnews.net\/","name":"LES VOLCANS NEWS","description":"L&#039;INFORMATION C&#039;EST NOUS","potentialAction":[{"@type":"SearchAction","target":{"@type":"EntryPoint","urlTemplate":"https:\/\/lesvolcansnews.net\/?s={search_term_string}"},"query-input":{"@type":"PropertyValueSpecification","valueRequired":true,"valueName":"search_term_string"}}],"inLanguage":"fr-FR"},{"@type":"Person","@id":"https:\/\/lesvolcansnews.net\/#\/schema\/person\/82c8bed2e77879ecf6cca63441f57354","name":"R\u00e9daction - Les Volcans News","image":{"@type":"ImageObject","inLanguage":"fr-FR","@id":"https:\/\/secure.gravatar.com\/avatar\/8408942dd851e8a9c09f3d382a661bc05d2b3cd9002139bc1795b9528cdc6c80?s=96&d=mm&r=g","url":"https:\/\/secure.gravatar.com\/avatar\/8408942dd851e8a9c09f3d382a661bc05d2b3cd9002139bc1795b9528cdc6c80?s=96&d=mm&r=g","contentUrl":"https:\/\/secure.gravatar.com\/avatar\/8408942dd851e8a9c09f3d382a661bc05d2b3cd9002139bc1795b9528cdc6c80?s=96&d=mm&r=g","caption":"R\u00e9daction - Les Volcans News"},"url":"https:\/\/lesvolcansnews.net\/?author=14"}]}},"_links":{"self":[{"href":"https:\/\/lesvolcansnews.net\/index.php?rest_route=\/wp\/v2\/posts\/69174","targetHints":{"allow":["GET"]}}],"collection":[{"href":"https:\/\/lesvolcansnews.net\/index.php?rest_route=\/wp\/v2\/posts"}],"about":[{"href":"https:\/\/lesvolcansnews.net\/index.php?rest_route=\/wp\/v2\/types\/post"}],"author":[{"embeddable":true,"href":"https:\/\/lesvolcansnews.net\/index.php?rest_route=\/wp\/v2\/users\/14"}],"replies":[{"embeddable":true,"href":"https:\/\/lesvolcansnews.net\/index.php?rest_route=%2Fwp%2Fv2%2Fcomments&post=69174"}],"version-history":[{"count":3,"href":"https:\/\/lesvolcansnews.net\/index.php?rest_route=\/wp\/v2\/posts\/69174\/revisions"}],"predecessor-version":[{"id":69507,"href":"https:\/\/lesvolcansnews.net\/index.php?rest_route=\/wp\/v2\/posts\/69174\/revisions\/69507"}],"wp:featuredmedia":[{"embeddable":true,"href":"https:\/\/lesvolcansnews.net\/index.php?rest_route=\/wp\/v2\/media\/69175"}],"wp:attachment":[{"href":"https:\/\/lesvolcansnews.net\/index.php?rest_route=%2Fwp%2Fv2%2Fmedia&parent=69174"}],"wp:term":[{"taxonomy":"category","embeddable":true,"href":"https:\/\/lesvolcansnews.net\/index.php?rest_route=%2Fwp%2Fv2%2Fcategories&post=69174"},{"taxonomy":"post_tag","embeddable":true,"href":"https:\/\/lesvolcansnews.net\/index.php?rest_route=%2Fwp%2Fv2%2Ftags&post=69174"}],"curies":[{"name":"wp","href":"https:\/\/api.w.org\/{rel}","templated":true}]}}