{"id":69142,"date":"2025-09-04T19:39:16","date_gmt":"2025-09-04T17:39:16","guid":{"rendered":"https:\/\/lesvolcansnews.net\/?p=69142"},"modified":"2025-09-04T19:39:44","modified_gmt":"2025-09-04T17:39:44","slug":"mines-vers-une-exploitation-artisanale-transparente-inclusive-et-durable","status":"publish","type":"post","link":"https:\/\/lesvolcansnews.net\/?p=69142","title":{"rendered":"Mines : Vers une exploitation artisanale transparente, inclusive et durable"},"content":{"rendered":"\n<p><\/p>\n\n\n\n<p><\/p>\n\n\n\n<p>Le ministre des mines Louis Wathum Kabamba a proc\u00e9d\u00e9, ce jeudi 04 septembre 2025, au lancement officiel des travaux de la Commission ad hoc sur l\u2019encadrement de l\u2019exploitation mini\u00e8re artisanale, lors d\u2019une c\u00e9r\u00e9monie tenue au Cabinet minist\u00e9riel.<\/p>\n\n\n\n<p>Institu\u00e9e conform\u00e9ment aux orientations du Chef de l\u2019\u00c9tat, F\u00e9lix Antoine Tshisekedi, et aux instructions de la Premi\u00e8re Ministre Judith Suminwa, cette commission strat\u00e9gique regroupe les principales structures du secteur minier : la G\u00e9camines, l\u2019EGC, le SAEMAPE, le CAMI, l\u2019ARECOMS, ainsi que divers experts techniques et juridiques.<\/p>\n\n\n\n<p>Dans son allocution, le Ministre des Mines a insist\u00e9 sur la n\u00e9cessit\u00e9 d\u2019instaurer un m\u00e9canisme de collaboration coh\u00e9rent et durable entre les parties prenantes, afin de garantir la formalisation, la tra\u00e7abilit\u00e9, la s\u00e9curisation et la gouvernance responsable de l\u2019exploitation mini\u00e8re artisanale.<\/p>\n\n\n\n<p>Au cours de cette s\u00e9ance inaugurale, les participants ont clarifi\u00e9 leurs r\u00f4les institutionnels, examin\u00e9 les axes prioritaires : notamment la structuration des flux miniers, la lutte contre la fraude, la formalisation de l\u2019exploitation artisanale et l\u2019int\u00e9gration de l\u2019ARECOMS dans les m\u00e9canismes de r\u00e9gulation \u2013 et arr\u00eat\u00e9 un calendrier de travail assorti de groupes th\u00e9matiques.<\/p>\n\n\n\n<p>Les r\u00e9sultats attendus sont concrets : cartographie des Zones d\u2019Exploitation Artisanale (ZEA) viables, \u00e9laboration de protocoles de collaboration, production d\u2019un rapport d\u2019audit avec recommandations contraignantes, et remise d\u2019un rapport final sur la situation de l\u2019ARECOMS au plus tard le 30 septembre 2025.<\/p>\n\n\n\n<p>\u00c0 travers cette initiative, le ministre Louis Wathum Kabamba exprime la d\u00e9termination du Gouvernement \u00e0 b\u00e2tir un secteur minier transparent, inclusif et durable. Elle vise \u00e0 s\u00e9curiser et valoriser le travail des exploitants artisanaux, \u00e0 am\u00e9liorer leurs conditions de vie et de travail, tout en instaurant un climat de confiance favorable aux investisseurs nationaux et internationaux.<\/p>\n\n\n\n<p>Une d\u00e9marche qui ambitionne de transformer l\u2019exploitation artisanale, longtemps per\u00e7ue comme un d\u00e9fi, en une v\u00e9ritable opportunit\u00e9 de d\u00e9veloppement au service de la nation et du peuple congolais.<\/p>\n\n\n\n<p>R\u00e9daction<\/p>\n","protected":false},"excerpt":{"rendered":"<p>Le ministre des mines Louis Wathum Kabamba a proc\u00e9d\u00e9, ce jeudi 04 septembre 2025, au lancement officiel des travaux de la Commission ad hoc sur l\u2019encadrement de l\u2019exploitation mini\u00e8re artisanale,<\/p>\n","protected":false},"author":14,"featured_media":69143,"comment_status":"open","ping_status":"open","sticky":false,"template":"","format":"standard","meta":{"footnotes":""},"categories":[8,63],"tags":[],"class_list":["post-69142","post","type-post","status-publish","format-standard","has-post-thumbnail","hentry","category-economie","category-mines"],"yoast_head":"<!-- This site is optimized with the Yoast SEO plugin v27.5 - https:\/\/yoast.com\/product\/yoast-seo-wordpress\/ -->\n<title>Mines : Vers une exploitation artisanale transparente, inclusive et durable - LES VOLCANS NEWS<\/title>\n<meta name=\"robots\" content=\"index, follow, max-snippet:-1, max-image-preview:large, max-video-preview:-1\" \/>\n<link rel=\"canonical\" href=\"https:\/\/lesvolcansnews.net\/?p=69142\" \/>\n<meta property=\"og:locale\" content=\"fr_FR\" \/>\n<meta property=\"og:type\" content=\"article\" \/>\n<meta property=\"og:title\" content=\"Mines : Vers une exploitation artisanale transparente, inclusive et durable - LES VOLCANS NEWS\" \/>\n<meta property=\"og:description\" content=\"Le ministre des mines Louis Wathum Kabamba a proc\u00e9d\u00e9, ce jeudi 04 septembre 2025, au lancement officiel des travaux de la Commission ad hoc sur l\u2019encadrement de l\u2019exploitation mini\u00e8re artisanale,\" \/>\n<meta property=\"og:url\" content=\"https:\/\/lesvolcansnews.net\/?p=69142\" \/>\n<meta property=\"og:site_name\" content=\"LES VOLCANS NEWS\" \/>\n<meta property=\"article:published_time\" content=\"2025-09-04T17:39:16+00:00\" \/>\n<meta property=\"article:modified_time\" content=\"2025-09-04T17:39:44+00:00\" \/>\n<meta property=\"og:image\" content=\"https:\/\/lesvolcansnews.net\/wp-content\/uploads\/2025\/09\/IMG-20250904-WA0284.jpg\" \/>\n\t<meta property=\"og:image:width\" content=\"1040\" \/>\n\t<meta property=\"og:image:height\" content=\"694\" \/>\n\t<meta property=\"og:image:type\" content=\"image\/jpeg\" \/>\n<meta name=\"author\" content=\"R\u00e9daction - Les Volcans News\" \/>\n<meta name=\"twitter:card\" content=\"summary_large_image\" \/>\n<meta name=\"twitter:label1\" content=\"\u00c9crit par\" \/>\n\t<meta name=\"twitter:data1\" content=\"R\u00e9daction - Les Volcans News\" \/>\n\t<meta name=\"twitter:label2\" content=\"Dur\u00e9e de lecture estim\u00e9e\" \/>\n\t<meta name=\"twitter:data2\" content=\"2 minutes\" \/>\n<script type=\"application\/ld+json\" class=\"yoast-schema-graph\">{\"@context\":\"https:\\\/\\\/schema.org\",\"@graph\":[{\"@type\":\"Article\",\"@id\":\"https:\\\/\\\/lesvolcansnews.net\\\/?p=69142#article\",\"isPartOf\":{\"@id\":\"https:\\\/\\\/lesvolcansnews.net\\\/?p=69142\"},\"author\":{\"name\":\"R\u00e9daction - Les Volcans News\",\"@id\":\"https:\\\/\\\/lesvolcansnews.net\\\/#\\\/schema\\\/person\\\/82c8bed2e77879ecf6cca63441f57354\"},\"headline\":\"Mines : Vers une exploitation artisanale transparente, inclusive et durable\",\"datePublished\":\"2025-09-04T17:39:16+00:00\",\"dateModified\":\"2025-09-04T17:39:44+00:00\",\"mainEntityOfPage\":{\"@id\":\"https:\\\/\\\/lesvolcansnews.net\\\/?p=69142\"},\"wordCount\":354,\"commentCount\":0,\"image\":{\"@id\":\"https:\\\/\\\/lesvolcansnews.net\\\/?p=69142#primaryimage\"},\"thumbnailUrl\":\"https:\\\/\\\/lesvolcansnews.net\\\/wp-content\\\/uploads\\\/2025\\\/09\\\/IMG-20250904-WA0284.jpg\",\"articleSection\":[\"\u00c9CONOMIE\",\"MINES\"],\"inLanguage\":\"fr-FR\",\"potentialAction\":[{\"@type\":\"CommentAction\",\"name\":\"Comment\",\"target\":[\"https:\\\/\\\/lesvolcansnews.net\\\/?p=69142#respond\"]}]},{\"@type\":\"WebPage\",\"@id\":\"https:\\\/\\\/lesvolcansnews.net\\\/?p=69142\",\"url\":\"https:\\\/\\\/lesvolcansnews.net\\\/?p=69142\",\"name\":\"Mines : Vers une exploitation artisanale transparente, inclusive et durable - LES VOLCANS NEWS\",\"isPartOf\":{\"@id\":\"https:\\\/\\\/lesvolcansnews.net\\\/#website\"},\"primaryImageOfPage\":{\"@id\":\"https:\\\/\\\/lesvolcansnews.net\\\/?p=69142#primaryimage\"},\"image\":{\"@id\":\"https:\\\/\\\/lesvolcansnews.net\\\/?p=69142#primaryimage\"},\"thumbnailUrl\":\"https:\\\/\\\/lesvolcansnews.net\\\/wp-content\\\/uploads\\\/2025\\\/09\\\/IMG-20250904-WA0284.jpg\",\"datePublished\":\"2025-09-04T17:39:16+00:00\",\"dateModified\":\"2025-09-04T17:39:44+00:00\",\"author\":{\"@id\":\"https:\\\/\\\/lesvolcansnews.net\\\/#\\\/schema\\\/person\\\/82c8bed2e77879ecf6cca63441f57354\"},\"breadcrumb\":{\"@id\":\"https:\\\/\\\/lesvolcansnews.net\\\/?p=69142#breadcrumb\"},\"inLanguage\":\"fr-FR\",\"potentialAction\":[{\"@type\":\"ReadAction\",\"target\":[\"https:\\\/\\\/lesvolcansnews.net\\\/?p=69142\"]}]},{\"@type\":\"ImageObject\",\"inLanguage\":\"fr-FR\",\"@id\":\"https:\\\/\\\/lesvolcansnews.net\\\/?p=69142#primaryimage\",\"url\":\"https:\\\/\\\/lesvolcansnews.net\\\/wp-content\\\/uploads\\\/2025\\\/09\\\/IMG-20250904-WA0284.jpg\",\"contentUrl\":\"https:\\\/\\\/lesvolcansnews.net\\\/wp-content\\\/uploads\\\/2025\\\/09\\\/IMG-20250904-WA0284.jpg\",\"width\":1040,\"height\":694},{\"@type\":\"BreadcrumbList\",\"@id\":\"https:\\\/\\\/lesvolcansnews.net\\\/?p=69142#breadcrumb\",\"itemListElement\":[{\"@type\":\"ListItem\",\"position\":1,\"name\":\"Accueil\",\"item\":\"https:\\\/\\\/lesvolcansnews.net\\\/\"},{\"@type\":\"ListItem\",\"position\":2,\"name\":\"Mines : Vers une exploitation artisanale transparente, inclusive et durable\"}]},{\"@type\":\"WebSite\",\"@id\":\"https:\\\/\\\/lesvolcansnews.net\\\/#website\",\"url\":\"https:\\\/\\\/lesvolcansnews.net\\\/\",\"name\":\"LES VOLCANS NEWS\",\"description\":\"L&#039;INFORMATION C&#039;EST NOUS\",\"potentialAction\":[{\"@type\":\"SearchAction\",\"target\":{\"@type\":\"EntryPoint\",\"urlTemplate\":\"https:\\\/\\\/lesvolcansnews.net\\\/?s={search_term_string}\"},\"query-input\":{\"@type\":\"PropertyValueSpecification\",\"valueRequired\":true,\"valueName\":\"search_term_string\"}}],\"inLanguage\":\"fr-FR\"},{\"@type\":\"Person\",\"@id\":\"https:\\\/\\\/lesvolcansnews.net\\\/#\\\/schema\\\/person\\\/82c8bed2e77879ecf6cca63441f57354\",\"name\":\"R\u00e9daction - Les Volcans News\",\"image\":{\"@type\":\"ImageObject\",\"inLanguage\":\"fr-FR\",\"@id\":\"https:\\\/\\\/secure.gravatar.com\\\/avatar\\\/8408942dd851e8a9c09f3d382a661bc05d2b3cd9002139bc1795b9528cdc6c80?s=96&d=mm&r=g\",\"url\":\"https:\\\/\\\/secure.gravatar.com\\\/avatar\\\/8408942dd851e8a9c09f3d382a661bc05d2b3cd9002139bc1795b9528cdc6c80?s=96&d=mm&r=g\",\"contentUrl\":\"https:\\\/\\\/secure.gravatar.com\\\/avatar\\\/8408942dd851e8a9c09f3d382a661bc05d2b3cd9002139bc1795b9528cdc6c80?s=96&d=mm&r=g\",\"caption\":\"R\u00e9daction - Les Volcans News\"},\"url\":\"https:\\\/\\\/lesvolcansnews.net\\\/?author=14\"}]}<\/script>\n<!-- \/ Yoast SEO plugin. -->","yoast_head_json":{"title":"Mines : Vers une exploitation artisanale transparente, inclusive et durable - LES VOLCANS NEWS","robots":{"index":"index","follow":"follow","max-snippet":"max-snippet:-1","max-image-preview":"max-image-preview:large","max-video-preview":"max-video-preview:-1"},"canonical":"https:\/\/lesvolcansnews.net\/?p=69142","og_locale":"fr_FR","og_type":"article","og_title":"Mines : Vers une exploitation artisanale transparente, inclusive et durable - LES VOLCANS NEWS","og_description":"Le ministre des mines Louis Wathum Kabamba a proc\u00e9d\u00e9, ce jeudi 04 septembre 2025, au lancement officiel des travaux de la Commission ad hoc sur l\u2019encadrement de l\u2019exploitation mini\u00e8re artisanale,","og_url":"https:\/\/lesvolcansnews.net\/?p=69142","og_site_name":"LES VOLCANS NEWS","article_published_time":"2025-09-04T17:39:16+00:00","article_modified_time":"2025-09-04T17:39:44+00:00","og_image":[{"width":1040,"height":694,"url":"https:\/\/lesvolcansnews.net\/wp-content\/uploads\/2025\/09\/IMG-20250904-WA0284.jpg","type":"image\/jpeg"}],"author":"R\u00e9daction - Les Volcans News","twitter_card":"summary_large_image","twitter_misc":{"\u00c9crit par":"R\u00e9daction - Les Volcans News","Dur\u00e9e de lecture estim\u00e9e":"2 minutes"},"schema":{"@context":"https:\/\/schema.org","@graph":[{"@type":"Article","@id":"https:\/\/lesvolcansnews.net\/?p=69142#article","isPartOf":{"@id":"https:\/\/lesvolcansnews.net\/?p=69142"},"author":{"name":"R\u00e9daction - Les Volcans News","@id":"https:\/\/lesvolcansnews.net\/#\/schema\/person\/82c8bed2e77879ecf6cca63441f57354"},"headline":"Mines : Vers une exploitation artisanale transparente, inclusive et durable","datePublished":"2025-09-04T17:39:16+00:00","dateModified":"2025-09-04T17:39:44+00:00","mainEntityOfPage":{"@id":"https:\/\/lesvolcansnews.net\/?p=69142"},"wordCount":354,"commentCount":0,"image":{"@id":"https:\/\/lesvolcansnews.net\/?p=69142#primaryimage"},"thumbnailUrl":"https:\/\/lesvolcansnews.net\/wp-content\/uploads\/2025\/09\/IMG-20250904-WA0284.jpg","articleSection":["\u00c9CONOMIE","MINES"],"inLanguage":"fr-FR","potentialAction":[{"@type":"CommentAction","name":"Comment","target":["https:\/\/lesvolcansnews.net\/?p=69142#respond"]}]},{"@type":"WebPage","@id":"https:\/\/lesvolcansnews.net\/?p=69142","url":"https:\/\/lesvolcansnews.net\/?p=69142","name":"Mines : Vers une exploitation artisanale transparente, inclusive et durable - LES VOLCANS NEWS","isPartOf":{"@id":"https:\/\/lesvolcansnews.net\/#website"},"primaryImageOfPage":{"@id":"https:\/\/lesvolcansnews.net\/?p=69142#primaryimage"},"image":{"@id":"https:\/\/lesvolcansnews.net\/?p=69142#primaryimage"},"thumbnailUrl":"https:\/\/lesvolcansnews.net\/wp-content\/uploads\/2025\/09\/IMG-20250904-WA0284.jpg","datePublished":"2025-09-04T17:39:16+00:00","dateModified":"2025-09-04T17:39:44+00:00","author":{"@id":"https:\/\/lesvolcansnews.net\/#\/schema\/person\/82c8bed2e77879ecf6cca63441f57354"},"breadcrumb":{"@id":"https:\/\/lesvolcansnews.net\/?p=69142#breadcrumb"},"inLanguage":"fr-FR","potentialAction":[{"@type":"ReadAction","target":["https:\/\/lesvolcansnews.net\/?p=69142"]}]},{"@type":"ImageObject","inLanguage":"fr-FR","@id":"https:\/\/lesvolcansnews.net\/?p=69142#primaryimage","url":"https:\/\/lesvolcansnews.net\/wp-content\/uploads\/2025\/09\/IMG-20250904-WA0284.jpg","contentUrl":"https:\/\/lesvolcansnews.net\/wp-content\/uploads\/2025\/09\/IMG-20250904-WA0284.jpg","width":1040,"height":694},{"@type":"BreadcrumbList","@id":"https:\/\/lesvolcansnews.net\/?p=69142#breadcrumb","itemListElement":[{"@type":"ListItem","position":1,"name":"Accueil","item":"https:\/\/lesvolcansnews.net\/"},{"@type":"ListItem","position":2,"name":"Mines : Vers une exploitation artisanale transparente, inclusive et durable"}]},{"@type":"WebSite","@id":"https:\/\/lesvolcansnews.net\/#website","url":"https:\/\/lesvolcansnews.net\/","name":"LES VOLCANS NEWS","description":"L&#039;INFORMATION C&#039;EST NOUS","potentialAction":[{"@type":"SearchAction","target":{"@type":"EntryPoint","urlTemplate":"https:\/\/lesvolcansnews.net\/?s={search_term_string}"},"query-input":{"@type":"PropertyValueSpecification","valueRequired":true,"valueName":"search_term_string"}}],"inLanguage":"fr-FR"},{"@type":"Person","@id":"https:\/\/lesvolcansnews.net\/#\/schema\/person\/82c8bed2e77879ecf6cca63441f57354","name":"R\u00e9daction - Les Volcans News","image":{"@type":"ImageObject","inLanguage":"fr-FR","@id":"https:\/\/secure.gravatar.com\/avatar\/8408942dd851e8a9c09f3d382a661bc05d2b3cd9002139bc1795b9528cdc6c80?s=96&d=mm&r=g","url":"https:\/\/secure.gravatar.com\/avatar\/8408942dd851e8a9c09f3d382a661bc05d2b3cd9002139bc1795b9528cdc6c80?s=96&d=mm&r=g","contentUrl":"https:\/\/secure.gravatar.com\/avatar\/8408942dd851e8a9c09f3d382a661bc05d2b3cd9002139bc1795b9528cdc6c80?s=96&d=mm&r=g","caption":"R\u00e9daction - Les Volcans News"},"url":"https:\/\/lesvolcansnews.net\/?author=14"}]}},"_links":{"self":[{"href":"https:\/\/lesvolcansnews.net\/index.php?rest_route=\/wp\/v2\/posts\/69142","targetHints":{"allow":["GET"]}}],"collection":[{"href":"https:\/\/lesvolcansnews.net\/index.php?rest_route=\/wp\/v2\/posts"}],"about":[{"href":"https:\/\/lesvolcansnews.net\/index.php?rest_route=\/wp\/v2\/types\/post"}],"author":[{"embeddable":true,"href":"https:\/\/lesvolcansnews.net\/index.php?rest_route=\/wp\/v2\/users\/14"}],"replies":[{"embeddable":true,"href":"https:\/\/lesvolcansnews.net\/index.php?rest_route=%2Fwp%2Fv2%2Fcomments&post=69142"}],"version-history":[{"count":1,"href":"https:\/\/lesvolcansnews.net\/index.php?rest_route=\/wp\/v2\/posts\/69142\/revisions"}],"predecessor-version":[{"id":69144,"href":"https:\/\/lesvolcansnews.net\/index.php?rest_route=\/wp\/v2\/posts\/69142\/revisions\/69144"}],"wp:featuredmedia":[{"embeddable":true,"href":"https:\/\/lesvolcansnews.net\/index.php?rest_route=\/wp\/v2\/media\/69143"}],"wp:attachment":[{"href":"https:\/\/lesvolcansnews.net\/index.php?rest_route=%2Fwp%2Fv2%2Fmedia&parent=69142"}],"wp:term":[{"taxonomy":"category","embeddable":true,"href":"https:\/\/lesvolcansnews.net\/index.php?rest_route=%2Fwp%2Fv2%2Fcategories&post=69142"},{"taxonomy":"post_tag","embeddable":true,"href":"https:\/\/lesvolcansnews.net\/index.php?rest_route=%2Fwp%2Fv2%2Ftags&post=69142"}],"curies":[{"name":"wp","href":"https:\/\/api.w.org\/{rel}","templated":true}]}}