{"id":69139,"date":"2025-09-04T19:31:25","date_gmt":"2025-09-04T17:31:25","guid":{"rendered":"https:\/\/lesvolcansnews.net\/?p=69139"},"modified":"2025-09-04T19:31:25","modified_gmt":"2025-09-04T17:31:25","slug":"un-cadre-du-mlc-affirme-que-jean-pierre-bemba-succedera-a-tshisekedi-en-2028","status":"publish","type":"post","link":"https:\/\/lesvolcansnews.net\/?p=69139","title":{"rendered":"Un cadre du MLC affirme que Jean-Pierre Bemba succ\u00e9dera \u00e0 Tshisekedi en 2028"},"content":{"rendered":"<p><strong>Le Mouvement de Lib\u00e9ration du Congo (MLC), parti dirig\u00e9 par l\u2019actuel vice-premier ministre des Transports Jean-Pierre Bemba, a pris ses distances jeudi avec des propos tenus par le pr\u00e9sident de sa Ligue des jeunes, affirmant que Bemba deviendrait le prochain pr\u00e9sident de la R\u00e9publique d\u00e9mocratique du Congo apr\u00e8s la fin du mandat de F\u00e9lix Tshisekedi en 2028.<\/strong><\/p>\n<p>\u00ab <em>Apr\u00e8s la fin du mandat de F\u00e9lix Tshisekedi, Jean-Pierre Bemba prendra le pouvoir et deviendra le prochain pr\u00e9sident de la R\u00e9publique<\/em> \u00bb, avait d\u00e9clar\u00e9 Aldarich Luboya, pr\u00e9sident de la Ligue des jeunes du MLC, lors d\u2019une manifestation publique organis\u00e9e \u00e0 Kinshasa<\/p>\n<p>L&#8217;intervention avait \u00e9t\u00e9 tenue en lingala, l\u2019une des langues nationales, devant un public de militants.<\/p>\n<p>Ces propos ont imm\u00e9diatement suscit\u00e9 une r\u00e9action officielle du parti.<\/p>\n<p>\u00ab <em>Le MLC informe l\u2019opinion nationale et internationale qu\u2019il a \u00e9t\u00e9 surpris par les propos de son pr\u00e9sident de la Ligue des jeunes, qui a attribu\u00e9 au parti une position politique non d\u00e9finie pour les \u00e9lections de 2028<\/em> \u00bb, a d\u00e9clar\u00e9 jeudi Rapha\u00ebl Kibuka, porte-parole du MLC et d\u00e9put\u00e9 national.<\/p>\n<p>Jean-Pierre Bemba, ancien vice-pr\u00e9sident et figure historique de l\u2019opposition arm\u00e9e puis politique, n\u2019a pour l\u2019instant pas annonc\u00e9 ses intentions concernant la prochaine pr\u00e9sidentielle. Le MLC n\u2019a pas encore d\u00e9sign\u00e9 de candidat pour 2028.<\/p>\n<p>\u00ab <em>Le parti tient \u00e0 pr\u00e9ciser que Luboya n\u2019a pas l\u2019autorit\u00e9 pour engager le MLC sur une position officielle, et ses d\u00e9clarations ne refl\u00e8tent en aucun cas la ligne du parti<\/em> \u00bb, a insist\u00e9 M. Kibuka.<\/p>\n<p>Le second et dernier mandat de F\u00e9lix Tshisekedi, r\u00e9\u00e9lu en d\u00e9cembre 2023, s\u2019ach\u00e8vera en 2028. Le paysage politique congolais reste en recomposition, entre les ambitions personnelles, les alliances mouvantes et les incertitudes li\u00e9es \u00e0 la situation s\u00e9curitaire dans l\u2019est du pays.<\/p>\n<p>La R\u00e9daction<\/p>\n","protected":false},"excerpt":{"rendered":"<p>Le Mouvement de Lib\u00e9ration du Congo (MLC), parti dirig\u00e9 par l\u2019actuel vice-premier ministre des Transports Jean-Pierre Bemba, a pris ses distances jeudi avec des propos tenus par le pr\u00e9sident de<\/p>\n","protected":false},"author":14,"featured_media":0,"comment_status":"open","ping_status":"open","sticky":false,"template":"","format":"standard","meta":{"footnotes":""},"categories":[1],"tags":[],"class_list":["post-69139","post","type-post","status-publish","format-standard","hentry","category-actualite"],"yoast_head":"<!-- This site is optimized with the Yoast SEO plugin v27.5 - https:\/\/yoast.com\/product\/yoast-seo-wordpress\/ -->\n<title>Un cadre du MLC affirme que Jean-Pierre Bemba succ\u00e9dera \u00e0 Tshisekedi en 2028 - LES VOLCANS NEWS<\/title>\n<meta name=\"robots\" content=\"index, follow, max-snippet:-1, max-image-preview:large, max-video-preview:-1\" \/>\n<link rel=\"canonical\" href=\"https:\/\/lesvolcansnews.net\/?p=69139\" \/>\n<meta property=\"og:locale\" content=\"fr_FR\" \/>\n<meta property=\"og:type\" content=\"article\" \/>\n<meta property=\"og:title\" content=\"Un cadre du MLC affirme que Jean-Pierre Bemba succ\u00e9dera \u00e0 Tshisekedi en 2028 - LES VOLCANS NEWS\" \/>\n<meta property=\"og:description\" content=\"Le Mouvement de Lib\u00e9ration du Congo (MLC), parti dirig\u00e9 par l\u2019actuel vice-premier ministre des Transports Jean-Pierre Bemba, a pris ses distances jeudi avec des propos tenus par le pr\u00e9sident de\" \/>\n<meta property=\"og:url\" content=\"https:\/\/lesvolcansnews.net\/?p=69139\" \/>\n<meta property=\"og:site_name\" content=\"LES VOLCANS NEWS\" \/>\n<meta property=\"article:published_time\" content=\"2025-09-04T17:31:25+00:00\" \/>\n<meta name=\"author\" content=\"R\u00e9daction - Les Volcans News\" \/>\n<meta name=\"twitter:card\" content=\"summary_large_image\" \/>\n<meta name=\"twitter:label1\" content=\"\u00c9crit par\" \/>\n\t<meta name=\"twitter:data1\" content=\"R\u00e9daction - Les Volcans News\" \/>\n\t<meta name=\"twitter:label2\" content=\"Dur\u00e9e de lecture estim\u00e9e\" \/>\n\t<meta name=\"twitter:data2\" content=\"2 minutes\" \/>\n<script type=\"application\/ld+json\" class=\"yoast-schema-graph\">{\"@context\":\"https:\\\/\\\/schema.org\",\"@graph\":[{\"@type\":\"Article\",\"@id\":\"https:\\\/\\\/lesvolcansnews.net\\\/?p=69139#article\",\"isPartOf\":{\"@id\":\"https:\\\/\\\/lesvolcansnews.net\\\/?p=69139\"},\"author\":{\"name\":\"R\u00e9daction - Les Volcans News\",\"@id\":\"https:\\\/\\\/lesvolcansnews.net\\\/#\\\/schema\\\/person\\\/82c8bed2e77879ecf6cca63441f57354\"},\"headline\":\"Un cadre du MLC affirme que Jean-Pierre Bemba succ\u00e9dera \u00e0 Tshisekedi en 2028\",\"datePublished\":\"2025-09-04T17:31:25+00:00\",\"mainEntityOfPage\":{\"@id\":\"https:\\\/\\\/lesvolcansnews.net\\\/?p=69139\"},\"wordCount\":333,\"commentCount\":0,\"articleSection\":[\"ACTUALIT\u00c9\"],\"inLanguage\":\"fr-FR\",\"potentialAction\":[{\"@type\":\"CommentAction\",\"name\":\"Comment\",\"target\":[\"https:\\\/\\\/lesvolcansnews.net\\\/?p=69139#respond\"]}]},{\"@type\":\"WebPage\",\"@id\":\"https:\\\/\\\/lesvolcansnews.net\\\/?p=69139\",\"url\":\"https:\\\/\\\/lesvolcansnews.net\\\/?p=69139\",\"name\":\"Un cadre du MLC affirme que Jean-Pierre Bemba succ\u00e9dera \u00e0 Tshisekedi en 2028 - LES VOLCANS NEWS\",\"isPartOf\":{\"@id\":\"https:\\\/\\\/lesvolcansnews.net\\\/#website\"},\"datePublished\":\"2025-09-04T17:31:25+00:00\",\"author\":{\"@id\":\"https:\\\/\\\/lesvolcansnews.net\\\/#\\\/schema\\\/person\\\/82c8bed2e77879ecf6cca63441f57354\"},\"breadcrumb\":{\"@id\":\"https:\\\/\\\/lesvolcansnews.net\\\/?p=69139#breadcrumb\"},\"inLanguage\":\"fr-FR\",\"potentialAction\":[{\"@type\":\"ReadAction\",\"target\":[\"https:\\\/\\\/lesvolcansnews.net\\\/?p=69139\"]}]},{\"@type\":\"BreadcrumbList\",\"@id\":\"https:\\\/\\\/lesvolcansnews.net\\\/?p=69139#breadcrumb\",\"itemListElement\":[{\"@type\":\"ListItem\",\"position\":1,\"name\":\"Accueil\",\"item\":\"https:\\\/\\\/lesvolcansnews.net\\\/\"},{\"@type\":\"ListItem\",\"position\":2,\"name\":\"Un cadre du MLC affirme que Jean-Pierre Bemba succ\u00e9dera \u00e0 Tshisekedi en 2028\"}]},{\"@type\":\"WebSite\",\"@id\":\"https:\\\/\\\/lesvolcansnews.net\\\/#website\",\"url\":\"https:\\\/\\\/lesvolcansnews.net\\\/\",\"name\":\"LES VOLCANS NEWS\",\"description\":\"L&#039;INFORMATION C&#039;EST NOUS\",\"potentialAction\":[{\"@type\":\"SearchAction\",\"target\":{\"@type\":\"EntryPoint\",\"urlTemplate\":\"https:\\\/\\\/lesvolcansnews.net\\\/?s={search_term_string}\"},\"query-input\":{\"@type\":\"PropertyValueSpecification\",\"valueRequired\":true,\"valueName\":\"search_term_string\"}}],\"inLanguage\":\"fr-FR\"},{\"@type\":\"Person\",\"@id\":\"https:\\\/\\\/lesvolcansnews.net\\\/#\\\/schema\\\/person\\\/82c8bed2e77879ecf6cca63441f57354\",\"name\":\"R\u00e9daction - Les Volcans News\",\"image\":{\"@type\":\"ImageObject\",\"inLanguage\":\"fr-FR\",\"@id\":\"https:\\\/\\\/secure.gravatar.com\\\/avatar\\\/8408942dd851e8a9c09f3d382a661bc05d2b3cd9002139bc1795b9528cdc6c80?s=96&d=mm&r=g\",\"url\":\"https:\\\/\\\/secure.gravatar.com\\\/avatar\\\/8408942dd851e8a9c09f3d382a661bc05d2b3cd9002139bc1795b9528cdc6c80?s=96&d=mm&r=g\",\"contentUrl\":\"https:\\\/\\\/secure.gravatar.com\\\/avatar\\\/8408942dd851e8a9c09f3d382a661bc05d2b3cd9002139bc1795b9528cdc6c80?s=96&d=mm&r=g\",\"caption\":\"R\u00e9daction - Les Volcans News\"},\"url\":\"https:\\\/\\\/lesvolcansnews.net\\\/?author=14\"}]}<\/script>\n<!-- \/ Yoast SEO plugin. -->","yoast_head_json":{"title":"Un cadre du MLC affirme que Jean-Pierre Bemba succ\u00e9dera \u00e0 Tshisekedi en 2028 - LES VOLCANS NEWS","robots":{"index":"index","follow":"follow","max-snippet":"max-snippet:-1","max-image-preview":"max-image-preview:large","max-video-preview":"max-video-preview:-1"},"canonical":"https:\/\/lesvolcansnews.net\/?p=69139","og_locale":"fr_FR","og_type":"article","og_title":"Un cadre du MLC affirme que Jean-Pierre Bemba succ\u00e9dera \u00e0 Tshisekedi en 2028 - LES VOLCANS NEWS","og_description":"Le Mouvement de Lib\u00e9ration du Congo (MLC), parti dirig\u00e9 par l\u2019actuel vice-premier ministre des Transports Jean-Pierre Bemba, a pris ses distances jeudi avec des propos tenus par le pr\u00e9sident de","og_url":"https:\/\/lesvolcansnews.net\/?p=69139","og_site_name":"LES VOLCANS NEWS","article_published_time":"2025-09-04T17:31:25+00:00","author":"R\u00e9daction - Les Volcans News","twitter_card":"summary_large_image","twitter_misc":{"\u00c9crit par":"R\u00e9daction - Les Volcans News","Dur\u00e9e de lecture estim\u00e9e":"2 minutes"},"schema":{"@context":"https:\/\/schema.org","@graph":[{"@type":"Article","@id":"https:\/\/lesvolcansnews.net\/?p=69139#article","isPartOf":{"@id":"https:\/\/lesvolcansnews.net\/?p=69139"},"author":{"name":"R\u00e9daction - Les Volcans News","@id":"https:\/\/lesvolcansnews.net\/#\/schema\/person\/82c8bed2e77879ecf6cca63441f57354"},"headline":"Un cadre du MLC affirme que Jean-Pierre Bemba succ\u00e9dera \u00e0 Tshisekedi en 2028","datePublished":"2025-09-04T17:31:25+00:00","mainEntityOfPage":{"@id":"https:\/\/lesvolcansnews.net\/?p=69139"},"wordCount":333,"commentCount":0,"articleSection":["ACTUALIT\u00c9"],"inLanguage":"fr-FR","potentialAction":[{"@type":"CommentAction","name":"Comment","target":["https:\/\/lesvolcansnews.net\/?p=69139#respond"]}]},{"@type":"WebPage","@id":"https:\/\/lesvolcansnews.net\/?p=69139","url":"https:\/\/lesvolcansnews.net\/?p=69139","name":"Un cadre du MLC affirme que Jean-Pierre Bemba succ\u00e9dera \u00e0 Tshisekedi en 2028 - LES VOLCANS NEWS","isPartOf":{"@id":"https:\/\/lesvolcansnews.net\/#website"},"datePublished":"2025-09-04T17:31:25+00:00","author":{"@id":"https:\/\/lesvolcansnews.net\/#\/schema\/person\/82c8bed2e77879ecf6cca63441f57354"},"breadcrumb":{"@id":"https:\/\/lesvolcansnews.net\/?p=69139#breadcrumb"},"inLanguage":"fr-FR","potentialAction":[{"@type":"ReadAction","target":["https:\/\/lesvolcansnews.net\/?p=69139"]}]},{"@type":"BreadcrumbList","@id":"https:\/\/lesvolcansnews.net\/?p=69139#breadcrumb","itemListElement":[{"@type":"ListItem","position":1,"name":"Accueil","item":"https:\/\/lesvolcansnews.net\/"},{"@type":"ListItem","position":2,"name":"Un cadre du MLC affirme que Jean-Pierre Bemba succ\u00e9dera \u00e0 Tshisekedi en 2028"}]},{"@type":"WebSite","@id":"https:\/\/lesvolcansnews.net\/#website","url":"https:\/\/lesvolcansnews.net\/","name":"LES VOLCANS NEWS","description":"L&#039;INFORMATION C&#039;EST NOUS","potentialAction":[{"@type":"SearchAction","target":{"@type":"EntryPoint","urlTemplate":"https:\/\/lesvolcansnews.net\/?s={search_term_string}"},"query-input":{"@type":"PropertyValueSpecification","valueRequired":true,"valueName":"search_term_string"}}],"inLanguage":"fr-FR"},{"@type":"Person","@id":"https:\/\/lesvolcansnews.net\/#\/schema\/person\/82c8bed2e77879ecf6cca63441f57354","name":"R\u00e9daction - Les Volcans News","image":{"@type":"ImageObject","inLanguage":"fr-FR","@id":"https:\/\/secure.gravatar.com\/avatar\/8408942dd851e8a9c09f3d382a661bc05d2b3cd9002139bc1795b9528cdc6c80?s=96&d=mm&r=g","url":"https:\/\/secure.gravatar.com\/avatar\/8408942dd851e8a9c09f3d382a661bc05d2b3cd9002139bc1795b9528cdc6c80?s=96&d=mm&r=g","contentUrl":"https:\/\/secure.gravatar.com\/avatar\/8408942dd851e8a9c09f3d382a661bc05d2b3cd9002139bc1795b9528cdc6c80?s=96&d=mm&r=g","caption":"R\u00e9daction - Les Volcans News"},"url":"https:\/\/lesvolcansnews.net\/?author=14"}]}},"_links":{"self":[{"href":"https:\/\/lesvolcansnews.net\/index.php?rest_route=\/wp\/v2\/posts\/69139","targetHints":{"allow":["GET"]}}],"collection":[{"href":"https:\/\/lesvolcansnews.net\/index.php?rest_route=\/wp\/v2\/posts"}],"about":[{"href":"https:\/\/lesvolcansnews.net\/index.php?rest_route=\/wp\/v2\/types\/post"}],"author":[{"embeddable":true,"href":"https:\/\/lesvolcansnews.net\/index.php?rest_route=\/wp\/v2\/users\/14"}],"replies":[{"embeddable":true,"href":"https:\/\/lesvolcansnews.net\/index.php?rest_route=%2Fwp%2Fv2%2Fcomments&post=69139"}],"version-history":[{"count":1,"href":"https:\/\/lesvolcansnews.net\/index.php?rest_route=\/wp\/v2\/posts\/69139\/revisions"}],"predecessor-version":[{"id":69141,"href":"https:\/\/lesvolcansnews.net\/index.php?rest_route=\/wp\/v2\/posts\/69139\/revisions\/69141"}],"wp:attachment":[{"href":"https:\/\/lesvolcansnews.net\/index.php?rest_route=%2Fwp%2Fv2%2Fmedia&parent=69139"}],"wp:term":[{"taxonomy":"category","embeddable":true,"href":"https:\/\/lesvolcansnews.net\/index.php?rest_route=%2Fwp%2Fv2%2Fcategories&post=69139"},{"taxonomy":"post_tag","embeddable":true,"href":"https:\/\/lesvolcansnews.net\/index.php?rest_route=%2Fwp%2Fv2%2Ftags&post=69139"}],"curies":[{"name":"wp","href":"https:\/\/api.w.org\/{rel}","templated":true}]}}