{"id":69081,"date":"2025-09-03T11:02:46","date_gmt":"2025-09-03T09:02:46","guid":{"rendered":"https:\/\/lesvolcansnews.net\/2025\/09\/03\/securisation-et-relance-du-secteur-minier-en-ituri-le-gouverneur-et-les-operateurs-economiques-en-seance-de-travail-strategique\/"},"modified":"2025-09-03T11:02:46","modified_gmt":"2025-09-03T09:02:46","slug":"securisation-et-relance-du-secteur-minier-en-ituri-le-gouverneur-et-les-operateurs-economiques-en-seance-de-travail-strategique","status":"publish","type":"post","link":"https:\/\/lesvolcansnews.net\/?p=69081","title":{"rendered":"S\u00e9curisation et relance du secteur minier en Ituri : le Gouverneur et les op\u00e9rateurs \u00e9conomiques en s\u00e9ance de travail strat\u00e9gique"},"content":{"rendered":"\n<p><br><br><strong>C&#8217;\u00e9tait une journ\u00e9e importante pour l&#8217;\u00e9conomie de la province de l&#8217;Ituri au nord-est de la R\u00e9publique D\u00e9mocratique du Congo. Le 01 septembre 2025, en ville de Bunia, le gouverneur de province et les op\u00e9rateurs \u00e9conomiques se sont retrouv\u00e9s pour une s\u00e9ance de travail strat\u00e9gique.<\/strong><br><br>Au cours de cette rencontre d&#8217;harmonisation, les participants ont pass\u00e9 au peigne fin toutes les questions li\u00e9es aux diff\u00e9rents secteurs \u00e9conomiques de la province, un domaine jusque-l\u00e0 confront\u00e9 \u00e0 de nombreux d\u00e9fis.<br><br>Pour le gouverneur, cette r\u00e9union \u00e9tait une opportunit\u00e9 de recadrer, d&#8217;ajuster et de corriger certaines r\u00e9alit\u00e9s afin de relancer efficacement ces secteurs strat\u00e9giques. Pour les op\u00e9rateurs \u00e9conomiques, cet \u00e9change valait son pesant d&#8217;or.<br><br>Cette rencontre s\u2019inscrit \u00e9galement dans le cadre de la restauration de l\u2019autorit\u00e9 de l\u2019\u00c9tat, afin d\u2019assurer un climat favorable aux investissements et au d\u00e9veloppement \u00e9conomique de l\u2019Ituri.<br><br>Les discussions ont notamment port\u00e9 sur la s\u00e9curisation des carr\u00e9s miniers et la protection des acteurs \u0153uvrant dans ce secteur. L&#8217;autorit\u00e9 provinciale a ainsi r\u00e9it\u00e9r\u00e9 son engagement \u00e0 assurer la s\u00e9curit\u00e9 et \u00e0 soutenir l\u2019\u00e9mergence de l\u2019Ituri.<br><br>\u00ab Cette rencontre nous a permis de clarifier de nombreux points et de nous aligner sur les priorit\u00e9s du gouvernement provincial. C\u2019est une \u00e9tape importante pour renforcer nos activit\u00e9s et s\u00e9curiser nos investissements. \u00bb, a-t-il fait savoir dans des propos recueillis par la presse militaire.<br><br>En d\u00e9finitive, cette s\u00e9ance de travail marque un pas important vers la relance des secteurs \u00e9conomiques de l\u2019Ituri, dans un contexte de s\u00e9curit\u00e9 renforc\u00e9e et de dialogue constructif entre les autorit\u00e9s et les acteurs \u00e9conomiques.<br><br>R\u00e9daction<\/p>\n","protected":false},"excerpt":{"rendered":"<p>C&#8217;\u00e9tait une journ\u00e9e importante pour l&#8217;\u00e9conomie de la province de l&#8217;Ituri au nord-est de la R\u00e9publique D\u00e9mocratique du Congo. Le 01 septembre 2025, en ville de Bunia, le gouverneur de<\/p>\n","protected":false},"author":14,"featured_media":69080,"comment_status":"open","ping_status":"open","sticky":false,"template":"","format":"standard","meta":{"footnotes":""},"categories":[32],"tags":[],"class_list":["post-69081","post","type-post","status-publish","format-standard","has-post-thumbnail","hentry","category-securite"],"yoast_head":"<!-- This site is optimized with the Yoast SEO plugin v27.3 - https:\/\/yoast.com\/product\/yoast-seo-wordpress\/ -->\n<title>S\u00e9curisation et relance du secteur minier en Ituri : le Gouverneur et les op\u00e9rateurs \u00e9conomiques en s\u00e9ance de travail strat\u00e9gique - LES VOLCANS NEWS<\/title>\n<meta name=\"robots\" content=\"index, follow, max-snippet:-1, max-image-preview:large, max-video-preview:-1\" \/>\n<link rel=\"canonical\" href=\"https:\/\/lesvolcansnews.net\/?p=69081\" \/>\n<meta property=\"og:locale\" content=\"fr_FR\" \/>\n<meta property=\"og:type\" content=\"article\" \/>\n<meta property=\"og:title\" content=\"S\u00e9curisation et relance du secteur minier en Ituri : le Gouverneur et les op\u00e9rateurs \u00e9conomiques en s\u00e9ance de travail strat\u00e9gique - LES VOLCANS NEWS\" \/>\n<meta property=\"og:description\" content=\"C&#8217;\u00e9tait une journ\u00e9e importante pour l&#8217;\u00e9conomie de la province de l&#8217;Ituri au nord-est de la R\u00e9publique D\u00e9mocratique du Congo. Le 01 septembre 2025, en ville de Bunia, le gouverneur de\" \/>\n<meta property=\"og:url\" content=\"https:\/\/lesvolcansnews.net\/?p=69081\" \/>\n<meta property=\"og:site_name\" content=\"LES VOLCANS NEWS\" \/>\n<meta property=\"article:published_time\" content=\"2025-09-03T09:02:46+00:00\" \/>\n<meta property=\"og:image\" content=\"https:\/\/lesvolcansnews.net\/wp-content\/uploads\/2025\/09\/IMG-20250903-WA0016.jpg\" \/>\n\t<meta property=\"og:image:width\" content=\"1280\" \/>\n\t<meta property=\"og:image:height\" content=\"919\" \/>\n\t<meta property=\"og:image:type\" content=\"image\/jpeg\" \/>\n<meta name=\"author\" content=\"R\u00e9daction - Les Volcans News\" \/>\n<meta name=\"twitter:card\" content=\"summary_large_image\" \/>\n<meta name=\"twitter:label1\" content=\"\u00c9crit par\" \/>\n\t<meta name=\"twitter:data1\" content=\"R\u00e9daction - Les Volcans News\" \/>\n\t<meta name=\"twitter:label2\" content=\"Dur\u00e9e de lecture estim\u00e9e\" \/>\n\t<meta name=\"twitter:data2\" content=\"1 minute\" \/>\n<script type=\"application\/ld+json\" class=\"yoast-schema-graph\">{\"@context\":\"https:\\\/\\\/schema.org\",\"@graph\":[{\"@type\":\"Article\",\"@id\":\"https:\\\/\\\/lesvolcansnews.net\\\/?p=69081#article\",\"isPartOf\":{\"@id\":\"https:\\\/\\\/lesvolcansnews.net\\\/?p=69081\"},\"author\":{\"name\":\"R\u00e9daction - Les Volcans News\",\"@id\":\"https:\\\/\\\/lesvolcansnews.net\\\/#\\\/schema\\\/person\\\/82c8bed2e77879ecf6cca63441f57354\"},\"headline\":\"S\u00e9curisation et relance du secteur minier en Ituri : le Gouverneur et les op\u00e9rateurs \u00e9conomiques en s\u00e9ance de travail strat\u00e9gique\",\"datePublished\":\"2025-09-03T09:02:46+00:00\",\"mainEntityOfPage\":{\"@id\":\"https:\\\/\\\/lesvolcansnews.net\\\/?p=69081\"},\"wordCount\":316,\"commentCount\":0,\"image\":{\"@id\":\"https:\\\/\\\/lesvolcansnews.net\\\/?p=69081#primaryimage\"},\"thumbnailUrl\":\"https:\\\/\\\/lesvolcansnews.net\\\/wp-content\\\/uploads\\\/2025\\\/09\\\/IMG-20250903-WA0016.jpg\",\"articleSection\":[\"S\u00c9CURIT\u00c9\"],\"inLanguage\":\"fr-FR\",\"potentialAction\":[{\"@type\":\"CommentAction\",\"name\":\"Comment\",\"target\":[\"https:\\\/\\\/lesvolcansnews.net\\\/?p=69081#respond\"]}]},{\"@type\":\"WebPage\",\"@id\":\"https:\\\/\\\/lesvolcansnews.net\\\/?p=69081\",\"url\":\"https:\\\/\\\/lesvolcansnews.net\\\/?p=69081\",\"name\":\"S\u00e9curisation et relance du secteur minier en Ituri : le Gouverneur et les op\u00e9rateurs \u00e9conomiques en s\u00e9ance de travail strat\u00e9gique - LES VOLCANS NEWS\",\"isPartOf\":{\"@id\":\"https:\\\/\\\/lesvolcansnews.net\\\/#website\"},\"primaryImageOfPage\":{\"@id\":\"https:\\\/\\\/lesvolcansnews.net\\\/?p=69081#primaryimage\"},\"image\":{\"@id\":\"https:\\\/\\\/lesvolcansnews.net\\\/?p=69081#primaryimage\"},\"thumbnailUrl\":\"https:\\\/\\\/lesvolcansnews.net\\\/wp-content\\\/uploads\\\/2025\\\/09\\\/IMG-20250903-WA0016.jpg\",\"datePublished\":\"2025-09-03T09:02:46+00:00\",\"author\":{\"@id\":\"https:\\\/\\\/lesvolcansnews.net\\\/#\\\/schema\\\/person\\\/82c8bed2e77879ecf6cca63441f57354\"},\"breadcrumb\":{\"@id\":\"https:\\\/\\\/lesvolcansnews.net\\\/?p=69081#breadcrumb\"},\"inLanguage\":\"fr-FR\",\"potentialAction\":[{\"@type\":\"ReadAction\",\"target\":[\"https:\\\/\\\/lesvolcansnews.net\\\/?p=69081\"]}]},{\"@type\":\"ImageObject\",\"inLanguage\":\"fr-FR\",\"@id\":\"https:\\\/\\\/lesvolcansnews.net\\\/?p=69081#primaryimage\",\"url\":\"https:\\\/\\\/lesvolcansnews.net\\\/wp-content\\\/uploads\\\/2025\\\/09\\\/IMG-20250903-WA0016.jpg\",\"contentUrl\":\"https:\\\/\\\/lesvolcansnews.net\\\/wp-content\\\/uploads\\\/2025\\\/09\\\/IMG-20250903-WA0016.jpg\",\"width\":1280,\"height\":919},{\"@type\":\"BreadcrumbList\",\"@id\":\"https:\\\/\\\/lesvolcansnews.net\\\/?p=69081#breadcrumb\",\"itemListElement\":[{\"@type\":\"ListItem\",\"position\":1,\"name\":\"Accueil\",\"item\":\"https:\\\/\\\/lesvolcansnews.net\\\/\"},{\"@type\":\"ListItem\",\"position\":2,\"name\":\"S\u00e9curisation et relance du secteur minier en Ituri : le Gouverneur et les op\u00e9rateurs \u00e9conomiques en s\u00e9ance de travail strat\u00e9gique\"}]},{\"@type\":\"WebSite\",\"@id\":\"https:\\\/\\\/lesvolcansnews.net\\\/#website\",\"url\":\"https:\\\/\\\/lesvolcansnews.net\\\/\",\"name\":\"LES VOLCANS NEWS\",\"description\":\"L&#039;INFORMATION C&#039;EST NOUS\",\"potentialAction\":[{\"@type\":\"SearchAction\",\"target\":{\"@type\":\"EntryPoint\",\"urlTemplate\":\"https:\\\/\\\/lesvolcansnews.net\\\/?s={search_term_string}\"},\"query-input\":{\"@type\":\"PropertyValueSpecification\",\"valueRequired\":true,\"valueName\":\"search_term_string\"}}],\"inLanguage\":\"fr-FR\"},{\"@type\":\"Person\",\"@id\":\"https:\\\/\\\/lesvolcansnews.net\\\/#\\\/schema\\\/person\\\/82c8bed2e77879ecf6cca63441f57354\",\"name\":\"R\u00e9daction - Les Volcans News\",\"image\":{\"@type\":\"ImageObject\",\"inLanguage\":\"fr-FR\",\"@id\":\"https:\\\/\\\/secure.gravatar.com\\\/avatar\\\/8408942dd851e8a9c09f3d382a661bc05d2b3cd9002139bc1795b9528cdc6c80?s=96&d=mm&r=g\",\"url\":\"https:\\\/\\\/secure.gravatar.com\\\/avatar\\\/8408942dd851e8a9c09f3d382a661bc05d2b3cd9002139bc1795b9528cdc6c80?s=96&d=mm&r=g\",\"contentUrl\":\"https:\\\/\\\/secure.gravatar.com\\\/avatar\\\/8408942dd851e8a9c09f3d382a661bc05d2b3cd9002139bc1795b9528cdc6c80?s=96&d=mm&r=g\",\"caption\":\"R\u00e9daction - Les Volcans News\"},\"url\":\"https:\\\/\\\/lesvolcansnews.net\\\/?author=14\"}]}<\/script>\n<!-- \/ Yoast SEO plugin. -->","yoast_head_json":{"title":"S\u00e9curisation et relance du secteur minier en Ituri : le Gouverneur et les op\u00e9rateurs \u00e9conomiques en s\u00e9ance de travail strat\u00e9gique - LES VOLCANS NEWS","robots":{"index":"index","follow":"follow","max-snippet":"max-snippet:-1","max-image-preview":"max-image-preview:large","max-video-preview":"max-video-preview:-1"},"canonical":"https:\/\/lesvolcansnews.net\/?p=69081","og_locale":"fr_FR","og_type":"article","og_title":"S\u00e9curisation et relance du secteur minier en Ituri : le Gouverneur et les op\u00e9rateurs \u00e9conomiques en s\u00e9ance de travail strat\u00e9gique - LES VOLCANS NEWS","og_description":"C&#8217;\u00e9tait une journ\u00e9e importante pour l&#8217;\u00e9conomie de la province de l&#8217;Ituri au nord-est de la R\u00e9publique D\u00e9mocratique du Congo. Le 01 septembre 2025, en ville de Bunia, le gouverneur de","og_url":"https:\/\/lesvolcansnews.net\/?p=69081","og_site_name":"LES VOLCANS NEWS","article_published_time":"2025-09-03T09:02:46+00:00","og_image":[{"width":1280,"height":919,"url":"https:\/\/lesvolcansnews.net\/wp-content\/uploads\/2025\/09\/IMG-20250903-WA0016.jpg","type":"image\/jpeg"}],"author":"R\u00e9daction - Les Volcans News","twitter_card":"summary_large_image","twitter_misc":{"\u00c9crit par":"R\u00e9daction - Les Volcans News","Dur\u00e9e de lecture estim\u00e9e":"1 minute"},"schema":{"@context":"https:\/\/schema.org","@graph":[{"@type":"Article","@id":"https:\/\/lesvolcansnews.net\/?p=69081#article","isPartOf":{"@id":"https:\/\/lesvolcansnews.net\/?p=69081"},"author":{"name":"R\u00e9daction - Les Volcans News","@id":"https:\/\/lesvolcansnews.net\/#\/schema\/person\/82c8bed2e77879ecf6cca63441f57354"},"headline":"S\u00e9curisation et relance du secteur minier en Ituri : le Gouverneur et les op\u00e9rateurs \u00e9conomiques en s\u00e9ance de travail strat\u00e9gique","datePublished":"2025-09-03T09:02:46+00:00","mainEntityOfPage":{"@id":"https:\/\/lesvolcansnews.net\/?p=69081"},"wordCount":316,"commentCount":0,"image":{"@id":"https:\/\/lesvolcansnews.net\/?p=69081#primaryimage"},"thumbnailUrl":"https:\/\/lesvolcansnews.net\/wp-content\/uploads\/2025\/09\/IMG-20250903-WA0016.jpg","articleSection":["S\u00c9CURIT\u00c9"],"inLanguage":"fr-FR","potentialAction":[{"@type":"CommentAction","name":"Comment","target":["https:\/\/lesvolcansnews.net\/?p=69081#respond"]}]},{"@type":"WebPage","@id":"https:\/\/lesvolcansnews.net\/?p=69081","url":"https:\/\/lesvolcansnews.net\/?p=69081","name":"S\u00e9curisation et relance du secteur minier en Ituri : le Gouverneur et les op\u00e9rateurs \u00e9conomiques en s\u00e9ance de travail strat\u00e9gique - LES VOLCANS NEWS","isPartOf":{"@id":"https:\/\/lesvolcansnews.net\/#website"},"primaryImageOfPage":{"@id":"https:\/\/lesvolcansnews.net\/?p=69081#primaryimage"},"image":{"@id":"https:\/\/lesvolcansnews.net\/?p=69081#primaryimage"},"thumbnailUrl":"https:\/\/lesvolcansnews.net\/wp-content\/uploads\/2025\/09\/IMG-20250903-WA0016.jpg","datePublished":"2025-09-03T09:02:46+00:00","author":{"@id":"https:\/\/lesvolcansnews.net\/#\/schema\/person\/82c8bed2e77879ecf6cca63441f57354"},"breadcrumb":{"@id":"https:\/\/lesvolcansnews.net\/?p=69081#breadcrumb"},"inLanguage":"fr-FR","potentialAction":[{"@type":"ReadAction","target":["https:\/\/lesvolcansnews.net\/?p=69081"]}]},{"@type":"ImageObject","inLanguage":"fr-FR","@id":"https:\/\/lesvolcansnews.net\/?p=69081#primaryimage","url":"https:\/\/lesvolcansnews.net\/wp-content\/uploads\/2025\/09\/IMG-20250903-WA0016.jpg","contentUrl":"https:\/\/lesvolcansnews.net\/wp-content\/uploads\/2025\/09\/IMG-20250903-WA0016.jpg","width":1280,"height":919},{"@type":"BreadcrumbList","@id":"https:\/\/lesvolcansnews.net\/?p=69081#breadcrumb","itemListElement":[{"@type":"ListItem","position":1,"name":"Accueil","item":"https:\/\/lesvolcansnews.net\/"},{"@type":"ListItem","position":2,"name":"S\u00e9curisation et relance du secteur minier en Ituri : le Gouverneur et les op\u00e9rateurs \u00e9conomiques en s\u00e9ance de travail strat\u00e9gique"}]},{"@type":"WebSite","@id":"https:\/\/lesvolcansnews.net\/#website","url":"https:\/\/lesvolcansnews.net\/","name":"LES VOLCANS NEWS","description":"L&#039;INFORMATION C&#039;EST NOUS","potentialAction":[{"@type":"SearchAction","target":{"@type":"EntryPoint","urlTemplate":"https:\/\/lesvolcansnews.net\/?s={search_term_string}"},"query-input":{"@type":"PropertyValueSpecification","valueRequired":true,"valueName":"search_term_string"}}],"inLanguage":"fr-FR"},{"@type":"Person","@id":"https:\/\/lesvolcansnews.net\/#\/schema\/person\/82c8bed2e77879ecf6cca63441f57354","name":"R\u00e9daction - Les Volcans News","image":{"@type":"ImageObject","inLanguage":"fr-FR","@id":"https:\/\/secure.gravatar.com\/avatar\/8408942dd851e8a9c09f3d382a661bc05d2b3cd9002139bc1795b9528cdc6c80?s=96&d=mm&r=g","url":"https:\/\/secure.gravatar.com\/avatar\/8408942dd851e8a9c09f3d382a661bc05d2b3cd9002139bc1795b9528cdc6c80?s=96&d=mm&r=g","contentUrl":"https:\/\/secure.gravatar.com\/avatar\/8408942dd851e8a9c09f3d382a661bc05d2b3cd9002139bc1795b9528cdc6c80?s=96&d=mm&r=g","caption":"R\u00e9daction - Les Volcans News"},"url":"https:\/\/lesvolcansnews.net\/?author=14"}]}},"_links":{"self":[{"href":"https:\/\/lesvolcansnews.net\/index.php?rest_route=\/wp\/v2\/posts\/69081","targetHints":{"allow":["GET"]}}],"collection":[{"href":"https:\/\/lesvolcansnews.net\/index.php?rest_route=\/wp\/v2\/posts"}],"about":[{"href":"https:\/\/lesvolcansnews.net\/index.php?rest_route=\/wp\/v2\/types\/post"}],"author":[{"embeddable":true,"href":"https:\/\/lesvolcansnews.net\/index.php?rest_route=\/wp\/v2\/users\/14"}],"replies":[{"embeddable":true,"href":"https:\/\/lesvolcansnews.net\/index.php?rest_route=%2Fwp%2Fv2%2Fcomments&post=69081"}],"version-history":[{"count":0,"href":"https:\/\/lesvolcansnews.net\/index.php?rest_route=\/wp\/v2\/posts\/69081\/revisions"}],"wp:featuredmedia":[{"embeddable":true,"href":"https:\/\/lesvolcansnews.net\/index.php?rest_route=\/wp\/v2\/media\/69080"}],"wp:attachment":[{"href":"https:\/\/lesvolcansnews.net\/index.php?rest_route=%2Fwp%2Fv2%2Fmedia&parent=69081"}],"wp:term":[{"taxonomy":"category","embeddable":true,"href":"https:\/\/lesvolcansnews.net\/index.php?rest_route=%2Fwp%2Fv2%2Fcategories&post=69081"},{"taxonomy":"post_tag","embeddable":true,"href":"https:\/\/lesvolcansnews.net\/index.php?rest_route=%2Fwp%2Fv2%2Ftags&post=69081"}],"curies":[{"name":"wp","href":"https:\/\/api.w.org\/{rel}","templated":true}]}}