{"id":69012,"date":"2025-08-30T12:31:07","date_gmt":"2025-08-30T10:31:07","guid":{"rendered":"https:\/\/lesvolcansnews.net\/?p=69012"},"modified":"2025-08-30T12:31:07","modified_gmt":"2025-08-30T10:31:07","slug":"le-sud-kivu-interdit-les-deplacements-du-personnel-depuis-les-zones-rebelles-pour-contrer-les-infiltrations-du-m23","status":"publish","type":"post","link":"https:\/\/lesvolcansnews.net\/?p=69012","title":{"rendered":"Le Sud-Kivu interdit les d\u00e9placements du personnel depuis les zones rebelles pour contrer les infiltrations du M23"},"content":{"rendered":"<p><strong>Le Gouvernement Provincial du Sud-Kivu a mis en place de nouvelles mesures de s\u00e9curit\u00e9 strictes concernant les d\u00e9placements du personnel en provenance des zones occup\u00e9es par les rebelles, en particulier ceux du M23.<\/strong><\/p>\n<p>Dans une circulaire sign\u00e9e le 8 ao\u00fbt 2025 par le directeur cabinet du Gouverneur Ma\u00eetre Dunia Runiga Daniel, toutes les mobilit\u00e9s en provenance des territoires sous contr\u00f4le rebelle vers Uvira sont d\u00e9sormais formellement interdites.<\/p>\n<p>Dans la circulaire, le Gouvernement provincial indique que tout d\u00e9placement de personnel quittant les zones occup\u00e9es par les rebelles de l&#8217;AFC\/M23 vers la ville d\u2019Uvira est &#8220;strictement interdit&#8221; jusqu&#8217;\u00e0 nouvel ordre. <\/p>\n<p>Les autorit\u00e9s pr\u00e9cisent \u00e9galement que les agents suspect\u00e9s d\u2019avoir collabor\u00e9 avec ces groupes ou d\u2019avoir \u00e9t\u00e9 nomm\u00e9s par eux ne seront pas autoris\u00e9s \u00e0 rejoindre les services provinciaux \u00e0 Uvira.<\/p>\n<p>Le texte pr\u00e9cise que les ministres provinciaux, les chefs de division, ainsi que les responsables des services migratoires et de s\u00e9curit\u00e9 sont interdits de faciliter ou d\u2019autoriser ce type de mouvement, sous peine de sanctions s\u00e9v\u00e8res.<\/p>\n<p> Le non-respect de cette d\u00e9cision pourrait \u00eatre consid\u00e9r\u00e9 comme une &#8220;faute grave et complicit\u00e9 avec l&#8217;ennemi&#8221;, souligne  Runiga dans sa note, adress\u00e9e \u00e0 toutes les autorit\u00e9s et services concern\u00e9s.<\/p>\n<p>Le but de ces mesures, selon la circulaire, est de prot\u00e9ger la stabilit\u00e9 de la province face aux tactiques d\u2019infiltration des rebelles, qui utilisent les d\u00e9placements pour se m\u00ealer au personnel administratif de la province.<\/p>\n<p>Ces mouvements, selon le Gouvernement provincial, pourraient permettre aux rebelles d&#8217;introduire des agents subversifs au sein de l&#8217;administration publique.<\/p>\n<p>&#8220;Les autorit\u00e9s de la province doivent faire preuve de rigueur pour emp\u00eacher toute tentative de d\u00e9stabilisation par le biais de ces d\u00e9placements&#8221;,a insist\u00e9 le  Dunia Runiga.<\/p>\n<p>Les responsables de la Direction G\u00e9n\u00e9rale des Migrations (DGM) et de l&#8217;Agence Nationale des Renseignements (ANR) sont \u00e9galement appel\u00e9s \u00e0 une vigilance accrue pour garantir le contr\u00f4le des mouvements du personnel et \u00e9viter toute infiltration.<\/p>\n<p>Le renforcement de la s\u00e9curit\u00e9 fait partie d\u2019un dispositif plus large adopt\u00e9 par le Conseil des Ministres et le Comit\u00e9 Provincial de S\u00e9curit\u00e9 pour contrer les menaces persistantes des groupes arm\u00e9s, notamment le M23. <\/p>\n<p>Ces groupes continuent de mener des attaques contre les forces gouvernementales et les civils dans la r\u00e9gion, accentuant l&#8217;instabilit\u00e9 dans cette partie du pays.<\/p>\n<p>Cette nouvelle mesure fait suite \u00e0 une d\u00e9cision annonc\u00e9e le 4 juin 2025 par l\u2019ancien Gouverneur de la province, Jean-Jacques Purusi. Lors d\u2019une r\u00e9union interinstitutionnelle, il avait inform\u00e9 la presse que le gouvernement provincial proc\u00e9derait au retrait des matricules des agents de l\u2019\u00c9tat ayant rejoint le mouvement arm\u00e9 AFC\/M23.<\/p>\n<p>Ces matricules seraient ensuite redistribu\u00e9s \u00e0 des fonctionnaires jug\u00e9s loyaux et engag\u00e9s envers la cause publique.<\/p>\n<p>Les autorit\u00e9s provinciales insistent sur le fait que la situation s\u00e9curitaire reste extr\u00eamement pr\u00e9occupante avec la persistance des affrontements entre l&#8217;arm\u00e9e congolaise et les groupes arm\u00e9s, dont le M23. En r\u00e9ponse \u00e0 cette menace, ces mesures visent \u00e0 emp\u00eacher toute d\u00e9stabilisation interne et \u00e0 garantir que les fonctionnaires de l\u2019\u00c9tat ne deviennent pas des instruments dans la guerre men\u00e9e par ces groupes contre la R\u00e9publique D\u00e9mocratique du Congo.<\/p>\n<p>&#8220;Nous devons pr\u00e9server l\u2019int\u00e9grit\u00e9 de nos institutions et garantir que l\u2019administration publique soit \u00e0 l\u2019abri de toute manipulation ou infiltration ennemie,&#8221; a conclu Ma\u00eetre Dunia Runiga Daniel.<\/p>\n<p>La r\u00e9daction<\/p>\n","protected":false},"excerpt":{"rendered":"<p>Le Gouvernement Provincial du Sud-Kivu a mis en place de nouvelles mesures de s\u00e9curit\u00e9 strictes concernant les d\u00e9placements du personnel en provenance des zones occup\u00e9es par les rebelles, en particulier<\/p>\n","protected":false},"author":14,"featured_media":59440,"comment_status":"open","ping_status":"open","sticky":false,"template":"","format":"standard","meta":{"footnotes":""},"categories":[32],"tags":[],"class_list":["post-69012","post","type-post","status-publish","format-standard","has-post-thumbnail","hentry","category-securite"],"yoast_head":"<!-- This site is optimized with the Yoast SEO plugin v27.5 - https:\/\/yoast.com\/product\/yoast-seo-wordpress\/ -->\n<title>Le Sud-Kivu interdit les d\u00e9placements du personnel depuis les zones rebelles pour contrer les infiltrations du M23 - LES VOLCANS NEWS<\/title>\n<meta name=\"robots\" content=\"index, follow, max-snippet:-1, max-image-preview:large, max-video-preview:-1\" \/>\n<link rel=\"canonical\" href=\"https:\/\/lesvolcansnews.net\/?p=69012\" \/>\n<meta property=\"og:locale\" content=\"fr_FR\" \/>\n<meta property=\"og:type\" content=\"article\" \/>\n<meta property=\"og:title\" content=\"Le Sud-Kivu interdit les d\u00e9placements du personnel depuis les zones rebelles pour contrer les infiltrations du M23 - LES VOLCANS NEWS\" \/>\n<meta property=\"og:description\" content=\"Le Gouvernement Provincial du Sud-Kivu a mis en place de nouvelles mesures de s\u00e9curit\u00e9 strictes concernant les d\u00e9placements du personnel en provenance des zones occup\u00e9es par les rebelles, en particulier\" \/>\n<meta property=\"og:url\" content=\"https:\/\/lesvolcansnews.net\/?p=69012\" \/>\n<meta property=\"og:site_name\" content=\"LES VOLCANS NEWS\" \/>\n<meta property=\"article:published_time\" content=\"2025-08-30T10:31:07+00:00\" \/>\n<meta property=\"og:image\" content=\"https:\/\/lesvolcansnews.net\/wp-content\/uploads\/2024\/10\/jean_jacques_purusi_24_png_711_473_1.webp\" \/>\n\t<meta property=\"og:image:width\" content=\"711\" \/>\n\t<meta property=\"og:image:height\" content=\"473\" \/>\n\t<meta property=\"og:image:type\" content=\"image\/webp\" \/>\n<meta name=\"author\" content=\"R\u00e9daction - Les Volcans News\" \/>\n<meta name=\"twitter:card\" content=\"summary_large_image\" \/>\n<meta name=\"twitter:label1\" content=\"\u00c9crit par\" \/>\n\t<meta name=\"twitter:data1\" content=\"R\u00e9daction - Les Volcans News\" \/>\n\t<meta name=\"twitter:label2\" content=\"Dur\u00e9e de lecture estim\u00e9e\" \/>\n\t<meta name=\"twitter:data2\" content=\"3 minutes\" \/>\n<script type=\"application\/ld+json\" class=\"yoast-schema-graph\">{\"@context\":\"https:\\\/\\\/schema.org\",\"@graph\":[{\"@type\":\"Article\",\"@id\":\"https:\\\/\\\/lesvolcansnews.net\\\/?p=69012#article\",\"isPartOf\":{\"@id\":\"https:\\\/\\\/lesvolcansnews.net\\\/?p=69012\"},\"author\":{\"name\":\"R\u00e9daction - Les Volcans News\",\"@id\":\"https:\\\/\\\/lesvolcansnews.net\\\/#\\\/schema\\\/person\\\/82c8bed2e77879ecf6cca63441f57354\"},\"headline\":\"Le Sud-Kivu interdit les d\u00e9placements du personnel depuis les zones rebelles pour contrer les infiltrations du M23\",\"datePublished\":\"2025-08-30T10:31:07+00:00\",\"mainEntityOfPage\":{\"@id\":\"https:\\\/\\\/lesvolcansnews.net\\\/?p=69012\"},\"wordCount\":618,\"commentCount\":0,\"image\":{\"@id\":\"https:\\\/\\\/lesvolcansnews.net\\\/?p=69012#primaryimage\"},\"thumbnailUrl\":\"https:\\\/\\\/lesvolcansnews.net\\\/wp-content\\\/uploads\\\/2024\\\/10\\\/jean_jacques_purusi_24_png_711_473_1.webp\",\"articleSection\":[\"S\u00c9CURIT\u00c9\"],\"inLanguage\":\"fr-FR\",\"potentialAction\":[{\"@type\":\"CommentAction\",\"name\":\"Comment\",\"target\":[\"https:\\\/\\\/lesvolcansnews.net\\\/?p=69012#respond\"]}]},{\"@type\":\"WebPage\",\"@id\":\"https:\\\/\\\/lesvolcansnews.net\\\/?p=69012\",\"url\":\"https:\\\/\\\/lesvolcansnews.net\\\/?p=69012\",\"name\":\"Le Sud-Kivu interdit les d\u00e9placements du personnel depuis les zones rebelles pour contrer les infiltrations du M23 - LES VOLCANS NEWS\",\"isPartOf\":{\"@id\":\"https:\\\/\\\/lesvolcansnews.net\\\/#website\"},\"primaryImageOfPage\":{\"@id\":\"https:\\\/\\\/lesvolcansnews.net\\\/?p=69012#primaryimage\"},\"image\":{\"@id\":\"https:\\\/\\\/lesvolcansnews.net\\\/?p=69012#primaryimage\"},\"thumbnailUrl\":\"https:\\\/\\\/lesvolcansnews.net\\\/wp-content\\\/uploads\\\/2024\\\/10\\\/jean_jacques_purusi_24_png_711_473_1.webp\",\"datePublished\":\"2025-08-30T10:31:07+00:00\",\"author\":{\"@id\":\"https:\\\/\\\/lesvolcansnews.net\\\/#\\\/schema\\\/person\\\/82c8bed2e77879ecf6cca63441f57354\"},\"breadcrumb\":{\"@id\":\"https:\\\/\\\/lesvolcansnews.net\\\/?p=69012#breadcrumb\"},\"inLanguage\":\"fr-FR\",\"potentialAction\":[{\"@type\":\"ReadAction\",\"target\":[\"https:\\\/\\\/lesvolcansnews.net\\\/?p=69012\"]}]},{\"@type\":\"ImageObject\",\"inLanguage\":\"fr-FR\",\"@id\":\"https:\\\/\\\/lesvolcansnews.net\\\/?p=69012#primaryimage\",\"url\":\"https:\\\/\\\/lesvolcansnews.net\\\/wp-content\\\/uploads\\\/2024\\\/10\\\/jean_jacques_purusi_24_png_711_473_1.webp\",\"contentUrl\":\"https:\\\/\\\/lesvolcansnews.net\\\/wp-content\\\/uploads\\\/2024\\\/10\\\/jean_jacques_purusi_24_png_711_473_1.webp\",\"width\":711,\"height\":473},{\"@type\":\"BreadcrumbList\",\"@id\":\"https:\\\/\\\/lesvolcansnews.net\\\/?p=69012#breadcrumb\",\"itemListElement\":[{\"@type\":\"ListItem\",\"position\":1,\"name\":\"Accueil\",\"item\":\"https:\\\/\\\/lesvolcansnews.net\\\/\"},{\"@type\":\"ListItem\",\"position\":2,\"name\":\"Le Sud-Kivu interdit les d\u00e9placements du personnel depuis les zones rebelles pour contrer les infiltrations du M23\"}]},{\"@type\":\"WebSite\",\"@id\":\"https:\\\/\\\/lesvolcansnews.net\\\/#website\",\"url\":\"https:\\\/\\\/lesvolcansnews.net\\\/\",\"name\":\"LES VOLCANS NEWS\",\"description\":\"L&#039;INFORMATION C&#039;EST NOUS\",\"potentialAction\":[{\"@type\":\"SearchAction\",\"target\":{\"@type\":\"EntryPoint\",\"urlTemplate\":\"https:\\\/\\\/lesvolcansnews.net\\\/?s={search_term_string}\"},\"query-input\":{\"@type\":\"PropertyValueSpecification\",\"valueRequired\":true,\"valueName\":\"search_term_string\"}}],\"inLanguage\":\"fr-FR\"},{\"@type\":\"Person\",\"@id\":\"https:\\\/\\\/lesvolcansnews.net\\\/#\\\/schema\\\/person\\\/82c8bed2e77879ecf6cca63441f57354\",\"name\":\"R\u00e9daction - Les Volcans News\",\"image\":{\"@type\":\"ImageObject\",\"inLanguage\":\"fr-FR\",\"@id\":\"https:\\\/\\\/secure.gravatar.com\\\/avatar\\\/8408942dd851e8a9c09f3d382a661bc05d2b3cd9002139bc1795b9528cdc6c80?s=96&d=mm&r=g\",\"url\":\"https:\\\/\\\/secure.gravatar.com\\\/avatar\\\/8408942dd851e8a9c09f3d382a661bc05d2b3cd9002139bc1795b9528cdc6c80?s=96&d=mm&r=g\",\"contentUrl\":\"https:\\\/\\\/secure.gravatar.com\\\/avatar\\\/8408942dd851e8a9c09f3d382a661bc05d2b3cd9002139bc1795b9528cdc6c80?s=96&d=mm&r=g\",\"caption\":\"R\u00e9daction - Les Volcans News\"},\"url\":\"https:\\\/\\\/lesvolcansnews.net\\\/?author=14\"}]}<\/script>\n<!-- \/ Yoast SEO plugin. -->","yoast_head_json":{"title":"Le Sud-Kivu interdit les d\u00e9placements du personnel depuis les zones rebelles pour contrer les infiltrations du M23 - LES VOLCANS NEWS","robots":{"index":"index","follow":"follow","max-snippet":"max-snippet:-1","max-image-preview":"max-image-preview:large","max-video-preview":"max-video-preview:-1"},"canonical":"https:\/\/lesvolcansnews.net\/?p=69012","og_locale":"fr_FR","og_type":"article","og_title":"Le Sud-Kivu interdit les d\u00e9placements du personnel depuis les zones rebelles pour contrer les infiltrations du M23 - LES VOLCANS NEWS","og_description":"Le Gouvernement Provincial du Sud-Kivu a mis en place de nouvelles mesures de s\u00e9curit\u00e9 strictes concernant les d\u00e9placements du personnel en provenance des zones occup\u00e9es par les rebelles, en particulier","og_url":"https:\/\/lesvolcansnews.net\/?p=69012","og_site_name":"LES VOLCANS NEWS","article_published_time":"2025-08-30T10:31:07+00:00","og_image":[{"width":711,"height":473,"url":"https:\/\/lesvolcansnews.net\/wp-content\/uploads\/2024\/10\/jean_jacques_purusi_24_png_711_473_1.webp","type":"image\/webp"}],"author":"R\u00e9daction - Les Volcans News","twitter_card":"summary_large_image","twitter_misc":{"\u00c9crit par":"R\u00e9daction - Les Volcans News","Dur\u00e9e de lecture estim\u00e9e":"3 minutes"},"schema":{"@context":"https:\/\/schema.org","@graph":[{"@type":"Article","@id":"https:\/\/lesvolcansnews.net\/?p=69012#article","isPartOf":{"@id":"https:\/\/lesvolcansnews.net\/?p=69012"},"author":{"name":"R\u00e9daction - Les Volcans News","@id":"https:\/\/lesvolcansnews.net\/#\/schema\/person\/82c8bed2e77879ecf6cca63441f57354"},"headline":"Le Sud-Kivu interdit les d\u00e9placements du personnel depuis les zones rebelles pour contrer les infiltrations du M23","datePublished":"2025-08-30T10:31:07+00:00","mainEntityOfPage":{"@id":"https:\/\/lesvolcansnews.net\/?p=69012"},"wordCount":618,"commentCount":0,"image":{"@id":"https:\/\/lesvolcansnews.net\/?p=69012#primaryimage"},"thumbnailUrl":"https:\/\/lesvolcansnews.net\/wp-content\/uploads\/2024\/10\/jean_jacques_purusi_24_png_711_473_1.webp","articleSection":["S\u00c9CURIT\u00c9"],"inLanguage":"fr-FR","potentialAction":[{"@type":"CommentAction","name":"Comment","target":["https:\/\/lesvolcansnews.net\/?p=69012#respond"]}]},{"@type":"WebPage","@id":"https:\/\/lesvolcansnews.net\/?p=69012","url":"https:\/\/lesvolcansnews.net\/?p=69012","name":"Le Sud-Kivu interdit les d\u00e9placements du personnel depuis les zones rebelles pour contrer les infiltrations du M23 - LES VOLCANS NEWS","isPartOf":{"@id":"https:\/\/lesvolcansnews.net\/#website"},"primaryImageOfPage":{"@id":"https:\/\/lesvolcansnews.net\/?p=69012#primaryimage"},"image":{"@id":"https:\/\/lesvolcansnews.net\/?p=69012#primaryimage"},"thumbnailUrl":"https:\/\/lesvolcansnews.net\/wp-content\/uploads\/2024\/10\/jean_jacques_purusi_24_png_711_473_1.webp","datePublished":"2025-08-30T10:31:07+00:00","author":{"@id":"https:\/\/lesvolcansnews.net\/#\/schema\/person\/82c8bed2e77879ecf6cca63441f57354"},"breadcrumb":{"@id":"https:\/\/lesvolcansnews.net\/?p=69012#breadcrumb"},"inLanguage":"fr-FR","potentialAction":[{"@type":"ReadAction","target":["https:\/\/lesvolcansnews.net\/?p=69012"]}]},{"@type":"ImageObject","inLanguage":"fr-FR","@id":"https:\/\/lesvolcansnews.net\/?p=69012#primaryimage","url":"https:\/\/lesvolcansnews.net\/wp-content\/uploads\/2024\/10\/jean_jacques_purusi_24_png_711_473_1.webp","contentUrl":"https:\/\/lesvolcansnews.net\/wp-content\/uploads\/2024\/10\/jean_jacques_purusi_24_png_711_473_1.webp","width":711,"height":473},{"@type":"BreadcrumbList","@id":"https:\/\/lesvolcansnews.net\/?p=69012#breadcrumb","itemListElement":[{"@type":"ListItem","position":1,"name":"Accueil","item":"https:\/\/lesvolcansnews.net\/"},{"@type":"ListItem","position":2,"name":"Le Sud-Kivu interdit les d\u00e9placements du personnel depuis les zones rebelles pour contrer les infiltrations du M23"}]},{"@type":"WebSite","@id":"https:\/\/lesvolcansnews.net\/#website","url":"https:\/\/lesvolcansnews.net\/","name":"LES VOLCANS NEWS","description":"L&#039;INFORMATION C&#039;EST NOUS","potentialAction":[{"@type":"SearchAction","target":{"@type":"EntryPoint","urlTemplate":"https:\/\/lesvolcansnews.net\/?s={search_term_string}"},"query-input":{"@type":"PropertyValueSpecification","valueRequired":true,"valueName":"search_term_string"}}],"inLanguage":"fr-FR"},{"@type":"Person","@id":"https:\/\/lesvolcansnews.net\/#\/schema\/person\/82c8bed2e77879ecf6cca63441f57354","name":"R\u00e9daction - Les Volcans News","image":{"@type":"ImageObject","inLanguage":"fr-FR","@id":"https:\/\/secure.gravatar.com\/avatar\/8408942dd851e8a9c09f3d382a661bc05d2b3cd9002139bc1795b9528cdc6c80?s=96&d=mm&r=g","url":"https:\/\/secure.gravatar.com\/avatar\/8408942dd851e8a9c09f3d382a661bc05d2b3cd9002139bc1795b9528cdc6c80?s=96&d=mm&r=g","contentUrl":"https:\/\/secure.gravatar.com\/avatar\/8408942dd851e8a9c09f3d382a661bc05d2b3cd9002139bc1795b9528cdc6c80?s=96&d=mm&r=g","caption":"R\u00e9daction - Les Volcans News"},"url":"https:\/\/lesvolcansnews.net\/?author=14"}]}},"_links":{"self":[{"href":"https:\/\/lesvolcansnews.net\/index.php?rest_route=\/wp\/v2\/posts\/69012","targetHints":{"allow":["GET"]}}],"collection":[{"href":"https:\/\/lesvolcansnews.net\/index.php?rest_route=\/wp\/v2\/posts"}],"about":[{"href":"https:\/\/lesvolcansnews.net\/index.php?rest_route=\/wp\/v2\/types\/post"}],"author":[{"embeddable":true,"href":"https:\/\/lesvolcansnews.net\/index.php?rest_route=\/wp\/v2\/users\/14"}],"replies":[{"embeddable":true,"href":"https:\/\/lesvolcansnews.net\/index.php?rest_route=%2Fwp%2Fv2%2Fcomments&post=69012"}],"version-history":[{"count":1,"href":"https:\/\/lesvolcansnews.net\/index.php?rest_route=\/wp\/v2\/posts\/69012\/revisions"}],"predecessor-version":[{"id":69013,"href":"https:\/\/lesvolcansnews.net\/index.php?rest_route=\/wp\/v2\/posts\/69012\/revisions\/69013"}],"wp:featuredmedia":[{"embeddable":true,"href":"https:\/\/lesvolcansnews.net\/index.php?rest_route=\/wp\/v2\/media\/59440"}],"wp:attachment":[{"href":"https:\/\/lesvolcansnews.net\/index.php?rest_route=%2Fwp%2Fv2%2Fmedia&parent=69012"}],"wp:term":[{"taxonomy":"category","embeddable":true,"href":"https:\/\/lesvolcansnews.net\/index.php?rest_route=%2Fwp%2Fv2%2Fcategories&post=69012"},{"taxonomy":"post_tag","embeddable":true,"href":"https:\/\/lesvolcansnews.net\/index.php?rest_route=%2Fwp%2Fv2%2Ftags&post=69012"}],"curies":[{"name":"wp","href":"https:\/\/api.w.org\/{rel}","templated":true}]}}