{"id":69009,"date":"2025-08-30T00:44:36","date_gmt":"2025-08-29T22:44:36","guid":{"rendered":"https:\/\/lesvolcansnews.net\/2025\/08\/30\/rdc-les-resultats-du-jury-national-2024-2025-officiellement-publies-le-ministere-salue-la-resilience-des-eleves-deplaces\/"},"modified":"2025-08-30T00:44:36","modified_gmt":"2025-08-29T22:44:36","slug":"rdc-les-resultats-du-jury-national-2024-2025-officiellement-publies-le-ministere-salue-la-resilience-des-eleves-deplaces","status":"publish","type":"post","link":"https:\/\/lesvolcansnews.net\/?p=69009","title":{"rendered":"RDC : Les r\u00e9sultats du Jury National 2024-2025 officiellement publi\u00e9s, le minist\u00e8re salue la r\u00e9silience des \u00e9l\u00e8ves d\u00e9plac\u00e9s"},"content":{"rendered":"\n<p><\/p>\n\n\n\n<h3 class=\"wp-block-heading\"><\/h3>\n\n\n\n<p>Le minist\u00e8re de l\u2019\u00c9ducation nationale et Nouvelle Citoyennet\u00e9 de la R\u00e9publique d\u00e9mocratique du Congo a annonc\u00e9 ce vendredi la publication officielle des r\u00e9sultats du Jury National pour le Cycle Court (JUNACYC) et le Cycle Long, cl\u00f4turant ainsi la session des \u00e9valuations certificatives de l\u2019ann\u00e9e scolaire 2024-2025.<\/p>\n\n\n\n<p>\u00ab\u202fDans le cadre de la finalisation de la publication des r\u00e9sultats des \u00e9valuations certificatives, le Minist\u00e8re informe l\u2019opinion publique que les r\u00e9sultats du Jury National du Cycle Court sont d\u00e9sormais disponibles\u202f\u00bb, pr\u00e9cise le communiqu\u00e9 sign\u00e9 par le minist\u00e8re \u00e0 Kinshasa.<\/p>\n\n\n\n<p>Cette publication marque la fin du processus pour les deux cycles. Le minist\u00e8re en a profit\u00e9 pour f\u00e9liciter l\u2019ensemble des laur\u00e9ats et saluer les efforts exceptionnels de certains candidats, en particulier ceux d\u00e9plac\u00e9s \u00e0 cause des conflits arm\u00e9s.<\/p>\n\n\n\n<p>Parmi les cas mis en lumi\u00e8re, celui d\u2019une \u00e9l\u00e8ve du Lyc\u00e9e CHEMCHEM, \u00e9cole conventionn\u00e9e catholique \u00e0 Kinshasa-Lukunga, a \u00e9t\u00e9 mentionn\u00e9. Contrainte de se relocaliser \u00e0 la veille de l\u2019examen d\u2019\u00c9tat, la candidate a obtenu une note de 58 % dans l\u2019option sociale.<\/p>\n\n\n\n<p>\u00ab\u202fCet exemple illustre la d\u00e9termination de notre jeunesse \u00e0 poursuivre ses \u00e9tudes malgr\u00e9 les probl\u00e8mes d\u2019ins\u00e9curit\u00e9, et prouve l\u2019aspect inclusif pr\u00f4n\u00e9 par Son Excellence Madame la Ministre d\u2019\u00c9tat\u202f\u00bb, indique le minist\u00e8re.<\/p>\n\n\n\n<p>Le minist\u00e8re a \u00e9galement tenu \u00e0 encourager les \u00e9l\u00e8ves n\u2019ayant pas r\u00e9ussi aux \u00e9preuves, les invitant \u00e0 reprendre les cours d\u00e8s le lundi 1er septembre 2025.<\/p>\n\n\n\n<p>\u00ab\u202fNous sommes l\u2019\u00e9ducation nationale, nous pr\u00e9parons l\u2019avenir de nos enfants, nous construisons la nation\u202f\u00bb, conclut le communiqu\u00e9.<\/p>\n\n\n\n<p>La r\u00e9daction <\/p>\n","protected":false},"excerpt":{"rendered":"<p>Le minist\u00e8re de l\u2019\u00c9ducation nationale et Nouvelle Citoyennet\u00e9 de la R\u00e9publique d\u00e9mocratique du Congo a annonc\u00e9 ce vendredi la publication officielle des r\u00e9sultats du Jury National pour le Cycle Court<\/p>\n","protected":false},"author":14,"featured_media":0,"comment_status":"open","ping_status":"open","sticky":false,"template":"","format":"standard","meta":{"footnotes":""},"categories":[1],"tags":[],"class_list":["post-69009","post","type-post","status-publish","format-standard","hentry","category-actualite"],"yoast_head":"<!-- This site is optimized with the Yoast SEO plugin v27.5 - https:\/\/yoast.com\/product\/yoast-seo-wordpress\/ -->\n<title>RDC : Les r\u00e9sultats du Jury National 2024-2025 officiellement publi\u00e9s, le minist\u00e8re salue la r\u00e9silience des \u00e9l\u00e8ves d\u00e9plac\u00e9s - LES VOLCANS NEWS<\/title>\n<meta name=\"robots\" content=\"index, follow, max-snippet:-1, max-image-preview:large, max-video-preview:-1\" \/>\n<link rel=\"canonical\" href=\"https:\/\/lesvolcansnews.net\/?p=69009\" \/>\n<meta property=\"og:locale\" content=\"fr_FR\" \/>\n<meta property=\"og:type\" content=\"article\" \/>\n<meta property=\"og:title\" content=\"RDC : Les r\u00e9sultats du Jury National 2024-2025 officiellement publi\u00e9s, le minist\u00e8re salue la r\u00e9silience des \u00e9l\u00e8ves d\u00e9plac\u00e9s - LES VOLCANS NEWS\" \/>\n<meta property=\"og:description\" content=\"Le minist\u00e8re de l\u2019\u00c9ducation nationale et Nouvelle Citoyennet\u00e9 de la R\u00e9publique d\u00e9mocratique du Congo a annonc\u00e9 ce vendredi la publication officielle des r\u00e9sultats du Jury National pour le Cycle Court\" \/>\n<meta property=\"og:url\" content=\"https:\/\/lesvolcansnews.net\/?p=69009\" \/>\n<meta property=\"og:site_name\" content=\"LES VOLCANS NEWS\" \/>\n<meta property=\"article:published_time\" content=\"2025-08-29T22:44:36+00:00\" \/>\n<meta name=\"author\" content=\"R\u00e9daction - Les Volcans News\" \/>\n<meta name=\"twitter:card\" content=\"summary_large_image\" \/>\n<meta name=\"twitter:label1\" content=\"\u00c9crit par\" \/>\n\t<meta name=\"twitter:data1\" content=\"R\u00e9daction - Les Volcans News\" \/>\n\t<meta name=\"twitter:label2\" content=\"Dur\u00e9e de lecture estim\u00e9e\" \/>\n\t<meta name=\"twitter:data2\" content=\"1 minute\" \/>\n<script type=\"application\/ld+json\" class=\"yoast-schema-graph\">{\"@context\":\"https:\\\/\\\/schema.org\",\"@graph\":[{\"@type\":\"Article\",\"@id\":\"https:\\\/\\\/lesvolcansnews.net\\\/?p=69009#article\",\"isPartOf\":{\"@id\":\"https:\\\/\\\/lesvolcansnews.net\\\/?p=69009\"},\"author\":{\"name\":\"R\u00e9daction - Les Volcans News\",\"@id\":\"https:\\\/\\\/lesvolcansnews.net\\\/#\\\/schema\\\/person\\\/82c8bed2e77879ecf6cca63441f57354\"},\"headline\":\"RDC : Les r\u00e9sultats du Jury National 2024-2025 officiellement publi\u00e9s, le minist\u00e8re salue la r\u00e9silience des \u00e9l\u00e8ves d\u00e9plac\u00e9s\",\"datePublished\":\"2025-08-29T22:44:36+00:00\",\"mainEntityOfPage\":{\"@id\":\"https:\\\/\\\/lesvolcansnews.net\\\/?p=69009\"},\"wordCount\":303,\"commentCount\":0,\"articleSection\":[\"ACTUALIT\u00c9\"],\"inLanguage\":\"fr-FR\",\"potentialAction\":[{\"@type\":\"CommentAction\",\"name\":\"Comment\",\"target\":[\"https:\\\/\\\/lesvolcansnews.net\\\/?p=69009#respond\"]}]},{\"@type\":\"WebPage\",\"@id\":\"https:\\\/\\\/lesvolcansnews.net\\\/?p=69009\",\"url\":\"https:\\\/\\\/lesvolcansnews.net\\\/?p=69009\",\"name\":\"RDC : Les r\u00e9sultats du Jury National 2024-2025 officiellement publi\u00e9s, le minist\u00e8re salue la r\u00e9silience des \u00e9l\u00e8ves d\u00e9plac\u00e9s - LES VOLCANS NEWS\",\"isPartOf\":{\"@id\":\"https:\\\/\\\/lesvolcansnews.net\\\/#website\"},\"datePublished\":\"2025-08-29T22:44:36+00:00\",\"author\":{\"@id\":\"https:\\\/\\\/lesvolcansnews.net\\\/#\\\/schema\\\/person\\\/82c8bed2e77879ecf6cca63441f57354\"},\"breadcrumb\":{\"@id\":\"https:\\\/\\\/lesvolcansnews.net\\\/?p=69009#breadcrumb\"},\"inLanguage\":\"fr-FR\",\"potentialAction\":[{\"@type\":\"ReadAction\",\"target\":[\"https:\\\/\\\/lesvolcansnews.net\\\/?p=69009\"]}]},{\"@type\":\"BreadcrumbList\",\"@id\":\"https:\\\/\\\/lesvolcansnews.net\\\/?p=69009#breadcrumb\",\"itemListElement\":[{\"@type\":\"ListItem\",\"position\":1,\"name\":\"Accueil\",\"item\":\"https:\\\/\\\/lesvolcansnews.net\\\/\"},{\"@type\":\"ListItem\",\"position\":2,\"name\":\"RDC : Les r\u00e9sultats du Jury National 2024-2025 officiellement publi\u00e9s, le minist\u00e8re salue la r\u00e9silience des \u00e9l\u00e8ves d\u00e9plac\u00e9s\"}]},{\"@type\":\"WebSite\",\"@id\":\"https:\\\/\\\/lesvolcansnews.net\\\/#website\",\"url\":\"https:\\\/\\\/lesvolcansnews.net\\\/\",\"name\":\"LES VOLCANS NEWS\",\"description\":\"L&#039;INFORMATION C&#039;EST NOUS\",\"potentialAction\":[{\"@type\":\"SearchAction\",\"target\":{\"@type\":\"EntryPoint\",\"urlTemplate\":\"https:\\\/\\\/lesvolcansnews.net\\\/?s={search_term_string}\"},\"query-input\":{\"@type\":\"PropertyValueSpecification\",\"valueRequired\":true,\"valueName\":\"search_term_string\"}}],\"inLanguage\":\"fr-FR\"},{\"@type\":\"Person\",\"@id\":\"https:\\\/\\\/lesvolcansnews.net\\\/#\\\/schema\\\/person\\\/82c8bed2e77879ecf6cca63441f57354\",\"name\":\"R\u00e9daction - Les Volcans News\",\"image\":{\"@type\":\"ImageObject\",\"inLanguage\":\"fr-FR\",\"@id\":\"https:\\\/\\\/secure.gravatar.com\\\/avatar\\\/8408942dd851e8a9c09f3d382a661bc05d2b3cd9002139bc1795b9528cdc6c80?s=96&d=mm&r=g\",\"url\":\"https:\\\/\\\/secure.gravatar.com\\\/avatar\\\/8408942dd851e8a9c09f3d382a661bc05d2b3cd9002139bc1795b9528cdc6c80?s=96&d=mm&r=g\",\"contentUrl\":\"https:\\\/\\\/secure.gravatar.com\\\/avatar\\\/8408942dd851e8a9c09f3d382a661bc05d2b3cd9002139bc1795b9528cdc6c80?s=96&d=mm&r=g\",\"caption\":\"R\u00e9daction - Les Volcans News\"},\"url\":\"https:\\\/\\\/lesvolcansnews.net\\\/?author=14\"}]}<\/script>\n<!-- \/ Yoast SEO plugin. -->","yoast_head_json":{"title":"RDC : Les r\u00e9sultats du Jury National 2024-2025 officiellement publi\u00e9s, le minist\u00e8re salue la r\u00e9silience des \u00e9l\u00e8ves d\u00e9plac\u00e9s - LES VOLCANS NEWS","robots":{"index":"index","follow":"follow","max-snippet":"max-snippet:-1","max-image-preview":"max-image-preview:large","max-video-preview":"max-video-preview:-1"},"canonical":"https:\/\/lesvolcansnews.net\/?p=69009","og_locale":"fr_FR","og_type":"article","og_title":"RDC : Les r\u00e9sultats du Jury National 2024-2025 officiellement publi\u00e9s, le minist\u00e8re salue la r\u00e9silience des \u00e9l\u00e8ves d\u00e9plac\u00e9s - LES VOLCANS NEWS","og_description":"Le minist\u00e8re de l\u2019\u00c9ducation nationale et Nouvelle Citoyennet\u00e9 de la R\u00e9publique d\u00e9mocratique du Congo a annonc\u00e9 ce vendredi la publication officielle des r\u00e9sultats du Jury National pour le Cycle Court","og_url":"https:\/\/lesvolcansnews.net\/?p=69009","og_site_name":"LES VOLCANS NEWS","article_published_time":"2025-08-29T22:44:36+00:00","author":"R\u00e9daction - Les Volcans News","twitter_card":"summary_large_image","twitter_misc":{"\u00c9crit par":"R\u00e9daction - Les Volcans News","Dur\u00e9e de lecture estim\u00e9e":"1 minute"},"schema":{"@context":"https:\/\/schema.org","@graph":[{"@type":"Article","@id":"https:\/\/lesvolcansnews.net\/?p=69009#article","isPartOf":{"@id":"https:\/\/lesvolcansnews.net\/?p=69009"},"author":{"name":"R\u00e9daction - Les Volcans News","@id":"https:\/\/lesvolcansnews.net\/#\/schema\/person\/82c8bed2e77879ecf6cca63441f57354"},"headline":"RDC : Les r\u00e9sultats du Jury National 2024-2025 officiellement publi\u00e9s, le minist\u00e8re salue la r\u00e9silience des \u00e9l\u00e8ves d\u00e9plac\u00e9s","datePublished":"2025-08-29T22:44:36+00:00","mainEntityOfPage":{"@id":"https:\/\/lesvolcansnews.net\/?p=69009"},"wordCount":303,"commentCount":0,"articleSection":["ACTUALIT\u00c9"],"inLanguage":"fr-FR","potentialAction":[{"@type":"CommentAction","name":"Comment","target":["https:\/\/lesvolcansnews.net\/?p=69009#respond"]}]},{"@type":"WebPage","@id":"https:\/\/lesvolcansnews.net\/?p=69009","url":"https:\/\/lesvolcansnews.net\/?p=69009","name":"RDC : Les r\u00e9sultats du Jury National 2024-2025 officiellement publi\u00e9s, le minist\u00e8re salue la r\u00e9silience des \u00e9l\u00e8ves d\u00e9plac\u00e9s - LES VOLCANS NEWS","isPartOf":{"@id":"https:\/\/lesvolcansnews.net\/#website"},"datePublished":"2025-08-29T22:44:36+00:00","author":{"@id":"https:\/\/lesvolcansnews.net\/#\/schema\/person\/82c8bed2e77879ecf6cca63441f57354"},"breadcrumb":{"@id":"https:\/\/lesvolcansnews.net\/?p=69009#breadcrumb"},"inLanguage":"fr-FR","potentialAction":[{"@type":"ReadAction","target":["https:\/\/lesvolcansnews.net\/?p=69009"]}]},{"@type":"BreadcrumbList","@id":"https:\/\/lesvolcansnews.net\/?p=69009#breadcrumb","itemListElement":[{"@type":"ListItem","position":1,"name":"Accueil","item":"https:\/\/lesvolcansnews.net\/"},{"@type":"ListItem","position":2,"name":"RDC : Les r\u00e9sultats du Jury National 2024-2025 officiellement publi\u00e9s, le minist\u00e8re salue la r\u00e9silience des \u00e9l\u00e8ves d\u00e9plac\u00e9s"}]},{"@type":"WebSite","@id":"https:\/\/lesvolcansnews.net\/#website","url":"https:\/\/lesvolcansnews.net\/","name":"LES VOLCANS NEWS","description":"L&#039;INFORMATION C&#039;EST NOUS","potentialAction":[{"@type":"SearchAction","target":{"@type":"EntryPoint","urlTemplate":"https:\/\/lesvolcansnews.net\/?s={search_term_string}"},"query-input":{"@type":"PropertyValueSpecification","valueRequired":true,"valueName":"search_term_string"}}],"inLanguage":"fr-FR"},{"@type":"Person","@id":"https:\/\/lesvolcansnews.net\/#\/schema\/person\/82c8bed2e77879ecf6cca63441f57354","name":"R\u00e9daction - Les Volcans News","image":{"@type":"ImageObject","inLanguage":"fr-FR","@id":"https:\/\/secure.gravatar.com\/avatar\/8408942dd851e8a9c09f3d382a661bc05d2b3cd9002139bc1795b9528cdc6c80?s=96&d=mm&r=g","url":"https:\/\/secure.gravatar.com\/avatar\/8408942dd851e8a9c09f3d382a661bc05d2b3cd9002139bc1795b9528cdc6c80?s=96&d=mm&r=g","contentUrl":"https:\/\/secure.gravatar.com\/avatar\/8408942dd851e8a9c09f3d382a661bc05d2b3cd9002139bc1795b9528cdc6c80?s=96&d=mm&r=g","caption":"R\u00e9daction - Les Volcans News"},"url":"https:\/\/lesvolcansnews.net\/?author=14"}]}},"_links":{"self":[{"href":"https:\/\/lesvolcansnews.net\/index.php?rest_route=\/wp\/v2\/posts\/69009","targetHints":{"allow":["GET"]}}],"collection":[{"href":"https:\/\/lesvolcansnews.net\/index.php?rest_route=\/wp\/v2\/posts"}],"about":[{"href":"https:\/\/lesvolcansnews.net\/index.php?rest_route=\/wp\/v2\/types\/post"}],"author":[{"embeddable":true,"href":"https:\/\/lesvolcansnews.net\/index.php?rest_route=\/wp\/v2\/users\/14"}],"replies":[{"embeddable":true,"href":"https:\/\/lesvolcansnews.net\/index.php?rest_route=%2Fwp%2Fv2%2Fcomments&post=69009"}],"version-history":[{"count":0,"href":"https:\/\/lesvolcansnews.net\/index.php?rest_route=\/wp\/v2\/posts\/69009\/revisions"}],"wp:attachment":[{"href":"https:\/\/lesvolcansnews.net\/index.php?rest_route=%2Fwp%2Fv2%2Fmedia&parent=69009"}],"wp:term":[{"taxonomy":"category","embeddable":true,"href":"https:\/\/lesvolcansnews.net\/index.php?rest_route=%2Fwp%2Fv2%2Fcategories&post=69009"},{"taxonomy":"post_tag","embeddable":true,"href":"https:\/\/lesvolcansnews.net\/index.php?rest_route=%2Fwp%2Fv2%2Ftags&post=69009"}],"curies":[{"name":"wp","href":"https:\/\/api.w.org\/{rel}","templated":true}]}}