{"id":69008,"date":"2025-08-29T23:57:42","date_gmt":"2025-08-29T21:57:42","guid":{"rendered":"https:\/\/lesvolcansnews.net\/2025\/08\/29\/kinshasa-fermeture-temporaire-de-lavenue-tourisme-pour-travaux-a-la-veille-de-la-rentree-scolaire\/"},"modified":"2025-08-29T23:57:42","modified_gmt":"2025-08-29T21:57:42","slug":"kinshasa-fermeture-temporaire-de-lavenue-tourisme-pour-travaux-a-la-veille-de-la-rentree-scolaire","status":"publish","type":"post","link":"https:\/\/lesvolcansnews.net\/?p=69008","title":{"rendered":"Kinshasa : fermeture temporaire de l\u2019avenue Tourisme pour travaux, \u00e0 la veille de la rentr\u00e9e scolaire"},"content":{"rendered":"\n<p> Le Minist\u00e8re provincial des Infrastructures et Travaux Publics (MINITP) de la ville de Kinshasa a annonc\u00e9, ce vendredi, la fermeture temporaire et totale de l\u2019avenue Tourisme (Nzela ya Mayi) \u00e0 partir de ce vendredi 29 ao\u00fbt \u00e0 22h00 jusqu\u2019au dimanche 31 ao\u00fbt 2025 \u00e0 23h00, en raison de travaux de r\u00e9habilitation de la voirie, a-t-on appris d\u2019un communiqu\u00e9 officiel.<br><br>Cette d\u00e9cision est prise&nbsp; dans le cadre de la finalisation des chantiers routiers en cours, en pr\u00e9vision de la rentr\u00e9e scolaire pr\u00e9vue pour le lundi 1er septembre 2025.<br><br>\u00ab Il sera proc\u00e9d\u00e9 \u00e0 la construction d\u2019un nouvel ouvrage d\u2019assainissement, destin\u00e9 \u00e0 am\u00e9liorer l\u2019usage et la durabilit\u00e9 de la chauss\u00e9e \u00bb, indique le communiqu\u00e9 n\u00b0SC\/.0.0.1&#8230;\/GPK\/MINITP\/COMMAD\/FKO\/08\/2025, diffus\u00e9 par la Cellule de communication du minist\u00e8re.<br><br>Le Minist\u00e8re rappelle que cette mesure fait suite au communiqu\u00e9 n\u00b0002 du 20 mai 2025, d\u00e9j\u00e0 \u00e9mis sur la m\u00eame art\u00e8re, et vise \u00e0 fluidifier la mobilit\u00e9 dans la capitale, particuli\u00e8rement \u00e0 l\u2019approche d\u2019une p\u00e9riode de forte circulation li\u00e9e \u00e0 la reprise des classes.<br><br>Tout en appelant \u00e0 la compr\u00e9hension et \u00e0 la collaboration des usagers face aux d\u00e9sagr\u00e9ments temporaires que pourrait entra\u00eener cette fermeture, les autorit\u00e9s exhortent \u00e9galement les services comp\u00e9tents \u00e0 prendre les dispositions n\u00e9cessaires pour garantir la s\u00e9curit\u00e9.<br><br>\u00ab Le minist\u00e8re invite les autorit\u00e9s civiles et militaires, ainsi que la Police nationale congolaise, \u00e0 prendre toutes les dispositions n\u00e9cessaires pour garantir le maintien de l\u2019ordre public et le bon d\u00e9roulement des travaux \u00bb, pr\u00e9cise encore le document.<br><br>Aucune d\u00e9viation officielle n\u2019a encore \u00e9t\u00e9 annonc\u00e9e, mais des ajustements de trafic sont attendus pour faciliter la circulation durant ces 48 heures de fermeture.<br><br>Twaibu<\/p>\n\n\n\n<p><\/p>\n","protected":false},"excerpt":{"rendered":"<p>Le Minist\u00e8re provincial des Infrastructures et Travaux Publics (MINITP) de la ville de Kinshasa a annonc\u00e9, ce vendredi, la fermeture temporaire et totale de l\u2019avenue Tourisme (Nzela ya Mayi) \u00e0<\/p>\n","protected":false},"author":14,"featured_media":69007,"comment_status":"open","ping_status":"open","sticky":false,"template":"","format":"standard","meta":{"footnotes":""},"categories":[8],"tags":[],"class_list":["post-69008","post","type-post","status-publish","format-standard","has-post-thumbnail","hentry","category-economie"],"yoast_head":"<!-- This site is optimized with the Yoast SEO plugin v27.5 - https:\/\/yoast.com\/product\/yoast-seo-wordpress\/ -->\n<title>Kinshasa : fermeture temporaire de l\u2019avenue Tourisme pour travaux, \u00e0 la veille de la rentr\u00e9e scolaire - LES VOLCANS NEWS<\/title>\n<meta name=\"robots\" content=\"index, follow, max-snippet:-1, max-image-preview:large, max-video-preview:-1\" \/>\n<link rel=\"canonical\" href=\"https:\/\/lesvolcansnews.net\/?p=69008\" \/>\n<meta property=\"og:locale\" content=\"fr_FR\" \/>\n<meta property=\"og:type\" content=\"article\" \/>\n<meta property=\"og:title\" content=\"Kinshasa : fermeture temporaire de l\u2019avenue Tourisme pour travaux, \u00e0 la veille de la rentr\u00e9e scolaire - LES VOLCANS NEWS\" \/>\n<meta property=\"og:description\" content=\"Le Minist\u00e8re provincial des Infrastructures et Travaux Publics (MINITP) de la ville de Kinshasa a annonc\u00e9, ce vendredi, la fermeture temporaire et totale de l\u2019avenue Tourisme (Nzela ya Mayi) \u00e0\" \/>\n<meta property=\"og:url\" content=\"https:\/\/lesvolcansnews.net\/?p=69008\" \/>\n<meta property=\"og:site_name\" content=\"LES VOLCANS NEWS\" \/>\n<meta property=\"article:published_time\" content=\"2025-08-29T21:57:42+00:00\" \/>\n<meta property=\"og:image\" content=\"https:\/\/lesvolcansnews.net\/wp-content\/uploads\/2025\/08\/IMG-20250421-WA0028.jpg\" \/>\n\t<meta property=\"og:image:width\" content=\"1080\" \/>\n\t<meta property=\"og:image:height\" content=\"810\" \/>\n\t<meta property=\"og:image:type\" content=\"image\/jpeg\" \/>\n<meta name=\"author\" content=\"R\u00e9daction - Les Volcans News\" \/>\n<meta name=\"twitter:card\" content=\"summary_large_image\" \/>\n<meta name=\"twitter:label1\" content=\"\u00c9crit par\" \/>\n\t<meta name=\"twitter:data1\" content=\"R\u00e9daction - Les Volcans News\" \/>\n\t<meta name=\"twitter:label2\" content=\"Dur\u00e9e de lecture estim\u00e9e\" \/>\n\t<meta name=\"twitter:data2\" content=\"1 minute\" \/>\n<script type=\"application\/ld+json\" class=\"yoast-schema-graph\">{\"@context\":\"https:\\\/\\\/schema.org\",\"@graph\":[{\"@type\":\"Article\",\"@id\":\"https:\\\/\\\/lesvolcansnews.net\\\/?p=69008#article\",\"isPartOf\":{\"@id\":\"https:\\\/\\\/lesvolcansnews.net\\\/?p=69008\"},\"author\":{\"name\":\"R\u00e9daction - Les Volcans News\",\"@id\":\"https:\\\/\\\/lesvolcansnews.net\\\/#\\\/schema\\\/person\\\/82c8bed2e77879ecf6cca63441f57354\"},\"headline\":\"Kinshasa : fermeture temporaire de l\u2019avenue Tourisme pour travaux, \u00e0 la veille de la rentr\u00e9e scolaire\",\"datePublished\":\"2025-08-29T21:57:42+00:00\",\"mainEntityOfPage\":{\"@id\":\"https:\\\/\\\/lesvolcansnews.net\\\/?p=69008\"},\"wordCount\":309,\"commentCount\":0,\"image\":{\"@id\":\"https:\\\/\\\/lesvolcansnews.net\\\/?p=69008#primaryimage\"},\"thumbnailUrl\":\"https:\\\/\\\/lesvolcansnews.net\\\/wp-content\\\/uploads\\\/2025\\\/08\\\/IMG-20250421-WA0028.jpg\",\"articleSection\":[\"\u00c9CONOMIE\"],\"inLanguage\":\"fr-FR\",\"potentialAction\":[{\"@type\":\"CommentAction\",\"name\":\"Comment\",\"target\":[\"https:\\\/\\\/lesvolcansnews.net\\\/?p=69008#respond\"]}]},{\"@type\":\"WebPage\",\"@id\":\"https:\\\/\\\/lesvolcansnews.net\\\/?p=69008\",\"url\":\"https:\\\/\\\/lesvolcansnews.net\\\/?p=69008\",\"name\":\"Kinshasa : fermeture temporaire de l\u2019avenue Tourisme pour travaux, \u00e0 la veille de la rentr\u00e9e scolaire - LES VOLCANS NEWS\",\"isPartOf\":{\"@id\":\"https:\\\/\\\/lesvolcansnews.net\\\/#website\"},\"primaryImageOfPage\":{\"@id\":\"https:\\\/\\\/lesvolcansnews.net\\\/?p=69008#primaryimage\"},\"image\":{\"@id\":\"https:\\\/\\\/lesvolcansnews.net\\\/?p=69008#primaryimage\"},\"thumbnailUrl\":\"https:\\\/\\\/lesvolcansnews.net\\\/wp-content\\\/uploads\\\/2025\\\/08\\\/IMG-20250421-WA0028.jpg\",\"datePublished\":\"2025-08-29T21:57:42+00:00\",\"author\":{\"@id\":\"https:\\\/\\\/lesvolcansnews.net\\\/#\\\/schema\\\/person\\\/82c8bed2e77879ecf6cca63441f57354\"},\"breadcrumb\":{\"@id\":\"https:\\\/\\\/lesvolcansnews.net\\\/?p=69008#breadcrumb\"},\"inLanguage\":\"fr-FR\",\"potentialAction\":[{\"@type\":\"ReadAction\",\"target\":[\"https:\\\/\\\/lesvolcansnews.net\\\/?p=69008\"]}]},{\"@type\":\"ImageObject\",\"inLanguage\":\"fr-FR\",\"@id\":\"https:\\\/\\\/lesvolcansnews.net\\\/?p=69008#primaryimage\",\"url\":\"https:\\\/\\\/lesvolcansnews.net\\\/wp-content\\\/uploads\\\/2025\\\/08\\\/IMG-20250421-WA0028.jpg\",\"contentUrl\":\"https:\\\/\\\/lesvolcansnews.net\\\/wp-content\\\/uploads\\\/2025\\\/08\\\/IMG-20250421-WA0028.jpg\",\"width\":1080,\"height\":810},{\"@type\":\"BreadcrumbList\",\"@id\":\"https:\\\/\\\/lesvolcansnews.net\\\/?p=69008#breadcrumb\",\"itemListElement\":[{\"@type\":\"ListItem\",\"position\":1,\"name\":\"Accueil\",\"item\":\"https:\\\/\\\/lesvolcansnews.net\\\/\"},{\"@type\":\"ListItem\",\"position\":2,\"name\":\"Kinshasa : fermeture temporaire de l\u2019avenue Tourisme pour travaux, \u00e0 la veille de la rentr\u00e9e scolaire\"}]},{\"@type\":\"WebSite\",\"@id\":\"https:\\\/\\\/lesvolcansnews.net\\\/#website\",\"url\":\"https:\\\/\\\/lesvolcansnews.net\\\/\",\"name\":\"LES VOLCANS NEWS\",\"description\":\"L&#039;INFORMATION C&#039;EST NOUS\",\"potentialAction\":[{\"@type\":\"SearchAction\",\"target\":{\"@type\":\"EntryPoint\",\"urlTemplate\":\"https:\\\/\\\/lesvolcansnews.net\\\/?s={search_term_string}\"},\"query-input\":{\"@type\":\"PropertyValueSpecification\",\"valueRequired\":true,\"valueName\":\"search_term_string\"}}],\"inLanguage\":\"fr-FR\"},{\"@type\":\"Person\",\"@id\":\"https:\\\/\\\/lesvolcansnews.net\\\/#\\\/schema\\\/person\\\/82c8bed2e77879ecf6cca63441f57354\",\"name\":\"R\u00e9daction - Les Volcans News\",\"image\":{\"@type\":\"ImageObject\",\"inLanguage\":\"fr-FR\",\"@id\":\"https:\\\/\\\/secure.gravatar.com\\\/avatar\\\/8408942dd851e8a9c09f3d382a661bc05d2b3cd9002139bc1795b9528cdc6c80?s=96&d=mm&r=g\",\"url\":\"https:\\\/\\\/secure.gravatar.com\\\/avatar\\\/8408942dd851e8a9c09f3d382a661bc05d2b3cd9002139bc1795b9528cdc6c80?s=96&d=mm&r=g\",\"contentUrl\":\"https:\\\/\\\/secure.gravatar.com\\\/avatar\\\/8408942dd851e8a9c09f3d382a661bc05d2b3cd9002139bc1795b9528cdc6c80?s=96&d=mm&r=g\",\"caption\":\"R\u00e9daction - Les Volcans News\"},\"url\":\"https:\\\/\\\/lesvolcansnews.net\\\/?author=14\"}]}<\/script>\n<!-- \/ Yoast SEO plugin. -->","yoast_head_json":{"title":"Kinshasa : fermeture temporaire de l\u2019avenue Tourisme pour travaux, \u00e0 la veille de la rentr\u00e9e scolaire - LES VOLCANS NEWS","robots":{"index":"index","follow":"follow","max-snippet":"max-snippet:-1","max-image-preview":"max-image-preview:large","max-video-preview":"max-video-preview:-1"},"canonical":"https:\/\/lesvolcansnews.net\/?p=69008","og_locale":"fr_FR","og_type":"article","og_title":"Kinshasa : fermeture temporaire de l\u2019avenue Tourisme pour travaux, \u00e0 la veille de la rentr\u00e9e scolaire - LES VOLCANS NEWS","og_description":"Le Minist\u00e8re provincial des Infrastructures et Travaux Publics (MINITP) de la ville de Kinshasa a annonc\u00e9, ce vendredi, la fermeture temporaire et totale de l\u2019avenue Tourisme (Nzela ya Mayi) \u00e0","og_url":"https:\/\/lesvolcansnews.net\/?p=69008","og_site_name":"LES VOLCANS NEWS","article_published_time":"2025-08-29T21:57:42+00:00","og_image":[{"width":1080,"height":810,"url":"https:\/\/lesvolcansnews.net\/wp-content\/uploads\/2025\/08\/IMG-20250421-WA0028.jpg","type":"image\/jpeg"}],"author":"R\u00e9daction - Les Volcans News","twitter_card":"summary_large_image","twitter_misc":{"\u00c9crit par":"R\u00e9daction - Les Volcans News","Dur\u00e9e de lecture estim\u00e9e":"1 minute"},"schema":{"@context":"https:\/\/schema.org","@graph":[{"@type":"Article","@id":"https:\/\/lesvolcansnews.net\/?p=69008#article","isPartOf":{"@id":"https:\/\/lesvolcansnews.net\/?p=69008"},"author":{"name":"R\u00e9daction - Les Volcans News","@id":"https:\/\/lesvolcansnews.net\/#\/schema\/person\/82c8bed2e77879ecf6cca63441f57354"},"headline":"Kinshasa : fermeture temporaire de l\u2019avenue Tourisme pour travaux, \u00e0 la veille de la rentr\u00e9e scolaire","datePublished":"2025-08-29T21:57:42+00:00","mainEntityOfPage":{"@id":"https:\/\/lesvolcansnews.net\/?p=69008"},"wordCount":309,"commentCount":0,"image":{"@id":"https:\/\/lesvolcansnews.net\/?p=69008#primaryimage"},"thumbnailUrl":"https:\/\/lesvolcansnews.net\/wp-content\/uploads\/2025\/08\/IMG-20250421-WA0028.jpg","articleSection":["\u00c9CONOMIE"],"inLanguage":"fr-FR","potentialAction":[{"@type":"CommentAction","name":"Comment","target":["https:\/\/lesvolcansnews.net\/?p=69008#respond"]}]},{"@type":"WebPage","@id":"https:\/\/lesvolcansnews.net\/?p=69008","url":"https:\/\/lesvolcansnews.net\/?p=69008","name":"Kinshasa : fermeture temporaire de l\u2019avenue Tourisme pour travaux, \u00e0 la veille de la rentr\u00e9e scolaire - LES VOLCANS NEWS","isPartOf":{"@id":"https:\/\/lesvolcansnews.net\/#website"},"primaryImageOfPage":{"@id":"https:\/\/lesvolcansnews.net\/?p=69008#primaryimage"},"image":{"@id":"https:\/\/lesvolcansnews.net\/?p=69008#primaryimage"},"thumbnailUrl":"https:\/\/lesvolcansnews.net\/wp-content\/uploads\/2025\/08\/IMG-20250421-WA0028.jpg","datePublished":"2025-08-29T21:57:42+00:00","author":{"@id":"https:\/\/lesvolcansnews.net\/#\/schema\/person\/82c8bed2e77879ecf6cca63441f57354"},"breadcrumb":{"@id":"https:\/\/lesvolcansnews.net\/?p=69008#breadcrumb"},"inLanguage":"fr-FR","potentialAction":[{"@type":"ReadAction","target":["https:\/\/lesvolcansnews.net\/?p=69008"]}]},{"@type":"ImageObject","inLanguage":"fr-FR","@id":"https:\/\/lesvolcansnews.net\/?p=69008#primaryimage","url":"https:\/\/lesvolcansnews.net\/wp-content\/uploads\/2025\/08\/IMG-20250421-WA0028.jpg","contentUrl":"https:\/\/lesvolcansnews.net\/wp-content\/uploads\/2025\/08\/IMG-20250421-WA0028.jpg","width":1080,"height":810},{"@type":"BreadcrumbList","@id":"https:\/\/lesvolcansnews.net\/?p=69008#breadcrumb","itemListElement":[{"@type":"ListItem","position":1,"name":"Accueil","item":"https:\/\/lesvolcansnews.net\/"},{"@type":"ListItem","position":2,"name":"Kinshasa : fermeture temporaire de l\u2019avenue Tourisme pour travaux, \u00e0 la veille de la rentr\u00e9e scolaire"}]},{"@type":"WebSite","@id":"https:\/\/lesvolcansnews.net\/#website","url":"https:\/\/lesvolcansnews.net\/","name":"LES VOLCANS NEWS","description":"L&#039;INFORMATION C&#039;EST NOUS","potentialAction":[{"@type":"SearchAction","target":{"@type":"EntryPoint","urlTemplate":"https:\/\/lesvolcansnews.net\/?s={search_term_string}"},"query-input":{"@type":"PropertyValueSpecification","valueRequired":true,"valueName":"search_term_string"}}],"inLanguage":"fr-FR"},{"@type":"Person","@id":"https:\/\/lesvolcansnews.net\/#\/schema\/person\/82c8bed2e77879ecf6cca63441f57354","name":"R\u00e9daction - Les Volcans News","image":{"@type":"ImageObject","inLanguage":"fr-FR","@id":"https:\/\/secure.gravatar.com\/avatar\/8408942dd851e8a9c09f3d382a661bc05d2b3cd9002139bc1795b9528cdc6c80?s=96&d=mm&r=g","url":"https:\/\/secure.gravatar.com\/avatar\/8408942dd851e8a9c09f3d382a661bc05d2b3cd9002139bc1795b9528cdc6c80?s=96&d=mm&r=g","contentUrl":"https:\/\/secure.gravatar.com\/avatar\/8408942dd851e8a9c09f3d382a661bc05d2b3cd9002139bc1795b9528cdc6c80?s=96&d=mm&r=g","caption":"R\u00e9daction - Les Volcans News"},"url":"https:\/\/lesvolcansnews.net\/?author=14"}]}},"_links":{"self":[{"href":"https:\/\/lesvolcansnews.net\/index.php?rest_route=\/wp\/v2\/posts\/69008","targetHints":{"allow":["GET"]}}],"collection":[{"href":"https:\/\/lesvolcansnews.net\/index.php?rest_route=\/wp\/v2\/posts"}],"about":[{"href":"https:\/\/lesvolcansnews.net\/index.php?rest_route=\/wp\/v2\/types\/post"}],"author":[{"embeddable":true,"href":"https:\/\/lesvolcansnews.net\/index.php?rest_route=\/wp\/v2\/users\/14"}],"replies":[{"embeddable":true,"href":"https:\/\/lesvolcansnews.net\/index.php?rest_route=%2Fwp%2Fv2%2Fcomments&post=69008"}],"version-history":[{"count":0,"href":"https:\/\/lesvolcansnews.net\/index.php?rest_route=\/wp\/v2\/posts\/69008\/revisions"}],"wp:featuredmedia":[{"embeddable":true,"href":"https:\/\/lesvolcansnews.net\/index.php?rest_route=\/wp\/v2\/media\/69007"}],"wp:attachment":[{"href":"https:\/\/lesvolcansnews.net\/index.php?rest_route=%2Fwp%2Fv2%2Fmedia&parent=69008"}],"wp:term":[{"taxonomy":"category","embeddable":true,"href":"https:\/\/lesvolcansnews.net\/index.php?rest_route=%2Fwp%2Fv2%2Fcategories&post=69008"},{"taxonomy":"post_tag","embeddable":true,"href":"https:\/\/lesvolcansnews.net\/index.php?rest_route=%2Fwp%2Fv2%2Ftags&post=69008"}],"curies":[{"name":"wp","href":"https:\/\/api.w.org\/{rel}","templated":true}]}}