{"id":69003,"date":"2025-08-29T22:54:11","date_gmt":"2025-08-29T20:54:11","guid":{"rendered":"https:\/\/lesvolcansnews.net\/2025\/08\/29\/douze-communautes-catholiques-attaquees-a-bukavu-depuis-fevrier-selon-la-societe-civile\/"},"modified":"2025-08-29T23:00:01","modified_gmt":"2025-08-29T21:00:01","slug":"douze-communautes-catholiques-attaquees-a-bukavu-depuis-fevrier-selon-la-societe-civile","status":"publish","type":"post","link":"https:\/\/lesvolcansnews.net\/?p=69003","title":{"rendered":"Douze communaut\u00e9s catholiques attaqu\u00e9es \u00e0 Bukavu depuis f\u00e9vrier, selon la soci\u00e9t\u00e9 civile"},"content":{"rendered":"\n<p><strong>Douze des quarante-trois communaut\u00e9s et paroisses de l\u2019archidioc\u00e8se de Bukavu, dans la province du Sud-Kivu \u00e0 l\u2019est de la R\u00e9publique d\u00e9mocratique du Congo (RDC), ont \u00e9t\u00e9 la cible d\u2019attaques arm\u00e9es depuis f\u00e9vrier 2025, selon un message de la soci\u00e9t\u00e9 civile parvenu vendredi \u00e0 lesvolcansnews.net.<\/strong><br><br> <br>\u00ab Dans l\u2019intervalle d\u2019une ann\u00e9e, 12 communaut\u00e9s et paroisses ont \u00e9t\u00e9 attaqu\u00e9es dans l\u2019archidioc\u00e8se de Bukavu par des hommes en armes depuis f\u00e9vrier 2025 \u00bb, a d\u00e9clar\u00e9 Ma\u00eetre N\u00e9n\u00e9 Bintu, pr\u00e9sidente du bureau de coordination de la soci\u00e9t\u00e9 civile du Sud-Kivu.<br><br>Selon Mme Bintu, ces assauts ont vis\u00e9 non seulement des lieux de culte mais \u00e9galement des habitations des religieux, causant d\u2019importants d\u00e9g\u00e2ts mat\u00e9riels et semant la peur au sein des populations locales.<br><br>\u00ab Ces attaques ciblent des symboles de paix et de solidarit\u00e9 dans notre communaut\u00e9. Les auteurs cherchent \u00e0 briser le tissu social d\u00e9j\u00e0 fragilis\u00e9 par des ann\u00e9es de conflit \u00bb, a-t-elle d\u00e9nonc\u00e9, appelant les autorit\u00e9s \u00e0 renforcer la protection des civils et des institutions religieuses.<br><br>L\u2019archidioc\u00e8se de Bukavu, l\u2019un des plus importants du pays, joue un r\u00f4le central dans la vie sociale et humanitaire de la r\u00e9gion.<\/p>\n\n\n\n<p> Plusieurs de ses structures accueillent des d\u00e9plac\u00e9s de guerre et assurent des services sociaux de base dans des zones souvent abandonn\u00e9es par l\u2019\u00c9tat.<br \/><br \/>Face \u00e0 cette s\u00e9rie d\u2019agressions, la soci\u00e9t\u00e9 civile r\u00e9clame une enqu\u00eate ind\u00e9pendante ainsi que des mesures concr\u00e8tes pour s\u00e9curiser les zones affect\u00e9es.<\/p>\n\n\n\n<p> Elle interpelle \u00e9galement la communaut\u00e9 internationale sur ce qu\u2019elle qualifie de \u00ab d\u00e9gradation alarmante \u00bb de la situation s\u00e9curitaire dans l\u2019est de la RDC.<br \/><br \/>Le M23, majoritairement compos\u00e9 de Tutsis congolais, avait \u00e9t\u00e9 d\u00e9fait en 2013 avant de reprendre les armes fin 2021. <\/p>\n\n\n\n<p>Kinshasa accuse Kigali de soutenir militairement et logistiquement cette r\u00e9bellion, ce que le Rwanda d\u00e9ment syst\u00e9matiquement.<br \/><br \/>La r\u00e9daction <\/p>\n\n\n\n<p><\/p>\n","protected":false},"excerpt":{"rendered":"<p>Douze des quarante-trois communaut\u00e9s et paroisses de l\u2019archidioc\u00e8se de Bukavu, dans la province du Sud-Kivu \u00e0 l\u2019est de la R\u00e9publique d\u00e9mocratique du Congo (RDC), ont \u00e9t\u00e9 la cible d\u2019attaques arm\u00e9es<\/p>\n","protected":false},"author":14,"featured_media":69006,"comment_status":"open","ping_status":"open","sticky":false,"template":"","format":"standard","meta":{"footnotes":""},"categories":[56],"tags":[],"class_list":["post-69003","post","type-post","status-publish","format-standard","has-post-thumbnail","hentry","category-religion"],"yoast_head":"<!-- This site is optimized with the Yoast SEO plugin v27.5 - https:\/\/yoast.com\/product\/yoast-seo-wordpress\/ -->\n<title>Douze communaut\u00e9s catholiques attaqu\u00e9es \u00e0 Bukavu depuis f\u00e9vrier, selon la soci\u00e9t\u00e9 civile - LES VOLCANS NEWS<\/title>\n<meta name=\"robots\" content=\"index, follow, max-snippet:-1, max-image-preview:large, max-video-preview:-1\" \/>\n<link rel=\"canonical\" href=\"https:\/\/lesvolcansnews.net\/?p=69003\" \/>\n<meta property=\"og:locale\" content=\"fr_FR\" \/>\n<meta property=\"og:type\" content=\"article\" \/>\n<meta property=\"og:title\" content=\"Douze communaut\u00e9s catholiques attaqu\u00e9es \u00e0 Bukavu depuis f\u00e9vrier, selon la soci\u00e9t\u00e9 civile - LES VOLCANS NEWS\" \/>\n<meta property=\"og:description\" content=\"Douze des quarante-trois communaut\u00e9s et paroisses de l\u2019archidioc\u00e8se de Bukavu, dans la province du Sud-Kivu \u00e0 l\u2019est de la R\u00e9publique d\u00e9mocratique du Congo (RDC), ont \u00e9t\u00e9 la cible d\u2019attaques arm\u00e9es\" \/>\n<meta property=\"og:url\" content=\"https:\/\/lesvolcansnews.net\/?p=69003\" \/>\n<meta property=\"og:site_name\" content=\"LES VOLCANS NEWS\" \/>\n<meta property=\"article:published_time\" content=\"2025-08-29T20:54:11+00:00\" \/>\n<meta property=\"article:modified_time\" content=\"2025-08-29T21:00:01+00:00\" \/>\n<meta property=\"og:image\" content=\"https:\/\/lesvolcansnews.net\/wp-content\/uploads\/2025\/08\/20250829_215824.jpg\" \/>\n\t<meta property=\"og:image:width\" content=\"1280\" \/>\n\t<meta property=\"og:image:height\" content=\"960\" \/>\n\t<meta property=\"og:image:type\" content=\"image\/jpeg\" \/>\n<meta name=\"author\" content=\"R\u00e9daction - Les Volcans News\" \/>\n<meta name=\"twitter:card\" content=\"summary_large_image\" \/>\n<meta name=\"twitter:label1\" content=\"\u00c9crit par\" \/>\n\t<meta name=\"twitter:data1\" content=\"R\u00e9daction - Les Volcans News\" \/>\n\t<meta name=\"twitter:label2\" content=\"Dur\u00e9e de lecture estim\u00e9e\" \/>\n\t<meta name=\"twitter:data2\" content=\"2 minutes\" \/>\n<script type=\"application\/ld+json\" class=\"yoast-schema-graph\">{\"@context\":\"https:\\\/\\\/schema.org\",\"@graph\":[{\"@type\":\"Article\",\"@id\":\"https:\\\/\\\/lesvolcansnews.net\\\/?p=69003#article\",\"isPartOf\":{\"@id\":\"https:\\\/\\\/lesvolcansnews.net\\\/?p=69003\"},\"author\":{\"name\":\"R\u00e9daction - Les Volcans News\",\"@id\":\"https:\\\/\\\/lesvolcansnews.net\\\/#\\\/schema\\\/person\\\/82c8bed2e77879ecf6cca63441f57354\"},\"headline\":\"Douze communaut\u00e9s catholiques attaqu\u00e9es \u00e0 Bukavu depuis f\u00e9vrier, selon la soci\u00e9t\u00e9 civile\",\"datePublished\":\"2025-08-29T20:54:11+00:00\",\"dateModified\":\"2025-08-29T21:00:01+00:00\",\"mainEntityOfPage\":{\"@id\":\"https:\\\/\\\/lesvolcansnews.net\\\/?p=69003\"},\"wordCount\":348,\"commentCount\":0,\"image\":{\"@id\":\"https:\\\/\\\/lesvolcansnews.net\\\/?p=69003#primaryimage\"},\"thumbnailUrl\":\"https:\\\/\\\/lesvolcansnews.net\\\/wp-content\\\/uploads\\\/2025\\\/08\\\/20250829_215824.jpg\",\"articleSection\":[\"RELIGION\"],\"inLanguage\":\"fr-FR\",\"potentialAction\":[{\"@type\":\"CommentAction\",\"name\":\"Comment\",\"target\":[\"https:\\\/\\\/lesvolcansnews.net\\\/?p=69003#respond\"]}]},{\"@type\":\"WebPage\",\"@id\":\"https:\\\/\\\/lesvolcansnews.net\\\/?p=69003\",\"url\":\"https:\\\/\\\/lesvolcansnews.net\\\/?p=69003\",\"name\":\"Douze communaut\u00e9s catholiques attaqu\u00e9es \u00e0 Bukavu depuis f\u00e9vrier, selon la soci\u00e9t\u00e9 civile - LES VOLCANS NEWS\",\"isPartOf\":{\"@id\":\"https:\\\/\\\/lesvolcansnews.net\\\/#website\"},\"primaryImageOfPage\":{\"@id\":\"https:\\\/\\\/lesvolcansnews.net\\\/?p=69003#primaryimage\"},\"image\":{\"@id\":\"https:\\\/\\\/lesvolcansnews.net\\\/?p=69003#primaryimage\"},\"thumbnailUrl\":\"https:\\\/\\\/lesvolcansnews.net\\\/wp-content\\\/uploads\\\/2025\\\/08\\\/20250829_215824.jpg\",\"datePublished\":\"2025-08-29T20:54:11+00:00\",\"dateModified\":\"2025-08-29T21:00:01+00:00\",\"author\":{\"@id\":\"https:\\\/\\\/lesvolcansnews.net\\\/#\\\/schema\\\/person\\\/82c8bed2e77879ecf6cca63441f57354\"},\"breadcrumb\":{\"@id\":\"https:\\\/\\\/lesvolcansnews.net\\\/?p=69003#breadcrumb\"},\"inLanguage\":\"fr-FR\",\"potentialAction\":[{\"@type\":\"ReadAction\",\"target\":[\"https:\\\/\\\/lesvolcansnews.net\\\/?p=69003\"]}]},{\"@type\":\"ImageObject\",\"inLanguage\":\"fr-FR\",\"@id\":\"https:\\\/\\\/lesvolcansnews.net\\\/?p=69003#primaryimage\",\"url\":\"https:\\\/\\\/lesvolcansnews.net\\\/wp-content\\\/uploads\\\/2025\\\/08\\\/20250829_215824.jpg\",\"contentUrl\":\"https:\\\/\\\/lesvolcansnews.net\\\/wp-content\\\/uploads\\\/2025\\\/08\\\/20250829_215824.jpg\",\"width\":1280,\"height\":960},{\"@type\":\"BreadcrumbList\",\"@id\":\"https:\\\/\\\/lesvolcansnews.net\\\/?p=69003#breadcrumb\",\"itemListElement\":[{\"@type\":\"ListItem\",\"position\":1,\"name\":\"Accueil\",\"item\":\"https:\\\/\\\/lesvolcansnews.net\\\/\"},{\"@type\":\"ListItem\",\"position\":2,\"name\":\"Douze communaut\u00e9s catholiques attaqu\u00e9es \u00e0 Bukavu depuis f\u00e9vrier, selon la soci\u00e9t\u00e9 civile\"}]},{\"@type\":\"WebSite\",\"@id\":\"https:\\\/\\\/lesvolcansnews.net\\\/#website\",\"url\":\"https:\\\/\\\/lesvolcansnews.net\\\/\",\"name\":\"LES VOLCANS NEWS\",\"description\":\"L&#039;INFORMATION C&#039;EST NOUS\",\"potentialAction\":[{\"@type\":\"SearchAction\",\"target\":{\"@type\":\"EntryPoint\",\"urlTemplate\":\"https:\\\/\\\/lesvolcansnews.net\\\/?s={search_term_string}\"},\"query-input\":{\"@type\":\"PropertyValueSpecification\",\"valueRequired\":true,\"valueName\":\"search_term_string\"}}],\"inLanguage\":\"fr-FR\"},{\"@type\":\"Person\",\"@id\":\"https:\\\/\\\/lesvolcansnews.net\\\/#\\\/schema\\\/person\\\/82c8bed2e77879ecf6cca63441f57354\",\"name\":\"R\u00e9daction - Les Volcans News\",\"image\":{\"@type\":\"ImageObject\",\"inLanguage\":\"fr-FR\",\"@id\":\"https:\\\/\\\/secure.gravatar.com\\\/avatar\\\/8408942dd851e8a9c09f3d382a661bc05d2b3cd9002139bc1795b9528cdc6c80?s=96&d=mm&r=g\",\"url\":\"https:\\\/\\\/secure.gravatar.com\\\/avatar\\\/8408942dd851e8a9c09f3d382a661bc05d2b3cd9002139bc1795b9528cdc6c80?s=96&d=mm&r=g\",\"contentUrl\":\"https:\\\/\\\/secure.gravatar.com\\\/avatar\\\/8408942dd851e8a9c09f3d382a661bc05d2b3cd9002139bc1795b9528cdc6c80?s=96&d=mm&r=g\",\"caption\":\"R\u00e9daction - Les Volcans News\"},\"url\":\"https:\\\/\\\/lesvolcansnews.net\\\/?author=14\"}]}<\/script>\n<!-- \/ Yoast SEO plugin. -->","yoast_head_json":{"title":"Douze communaut\u00e9s catholiques attaqu\u00e9es \u00e0 Bukavu depuis f\u00e9vrier, selon la soci\u00e9t\u00e9 civile - LES VOLCANS NEWS","robots":{"index":"index","follow":"follow","max-snippet":"max-snippet:-1","max-image-preview":"max-image-preview:large","max-video-preview":"max-video-preview:-1"},"canonical":"https:\/\/lesvolcansnews.net\/?p=69003","og_locale":"fr_FR","og_type":"article","og_title":"Douze communaut\u00e9s catholiques attaqu\u00e9es \u00e0 Bukavu depuis f\u00e9vrier, selon la soci\u00e9t\u00e9 civile - LES VOLCANS NEWS","og_description":"Douze des quarante-trois communaut\u00e9s et paroisses de l\u2019archidioc\u00e8se de Bukavu, dans la province du Sud-Kivu \u00e0 l\u2019est de la R\u00e9publique d\u00e9mocratique du Congo (RDC), ont \u00e9t\u00e9 la cible d\u2019attaques arm\u00e9es","og_url":"https:\/\/lesvolcansnews.net\/?p=69003","og_site_name":"LES VOLCANS NEWS","article_published_time":"2025-08-29T20:54:11+00:00","article_modified_time":"2025-08-29T21:00:01+00:00","og_image":[{"width":1280,"height":960,"url":"https:\/\/lesvolcansnews.net\/wp-content\/uploads\/2025\/08\/20250829_215824.jpg","type":"image\/jpeg"}],"author":"R\u00e9daction - Les Volcans News","twitter_card":"summary_large_image","twitter_misc":{"\u00c9crit par":"R\u00e9daction - Les Volcans News","Dur\u00e9e de lecture estim\u00e9e":"2 minutes"},"schema":{"@context":"https:\/\/schema.org","@graph":[{"@type":"Article","@id":"https:\/\/lesvolcansnews.net\/?p=69003#article","isPartOf":{"@id":"https:\/\/lesvolcansnews.net\/?p=69003"},"author":{"name":"R\u00e9daction - Les Volcans News","@id":"https:\/\/lesvolcansnews.net\/#\/schema\/person\/82c8bed2e77879ecf6cca63441f57354"},"headline":"Douze communaut\u00e9s catholiques attaqu\u00e9es \u00e0 Bukavu depuis f\u00e9vrier, selon la soci\u00e9t\u00e9 civile","datePublished":"2025-08-29T20:54:11+00:00","dateModified":"2025-08-29T21:00:01+00:00","mainEntityOfPage":{"@id":"https:\/\/lesvolcansnews.net\/?p=69003"},"wordCount":348,"commentCount":0,"image":{"@id":"https:\/\/lesvolcansnews.net\/?p=69003#primaryimage"},"thumbnailUrl":"https:\/\/lesvolcansnews.net\/wp-content\/uploads\/2025\/08\/20250829_215824.jpg","articleSection":["RELIGION"],"inLanguage":"fr-FR","potentialAction":[{"@type":"CommentAction","name":"Comment","target":["https:\/\/lesvolcansnews.net\/?p=69003#respond"]}]},{"@type":"WebPage","@id":"https:\/\/lesvolcansnews.net\/?p=69003","url":"https:\/\/lesvolcansnews.net\/?p=69003","name":"Douze communaut\u00e9s catholiques attaqu\u00e9es \u00e0 Bukavu depuis f\u00e9vrier, selon la soci\u00e9t\u00e9 civile - LES VOLCANS NEWS","isPartOf":{"@id":"https:\/\/lesvolcansnews.net\/#website"},"primaryImageOfPage":{"@id":"https:\/\/lesvolcansnews.net\/?p=69003#primaryimage"},"image":{"@id":"https:\/\/lesvolcansnews.net\/?p=69003#primaryimage"},"thumbnailUrl":"https:\/\/lesvolcansnews.net\/wp-content\/uploads\/2025\/08\/20250829_215824.jpg","datePublished":"2025-08-29T20:54:11+00:00","dateModified":"2025-08-29T21:00:01+00:00","author":{"@id":"https:\/\/lesvolcansnews.net\/#\/schema\/person\/82c8bed2e77879ecf6cca63441f57354"},"breadcrumb":{"@id":"https:\/\/lesvolcansnews.net\/?p=69003#breadcrumb"},"inLanguage":"fr-FR","potentialAction":[{"@type":"ReadAction","target":["https:\/\/lesvolcansnews.net\/?p=69003"]}]},{"@type":"ImageObject","inLanguage":"fr-FR","@id":"https:\/\/lesvolcansnews.net\/?p=69003#primaryimage","url":"https:\/\/lesvolcansnews.net\/wp-content\/uploads\/2025\/08\/20250829_215824.jpg","contentUrl":"https:\/\/lesvolcansnews.net\/wp-content\/uploads\/2025\/08\/20250829_215824.jpg","width":1280,"height":960},{"@type":"BreadcrumbList","@id":"https:\/\/lesvolcansnews.net\/?p=69003#breadcrumb","itemListElement":[{"@type":"ListItem","position":1,"name":"Accueil","item":"https:\/\/lesvolcansnews.net\/"},{"@type":"ListItem","position":2,"name":"Douze communaut\u00e9s catholiques attaqu\u00e9es \u00e0 Bukavu depuis f\u00e9vrier, selon la soci\u00e9t\u00e9 civile"}]},{"@type":"WebSite","@id":"https:\/\/lesvolcansnews.net\/#website","url":"https:\/\/lesvolcansnews.net\/","name":"LES VOLCANS NEWS","description":"L&#039;INFORMATION C&#039;EST NOUS","potentialAction":[{"@type":"SearchAction","target":{"@type":"EntryPoint","urlTemplate":"https:\/\/lesvolcansnews.net\/?s={search_term_string}"},"query-input":{"@type":"PropertyValueSpecification","valueRequired":true,"valueName":"search_term_string"}}],"inLanguage":"fr-FR"},{"@type":"Person","@id":"https:\/\/lesvolcansnews.net\/#\/schema\/person\/82c8bed2e77879ecf6cca63441f57354","name":"R\u00e9daction - Les Volcans News","image":{"@type":"ImageObject","inLanguage":"fr-FR","@id":"https:\/\/secure.gravatar.com\/avatar\/8408942dd851e8a9c09f3d382a661bc05d2b3cd9002139bc1795b9528cdc6c80?s=96&d=mm&r=g","url":"https:\/\/secure.gravatar.com\/avatar\/8408942dd851e8a9c09f3d382a661bc05d2b3cd9002139bc1795b9528cdc6c80?s=96&d=mm&r=g","contentUrl":"https:\/\/secure.gravatar.com\/avatar\/8408942dd851e8a9c09f3d382a661bc05d2b3cd9002139bc1795b9528cdc6c80?s=96&d=mm&r=g","caption":"R\u00e9daction - Les Volcans News"},"url":"https:\/\/lesvolcansnews.net\/?author=14"}]}},"_links":{"self":[{"href":"https:\/\/lesvolcansnews.net\/index.php?rest_route=\/wp\/v2\/posts\/69003","targetHints":{"allow":["GET"]}}],"collection":[{"href":"https:\/\/lesvolcansnews.net\/index.php?rest_route=\/wp\/v2\/posts"}],"about":[{"href":"https:\/\/lesvolcansnews.net\/index.php?rest_route=\/wp\/v2\/types\/post"}],"author":[{"embeddable":true,"href":"https:\/\/lesvolcansnews.net\/index.php?rest_route=\/wp\/v2\/users\/14"}],"replies":[{"embeddable":true,"href":"https:\/\/lesvolcansnews.net\/index.php?rest_route=%2Fwp%2Fv2%2Fcomments&post=69003"}],"version-history":[{"count":1,"href":"https:\/\/lesvolcansnews.net\/index.php?rest_route=\/wp\/v2\/posts\/69003\/revisions"}],"predecessor-version":[{"id":69005,"href":"https:\/\/lesvolcansnews.net\/index.php?rest_route=\/wp\/v2\/posts\/69003\/revisions\/69005"}],"wp:featuredmedia":[{"embeddable":true,"href":"https:\/\/lesvolcansnews.net\/index.php?rest_route=\/wp\/v2\/media\/69006"}],"wp:attachment":[{"href":"https:\/\/lesvolcansnews.net\/index.php?rest_route=%2Fwp%2Fv2%2Fmedia&parent=69003"}],"wp:term":[{"taxonomy":"category","embeddable":true,"href":"https:\/\/lesvolcansnews.net\/index.php?rest_route=%2Fwp%2Fv2%2Fcategories&post=69003"},{"taxonomy":"post_tag","embeddable":true,"href":"https:\/\/lesvolcansnews.net\/index.php?rest_route=%2Fwp%2Fv2%2Ftags&post=69003"}],"curies":[{"name":"wp","href":"https:\/\/api.w.org\/{rel}","templated":true}]}}