{"id":68992,"date":"2025-08-29T18:59:17","date_gmt":"2025-08-29T16:59:17","guid":{"rendered":"https:\/\/lesvolcansnews.net\/?p=68992"},"modified":"2025-08-29T18:59:17","modified_gmt":"2025-08-29T16:59:17","slug":"ituri-le-gouverneur-militaire-luboya-de-retour-a-bunia-apres-une-mission-officielle-a-kinshasa","status":"publish","type":"post","link":"https:\/\/lesvolcansnews.net\/?p=68992","title":{"rendered":"Ituri : le gouverneur militaire Luboya de retour \u00e0 Bunia apr\u00e8s une mission officielle \u00e0 Kinshasa"},"content":{"rendered":"<p data-start=\"0\" data-end=\"99\">\n<p data-start=\"101\" data-end=\"421\">\u00a0Le gouverneur militaire de la province de l\u2019Ituri, le lieutenant-g\u00e9n\u00e9ral Luboya N\u2019Kashama Johnny, est rentr\u00e9 ce vendredi 29 ao\u00fbt 2025 \u00e0 Bunia, chef-lieu de la province, apr\u00e8s plusieurs jours pass\u00e9s en mission officielle \u00e0 Kinshasa, la capitale de la R\u00e9publique d\u00e9mocratique du Congo.<\/p>\n<p data-start=\"423\" data-end=\"799\">L\u2019annonce de son retour a \u00e9t\u00e9 confirm\u00e9e par ses services, sans plus de pr\u00e9cisions sur les r\u00e9sultats de sa mission. Ce d\u00e9placement intervenait alors que la province de l\u2019Ituri fait face \u00e0 une recrudescence des violences men\u00e9es par les groupes arm\u00e9s non \u00e9tatiques, notamment les Forces d\u00e9mocratiques alli\u00e9es (ADF), responsables de nombreuses attaques ces derni\u00e8res semaines.<\/p>\n<p data-start=\"1061\" data-end=\"1321\">Depuis mai 2025, plus de 80 000 personnes ont \u00e9t\u00e9 d\u00e9plac\u00e9es dans toute la province, selon les chiffres du Programme alimentaire mondial (PAM).<\/p>\n<p data-start=\"1061\" data-end=\"1321\">La situation humanitaire y reste alarmante, avec la mont\u00e9e des besoins en assistance d\u2019urgence.<\/p>\n<p data-start=\"1323\" data-end=\"1621\">Le g\u00e9n\u00e9ral Luboya, en poste depuis 2021 dans le cadre de l\u2019\u00e9tat de si\u00e8ge instaur\u00e9 dans l\u2019Ituri et le Nord-Kivu, est r\u00e9guli\u00e8rement critiqu\u00e9 pour les r\u00e9sultats jug\u00e9s mitig\u00e9s de la strat\u00e9gie militaire dans la r\u00e9gion. Son retour est donc tr\u00e8s attendu pour exercer une pression s\u00e9curitaire.<\/p>\n<p data-start=\"1623\" data-end=\"1878\" data-is-last-node=\"\" data-is-only-node=\"\">Aucune communication officielle n\u2019a encore \u00e9t\u00e9 faite sur le contenu des discussions tenues \u00e0 Kinshasa, mais des sources proches \u00e9voquent des consultations s\u00e9curitaires de haut niveau, en lien avec l\u2019\u00e9volution de la situation dans l\u2019est du pays.<\/p>\n<p data-start=\"1623\" data-end=\"1878\" data-is-last-node=\"\" data-is-only-node=\"\"><strong>Twaibu Mbayu<\/strong><\/p>\n","protected":false},"excerpt":{"rendered":"<p>\u00a0Le gouverneur militaire de la province de l\u2019Ituri, le lieutenant-g\u00e9n\u00e9ral Luboya N\u2019Kashama Johnny, est rentr\u00e9 ce vendredi 29 ao\u00fbt 2025 \u00e0 Bunia, chef-lieu de la province, apr\u00e8s plusieurs jours pass\u00e9s<\/p>\n","protected":false},"author":14,"featured_media":68993,"comment_status":"open","ping_status":"open","sticky":false,"template":"","format":"standard","meta":{"footnotes":""},"categories":[1],"tags":[],"class_list":["post-68992","post","type-post","status-publish","format-standard","has-post-thumbnail","hentry","category-actualite"],"yoast_head":"<!-- This site is optimized with the Yoast SEO plugin v27.3 - https:\/\/yoast.com\/product\/yoast-seo-wordpress\/ -->\n<title>Ituri : le gouverneur militaire Luboya de retour \u00e0 Bunia apr\u00e8s une mission officielle \u00e0 Kinshasa - LES VOLCANS NEWS<\/title>\n<meta name=\"robots\" content=\"index, follow, max-snippet:-1, max-image-preview:large, max-video-preview:-1\" \/>\n<link rel=\"canonical\" href=\"https:\/\/lesvolcansnews.net\/?p=68992\" \/>\n<meta property=\"og:locale\" content=\"fr_FR\" \/>\n<meta property=\"og:type\" content=\"article\" \/>\n<meta property=\"og:title\" content=\"Ituri : le gouverneur militaire Luboya de retour \u00e0 Bunia apr\u00e8s une mission officielle \u00e0 Kinshasa - LES VOLCANS NEWS\" \/>\n<meta property=\"og:description\" content=\"\u00a0Le gouverneur militaire de la province de l\u2019Ituri, le lieutenant-g\u00e9n\u00e9ral Luboya N\u2019Kashama Johnny, est rentr\u00e9 ce vendredi 29 ao\u00fbt 2025 \u00e0 Bunia, chef-lieu de la province, apr\u00e8s plusieurs jours pass\u00e9s\" \/>\n<meta property=\"og:url\" content=\"https:\/\/lesvolcansnews.net\/?p=68992\" \/>\n<meta property=\"og:site_name\" content=\"LES VOLCANS NEWS\" \/>\n<meta property=\"article:published_time\" content=\"2025-08-29T16:59:17+00:00\" \/>\n<meta property=\"og:image\" content=\"https:\/\/lesvolcansnews.net\/wp-content\/uploads\/2025\/08\/GziAY2cXAAAbGds.jpeg\" \/>\n\t<meta property=\"og:image:width\" content=\"1080\" \/>\n\t<meta property=\"og:image:height\" content=\"1080\" \/>\n\t<meta property=\"og:image:type\" content=\"image\/jpeg\" \/>\n<meta name=\"author\" content=\"R\u00e9daction - Les Volcans News\" \/>\n<meta name=\"twitter:card\" content=\"summary_large_image\" \/>\n<meta name=\"twitter:label1\" content=\"\u00c9crit par\" \/>\n\t<meta name=\"twitter:data1\" content=\"R\u00e9daction - Les Volcans News\" \/>\n\t<meta name=\"twitter:label2\" content=\"Dur\u00e9e de lecture estim\u00e9e\" \/>\n\t<meta name=\"twitter:data2\" content=\"1 minute\" \/>\n<script type=\"application\/ld+json\" class=\"yoast-schema-graph\">{\"@context\":\"https:\\\/\\\/schema.org\",\"@graph\":[{\"@type\":\"Article\",\"@id\":\"https:\\\/\\\/lesvolcansnews.net\\\/?p=68992#article\",\"isPartOf\":{\"@id\":\"https:\\\/\\\/lesvolcansnews.net\\\/?p=68992\"},\"author\":{\"name\":\"R\u00e9daction - Les Volcans News\",\"@id\":\"https:\\\/\\\/lesvolcansnews.net\\\/#\\\/schema\\\/person\\\/82c8bed2e77879ecf6cca63441f57354\"},\"headline\":\"Ituri : le gouverneur militaire Luboya de retour \u00e0 Bunia apr\u00e8s une mission officielle \u00e0 Kinshasa\",\"datePublished\":\"2025-08-29T16:59:17+00:00\",\"mainEntityOfPage\":{\"@id\":\"https:\\\/\\\/lesvolcansnews.net\\\/?p=68992\"},\"wordCount\":267,\"commentCount\":0,\"image\":{\"@id\":\"https:\\\/\\\/lesvolcansnews.net\\\/?p=68992#primaryimage\"},\"thumbnailUrl\":\"https:\\\/\\\/lesvolcansnews.net\\\/wp-content\\\/uploads\\\/2025\\\/08\\\/GziAY2cXAAAbGds.jpeg\",\"articleSection\":[\"ACTUALIT\u00c9\"],\"inLanguage\":\"fr-FR\",\"potentialAction\":[{\"@type\":\"CommentAction\",\"name\":\"Comment\",\"target\":[\"https:\\\/\\\/lesvolcansnews.net\\\/?p=68992#respond\"]}]},{\"@type\":\"WebPage\",\"@id\":\"https:\\\/\\\/lesvolcansnews.net\\\/?p=68992\",\"url\":\"https:\\\/\\\/lesvolcansnews.net\\\/?p=68992\",\"name\":\"Ituri : le gouverneur militaire Luboya de retour \u00e0 Bunia apr\u00e8s une mission officielle \u00e0 Kinshasa - LES VOLCANS NEWS\",\"isPartOf\":{\"@id\":\"https:\\\/\\\/lesvolcansnews.net\\\/#website\"},\"primaryImageOfPage\":{\"@id\":\"https:\\\/\\\/lesvolcansnews.net\\\/?p=68992#primaryimage\"},\"image\":{\"@id\":\"https:\\\/\\\/lesvolcansnews.net\\\/?p=68992#primaryimage\"},\"thumbnailUrl\":\"https:\\\/\\\/lesvolcansnews.net\\\/wp-content\\\/uploads\\\/2025\\\/08\\\/GziAY2cXAAAbGds.jpeg\",\"datePublished\":\"2025-08-29T16:59:17+00:00\",\"author\":{\"@id\":\"https:\\\/\\\/lesvolcansnews.net\\\/#\\\/schema\\\/person\\\/82c8bed2e77879ecf6cca63441f57354\"},\"breadcrumb\":{\"@id\":\"https:\\\/\\\/lesvolcansnews.net\\\/?p=68992#breadcrumb\"},\"inLanguage\":\"fr-FR\",\"potentialAction\":[{\"@type\":\"ReadAction\",\"target\":[\"https:\\\/\\\/lesvolcansnews.net\\\/?p=68992\"]}]},{\"@type\":\"ImageObject\",\"inLanguage\":\"fr-FR\",\"@id\":\"https:\\\/\\\/lesvolcansnews.net\\\/?p=68992#primaryimage\",\"url\":\"https:\\\/\\\/lesvolcansnews.net\\\/wp-content\\\/uploads\\\/2025\\\/08\\\/GziAY2cXAAAbGds.jpeg\",\"contentUrl\":\"https:\\\/\\\/lesvolcansnews.net\\\/wp-content\\\/uploads\\\/2025\\\/08\\\/GziAY2cXAAAbGds.jpeg\",\"width\":1080,\"height\":1080},{\"@type\":\"BreadcrumbList\",\"@id\":\"https:\\\/\\\/lesvolcansnews.net\\\/?p=68992#breadcrumb\",\"itemListElement\":[{\"@type\":\"ListItem\",\"position\":1,\"name\":\"Accueil\",\"item\":\"https:\\\/\\\/lesvolcansnews.net\\\/\"},{\"@type\":\"ListItem\",\"position\":2,\"name\":\"Ituri : le gouverneur militaire Luboya de retour \u00e0 Bunia apr\u00e8s une mission officielle \u00e0 Kinshasa\"}]},{\"@type\":\"WebSite\",\"@id\":\"https:\\\/\\\/lesvolcansnews.net\\\/#website\",\"url\":\"https:\\\/\\\/lesvolcansnews.net\\\/\",\"name\":\"LES VOLCANS NEWS\",\"description\":\"L&#039;INFORMATION C&#039;EST NOUS\",\"potentialAction\":[{\"@type\":\"SearchAction\",\"target\":{\"@type\":\"EntryPoint\",\"urlTemplate\":\"https:\\\/\\\/lesvolcansnews.net\\\/?s={search_term_string}\"},\"query-input\":{\"@type\":\"PropertyValueSpecification\",\"valueRequired\":true,\"valueName\":\"search_term_string\"}}],\"inLanguage\":\"fr-FR\"},{\"@type\":\"Person\",\"@id\":\"https:\\\/\\\/lesvolcansnews.net\\\/#\\\/schema\\\/person\\\/82c8bed2e77879ecf6cca63441f57354\",\"name\":\"R\u00e9daction - Les Volcans News\",\"image\":{\"@type\":\"ImageObject\",\"inLanguage\":\"fr-FR\",\"@id\":\"https:\\\/\\\/secure.gravatar.com\\\/avatar\\\/8408942dd851e8a9c09f3d382a661bc05d2b3cd9002139bc1795b9528cdc6c80?s=96&d=mm&r=g\",\"url\":\"https:\\\/\\\/secure.gravatar.com\\\/avatar\\\/8408942dd851e8a9c09f3d382a661bc05d2b3cd9002139bc1795b9528cdc6c80?s=96&d=mm&r=g\",\"contentUrl\":\"https:\\\/\\\/secure.gravatar.com\\\/avatar\\\/8408942dd851e8a9c09f3d382a661bc05d2b3cd9002139bc1795b9528cdc6c80?s=96&d=mm&r=g\",\"caption\":\"R\u00e9daction - Les Volcans News\"},\"url\":\"https:\\\/\\\/lesvolcansnews.net\\\/?author=14\"}]}<\/script>\n<!-- \/ Yoast SEO plugin. -->","yoast_head_json":{"title":"Ituri : le gouverneur militaire Luboya de retour \u00e0 Bunia apr\u00e8s une mission officielle \u00e0 Kinshasa - LES VOLCANS NEWS","robots":{"index":"index","follow":"follow","max-snippet":"max-snippet:-1","max-image-preview":"max-image-preview:large","max-video-preview":"max-video-preview:-1"},"canonical":"https:\/\/lesvolcansnews.net\/?p=68992","og_locale":"fr_FR","og_type":"article","og_title":"Ituri : le gouverneur militaire Luboya de retour \u00e0 Bunia apr\u00e8s une mission officielle \u00e0 Kinshasa - LES VOLCANS NEWS","og_description":"\u00a0Le gouverneur militaire de la province de l\u2019Ituri, le lieutenant-g\u00e9n\u00e9ral Luboya N\u2019Kashama Johnny, est rentr\u00e9 ce vendredi 29 ao\u00fbt 2025 \u00e0 Bunia, chef-lieu de la province, apr\u00e8s plusieurs jours pass\u00e9s","og_url":"https:\/\/lesvolcansnews.net\/?p=68992","og_site_name":"LES VOLCANS NEWS","article_published_time":"2025-08-29T16:59:17+00:00","og_image":[{"width":1080,"height":1080,"url":"https:\/\/lesvolcansnews.net\/wp-content\/uploads\/2025\/08\/GziAY2cXAAAbGds.jpeg","type":"image\/jpeg"}],"author":"R\u00e9daction - Les Volcans News","twitter_card":"summary_large_image","twitter_misc":{"\u00c9crit par":"R\u00e9daction - Les Volcans News","Dur\u00e9e de lecture estim\u00e9e":"1 minute"},"schema":{"@context":"https:\/\/schema.org","@graph":[{"@type":"Article","@id":"https:\/\/lesvolcansnews.net\/?p=68992#article","isPartOf":{"@id":"https:\/\/lesvolcansnews.net\/?p=68992"},"author":{"name":"R\u00e9daction - Les Volcans News","@id":"https:\/\/lesvolcansnews.net\/#\/schema\/person\/82c8bed2e77879ecf6cca63441f57354"},"headline":"Ituri : le gouverneur militaire Luboya de retour \u00e0 Bunia apr\u00e8s une mission officielle \u00e0 Kinshasa","datePublished":"2025-08-29T16:59:17+00:00","mainEntityOfPage":{"@id":"https:\/\/lesvolcansnews.net\/?p=68992"},"wordCount":267,"commentCount":0,"image":{"@id":"https:\/\/lesvolcansnews.net\/?p=68992#primaryimage"},"thumbnailUrl":"https:\/\/lesvolcansnews.net\/wp-content\/uploads\/2025\/08\/GziAY2cXAAAbGds.jpeg","articleSection":["ACTUALIT\u00c9"],"inLanguage":"fr-FR","potentialAction":[{"@type":"CommentAction","name":"Comment","target":["https:\/\/lesvolcansnews.net\/?p=68992#respond"]}]},{"@type":"WebPage","@id":"https:\/\/lesvolcansnews.net\/?p=68992","url":"https:\/\/lesvolcansnews.net\/?p=68992","name":"Ituri : le gouverneur militaire Luboya de retour \u00e0 Bunia apr\u00e8s une mission officielle \u00e0 Kinshasa - LES VOLCANS NEWS","isPartOf":{"@id":"https:\/\/lesvolcansnews.net\/#website"},"primaryImageOfPage":{"@id":"https:\/\/lesvolcansnews.net\/?p=68992#primaryimage"},"image":{"@id":"https:\/\/lesvolcansnews.net\/?p=68992#primaryimage"},"thumbnailUrl":"https:\/\/lesvolcansnews.net\/wp-content\/uploads\/2025\/08\/GziAY2cXAAAbGds.jpeg","datePublished":"2025-08-29T16:59:17+00:00","author":{"@id":"https:\/\/lesvolcansnews.net\/#\/schema\/person\/82c8bed2e77879ecf6cca63441f57354"},"breadcrumb":{"@id":"https:\/\/lesvolcansnews.net\/?p=68992#breadcrumb"},"inLanguage":"fr-FR","potentialAction":[{"@type":"ReadAction","target":["https:\/\/lesvolcansnews.net\/?p=68992"]}]},{"@type":"ImageObject","inLanguage":"fr-FR","@id":"https:\/\/lesvolcansnews.net\/?p=68992#primaryimage","url":"https:\/\/lesvolcansnews.net\/wp-content\/uploads\/2025\/08\/GziAY2cXAAAbGds.jpeg","contentUrl":"https:\/\/lesvolcansnews.net\/wp-content\/uploads\/2025\/08\/GziAY2cXAAAbGds.jpeg","width":1080,"height":1080},{"@type":"BreadcrumbList","@id":"https:\/\/lesvolcansnews.net\/?p=68992#breadcrumb","itemListElement":[{"@type":"ListItem","position":1,"name":"Accueil","item":"https:\/\/lesvolcansnews.net\/"},{"@type":"ListItem","position":2,"name":"Ituri : le gouverneur militaire Luboya de retour \u00e0 Bunia apr\u00e8s une mission officielle \u00e0 Kinshasa"}]},{"@type":"WebSite","@id":"https:\/\/lesvolcansnews.net\/#website","url":"https:\/\/lesvolcansnews.net\/","name":"LES VOLCANS NEWS","description":"L&#039;INFORMATION C&#039;EST NOUS","potentialAction":[{"@type":"SearchAction","target":{"@type":"EntryPoint","urlTemplate":"https:\/\/lesvolcansnews.net\/?s={search_term_string}"},"query-input":{"@type":"PropertyValueSpecification","valueRequired":true,"valueName":"search_term_string"}}],"inLanguage":"fr-FR"},{"@type":"Person","@id":"https:\/\/lesvolcansnews.net\/#\/schema\/person\/82c8bed2e77879ecf6cca63441f57354","name":"R\u00e9daction - Les Volcans News","image":{"@type":"ImageObject","inLanguage":"fr-FR","@id":"https:\/\/secure.gravatar.com\/avatar\/8408942dd851e8a9c09f3d382a661bc05d2b3cd9002139bc1795b9528cdc6c80?s=96&d=mm&r=g","url":"https:\/\/secure.gravatar.com\/avatar\/8408942dd851e8a9c09f3d382a661bc05d2b3cd9002139bc1795b9528cdc6c80?s=96&d=mm&r=g","contentUrl":"https:\/\/secure.gravatar.com\/avatar\/8408942dd851e8a9c09f3d382a661bc05d2b3cd9002139bc1795b9528cdc6c80?s=96&d=mm&r=g","caption":"R\u00e9daction - Les Volcans News"},"url":"https:\/\/lesvolcansnews.net\/?author=14"}]}},"_links":{"self":[{"href":"https:\/\/lesvolcansnews.net\/index.php?rest_route=\/wp\/v2\/posts\/68992","targetHints":{"allow":["GET"]}}],"collection":[{"href":"https:\/\/lesvolcansnews.net\/index.php?rest_route=\/wp\/v2\/posts"}],"about":[{"href":"https:\/\/lesvolcansnews.net\/index.php?rest_route=\/wp\/v2\/types\/post"}],"author":[{"embeddable":true,"href":"https:\/\/lesvolcansnews.net\/index.php?rest_route=\/wp\/v2\/users\/14"}],"replies":[{"embeddable":true,"href":"https:\/\/lesvolcansnews.net\/index.php?rest_route=%2Fwp%2Fv2%2Fcomments&post=68992"}],"version-history":[{"count":1,"href":"https:\/\/lesvolcansnews.net\/index.php?rest_route=\/wp\/v2\/posts\/68992\/revisions"}],"predecessor-version":[{"id":68994,"href":"https:\/\/lesvolcansnews.net\/index.php?rest_route=\/wp\/v2\/posts\/68992\/revisions\/68994"}],"wp:featuredmedia":[{"embeddable":true,"href":"https:\/\/lesvolcansnews.net\/index.php?rest_route=\/wp\/v2\/media\/68993"}],"wp:attachment":[{"href":"https:\/\/lesvolcansnews.net\/index.php?rest_route=%2Fwp%2Fv2%2Fmedia&parent=68992"}],"wp:term":[{"taxonomy":"category","embeddable":true,"href":"https:\/\/lesvolcansnews.net\/index.php?rest_route=%2Fwp%2Fv2%2Fcategories&post=68992"},{"taxonomy":"post_tag","embeddable":true,"href":"https:\/\/lesvolcansnews.net\/index.php?rest_route=%2Fwp%2Fv2%2Ftags&post=68992"}],"curies":[{"name":"wp","href":"https:\/\/api.w.org\/{rel}","templated":true}]}}