{"id":68949,"date":"2025-08-28T14:27:07","date_gmt":"2025-08-28T12:27:07","guid":{"rendered":"https:\/\/lesvolcansnews.net\/2025\/08\/28\/maniema-le-ministre-de-la-defense-en-mission-ditinerance-pour-inspecter-les-conditions-de-vie-des-fardc\/"},"modified":"2025-08-28T14:27:07","modified_gmt":"2025-08-28T12:27:07","slug":"maniema-le-ministre-de-la-defense-en-mission-ditinerance-pour-inspecter-les-conditions-de-vie-des-fardc","status":"publish","type":"post","link":"https:\/\/lesvolcansnews.net\/?p=68949","title":{"rendered":"Maniema : Le ministre de la D\u00e9fense en mission d\u2019itin\u00e9rance pour inspecter les conditions de vie des FARDC"},"content":{"rendered":"\n<p><br><br> <strong>En mission officielle dans la province du Maniema, le Vice-Premier ministre et ministre de la D\u00e9fense nationale et anciens combattants, Me Guy Kabombo Muadianvita, a men\u00e9 cette semaine une tourn\u00e9e d\u2019inspection sur plusieurs sites militaires afin d\u2019\u00e9valuer les conditions de casernement des Forces arm\u00e9es de la R\u00e9publique d\u00e9mocratique du Congo (FARDC).<\/strong><br><br><br>\u00ab Au cours de la mission d\u2019itin\u00e9rance que nous venons de cl\u00f4turer, nous avons visit\u00e9 plusieurs sites de casernement des militaires, notamment Tomenga et Katako, situ\u00e9s respectivement aux PK 10 et PK 7 de la ville de Kindu, ainsi que le Camp Makuta, l\u2019h\u00f4pital militaire de garnison de Kindu, et le Camp de Lokando, situ\u00e9 au PK 60 \u00bb, a d\u00e9clar\u00e9 Me Kabombo Muadianvita.<br><br>Lors de sa visite \u00e0 l\u2019h\u00f4pital militaire de garnison, le ministre a constat\u00e9 d\u2019importantes carences en mat\u00e9riel m\u00e9dical, en \u00e9quipements de laboratoire et en m\u00e9dicaments essentiels. Il a annonc\u00e9 sur place un appui financier imm\u00e9diat et la construction prochaine de nouveaux b\u00e2timents modernes pour cette structure.<br><br>\u00ab Nous avons donn\u00e9 les moyens n\u00e9cessaires pour faire face \u00e0 l\u2019urgence, mais surtout, un vaste projet de modernisation des infrastructures militaires est en cours, y compris la construction d\u2019un h\u00f4pital militaire digne pour nos troupes et leurs familles \u00bb, a-t-il ajout\u00e9.<br><br>Le VPM a par ailleurs d\u00e9nonc\u00e9 la spoliation du Camp Makuta par certains habitants et d\u00e9plor\u00e9 les d\u00e9guerpissements subis par des familles de militaires, contraintes de se reloger dans la cit\u00e9 \u00e0 des prix inaccessibles.<br><br>\u00ab Ce ph\u00e9nom\u00e8ne est inacceptable. Il est urgent de prot\u00e9ger le patrimoine militaire et d\u2019assurer des conditions de vie dignes aux familles des soldats \u00bb, a martel\u00e9 Me Kabombo.<br><br>Malgr\u00e9 la pr\u00e9sence de groupes arm\u00e9s dans certaines zones, notamment les patriotes Wazalendo, le ministre a poursuivi sa mission sans escorte renforc\u00e9e. Il a profit\u00e9 de plusieurs haltes pour \u00e9changer avec les populations locales, les rassurant sur les efforts en cours pour le retour d\u2019une paix durable dans la r\u00e9gion.<br><br> \u00ab Notre pr\u00e9sence ici est un message clair : nous sommes aux c\u00f4t\u00e9s de nos populations, et nous \u0153uvrons activement au r\u00e9tablissement de la s\u00e9curit\u00e9 et de la stabilit\u00e9 \u00bb, a-t-il affirm\u00e9, lors d\u2019une br\u00e8ve rencontre avec des habitants sur la route de Kailo.<br><br>En marge de cette tourn\u00e9e, Me Kabombo a \u00e9galement rencontr\u00e9 les parlementaires nationaux et provinciaux du Maniema pour discuter de la situation politique, s\u00e9curitaire et socio-\u00e9conomique. Il a ensuite pr\u00e9sid\u00e9 une r\u00e9union du Conseil provincial de s\u00e9curit\u00e9, ax\u00e9e notamment sur l&#8217;encadrement des groupes arm\u00e9s locaux.<br><br>Le ministre \u00e9tait accompagn\u00e9 par le gouverneur du Maniema, Mo\u00efse Mussa Kabwankubi, le chef d\u2019\u00e9tat-major adjoint charg\u00e9 du renseignement et des op\u00e9rations, ainsi que le commandant de la r\u00e9gion militaire du Maniema.<br><br>Cette mission d\u2019itin\u00e9rance s\u2019inscrit dans le cadre d\u2019une s\u00e9rie de d\u00e9placements sur le terrain visant \u00e0 moderniser les infrastructures militaires et renforcer la coh\u00e9sion entre les forces de d\u00e9fense et les communaut\u00e9s locales, dans une r\u00e9gion encore marqu\u00e9e par l\u2019instabilit\u00e9.<br><br>La r\u00e9daction<\/p>\n","protected":false},"excerpt":{"rendered":"<p>En mission officielle dans la province du Maniema, le Vice-Premier ministre et ministre de la D\u00e9fense nationale et anciens combattants, Me Guy Kabombo Muadianvita, a men\u00e9 cette semaine une tourn\u00e9e<\/p>\n","protected":false},"author":14,"featured_media":68948,"comment_status":"open","ping_status":"open","sticky":false,"template":"","format":"standard","meta":{"footnotes":""},"categories":[32],"tags":[],"class_list":["post-68949","post","type-post","status-publish","format-standard","has-post-thumbnail","hentry","category-securite"],"yoast_head":"<!-- This site is optimized with the Yoast SEO plugin v27.3 - https:\/\/yoast.com\/product\/yoast-seo-wordpress\/ -->\n<title>Maniema : Le ministre de la D\u00e9fense en mission d\u2019itin\u00e9rance pour inspecter les conditions de vie des FARDC - LES VOLCANS NEWS<\/title>\n<meta name=\"robots\" content=\"index, follow, max-snippet:-1, max-image-preview:large, max-video-preview:-1\" \/>\n<link rel=\"canonical\" href=\"https:\/\/lesvolcansnews.net\/?p=68949\" \/>\n<meta property=\"og:locale\" content=\"fr_FR\" \/>\n<meta property=\"og:type\" content=\"article\" \/>\n<meta property=\"og:title\" content=\"Maniema : Le ministre de la D\u00e9fense en mission d\u2019itin\u00e9rance pour inspecter les conditions de vie des FARDC - LES VOLCANS NEWS\" \/>\n<meta property=\"og:description\" content=\"En mission officielle dans la province du Maniema, le Vice-Premier ministre et ministre de la D\u00e9fense nationale et anciens combattants, Me Guy Kabombo Muadianvita, a men\u00e9 cette semaine une tourn\u00e9e\" \/>\n<meta property=\"og:url\" content=\"https:\/\/lesvolcansnews.net\/?p=68949\" \/>\n<meta property=\"og:site_name\" content=\"LES VOLCANS NEWS\" \/>\n<meta property=\"article:published_time\" content=\"2025-08-28T12:27:07+00:00\" \/>\n<meta property=\"og:image\" content=\"https:\/\/lesvolcansnews.net\/wp-content\/uploads\/2025\/08\/IMG-20250828-WA0136.jpg\" \/>\n\t<meta property=\"og:image:width\" content=\"1280\" \/>\n\t<meta property=\"og:image:height\" content=\"854\" \/>\n\t<meta property=\"og:image:type\" content=\"image\/jpeg\" \/>\n<meta name=\"author\" content=\"R\u00e9daction - Les Volcans News\" \/>\n<meta name=\"twitter:card\" content=\"summary_large_image\" \/>\n<meta name=\"twitter:label1\" content=\"\u00c9crit par\" \/>\n\t<meta name=\"twitter:data1\" content=\"R\u00e9daction - Les Volcans News\" \/>\n\t<meta name=\"twitter:label2\" content=\"Dur\u00e9e de lecture estim\u00e9e\" \/>\n\t<meta name=\"twitter:data2\" content=\"3 minutes\" \/>\n<script type=\"application\/ld+json\" class=\"yoast-schema-graph\">{\"@context\":\"https:\\\/\\\/schema.org\",\"@graph\":[{\"@type\":\"Article\",\"@id\":\"https:\\\/\\\/lesvolcansnews.net\\\/?p=68949#article\",\"isPartOf\":{\"@id\":\"https:\\\/\\\/lesvolcansnews.net\\\/?p=68949\"},\"author\":{\"name\":\"R\u00e9daction - Les Volcans News\",\"@id\":\"https:\\\/\\\/lesvolcansnews.net\\\/#\\\/schema\\\/person\\\/82c8bed2e77879ecf6cca63441f57354\"},\"headline\":\"Maniema : Le ministre de la D\u00e9fense en mission d\u2019itin\u00e9rance pour inspecter les conditions de vie des FARDC\",\"datePublished\":\"2025-08-28T12:27:07+00:00\",\"mainEntityOfPage\":{\"@id\":\"https:\\\/\\\/lesvolcansnews.net\\\/?p=68949\"},\"wordCount\":555,\"commentCount\":0,\"image\":{\"@id\":\"https:\\\/\\\/lesvolcansnews.net\\\/?p=68949#primaryimage\"},\"thumbnailUrl\":\"https:\\\/\\\/lesvolcansnews.net\\\/wp-content\\\/uploads\\\/2025\\\/08\\\/IMG-20250828-WA0136.jpg\",\"articleSection\":[\"S\u00c9CURIT\u00c9\"],\"inLanguage\":\"fr-FR\",\"potentialAction\":[{\"@type\":\"CommentAction\",\"name\":\"Comment\",\"target\":[\"https:\\\/\\\/lesvolcansnews.net\\\/?p=68949#respond\"]}]},{\"@type\":\"WebPage\",\"@id\":\"https:\\\/\\\/lesvolcansnews.net\\\/?p=68949\",\"url\":\"https:\\\/\\\/lesvolcansnews.net\\\/?p=68949\",\"name\":\"Maniema : Le ministre de la D\u00e9fense en mission d\u2019itin\u00e9rance pour inspecter les conditions de vie des FARDC - LES VOLCANS NEWS\",\"isPartOf\":{\"@id\":\"https:\\\/\\\/lesvolcansnews.net\\\/#website\"},\"primaryImageOfPage\":{\"@id\":\"https:\\\/\\\/lesvolcansnews.net\\\/?p=68949#primaryimage\"},\"image\":{\"@id\":\"https:\\\/\\\/lesvolcansnews.net\\\/?p=68949#primaryimage\"},\"thumbnailUrl\":\"https:\\\/\\\/lesvolcansnews.net\\\/wp-content\\\/uploads\\\/2025\\\/08\\\/IMG-20250828-WA0136.jpg\",\"datePublished\":\"2025-08-28T12:27:07+00:00\",\"author\":{\"@id\":\"https:\\\/\\\/lesvolcansnews.net\\\/#\\\/schema\\\/person\\\/82c8bed2e77879ecf6cca63441f57354\"},\"breadcrumb\":{\"@id\":\"https:\\\/\\\/lesvolcansnews.net\\\/?p=68949#breadcrumb\"},\"inLanguage\":\"fr-FR\",\"potentialAction\":[{\"@type\":\"ReadAction\",\"target\":[\"https:\\\/\\\/lesvolcansnews.net\\\/?p=68949\"]}]},{\"@type\":\"ImageObject\",\"inLanguage\":\"fr-FR\",\"@id\":\"https:\\\/\\\/lesvolcansnews.net\\\/?p=68949#primaryimage\",\"url\":\"https:\\\/\\\/lesvolcansnews.net\\\/wp-content\\\/uploads\\\/2025\\\/08\\\/IMG-20250828-WA0136.jpg\",\"contentUrl\":\"https:\\\/\\\/lesvolcansnews.net\\\/wp-content\\\/uploads\\\/2025\\\/08\\\/IMG-20250828-WA0136.jpg\",\"width\":1280,\"height\":854},{\"@type\":\"BreadcrumbList\",\"@id\":\"https:\\\/\\\/lesvolcansnews.net\\\/?p=68949#breadcrumb\",\"itemListElement\":[{\"@type\":\"ListItem\",\"position\":1,\"name\":\"Accueil\",\"item\":\"https:\\\/\\\/lesvolcansnews.net\\\/\"},{\"@type\":\"ListItem\",\"position\":2,\"name\":\"Maniema : Le ministre de la D\u00e9fense en mission d\u2019itin\u00e9rance pour inspecter les conditions de vie des FARDC\"}]},{\"@type\":\"WebSite\",\"@id\":\"https:\\\/\\\/lesvolcansnews.net\\\/#website\",\"url\":\"https:\\\/\\\/lesvolcansnews.net\\\/\",\"name\":\"LES VOLCANS NEWS\",\"description\":\"L&#039;INFORMATION C&#039;EST NOUS\",\"potentialAction\":[{\"@type\":\"SearchAction\",\"target\":{\"@type\":\"EntryPoint\",\"urlTemplate\":\"https:\\\/\\\/lesvolcansnews.net\\\/?s={search_term_string}\"},\"query-input\":{\"@type\":\"PropertyValueSpecification\",\"valueRequired\":true,\"valueName\":\"search_term_string\"}}],\"inLanguage\":\"fr-FR\"},{\"@type\":\"Person\",\"@id\":\"https:\\\/\\\/lesvolcansnews.net\\\/#\\\/schema\\\/person\\\/82c8bed2e77879ecf6cca63441f57354\",\"name\":\"R\u00e9daction - Les Volcans News\",\"image\":{\"@type\":\"ImageObject\",\"inLanguage\":\"fr-FR\",\"@id\":\"https:\\\/\\\/secure.gravatar.com\\\/avatar\\\/8408942dd851e8a9c09f3d382a661bc05d2b3cd9002139bc1795b9528cdc6c80?s=96&d=mm&r=g\",\"url\":\"https:\\\/\\\/secure.gravatar.com\\\/avatar\\\/8408942dd851e8a9c09f3d382a661bc05d2b3cd9002139bc1795b9528cdc6c80?s=96&d=mm&r=g\",\"contentUrl\":\"https:\\\/\\\/secure.gravatar.com\\\/avatar\\\/8408942dd851e8a9c09f3d382a661bc05d2b3cd9002139bc1795b9528cdc6c80?s=96&d=mm&r=g\",\"caption\":\"R\u00e9daction - Les Volcans News\"},\"url\":\"https:\\\/\\\/lesvolcansnews.net\\\/?author=14\"}]}<\/script>\n<!-- \/ Yoast SEO plugin. -->","yoast_head_json":{"title":"Maniema : Le ministre de la D\u00e9fense en mission d\u2019itin\u00e9rance pour inspecter les conditions de vie des FARDC - LES VOLCANS NEWS","robots":{"index":"index","follow":"follow","max-snippet":"max-snippet:-1","max-image-preview":"max-image-preview:large","max-video-preview":"max-video-preview:-1"},"canonical":"https:\/\/lesvolcansnews.net\/?p=68949","og_locale":"fr_FR","og_type":"article","og_title":"Maniema : Le ministre de la D\u00e9fense en mission d\u2019itin\u00e9rance pour inspecter les conditions de vie des FARDC - LES VOLCANS NEWS","og_description":"En mission officielle dans la province du Maniema, le Vice-Premier ministre et ministre de la D\u00e9fense nationale et anciens combattants, Me Guy Kabombo Muadianvita, a men\u00e9 cette semaine une tourn\u00e9e","og_url":"https:\/\/lesvolcansnews.net\/?p=68949","og_site_name":"LES VOLCANS NEWS","article_published_time":"2025-08-28T12:27:07+00:00","og_image":[{"width":1280,"height":854,"url":"https:\/\/lesvolcansnews.net\/wp-content\/uploads\/2025\/08\/IMG-20250828-WA0136.jpg","type":"image\/jpeg"}],"author":"R\u00e9daction - Les Volcans News","twitter_card":"summary_large_image","twitter_misc":{"\u00c9crit par":"R\u00e9daction - Les Volcans News","Dur\u00e9e de lecture estim\u00e9e":"3 minutes"},"schema":{"@context":"https:\/\/schema.org","@graph":[{"@type":"Article","@id":"https:\/\/lesvolcansnews.net\/?p=68949#article","isPartOf":{"@id":"https:\/\/lesvolcansnews.net\/?p=68949"},"author":{"name":"R\u00e9daction - Les Volcans News","@id":"https:\/\/lesvolcansnews.net\/#\/schema\/person\/82c8bed2e77879ecf6cca63441f57354"},"headline":"Maniema : Le ministre de la D\u00e9fense en mission d\u2019itin\u00e9rance pour inspecter les conditions de vie des FARDC","datePublished":"2025-08-28T12:27:07+00:00","mainEntityOfPage":{"@id":"https:\/\/lesvolcansnews.net\/?p=68949"},"wordCount":555,"commentCount":0,"image":{"@id":"https:\/\/lesvolcansnews.net\/?p=68949#primaryimage"},"thumbnailUrl":"https:\/\/lesvolcansnews.net\/wp-content\/uploads\/2025\/08\/IMG-20250828-WA0136.jpg","articleSection":["S\u00c9CURIT\u00c9"],"inLanguage":"fr-FR","potentialAction":[{"@type":"CommentAction","name":"Comment","target":["https:\/\/lesvolcansnews.net\/?p=68949#respond"]}]},{"@type":"WebPage","@id":"https:\/\/lesvolcansnews.net\/?p=68949","url":"https:\/\/lesvolcansnews.net\/?p=68949","name":"Maniema : Le ministre de la D\u00e9fense en mission d\u2019itin\u00e9rance pour inspecter les conditions de vie des FARDC - LES VOLCANS NEWS","isPartOf":{"@id":"https:\/\/lesvolcansnews.net\/#website"},"primaryImageOfPage":{"@id":"https:\/\/lesvolcansnews.net\/?p=68949#primaryimage"},"image":{"@id":"https:\/\/lesvolcansnews.net\/?p=68949#primaryimage"},"thumbnailUrl":"https:\/\/lesvolcansnews.net\/wp-content\/uploads\/2025\/08\/IMG-20250828-WA0136.jpg","datePublished":"2025-08-28T12:27:07+00:00","author":{"@id":"https:\/\/lesvolcansnews.net\/#\/schema\/person\/82c8bed2e77879ecf6cca63441f57354"},"breadcrumb":{"@id":"https:\/\/lesvolcansnews.net\/?p=68949#breadcrumb"},"inLanguage":"fr-FR","potentialAction":[{"@type":"ReadAction","target":["https:\/\/lesvolcansnews.net\/?p=68949"]}]},{"@type":"ImageObject","inLanguage":"fr-FR","@id":"https:\/\/lesvolcansnews.net\/?p=68949#primaryimage","url":"https:\/\/lesvolcansnews.net\/wp-content\/uploads\/2025\/08\/IMG-20250828-WA0136.jpg","contentUrl":"https:\/\/lesvolcansnews.net\/wp-content\/uploads\/2025\/08\/IMG-20250828-WA0136.jpg","width":1280,"height":854},{"@type":"BreadcrumbList","@id":"https:\/\/lesvolcansnews.net\/?p=68949#breadcrumb","itemListElement":[{"@type":"ListItem","position":1,"name":"Accueil","item":"https:\/\/lesvolcansnews.net\/"},{"@type":"ListItem","position":2,"name":"Maniema : Le ministre de la D\u00e9fense en mission d\u2019itin\u00e9rance pour inspecter les conditions de vie des FARDC"}]},{"@type":"WebSite","@id":"https:\/\/lesvolcansnews.net\/#website","url":"https:\/\/lesvolcansnews.net\/","name":"LES VOLCANS NEWS","description":"L&#039;INFORMATION C&#039;EST NOUS","potentialAction":[{"@type":"SearchAction","target":{"@type":"EntryPoint","urlTemplate":"https:\/\/lesvolcansnews.net\/?s={search_term_string}"},"query-input":{"@type":"PropertyValueSpecification","valueRequired":true,"valueName":"search_term_string"}}],"inLanguage":"fr-FR"},{"@type":"Person","@id":"https:\/\/lesvolcansnews.net\/#\/schema\/person\/82c8bed2e77879ecf6cca63441f57354","name":"R\u00e9daction - Les Volcans News","image":{"@type":"ImageObject","inLanguage":"fr-FR","@id":"https:\/\/secure.gravatar.com\/avatar\/8408942dd851e8a9c09f3d382a661bc05d2b3cd9002139bc1795b9528cdc6c80?s=96&d=mm&r=g","url":"https:\/\/secure.gravatar.com\/avatar\/8408942dd851e8a9c09f3d382a661bc05d2b3cd9002139bc1795b9528cdc6c80?s=96&d=mm&r=g","contentUrl":"https:\/\/secure.gravatar.com\/avatar\/8408942dd851e8a9c09f3d382a661bc05d2b3cd9002139bc1795b9528cdc6c80?s=96&d=mm&r=g","caption":"R\u00e9daction - Les Volcans News"},"url":"https:\/\/lesvolcansnews.net\/?author=14"}]}},"_links":{"self":[{"href":"https:\/\/lesvolcansnews.net\/index.php?rest_route=\/wp\/v2\/posts\/68949","targetHints":{"allow":["GET"]}}],"collection":[{"href":"https:\/\/lesvolcansnews.net\/index.php?rest_route=\/wp\/v2\/posts"}],"about":[{"href":"https:\/\/lesvolcansnews.net\/index.php?rest_route=\/wp\/v2\/types\/post"}],"author":[{"embeddable":true,"href":"https:\/\/lesvolcansnews.net\/index.php?rest_route=\/wp\/v2\/users\/14"}],"replies":[{"embeddable":true,"href":"https:\/\/lesvolcansnews.net\/index.php?rest_route=%2Fwp%2Fv2%2Fcomments&post=68949"}],"version-history":[{"count":0,"href":"https:\/\/lesvolcansnews.net\/index.php?rest_route=\/wp\/v2\/posts\/68949\/revisions"}],"wp:featuredmedia":[{"embeddable":true,"href":"https:\/\/lesvolcansnews.net\/index.php?rest_route=\/wp\/v2\/media\/68948"}],"wp:attachment":[{"href":"https:\/\/lesvolcansnews.net\/index.php?rest_route=%2Fwp%2Fv2%2Fmedia&parent=68949"}],"wp:term":[{"taxonomy":"category","embeddable":true,"href":"https:\/\/lesvolcansnews.net\/index.php?rest_route=%2Fwp%2Fv2%2Fcategories&post=68949"},{"taxonomy":"post_tag","embeddable":true,"href":"https:\/\/lesvolcansnews.net\/index.php?rest_route=%2Fwp%2Fv2%2Ftags&post=68949"}],"curies":[{"name":"wp","href":"https:\/\/api.w.org\/{rel}","templated":true}]}}