{"id":68936,"date":"2025-08-27T22:44:53","date_gmt":"2025-08-27T20:44:53","guid":{"rendered":"https:\/\/lesvolcansnews.net\/2025\/08\/27\/pas-dincursion-adf-a-oicha-tirs-dus-a-une-confusion-entre-forces-de-securite\/"},"modified":"2025-08-27T22:44:53","modified_gmt":"2025-08-27T20:44:53","slug":"pas-dincursion-adf-a-oicha-tirs-dus-a-une-confusion-entre-forces-de-securite","status":"publish","type":"post","link":"https:\/\/lesvolcansnews.net\/?p=68936","title":{"rendered":"Pas d\u2019incursion ADF \u00e0 O\u00efcha : tirs dus \u00e0 une confusion entre forces de s\u00e9curit\u00e9"},"content":{"rendered":"\n<p><\/p>\n\n\n\n<p><strong>Contrairement aux craintes initiales de la population, aucune incursion des rebelles ADF n\u2019a eu lieu ce mercredi 27 ao\u00fbt vers 21h00 dans la localit\u00e9 de Kekelibo, en commune d\u2019O\u00efcha (territoire de Beni, Nord-Kivu).<\/strong><\/p>\n\n\n\n<p>Des coups de feu ont provoqu\u00e9 une grande panique parmi les habitants.<\/p>\n\n\n\n<p>Toutefois, selon des sources s\u00e9curitaires, il s\u2019agissait d\u2019une incompr\u00e9hension entre des \u00e9l\u00e9ments de la Police Nationale Congolaise (PNC) et les Forces Arm\u00e9es de la RDC (FARDC), chacun ayant confondu l\u2019autre pour un ennemi.<\/p>\n\n\n\n<p>Le bilan provisoire fait \u00e9tat ,de deux policiers bless\u00e9s actuellement pris en charge \u00e0 l\u2019h\u00f4pital g\u00e9n\u00e9ral de r\u00e9f\u00e9rence d\u2019O\u00efcha. La situation est d\u00e9sormais sous contr\u00f4le, et les services de s\u00e9curit\u00e9 ont rassur\u00e9 la population, l\u2019invitant \u00e0 rentrer chez elle et \u00e0 reprendre normalement ses activit\u00e9s.<\/p>\n\n\n\n<p>Plus t\u00f4t dans la soir\u00e9e, Jean-Paul Paluku Ngahangondi, d\u00e9put\u00e9 provincial honoraire du Nord-Kivu et cadre du parti Ensemble pour la R\u00e9publique, avait lanc\u00e9 une alerte via les r\u00e9seaux sociaux \u00e0 20h30, signalant des coups de feu \u00e0 Mbimbi, notamment pr\u00e8s du site de Mulongokwanza.<\/p>\n\n\n\n<p>&#8220;La commune d\u2019O\u00efcha est secou\u00e9e par une vive panique. Des coups de feu continuent d\u2019\u00eatre entendus (\u2026). La population fuit massivement, craignant une nouvelle attaque rebelle des ADF,&#8221; a-t-il d\u00e9clar\u00e9.<\/p>\n\n\n\n<p>Cette alerte est intervenue moins de 24 heures apr\u00e8s une attaque meurtri\u00e8re dans le quartier Mabasele, ayant caus\u00e9 la mort de trois personnes, dont une femme d\u00e9c\u00e9d\u00e9e d&#8217;une crise cardiaque due \u00e0 l\u2019intensit\u00e9 des tirs. Le quartier de Mbimbi, vis\u00e9 ce soir, avait lui aussi \u00e9t\u00e9 cibl\u00e9 le 16 ao\u00fbt dernier, lors d&#8217;une attaque sanglante ayant fait plusieurs morts et de nombreuses maisons incendi\u00e9es.<\/p>\n\n\n\n<p>La r\u00e9daction<\/p>\n","protected":false},"excerpt":{"rendered":"<p>Contrairement aux craintes initiales de la population, aucune incursion des rebelles ADF n\u2019a eu lieu ce mercredi 27 ao\u00fbt vers 21h00 dans la localit\u00e9 de Kekelibo, en commune d\u2019O\u00efcha (territoire<\/p>\n","protected":false},"author":14,"featured_media":68935,"comment_status":"open","ping_status":"open","sticky":false,"template":"","format":"standard","meta":{"footnotes":""},"categories":[1],"tags":[],"class_list":["post-68936","post","type-post","status-publish","format-standard","has-post-thumbnail","hentry","category-actualite"],"yoast_head":"<!-- This site is optimized with the Yoast SEO plugin v27.3 - https:\/\/yoast.com\/product\/yoast-seo-wordpress\/ -->\n<title>Pas d\u2019incursion ADF \u00e0 O\u00efcha : tirs dus \u00e0 une confusion entre forces de s\u00e9curit\u00e9 - LES VOLCANS NEWS<\/title>\n<meta name=\"robots\" content=\"index, follow, max-snippet:-1, max-image-preview:large, max-video-preview:-1\" \/>\n<link rel=\"canonical\" href=\"https:\/\/lesvolcansnews.net\/?p=68936\" \/>\n<meta property=\"og:locale\" content=\"fr_FR\" \/>\n<meta property=\"og:type\" content=\"article\" \/>\n<meta property=\"og:title\" content=\"Pas d\u2019incursion ADF \u00e0 O\u00efcha : tirs dus \u00e0 une confusion entre forces de s\u00e9curit\u00e9 - LES VOLCANS NEWS\" \/>\n<meta property=\"og:description\" content=\"Contrairement aux craintes initiales de la population, aucune incursion des rebelles ADF n\u2019a eu lieu ce mercredi 27 ao\u00fbt vers 21h00 dans la localit\u00e9 de Kekelibo, en commune d\u2019O\u00efcha (territoire\" \/>\n<meta property=\"og:url\" content=\"https:\/\/lesvolcansnews.net\/?p=68936\" \/>\n<meta property=\"og:site_name\" content=\"LES VOLCANS NEWS\" \/>\n<meta property=\"article:published_time\" content=\"2025-08-27T20:44:53+00:00\" \/>\n<meta property=\"og:image\" content=\"https:\/\/lesvolcansnews.net\/wp-content\/uploads\/2025\/08\/Screenshot_20250827-214344.png\" \/>\n\t<meta property=\"og:image:width\" content=\"864\" \/>\n\t<meta property=\"og:image:height\" content=\"470\" \/>\n\t<meta property=\"og:image:type\" content=\"image\/png\" \/>\n<meta name=\"author\" content=\"R\u00e9daction - Les Volcans News\" \/>\n<meta name=\"twitter:card\" content=\"summary_large_image\" \/>\n<meta name=\"twitter:label1\" content=\"\u00c9crit par\" \/>\n\t<meta name=\"twitter:data1\" content=\"R\u00e9daction - Les Volcans News\" \/>\n\t<meta name=\"twitter:label2\" content=\"Dur\u00e9e de lecture estim\u00e9e\" \/>\n\t<meta name=\"twitter:data2\" content=\"1 minute\" \/>\n<script type=\"application\/ld+json\" class=\"yoast-schema-graph\">{\"@context\":\"https:\\\/\\\/schema.org\",\"@graph\":[{\"@type\":\"Article\",\"@id\":\"https:\\\/\\\/lesvolcansnews.net\\\/?p=68936#article\",\"isPartOf\":{\"@id\":\"https:\\\/\\\/lesvolcansnews.net\\\/?p=68936\"},\"author\":{\"name\":\"R\u00e9daction - Les Volcans News\",\"@id\":\"https:\\\/\\\/lesvolcansnews.net\\\/#\\\/schema\\\/person\\\/82c8bed2e77879ecf6cca63441f57354\"},\"headline\":\"Pas d\u2019incursion ADF \u00e0 O\u00efcha : tirs dus \u00e0 une confusion entre forces de s\u00e9curit\u00e9\",\"datePublished\":\"2025-08-27T20:44:53+00:00\",\"mainEntityOfPage\":{\"@id\":\"https:\\\/\\\/lesvolcansnews.net\\\/?p=68936\"},\"wordCount\":315,\"commentCount\":0,\"image\":{\"@id\":\"https:\\\/\\\/lesvolcansnews.net\\\/?p=68936#primaryimage\"},\"thumbnailUrl\":\"https:\\\/\\\/lesvolcansnews.net\\\/wp-content\\\/uploads\\\/2025\\\/08\\\/Screenshot_20250827-214344.png\",\"articleSection\":[\"ACTUALIT\u00c9\"],\"inLanguage\":\"fr-FR\",\"potentialAction\":[{\"@type\":\"CommentAction\",\"name\":\"Comment\",\"target\":[\"https:\\\/\\\/lesvolcansnews.net\\\/?p=68936#respond\"]}]},{\"@type\":\"WebPage\",\"@id\":\"https:\\\/\\\/lesvolcansnews.net\\\/?p=68936\",\"url\":\"https:\\\/\\\/lesvolcansnews.net\\\/?p=68936\",\"name\":\"Pas d\u2019incursion ADF \u00e0 O\u00efcha : tirs dus \u00e0 une confusion entre forces de s\u00e9curit\u00e9 - LES VOLCANS NEWS\",\"isPartOf\":{\"@id\":\"https:\\\/\\\/lesvolcansnews.net\\\/#website\"},\"primaryImageOfPage\":{\"@id\":\"https:\\\/\\\/lesvolcansnews.net\\\/?p=68936#primaryimage\"},\"image\":{\"@id\":\"https:\\\/\\\/lesvolcansnews.net\\\/?p=68936#primaryimage\"},\"thumbnailUrl\":\"https:\\\/\\\/lesvolcansnews.net\\\/wp-content\\\/uploads\\\/2025\\\/08\\\/Screenshot_20250827-214344.png\",\"datePublished\":\"2025-08-27T20:44:53+00:00\",\"author\":{\"@id\":\"https:\\\/\\\/lesvolcansnews.net\\\/#\\\/schema\\\/person\\\/82c8bed2e77879ecf6cca63441f57354\"},\"breadcrumb\":{\"@id\":\"https:\\\/\\\/lesvolcansnews.net\\\/?p=68936#breadcrumb\"},\"inLanguage\":\"fr-FR\",\"potentialAction\":[{\"@type\":\"ReadAction\",\"target\":[\"https:\\\/\\\/lesvolcansnews.net\\\/?p=68936\"]}]},{\"@type\":\"ImageObject\",\"inLanguage\":\"fr-FR\",\"@id\":\"https:\\\/\\\/lesvolcansnews.net\\\/?p=68936#primaryimage\",\"url\":\"https:\\\/\\\/lesvolcansnews.net\\\/wp-content\\\/uploads\\\/2025\\\/08\\\/Screenshot_20250827-214344.png\",\"contentUrl\":\"https:\\\/\\\/lesvolcansnews.net\\\/wp-content\\\/uploads\\\/2025\\\/08\\\/Screenshot_20250827-214344.png\",\"width\":864,\"height\":470},{\"@type\":\"BreadcrumbList\",\"@id\":\"https:\\\/\\\/lesvolcansnews.net\\\/?p=68936#breadcrumb\",\"itemListElement\":[{\"@type\":\"ListItem\",\"position\":1,\"name\":\"Accueil\",\"item\":\"https:\\\/\\\/lesvolcansnews.net\\\/\"},{\"@type\":\"ListItem\",\"position\":2,\"name\":\"Pas d\u2019incursion ADF \u00e0 O\u00efcha : tirs dus \u00e0 une confusion entre forces de s\u00e9curit\u00e9\"}]},{\"@type\":\"WebSite\",\"@id\":\"https:\\\/\\\/lesvolcansnews.net\\\/#website\",\"url\":\"https:\\\/\\\/lesvolcansnews.net\\\/\",\"name\":\"LES VOLCANS NEWS\",\"description\":\"L&#039;INFORMATION C&#039;EST NOUS\",\"potentialAction\":[{\"@type\":\"SearchAction\",\"target\":{\"@type\":\"EntryPoint\",\"urlTemplate\":\"https:\\\/\\\/lesvolcansnews.net\\\/?s={search_term_string}\"},\"query-input\":{\"@type\":\"PropertyValueSpecification\",\"valueRequired\":true,\"valueName\":\"search_term_string\"}}],\"inLanguage\":\"fr-FR\"},{\"@type\":\"Person\",\"@id\":\"https:\\\/\\\/lesvolcansnews.net\\\/#\\\/schema\\\/person\\\/82c8bed2e77879ecf6cca63441f57354\",\"name\":\"R\u00e9daction - Les Volcans News\",\"image\":{\"@type\":\"ImageObject\",\"inLanguage\":\"fr-FR\",\"@id\":\"https:\\\/\\\/secure.gravatar.com\\\/avatar\\\/8408942dd851e8a9c09f3d382a661bc05d2b3cd9002139bc1795b9528cdc6c80?s=96&d=mm&r=g\",\"url\":\"https:\\\/\\\/secure.gravatar.com\\\/avatar\\\/8408942dd851e8a9c09f3d382a661bc05d2b3cd9002139bc1795b9528cdc6c80?s=96&d=mm&r=g\",\"contentUrl\":\"https:\\\/\\\/secure.gravatar.com\\\/avatar\\\/8408942dd851e8a9c09f3d382a661bc05d2b3cd9002139bc1795b9528cdc6c80?s=96&d=mm&r=g\",\"caption\":\"R\u00e9daction - Les Volcans News\"},\"url\":\"https:\\\/\\\/lesvolcansnews.net\\\/?author=14\"}]}<\/script>\n<!-- \/ Yoast SEO plugin. -->","yoast_head_json":{"title":"Pas d\u2019incursion ADF \u00e0 O\u00efcha : tirs dus \u00e0 une confusion entre forces de s\u00e9curit\u00e9 - LES VOLCANS NEWS","robots":{"index":"index","follow":"follow","max-snippet":"max-snippet:-1","max-image-preview":"max-image-preview:large","max-video-preview":"max-video-preview:-1"},"canonical":"https:\/\/lesvolcansnews.net\/?p=68936","og_locale":"fr_FR","og_type":"article","og_title":"Pas d\u2019incursion ADF \u00e0 O\u00efcha : tirs dus \u00e0 une confusion entre forces de s\u00e9curit\u00e9 - LES VOLCANS NEWS","og_description":"Contrairement aux craintes initiales de la population, aucune incursion des rebelles ADF n\u2019a eu lieu ce mercredi 27 ao\u00fbt vers 21h00 dans la localit\u00e9 de Kekelibo, en commune d\u2019O\u00efcha (territoire","og_url":"https:\/\/lesvolcansnews.net\/?p=68936","og_site_name":"LES VOLCANS NEWS","article_published_time":"2025-08-27T20:44:53+00:00","og_image":[{"width":864,"height":470,"url":"https:\/\/lesvolcansnews.net\/wp-content\/uploads\/2025\/08\/Screenshot_20250827-214344.png","type":"image\/png"}],"author":"R\u00e9daction - Les Volcans News","twitter_card":"summary_large_image","twitter_misc":{"\u00c9crit par":"R\u00e9daction - Les Volcans News","Dur\u00e9e de lecture estim\u00e9e":"1 minute"},"schema":{"@context":"https:\/\/schema.org","@graph":[{"@type":"Article","@id":"https:\/\/lesvolcansnews.net\/?p=68936#article","isPartOf":{"@id":"https:\/\/lesvolcansnews.net\/?p=68936"},"author":{"name":"R\u00e9daction - Les Volcans News","@id":"https:\/\/lesvolcansnews.net\/#\/schema\/person\/82c8bed2e77879ecf6cca63441f57354"},"headline":"Pas d\u2019incursion ADF \u00e0 O\u00efcha : tirs dus \u00e0 une confusion entre forces de s\u00e9curit\u00e9","datePublished":"2025-08-27T20:44:53+00:00","mainEntityOfPage":{"@id":"https:\/\/lesvolcansnews.net\/?p=68936"},"wordCount":315,"commentCount":0,"image":{"@id":"https:\/\/lesvolcansnews.net\/?p=68936#primaryimage"},"thumbnailUrl":"https:\/\/lesvolcansnews.net\/wp-content\/uploads\/2025\/08\/Screenshot_20250827-214344.png","articleSection":["ACTUALIT\u00c9"],"inLanguage":"fr-FR","potentialAction":[{"@type":"CommentAction","name":"Comment","target":["https:\/\/lesvolcansnews.net\/?p=68936#respond"]}]},{"@type":"WebPage","@id":"https:\/\/lesvolcansnews.net\/?p=68936","url":"https:\/\/lesvolcansnews.net\/?p=68936","name":"Pas d\u2019incursion ADF \u00e0 O\u00efcha : tirs dus \u00e0 une confusion entre forces de s\u00e9curit\u00e9 - LES VOLCANS NEWS","isPartOf":{"@id":"https:\/\/lesvolcansnews.net\/#website"},"primaryImageOfPage":{"@id":"https:\/\/lesvolcansnews.net\/?p=68936#primaryimage"},"image":{"@id":"https:\/\/lesvolcansnews.net\/?p=68936#primaryimage"},"thumbnailUrl":"https:\/\/lesvolcansnews.net\/wp-content\/uploads\/2025\/08\/Screenshot_20250827-214344.png","datePublished":"2025-08-27T20:44:53+00:00","author":{"@id":"https:\/\/lesvolcansnews.net\/#\/schema\/person\/82c8bed2e77879ecf6cca63441f57354"},"breadcrumb":{"@id":"https:\/\/lesvolcansnews.net\/?p=68936#breadcrumb"},"inLanguage":"fr-FR","potentialAction":[{"@type":"ReadAction","target":["https:\/\/lesvolcansnews.net\/?p=68936"]}]},{"@type":"ImageObject","inLanguage":"fr-FR","@id":"https:\/\/lesvolcansnews.net\/?p=68936#primaryimage","url":"https:\/\/lesvolcansnews.net\/wp-content\/uploads\/2025\/08\/Screenshot_20250827-214344.png","contentUrl":"https:\/\/lesvolcansnews.net\/wp-content\/uploads\/2025\/08\/Screenshot_20250827-214344.png","width":864,"height":470},{"@type":"BreadcrumbList","@id":"https:\/\/lesvolcansnews.net\/?p=68936#breadcrumb","itemListElement":[{"@type":"ListItem","position":1,"name":"Accueil","item":"https:\/\/lesvolcansnews.net\/"},{"@type":"ListItem","position":2,"name":"Pas d\u2019incursion ADF \u00e0 O\u00efcha : tirs dus \u00e0 une confusion entre forces de s\u00e9curit\u00e9"}]},{"@type":"WebSite","@id":"https:\/\/lesvolcansnews.net\/#website","url":"https:\/\/lesvolcansnews.net\/","name":"LES VOLCANS NEWS","description":"L&#039;INFORMATION C&#039;EST NOUS","potentialAction":[{"@type":"SearchAction","target":{"@type":"EntryPoint","urlTemplate":"https:\/\/lesvolcansnews.net\/?s={search_term_string}"},"query-input":{"@type":"PropertyValueSpecification","valueRequired":true,"valueName":"search_term_string"}}],"inLanguage":"fr-FR"},{"@type":"Person","@id":"https:\/\/lesvolcansnews.net\/#\/schema\/person\/82c8bed2e77879ecf6cca63441f57354","name":"R\u00e9daction - Les Volcans News","image":{"@type":"ImageObject","inLanguage":"fr-FR","@id":"https:\/\/secure.gravatar.com\/avatar\/8408942dd851e8a9c09f3d382a661bc05d2b3cd9002139bc1795b9528cdc6c80?s=96&d=mm&r=g","url":"https:\/\/secure.gravatar.com\/avatar\/8408942dd851e8a9c09f3d382a661bc05d2b3cd9002139bc1795b9528cdc6c80?s=96&d=mm&r=g","contentUrl":"https:\/\/secure.gravatar.com\/avatar\/8408942dd851e8a9c09f3d382a661bc05d2b3cd9002139bc1795b9528cdc6c80?s=96&d=mm&r=g","caption":"R\u00e9daction - Les Volcans News"},"url":"https:\/\/lesvolcansnews.net\/?author=14"}]}},"_links":{"self":[{"href":"https:\/\/lesvolcansnews.net\/index.php?rest_route=\/wp\/v2\/posts\/68936","targetHints":{"allow":["GET"]}}],"collection":[{"href":"https:\/\/lesvolcansnews.net\/index.php?rest_route=\/wp\/v2\/posts"}],"about":[{"href":"https:\/\/lesvolcansnews.net\/index.php?rest_route=\/wp\/v2\/types\/post"}],"author":[{"embeddable":true,"href":"https:\/\/lesvolcansnews.net\/index.php?rest_route=\/wp\/v2\/users\/14"}],"replies":[{"embeddable":true,"href":"https:\/\/lesvolcansnews.net\/index.php?rest_route=%2Fwp%2Fv2%2Fcomments&post=68936"}],"version-history":[{"count":0,"href":"https:\/\/lesvolcansnews.net\/index.php?rest_route=\/wp\/v2\/posts\/68936\/revisions"}],"wp:featuredmedia":[{"embeddable":true,"href":"https:\/\/lesvolcansnews.net\/index.php?rest_route=\/wp\/v2\/media\/68935"}],"wp:attachment":[{"href":"https:\/\/lesvolcansnews.net\/index.php?rest_route=%2Fwp%2Fv2%2Fmedia&parent=68936"}],"wp:term":[{"taxonomy":"category","embeddable":true,"href":"https:\/\/lesvolcansnews.net\/index.php?rest_route=%2Fwp%2Fv2%2Fcategories&post=68936"},{"taxonomy":"post_tag","embeddable":true,"href":"https:\/\/lesvolcansnews.net\/index.php?rest_route=%2Fwp%2Fv2%2Ftags&post=68936"}],"curies":[{"name":"wp","href":"https:\/\/api.w.org\/{rel}","templated":true}]}}