{"id":68934,"date":"2025-08-27T21:04:29","date_gmt":"2025-08-27T19:04:29","guid":{"rendered":"https:\/\/lesvolcansnews.net\/2025\/08\/27\/ituri-au-lancement-de-la-vaccination-contre-la-poliomyelite-limplication-de-tous-recommandee\/"},"modified":"2025-08-27T21:04:29","modified_gmt":"2025-08-27T19:04:29","slug":"ituri-au-lancement-de-la-vaccination-contre-la-poliomyelite-limplication-de-tous-recommandee","status":"publish","type":"post","link":"https:\/\/lesvolcansnews.net\/?p=68934","title":{"rendered":"Ituri : au lancement de la vaccination contre la poliomy\u00e9lite, l&#8217;implication de tous recommand\u00e9e"},"content":{"rendered":"\n<p><br><br>Lancement ce mercredi 27 ao\u00fbt 2025 de la campagne de vaccination contre la poliomy\u00e9lite dans toutes les 36 zones de sant\u00e9 de la province de l&#8217;Ituri. Durant 3 jours, plus d&#8217;un million d&#8217;enfants de 0 \u00e0 5 ans sont attendus par cette campagne dont le go a \u00e9t\u00e9 donn\u00e9 par le commandant de la 32 \u00e8me r\u00e9gion militaire, le g\u00e9n\u00e9ral major David Mushimba.<br><br>\u00ab Vacciner c&#8217;est aimer, vacciner c&#8217;est prot\u00e9ger \u00bb, c&#8217;est sous ce slogan qu&#8217;a \u00e9t\u00e9 lanc\u00e9e la campagne de vaccination contre la poliomy\u00e9lite en province de l&#8217;Ituri. Selon le Docteur Marcel Lola, chef de la Division provinciale de la sant\u00e9, plus d&#8217;un million cinq cent enfants r\u00e9partis dans 36 zones de sant\u00e9 sont attendus \u00e0 recevoir deux gouttes salvatrices pour lutter contre ce fl\u00e9au qui rend infime les enfants dans le futur. <br><br>Dans un contexte marqu\u00e9 par l&#8217;ins\u00e9curit\u00e9 en Ituri, l&#8217;\u00e9quipe de vaccination passera porte \u00e0 porte afin d&#8217;atteindre chaque enfant avec un jour suppl\u00e9mentaire pr\u00e9vu pour rattraper ce qui n&#8217;auront pas pu \u00eatre vaccin\u00e9 dans le d\u00e9lai initial. <br><br>Le g\u00e9n\u00e9ral major David Mushimba, commandant de la 32 \u00e8me r\u00e9gion militaire, repr\u00e9sentant le gouverneur militaire \u00e0 cette c\u00e9r\u00e9monie, a appel\u00e9 les parents, les leaders communautaires et religieux \u00e0 s&#8217;impliquer pleinement dans cette campagne car vacciner l&#8217;enfant est un signe d&#8217;amour&nbsp; sur sa protection.<br><br>Les partenaires du gouvernement dans le domaine sanitaire pr\u00e9sents \u00e0 cette c\u00e9r\u00e9monie ont r\u00e9it\u00e9r\u00e9 leur engagement \u00e0 accompagner le gouvernement congolais dans la lutte contre la poliomy\u00e9lite.<br><br>R\u00e9daction<\/p>\n","protected":false},"excerpt":{"rendered":"<p>Lancement ce mercredi 27 ao\u00fbt 2025 de la campagne de vaccination contre la poliomy\u00e9lite dans toutes les 36 zones de sant\u00e9 de la province de l&#8217;Ituri. Durant 3 jours, plus<\/p>\n","protected":false},"author":14,"featured_media":68933,"comment_status":"open","ping_status":"open","sticky":false,"template":"","format":"standard","meta":{"footnotes":""},"categories":[1],"tags":[],"class_list":["post-68934","post","type-post","status-publish","format-standard","has-post-thumbnail","hentry","category-actualite"],"yoast_head":"<!-- This site is optimized with the Yoast SEO plugin v27.3 - https:\/\/yoast.com\/product\/yoast-seo-wordpress\/ -->\n<title>Ituri : au lancement de la vaccination contre la poliomy\u00e9lite, l&#039;implication de tous recommand\u00e9e - LES VOLCANS NEWS<\/title>\n<meta name=\"robots\" content=\"index, follow, max-snippet:-1, max-image-preview:large, max-video-preview:-1\" \/>\n<link rel=\"canonical\" href=\"https:\/\/lesvolcansnews.net\/?p=68934\" \/>\n<meta property=\"og:locale\" content=\"fr_FR\" \/>\n<meta property=\"og:type\" content=\"article\" \/>\n<meta property=\"og:title\" content=\"Ituri : au lancement de la vaccination contre la poliomy\u00e9lite, l&#039;implication de tous recommand\u00e9e - LES VOLCANS NEWS\" \/>\n<meta property=\"og:description\" content=\"Lancement ce mercredi 27 ao\u00fbt 2025 de la campagne de vaccination contre la poliomy\u00e9lite dans toutes les 36 zones de sant\u00e9 de la province de l&#8217;Ituri. Durant 3 jours, plus\" \/>\n<meta property=\"og:url\" content=\"https:\/\/lesvolcansnews.net\/?p=68934\" \/>\n<meta property=\"og:site_name\" content=\"LES VOLCANS NEWS\" \/>\n<meta property=\"article:published_time\" content=\"2025-08-27T19:04:29+00:00\" \/>\n<meta property=\"og:image\" content=\"https:\/\/lesvolcansnews.net\/wp-content\/uploads\/2025\/08\/IMG-20250827-WA0692.jpg\" \/>\n\t<meta property=\"og:image:width\" content=\"1080\" \/>\n\t<meta property=\"og:image:height\" content=\"809\" \/>\n\t<meta property=\"og:image:type\" content=\"image\/jpeg\" \/>\n<meta name=\"author\" content=\"R\u00e9daction - Les Volcans News\" \/>\n<meta name=\"twitter:card\" content=\"summary_large_image\" \/>\n<meta name=\"twitter:label1\" content=\"\u00c9crit par\" \/>\n\t<meta name=\"twitter:data1\" content=\"R\u00e9daction - Les Volcans News\" \/>\n\t<meta name=\"twitter:label2\" content=\"Dur\u00e9e de lecture estim\u00e9e\" \/>\n\t<meta name=\"twitter:data2\" content=\"1 minute\" \/>\n<script type=\"application\/ld+json\" class=\"yoast-schema-graph\">{\"@context\":\"https:\\\/\\\/schema.org\",\"@graph\":[{\"@type\":\"Article\",\"@id\":\"https:\\\/\\\/lesvolcansnews.net\\\/?p=68934#article\",\"isPartOf\":{\"@id\":\"https:\\\/\\\/lesvolcansnews.net\\\/?p=68934\"},\"author\":{\"name\":\"R\u00e9daction - Les Volcans News\",\"@id\":\"https:\\\/\\\/lesvolcansnews.net\\\/#\\\/schema\\\/person\\\/82c8bed2e77879ecf6cca63441f57354\"},\"headline\":\"Ituri : au lancement de la vaccination contre la poliomy\u00e9lite, l&#8217;implication de tous recommand\u00e9e\",\"datePublished\":\"2025-08-27T19:04:29+00:00\",\"mainEntityOfPage\":{\"@id\":\"https:\\\/\\\/lesvolcansnews.net\\\/?p=68934\"},\"wordCount\":285,\"commentCount\":0,\"image\":{\"@id\":\"https:\\\/\\\/lesvolcansnews.net\\\/?p=68934#primaryimage\"},\"thumbnailUrl\":\"https:\\\/\\\/lesvolcansnews.net\\\/wp-content\\\/uploads\\\/2025\\\/08\\\/IMG-20250827-WA0692.jpg\",\"articleSection\":[\"ACTUALIT\u00c9\"],\"inLanguage\":\"fr-FR\",\"potentialAction\":[{\"@type\":\"CommentAction\",\"name\":\"Comment\",\"target\":[\"https:\\\/\\\/lesvolcansnews.net\\\/?p=68934#respond\"]}]},{\"@type\":\"WebPage\",\"@id\":\"https:\\\/\\\/lesvolcansnews.net\\\/?p=68934\",\"url\":\"https:\\\/\\\/lesvolcansnews.net\\\/?p=68934\",\"name\":\"Ituri : au lancement de la vaccination contre la poliomy\u00e9lite, l'implication de tous recommand\u00e9e - LES VOLCANS NEWS\",\"isPartOf\":{\"@id\":\"https:\\\/\\\/lesvolcansnews.net\\\/#website\"},\"primaryImageOfPage\":{\"@id\":\"https:\\\/\\\/lesvolcansnews.net\\\/?p=68934#primaryimage\"},\"image\":{\"@id\":\"https:\\\/\\\/lesvolcansnews.net\\\/?p=68934#primaryimage\"},\"thumbnailUrl\":\"https:\\\/\\\/lesvolcansnews.net\\\/wp-content\\\/uploads\\\/2025\\\/08\\\/IMG-20250827-WA0692.jpg\",\"datePublished\":\"2025-08-27T19:04:29+00:00\",\"author\":{\"@id\":\"https:\\\/\\\/lesvolcansnews.net\\\/#\\\/schema\\\/person\\\/82c8bed2e77879ecf6cca63441f57354\"},\"breadcrumb\":{\"@id\":\"https:\\\/\\\/lesvolcansnews.net\\\/?p=68934#breadcrumb\"},\"inLanguage\":\"fr-FR\",\"potentialAction\":[{\"@type\":\"ReadAction\",\"target\":[\"https:\\\/\\\/lesvolcansnews.net\\\/?p=68934\"]}]},{\"@type\":\"ImageObject\",\"inLanguage\":\"fr-FR\",\"@id\":\"https:\\\/\\\/lesvolcansnews.net\\\/?p=68934#primaryimage\",\"url\":\"https:\\\/\\\/lesvolcansnews.net\\\/wp-content\\\/uploads\\\/2025\\\/08\\\/IMG-20250827-WA0692.jpg\",\"contentUrl\":\"https:\\\/\\\/lesvolcansnews.net\\\/wp-content\\\/uploads\\\/2025\\\/08\\\/IMG-20250827-WA0692.jpg\",\"width\":1080,\"height\":809},{\"@type\":\"BreadcrumbList\",\"@id\":\"https:\\\/\\\/lesvolcansnews.net\\\/?p=68934#breadcrumb\",\"itemListElement\":[{\"@type\":\"ListItem\",\"position\":1,\"name\":\"Accueil\",\"item\":\"https:\\\/\\\/lesvolcansnews.net\\\/\"},{\"@type\":\"ListItem\",\"position\":2,\"name\":\"Ituri : au lancement de la vaccination contre la poliomy\u00e9lite, l&#8217;implication de tous recommand\u00e9e\"}]},{\"@type\":\"WebSite\",\"@id\":\"https:\\\/\\\/lesvolcansnews.net\\\/#website\",\"url\":\"https:\\\/\\\/lesvolcansnews.net\\\/\",\"name\":\"LES VOLCANS NEWS\",\"description\":\"L&#039;INFORMATION C&#039;EST NOUS\",\"potentialAction\":[{\"@type\":\"SearchAction\",\"target\":{\"@type\":\"EntryPoint\",\"urlTemplate\":\"https:\\\/\\\/lesvolcansnews.net\\\/?s={search_term_string}\"},\"query-input\":{\"@type\":\"PropertyValueSpecification\",\"valueRequired\":true,\"valueName\":\"search_term_string\"}}],\"inLanguage\":\"fr-FR\"},{\"@type\":\"Person\",\"@id\":\"https:\\\/\\\/lesvolcansnews.net\\\/#\\\/schema\\\/person\\\/82c8bed2e77879ecf6cca63441f57354\",\"name\":\"R\u00e9daction - Les Volcans News\",\"image\":{\"@type\":\"ImageObject\",\"inLanguage\":\"fr-FR\",\"@id\":\"https:\\\/\\\/secure.gravatar.com\\\/avatar\\\/8408942dd851e8a9c09f3d382a661bc05d2b3cd9002139bc1795b9528cdc6c80?s=96&d=mm&r=g\",\"url\":\"https:\\\/\\\/secure.gravatar.com\\\/avatar\\\/8408942dd851e8a9c09f3d382a661bc05d2b3cd9002139bc1795b9528cdc6c80?s=96&d=mm&r=g\",\"contentUrl\":\"https:\\\/\\\/secure.gravatar.com\\\/avatar\\\/8408942dd851e8a9c09f3d382a661bc05d2b3cd9002139bc1795b9528cdc6c80?s=96&d=mm&r=g\",\"caption\":\"R\u00e9daction - Les Volcans News\"},\"url\":\"https:\\\/\\\/lesvolcansnews.net\\\/?author=14\"}]}<\/script>\n<!-- \/ Yoast SEO plugin. -->","yoast_head_json":{"title":"Ituri : au lancement de la vaccination contre la poliomy\u00e9lite, l'implication de tous recommand\u00e9e - LES VOLCANS NEWS","robots":{"index":"index","follow":"follow","max-snippet":"max-snippet:-1","max-image-preview":"max-image-preview:large","max-video-preview":"max-video-preview:-1"},"canonical":"https:\/\/lesvolcansnews.net\/?p=68934","og_locale":"fr_FR","og_type":"article","og_title":"Ituri : au lancement de la vaccination contre la poliomy\u00e9lite, l'implication de tous recommand\u00e9e - LES VOLCANS NEWS","og_description":"Lancement ce mercredi 27 ao\u00fbt 2025 de la campagne de vaccination contre la poliomy\u00e9lite dans toutes les 36 zones de sant\u00e9 de la province de l&#8217;Ituri. Durant 3 jours, plus","og_url":"https:\/\/lesvolcansnews.net\/?p=68934","og_site_name":"LES VOLCANS NEWS","article_published_time":"2025-08-27T19:04:29+00:00","og_image":[{"width":1080,"height":809,"url":"https:\/\/lesvolcansnews.net\/wp-content\/uploads\/2025\/08\/IMG-20250827-WA0692.jpg","type":"image\/jpeg"}],"author":"R\u00e9daction - Les Volcans News","twitter_card":"summary_large_image","twitter_misc":{"\u00c9crit par":"R\u00e9daction - Les Volcans News","Dur\u00e9e de lecture estim\u00e9e":"1 minute"},"schema":{"@context":"https:\/\/schema.org","@graph":[{"@type":"Article","@id":"https:\/\/lesvolcansnews.net\/?p=68934#article","isPartOf":{"@id":"https:\/\/lesvolcansnews.net\/?p=68934"},"author":{"name":"R\u00e9daction - Les Volcans News","@id":"https:\/\/lesvolcansnews.net\/#\/schema\/person\/82c8bed2e77879ecf6cca63441f57354"},"headline":"Ituri : au lancement de la vaccination contre la poliomy\u00e9lite, l&#8217;implication de tous recommand\u00e9e","datePublished":"2025-08-27T19:04:29+00:00","mainEntityOfPage":{"@id":"https:\/\/lesvolcansnews.net\/?p=68934"},"wordCount":285,"commentCount":0,"image":{"@id":"https:\/\/lesvolcansnews.net\/?p=68934#primaryimage"},"thumbnailUrl":"https:\/\/lesvolcansnews.net\/wp-content\/uploads\/2025\/08\/IMG-20250827-WA0692.jpg","articleSection":["ACTUALIT\u00c9"],"inLanguage":"fr-FR","potentialAction":[{"@type":"CommentAction","name":"Comment","target":["https:\/\/lesvolcansnews.net\/?p=68934#respond"]}]},{"@type":"WebPage","@id":"https:\/\/lesvolcansnews.net\/?p=68934","url":"https:\/\/lesvolcansnews.net\/?p=68934","name":"Ituri : au lancement de la vaccination contre la poliomy\u00e9lite, l'implication de tous recommand\u00e9e - LES VOLCANS NEWS","isPartOf":{"@id":"https:\/\/lesvolcansnews.net\/#website"},"primaryImageOfPage":{"@id":"https:\/\/lesvolcansnews.net\/?p=68934#primaryimage"},"image":{"@id":"https:\/\/lesvolcansnews.net\/?p=68934#primaryimage"},"thumbnailUrl":"https:\/\/lesvolcansnews.net\/wp-content\/uploads\/2025\/08\/IMG-20250827-WA0692.jpg","datePublished":"2025-08-27T19:04:29+00:00","author":{"@id":"https:\/\/lesvolcansnews.net\/#\/schema\/person\/82c8bed2e77879ecf6cca63441f57354"},"breadcrumb":{"@id":"https:\/\/lesvolcansnews.net\/?p=68934#breadcrumb"},"inLanguage":"fr-FR","potentialAction":[{"@type":"ReadAction","target":["https:\/\/lesvolcansnews.net\/?p=68934"]}]},{"@type":"ImageObject","inLanguage":"fr-FR","@id":"https:\/\/lesvolcansnews.net\/?p=68934#primaryimage","url":"https:\/\/lesvolcansnews.net\/wp-content\/uploads\/2025\/08\/IMG-20250827-WA0692.jpg","contentUrl":"https:\/\/lesvolcansnews.net\/wp-content\/uploads\/2025\/08\/IMG-20250827-WA0692.jpg","width":1080,"height":809},{"@type":"BreadcrumbList","@id":"https:\/\/lesvolcansnews.net\/?p=68934#breadcrumb","itemListElement":[{"@type":"ListItem","position":1,"name":"Accueil","item":"https:\/\/lesvolcansnews.net\/"},{"@type":"ListItem","position":2,"name":"Ituri : au lancement de la vaccination contre la poliomy\u00e9lite, l&#8217;implication de tous recommand\u00e9e"}]},{"@type":"WebSite","@id":"https:\/\/lesvolcansnews.net\/#website","url":"https:\/\/lesvolcansnews.net\/","name":"LES VOLCANS NEWS","description":"L&#039;INFORMATION C&#039;EST NOUS","potentialAction":[{"@type":"SearchAction","target":{"@type":"EntryPoint","urlTemplate":"https:\/\/lesvolcansnews.net\/?s={search_term_string}"},"query-input":{"@type":"PropertyValueSpecification","valueRequired":true,"valueName":"search_term_string"}}],"inLanguage":"fr-FR"},{"@type":"Person","@id":"https:\/\/lesvolcansnews.net\/#\/schema\/person\/82c8bed2e77879ecf6cca63441f57354","name":"R\u00e9daction - Les Volcans News","image":{"@type":"ImageObject","inLanguage":"fr-FR","@id":"https:\/\/secure.gravatar.com\/avatar\/8408942dd851e8a9c09f3d382a661bc05d2b3cd9002139bc1795b9528cdc6c80?s=96&d=mm&r=g","url":"https:\/\/secure.gravatar.com\/avatar\/8408942dd851e8a9c09f3d382a661bc05d2b3cd9002139bc1795b9528cdc6c80?s=96&d=mm&r=g","contentUrl":"https:\/\/secure.gravatar.com\/avatar\/8408942dd851e8a9c09f3d382a661bc05d2b3cd9002139bc1795b9528cdc6c80?s=96&d=mm&r=g","caption":"R\u00e9daction - Les Volcans News"},"url":"https:\/\/lesvolcansnews.net\/?author=14"}]}},"_links":{"self":[{"href":"https:\/\/lesvolcansnews.net\/index.php?rest_route=\/wp\/v2\/posts\/68934","targetHints":{"allow":["GET"]}}],"collection":[{"href":"https:\/\/lesvolcansnews.net\/index.php?rest_route=\/wp\/v2\/posts"}],"about":[{"href":"https:\/\/lesvolcansnews.net\/index.php?rest_route=\/wp\/v2\/types\/post"}],"author":[{"embeddable":true,"href":"https:\/\/lesvolcansnews.net\/index.php?rest_route=\/wp\/v2\/users\/14"}],"replies":[{"embeddable":true,"href":"https:\/\/lesvolcansnews.net\/index.php?rest_route=%2Fwp%2Fv2%2Fcomments&post=68934"}],"version-history":[{"count":0,"href":"https:\/\/lesvolcansnews.net\/index.php?rest_route=\/wp\/v2\/posts\/68934\/revisions"}],"wp:featuredmedia":[{"embeddable":true,"href":"https:\/\/lesvolcansnews.net\/index.php?rest_route=\/wp\/v2\/media\/68933"}],"wp:attachment":[{"href":"https:\/\/lesvolcansnews.net\/index.php?rest_route=%2Fwp%2Fv2%2Fmedia&parent=68934"}],"wp:term":[{"taxonomy":"category","embeddable":true,"href":"https:\/\/lesvolcansnews.net\/index.php?rest_route=%2Fwp%2Fv2%2Fcategories&post=68934"},{"taxonomy":"post_tag","embeddable":true,"href":"https:\/\/lesvolcansnews.net\/index.php?rest_route=%2Fwp%2Fv2%2Ftags&post=68934"}],"curies":[{"name":"wp","href":"https:\/\/api.w.org\/{rel}","templated":true}]}}