{"id":68925,"date":"2025-08-27T13:34:53","date_gmt":"2025-08-27T11:34:53","guid":{"rendered":"https:\/\/lesvolcansnews.net\/2025\/08\/27\/beni-panique-a-oicha-la-population-fuit-apres-une-rumeur-sur-la-presence-des-adf\/"},"modified":"2025-08-27T13:34:53","modified_gmt":"2025-08-27T11:34:53","slug":"beni-panique-a-oicha-la-population-fuit-apres-une-rumeur-sur-la-presence-des-adf","status":"publish","type":"post","link":"https:\/\/lesvolcansnews.net\/?p=68925","title":{"rendered":"Beni : Panique \u00e0 Oicha, la population fuit apr\u00e8s une rumeur sur la pr\u00e9sence des ADF"},"content":{"rendered":"\n<p><\/p>\n\n\n\n<p><strong>Une panique s\u2019est empar\u00e9e du quartier Mabasele, \u00e0 l\u2019ouest de la commune d\u2019Oicha, ce mercredi 27 ao\u00fbt matin, poussant une grande partie des habitants \u00e0 fuir, craignant une incursion des rebelles ADF.<\/strong><\/p>\n\n\n\n<p>Selon des t\u00e9moins, la peur s\u2019est propag\u00e9e apr\u00e8s des rumeurs faisant \u00e9tat d\u2019un enl\u00e8vement de civils.<\/p>\n\n\n\n<p>Cependant, une source administrative locale a tenu \u00e0 rassurer la population : \u00ab Il ne s\u2019agit pas des ADF, mais d\u2019un groupe de militaires FARDC qui ont interpell\u00e9 deux civils pour les interroger. C\u2019est lorsqu\u2019ils les emmenaient que d\u2019autres habitants ont paniqu\u00e9, pensant \u00e0 une attaque rebelle \u00bb.<\/p>\n\n\n\n<p>La tension reste vive \u00e0 Oicha, o\u00f9 deux civils ont \u00e9t\u00e9 tu\u00e9s la veille lors d\u2019une attaque attribu\u00e9e aux Forces d\u00e9mocratiques alli\u00e9es (ADF) dans le m\u00eame quartier pourtant le m\u00eame jour que le gouverneur Somo \u00e9tait de passage \u00e0 Oicha.<\/p>\n\n\n\n<p>Les services de s\u00e9curit\u00e9 affirment \u00eatre \u00e0 la poursuite des assaillants responsables de cette attaque.<\/p>\n\n\n\n<p>La r\u00e9daction<\/p>\n","protected":false},"excerpt":{"rendered":"<p>Une panique s\u2019est empar\u00e9e du quartier Mabasele, \u00e0 l\u2019ouest de la commune d\u2019Oicha, ce mercredi 27 ao\u00fbt matin, poussant une grande partie des habitants \u00e0 fuir, craignant une incursion des<\/p>\n","protected":false},"author":14,"featured_media":68924,"comment_status":"open","ping_status":"open","sticky":false,"template":"","format":"standard","meta":{"footnotes":""},"categories":[32],"tags":[],"class_list":["post-68925","post","type-post","status-publish","format-standard","has-post-thumbnail","hentry","category-securite"],"yoast_head":"<!-- This site is optimized with the Yoast SEO plugin v27.3 - https:\/\/yoast.com\/product\/yoast-seo-wordpress\/ -->\n<title>Beni : Panique \u00e0 Oicha, la population fuit apr\u00e8s une rumeur sur la pr\u00e9sence des ADF - LES VOLCANS NEWS<\/title>\n<meta name=\"robots\" content=\"index, follow, max-snippet:-1, max-image-preview:large, max-video-preview:-1\" \/>\n<link rel=\"canonical\" href=\"https:\/\/lesvolcansnews.net\/?p=68925\" \/>\n<meta property=\"og:locale\" content=\"fr_FR\" \/>\n<meta property=\"og:type\" content=\"article\" \/>\n<meta property=\"og:title\" content=\"Beni : Panique \u00e0 Oicha, la population fuit apr\u00e8s une rumeur sur la pr\u00e9sence des ADF - LES VOLCANS NEWS\" \/>\n<meta property=\"og:description\" content=\"Une panique s\u2019est empar\u00e9e du quartier Mabasele, \u00e0 l\u2019ouest de la commune d\u2019Oicha, ce mercredi 27 ao\u00fbt matin, poussant une grande partie des habitants \u00e0 fuir, craignant une incursion des\" \/>\n<meta property=\"og:url\" content=\"https:\/\/lesvolcansnews.net\/?p=68925\" \/>\n<meta property=\"og:site_name\" content=\"LES VOLCANS NEWS\" \/>\n<meta property=\"article:published_time\" content=\"2025-08-27T11:34:53+00:00\" \/>\n<meta property=\"og:image\" content=\"https:\/\/lesvolcansnews.net\/wp-content\/uploads\/2025\/08\/IMG-20210121-WA0086.jpg\" \/>\n\t<meta property=\"og:image:width\" content=\"768\" \/>\n\t<meta property=\"og:image:height\" content=\"384\" \/>\n\t<meta property=\"og:image:type\" content=\"image\/jpeg\" \/>\n<meta name=\"author\" content=\"R\u00e9daction - Les Volcans News\" \/>\n<meta name=\"twitter:card\" content=\"summary_large_image\" \/>\n<meta name=\"twitter:label1\" content=\"\u00c9crit par\" \/>\n\t<meta name=\"twitter:data1\" content=\"R\u00e9daction - Les Volcans News\" \/>\n\t<meta name=\"twitter:label2\" content=\"Dur\u00e9e de lecture estim\u00e9e\" \/>\n\t<meta name=\"twitter:data2\" content=\"1 minute\" \/>\n<script type=\"application\/ld+json\" class=\"yoast-schema-graph\">{\"@context\":\"https:\\\/\\\/schema.org\",\"@graph\":[{\"@type\":\"Article\",\"@id\":\"https:\\\/\\\/lesvolcansnews.net\\\/?p=68925#article\",\"isPartOf\":{\"@id\":\"https:\\\/\\\/lesvolcansnews.net\\\/?p=68925\"},\"author\":{\"name\":\"R\u00e9daction - Les Volcans News\",\"@id\":\"https:\\\/\\\/lesvolcansnews.net\\\/#\\\/schema\\\/person\\\/82c8bed2e77879ecf6cca63441f57354\"},\"headline\":\"Beni : Panique \u00e0 Oicha, la population fuit apr\u00e8s une rumeur sur la pr\u00e9sence des ADF\",\"datePublished\":\"2025-08-27T11:34:53+00:00\",\"mainEntityOfPage\":{\"@id\":\"https:\\\/\\\/lesvolcansnews.net\\\/?p=68925\"},\"wordCount\":183,\"commentCount\":0,\"image\":{\"@id\":\"https:\\\/\\\/lesvolcansnews.net\\\/?p=68925#primaryimage\"},\"thumbnailUrl\":\"https:\\\/\\\/lesvolcansnews.net\\\/wp-content\\\/uploads\\\/2025\\\/08\\\/IMG-20210121-WA0086.jpg\",\"articleSection\":[\"S\u00c9CURIT\u00c9\"],\"inLanguage\":\"fr-FR\",\"potentialAction\":[{\"@type\":\"CommentAction\",\"name\":\"Comment\",\"target\":[\"https:\\\/\\\/lesvolcansnews.net\\\/?p=68925#respond\"]}]},{\"@type\":\"WebPage\",\"@id\":\"https:\\\/\\\/lesvolcansnews.net\\\/?p=68925\",\"url\":\"https:\\\/\\\/lesvolcansnews.net\\\/?p=68925\",\"name\":\"Beni : Panique \u00e0 Oicha, la population fuit apr\u00e8s une rumeur sur la pr\u00e9sence des ADF - LES VOLCANS NEWS\",\"isPartOf\":{\"@id\":\"https:\\\/\\\/lesvolcansnews.net\\\/#website\"},\"primaryImageOfPage\":{\"@id\":\"https:\\\/\\\/lesvolcansnews.net\\\/?p=68925#primaryimage\"},\"image\":{\"@id\":\"https:\\\/\\\/lesvolcansnews.net\\\/?p=68925#primaryimage\"},\"thumbnailUrl\":\"https:\\\/\\\/lesvolcansnews.net\\\/wp-content\\\/uploads\\\/2025\\\/08\\\/IMG-20210121-WA0086.jpg\",\"datePublished\":\"2025-08-27T11:34:53+00:00\",\"author\":{\"@id\":\"https:\\\/\\\/lesvolcansnews.net\\\/#\\\/schema\\\/person\\\/82c8bed2e77879ecf6cca63441f57354\"},\"breadcrumb\":{\"@id\":\"https:\\\/\\\/lesvolcansnews.net\\\/?p=68925#breadcrumb\"},\"inLanguage\":\"fr-FR\",\"potentialAction\":[{\"@type\":\"ReadAction\",\"target\":[\"https:\\\/\\\/lesvolcansnews.net\\\/?p=68925\"]}]},{\"@type\":\"ImageObject\",\"inLanguage\":\"fr-FR\",\"@id\":\"https:\\\/\\\/lesvolcansnews.net\\\/?p=68925#primaryimage\",\"url\":\"https:\\\/\\\/lesvolcansnews.net\\\/wp-content\\\/uploads\\\/2025\\\/08\\\/IMG-20210121-WA0086.jpg\",\"contentUrl\":\"https:\\\/\\\/lesvolcansnews.net\\\/wp-content\\\/uploads\\\/2025\\\/08\\\/IMG-20210121-WA0086.jpg\",\"width\":768,\"height\":384},{\"@type\":\"BreadcrumbList\",\"@id\":\"https:\\\/\\\/lesvolcansnews.net\\\/?p=68925#breadcrumb\",\"itemListElement\":[{\"@type\":\"ListItem\",\"position\":1,\"name\":\"Accueil\",\"item\":\"https:\\\/\\\/lesvolcansnews.net\\\/\"},{\"@type\":\"ListItem\",\"position\":2,\"name\":\"Beni : Panique \u00e0 Oicha, la population fuit apr\u00e8s une rumeur sur la pr\u00e9sence des ADF\"}]},{\"@type\":\"WebSite\",\"@id\":\"https:\\\/\\\/lesvolcansnews.net\\\/#website\",\"url\":\"https:\\\/\\\/lesvolcansnews.net\\\/\",\"name\":\"LES VOLCANS NEWS\",\"description\":\"L&#039;INFORMATION C&#039;EST NOUS\",\"potentialAction\":[{\"@type\":\"SearchAction\",\"target\":{\"@type\":\"EntryPoint\",\"urlTemplate\":\"https:\\\/\\\/lesvolcansnews.net\\\/?s={search_term_string}\"},\"query-input\":{\"@type\":\"PropertyValueSpecification\",\"valueRequired\":true,\"valueName\":\"search_term_string\"}}],\"inLanguage\":\"fr-FR\"},{\"@type\":\"Person\",\"@id\":\"https:\\\/\\\/lesvolcansnews.net\\\/#\\\/schema\\\/person\\\/82c8bed2e77879ecf6cca63441f57354\",\"name\":\"R\u00e9daction - Les Volcans News\",\"image\":{\"@type\":\"ImageObject\",\"inLanguage\":\"fr-FR\",\"@id\":\"https:\\\/\\\/secure.gravatar.com\\\/avatar\\\/8408942dd851e8a9c09f3d382a661bc05d2b3cd9002139bc1795b9528cdc6c80?s=96&d=mm&r=g\",\"url\":\"https:\\\/\\\/secure.gravatar.com\\\/avatar\\\/8408942dd851e8a9c09f3d382a661bc05d2b3cd9002139bc1795b9528cdc6c80?s=96&d=mm&r=g\",\"contentUrl\":\"https:\\\/\\\/secure.gravatar.com\\\/avatar\\\/8408942dd851e8a9c09f3d382a661bc05d2b3cd9002139bc1795b9528cdc6c80?s=96&d=mm&r=g\",\"caption\":\"R\u00e9daction - Les Volcans News\"},\"url\":\"https:\\\/\\\/lesvolcansnews.net\\\/?author=14\"}]}<\/script>\n<!-- \/ Yoast SEO plugin. -->","yoast_head_json":{"title":"Beni : Panique \u00e0 Oicha, la population fuit apr\u00e8s une rumeur sur la pr\u00e9sence des ADF - LES VOLCANS NEWS","robots":{"index":"index","follow":"follow","max-snippet":"max-snippet:-1","max-image-preview":"max-image-preview:large","max-video-preview":"max-video-preview:-1"},"canonical":"https:\/\/lesvolcansnews.net\/?p=68925","og_locale":"fr_FR","og_type":"article","og_title":"Beni : Panique \u00e0 Oicha, la population fuit apr\u00e8s une rumeur sur la pr\u00e9sence des ADF - LES VOLCANS NEWS","og_description":"Une panique s\u2019est empar\u00e9e du quartier Mabasele, \u00e0 l\u2019ouest de la commune d\u2019Oicha, ce mercredi 27 ao\u00fbt matin, poussant une grande partie des habitants \u00e0 fuir, craignant une incursion des","og_url":"https:\/\/lesvolcansnews.net\/?p=68925","og_site_name":"LES VOLCANS NEWS","article_published_time":"2025-08-27T11:34:53+00:00","og_image":[{"width":768,"height":384,"url":"https:\/\/lesvolcansnews.net\/wp-content\/uploads\/2025\/08\/IMG-20210121-WA0086.jpg","type":"image\/jpeg"}],"author":"R\u00e9daction - Les Volcans News","twitter_card":"summary_large_image","twitter_misc":{"\u00c9crit par":"R\u00e9daction - Les Volcans News","Dur\u00e9e de lecture estim\u00e9e":"1 minute"},"schema":{"@context":"https:\/\/schema.org","@graph":[{"@type":"Article","@id":"https:\/\/lesvolcansnews.net\/?p=68925#article","isPartOf":{"@id":"https:\/\/lesvolcansnews.net\/?p=68925"},"author":{"name":"R\u00e9daction - Les Volcans News","@id":"https:\/\/lesvolcansnews.net\/#\/schema\/person\/82c8bed2e77879ecf6cca63441f57354"},"headline":"Beni : Panique \u00e0 Oicha, la population fuit apr\u00e8s une rumeur sur la pr\u00e9sence des ADF","datePublished":"2025-08-27T11:34:53+00:00","mainEntityOfPage":{"@id":"https:\/\/lesvolcansnews.net\/?p=68925"},"wordCount":183,"commentCount":0,"image":{"@id":"https:\/\/lesvolcansnews.net\/?p=68925#primaryimage"},"thumbnailUrl":"https:\/\/lesvolcansnews.net\/wp-content\/uploads\/2025\/08\/IMG-20210121-WA0086.jpg","articleSection":["S\u00c9CURIT\u00c9"],"inLanguage":"fr-FR","potentialAction":[{"@type":"CommentAction","name":"Comment","target":["https:\/\/lesvolcansnews.net\/?p=68925#respond"]}]},{"@type":"WebPage","@id":"https:\/\/lesvolcansnews.net\/?p=68925","url":"https:\/\/lesvolcansnews.net\/?p=68925","name":"Beni : Panique \u00e0 Oicha, la population fuit apr\u00e8s une rumeur sur la pr\u00e9sence des ADF - LES VOLCANS NEWS","isPartOf":{"@id":"https:\/\/lesvolcansnews.net\/#website"},"primaryImageOfPage":{"@id":"https:\/\/lesvolcansnews.net\/?p=68925#primaryimage"},"image":{"@id":"https:\/\/lesvolcansnews.net\/?p=68925#primaryimage"},"thumbnailUrl":"https:\/\/lesvolcansnews.net\/wp-content\/uploads\/2025\/08\/IMG-20210121-WA0086.jpg","datePublished":"2025-08-27T11:34:53+00:00","author":{"@id":"https:\/\/lesvolcansnews.net\/#\/schema\/person\/82c8bed2e77879ecf6cca63441f57354"},"breadcrumb":{"@id":"https:\/\/lesvolcansnews.net\/?p=68925#breadcrumb"},"inLanguage":"fr-FR","potentialAction":[{"@type":"ReadAction","target":["https:\/\/lesvolcansnews.net\/?p=68925"]}]},{"@type":"ImageObject","inLanguage":"fr-FR","@id":"https:\/\/lesvolcansnews.net\/?p=68925#primaryimage","url":"https:\/\/lesvolcansnews.net\/wp-content\/uploads\/2025\/08\/IMG-20210121-WA0086.jpg","contentUrl":"https:\/\/lesvolcansnews.net\/wp-content\/uploads\/2025\/08\/IMG-20210121-WA0086.jpg","width":768,"height":384},{"@type":"BreadcrumbList","@id":"https:\/\/lesvolcansnews.net\/?p=68925#breadcrumb","itemListElement":[{"@type":"ListItem","position":1,"name":"Accueil","item":"https:\/\/lesvolcansnews.net\/"},{"@type":"ListItem","position":2,"name":"Beni : Panique \u00e0 Oicha, la population fuit apr\u00e8s une rumeur sur la pr\u00e9sence des ADF"}]},{"@type":"WebSite","@id":"https:\/\/lesvolcansnews.net\/#website","url":"https:\/\/lesvolcansnews.net\/","name":"LES VOLCANS NEWS","description":"L&#039;INFORMATION C&#039;EST NOUS","potentialAction":[{"@type":"SearchAction","target":{"@type":"EntryPoint","urlTemplate":"https:\/\/lesvolcansnews.net\/?s={search_term_string}"},"query-input":{"@type":"PropertyValueSpecification","valueRequired":true,"valueName":"search_term_string"}}],"inLanguage":"fr-FR"},{"@type":"Person","@id":"https:\/\/lesvolcansnews.net\/#\/schema\/person\/82c8bed2e77879ecf6cca63441f57354","name":"R\u00e9daction - Les Volcans News","image":{"@type":"ImageObject","inLanguage":"fr-FR","@id":"https:\/\/secure.gravatar.com\/avatar\/8408942dd851e8a9c09f3d382a661bc05d2b3cd9002139bc1795b9528cdc6c80?s=96&d=mm&r=g","url":"https:\/\/secure.gravatar.com\/avatar\/8408942dd851e8a9c09f3d382a661bc05d2b3cd9002139bc1795b9528cdc6c80?s=96&d=mm&r=g","contentUrl":"https:\/\/secure.gravatar.com\/avatar\/8408942dd851e8a9c09f3d382a661bc05d2b3cd9002139bc1795b9528cdc6c80?s=96&d=mm&r=g","caption":"R\u00e9daction - Les Volcans News"},"url":"https:\/\/lesvolcansnews.net\/?author=14"}]}},"_links":{"self":[{"href":"https:\/\/lesvolcansnews.net\/index.php?rest_route=\/wp\/v2\/posts\/68925","targetHints":{"allow":["GET"]}}],"collection":[{"href":"https:\/\/lesvolcansnews.net\/index.php?rest_route=\/wp\/v2\/posts"}],"about":[{"href":"https:\/\/lesvolcansnews.net\/index.php?rest_route=\/wp\/v2\/types\/post"}],"author":[{"embeddable":true,"href":"https:\/\/lesvolcansnews.net\/index.php?rest_route=\/wp\/v2\/users\/14"}],"replies":[{"embeddable":true,"href":"https:\/\/lesvolcansnews.net\/index.php?rest_route=%2Fwp%2Fv2%2Fcomments&post=68925"}],"version-history":[{"count":0,"href":"https:\/\/lesvolcansnews.net\/index.php?rest_route=\/wp\/v2\/posts\/68925\/revisions"}],"wp:featuredmedia":[{"embeddable":true,"href":"https:\/\/lesvolcansnews.net\/index.php?rest_route=\/wp\/v2\/media\/68924"}],"wp:attachment":[{"href":"https:\/\/lesvolcansnews.net\/index.php?rest_route=%2Fwp%2Fv2%2Fmedia&parent=68925"}],"wp:term":[{"taxonomy":"category","embeddable":true,"href":"https:\/\/lesvolcansnews.net\/index.php?rest_route=%2Fwp%2Fv2%2Fcategories&post=68925"},{"taxonomy":"post_tag","embeddable":true,"href":"https:\/\/lesvolcansnews.net\/index.php?rest_route=%2Fwp%2Fv2%2Ftags&post=68925"}],"curies":[{"name":"wp","href":"https:\/\/api.w.org\/{rel}","templated":true}]}}