{"id":68891,"date":"2025-08-26T12:52:43","date_gmt":"2025-08-26T10:52:43","guid":{"rendered":"https:\/\/lesvolcansnews.net\/2025\/08\/26\/gala-boxe-pro-goma-en-ebullition-ce-dimanche-30-aout-nyama-promotion-met-ses-boxeurs-au-defi\/"},"modified":"2025-08-26T13:25:29","modified_gmt":"2025-08-26T11:25:29","slug":"gala-boxe-pro-goma-en-ebullition-ce-samedi-30-aout-nyama-promotion-met-ses-boxeurs-au-defi","status":"publish","type":"post","link":"https:\/\/lesvolcansnews.net\/?p=68891","title":{"rendered":"Gala-Boxe Pro : Goma en \u00e9bullition ce samedi 30 ao\u00fbt, Nyama promotion met ses boxeurs au d\u00e9fi"},"content":{"rendered":"\n<p><\/p>\n\n\n\n<p><strong>La 5e \u00e9dition du Gala de boxe organis\u00e9 par &#8221; Nyama promotion&#8221; fait d\u00e9j\u00e0 jaser apr\u00e8s l&#8217;annonce des certains combats all\u00e9chants ,les amoureux du noble art s&#8217;appr\u00eatent \u00e0 vivre le plus grand gala de boxe du Nord-Kivu pour l&#8217;ann\u00e9e 2025 malgr\u00e9 les p\u00e9rip\u00e9ties<\/strong>.<\/p>\n\n\n\n<p><strong>Des revanches aux c\u00f4t\u00e9s des combats poussifs ?<\/strong><\/p>\n\n\n\n<p>Augustin Mugunge avec deux victoires \u00e0 son actif , l&#8217;une face \u00e0 C\u00e9dric Gakuba et l&#8217;autre sur Ibrahim Bongingo par KO, le boxeur prometteur du club Nyama boxing veut \u00e0 tout prix venger sa derni\u00e8re d\u00e9faite conc\u00e9d\u00e9e en Ouganda o\u00f9 il a perdu par d\u00e9cision des juges un peu fantaisiste qui avait donn\u00e9 la victoire \u00e0 Ivan Kambagire . Le samedi 30 ao\u00fbt, Augustin veut exploser le ring du stadium paralympique.<\/p>\n\n\n\n<p>L&#8217;autre combat \u00e0 suivre apr\u00e8s trop de pincettes, c&#8217;est le choc Tshamala- Ibrahim Viso . Le retour sur le ring de l&#8217;enfant terrible s&#8217;affiche comme un nouvel envol dans sa carri\u00e8re professionnelle, Tshamala Tshamberse a un d\u00e9fi majeur apr\u00e8s le dernier combat qu&#8217;il a perdu par KO technique. En face du tanzanien Paul kyambi le 26 octobre dernier , Tshamberse a eu a perdre ses prot\u00e9g\u00e9s dents \u00e0 trois reprises, c&#8217;est b\u00e9mol a scell\u00e9 par d\u00e9faite en d\u00e9pit de sa belle prestation sur le ring. Voil\u00e0 , l&#8217;occasion de se tracer le chemin en professionnel.<\/p>\n\n\n\n<p><strong>Mangala, mukubwa Nelso revient sur la sc\u00e8ne<\/strong><\/p>\n\n\n\n<p>Du haut des ses 31 ans , Nelson Mangala remonte sur le ring apr\u00e8s une ann\u00e9e. Un retour dont le triomphe obnubile ses fans . 55e au classement national dans sa division, Mangala va affronter Mugisha Musa. Le boxeur de Nyama promotion avec trois victoires, un nul et une d\u00e9faite en cat\u00e9gorie poids moyens sera aux prises \u00e0 Mugisha 9e class\u00e9 en Ouganda.<\/p>\n\n\n\n<p><strong>Serge Djamba-Miradi Junior , un choc aux allures d&#8217;une rivalit\u00e9 accrue<\/strong><\/p>\n\n\n\n<p>C&#8217;est la jeunesse avec envie de s&#8217;imposer face \u00e0 l&#8217;exp\u00e9rience. Serge Djamba n&#8217;est pas \u00e0 pr\u00e9senter dans la sph\u00e8re de la boxe du Nord-Kivu. Il prend d\u00e9sormais une ascension fulgurante apr\u00e8s ses derniers succ\u00e8s, le pugiliste tr\u00e8s coriace et aguerri aura \u00e0 faire avec un novice , mais pas n&#8217;importe lequel. En effet, Junior Miradi a le regret de voir son apparition sur le grand ring avait tourn\u00e9 au vinaigre apr\u00e8s l&#8217;arr\u00eat brutal du combat faute de l&#8217;agressivit\u00e9 et non respect des r\u00e8gles.<\/p>\n\n\n\n<p><strong>Daniella Muleketsi pour confirmer son leadership, Sabrina pas n\u00e9e de la derni\u00e8re pluie<\/strong><\/p>\n\n\n\n<p>Avant que d&#8217;autres combats soient annonc\u00e9s sur la page de Nyama boxing, le combat vedette est celui de la congolaise Daniella face \u00e0 la tanzanienne Sabrina Mbwewe.<\/p>\n\n\n\n<p>Le 26 octobre 2024 a \u00e9t\u00e9 le d\u00e9but de la &#8220;Jeanne d&#8217;Arc&#8221; , puissante, d\u00e9termin\u00e9e et surtout sa rage de vaincre , Daniella Muleketsi s&#8217;affiche comme l&#8217;une des meilleures boxeuses de la RDC . Class\u00e9e 11e \u00e0 seulement 20 ans , la guerri\u00e8re est derri\u00e8re un bilan positif apr\u00e8s son int\u00e9gration dans le projet &#8221; Nyama promotion&#8221; . L&#8217;histoire retiendra que lors de sa premi\u00e8re prestation en pro , elle avait imposer la rigueur de loi \u00e0 la championne du Kenya Charity Mukani malgr\u00e9 10 kilos de diff\u00e9rence apr\u00e8s la pes\u00e9e. \u00c0 20 ans , pour 7 combats , gomatracienne a 5 victoires, un nul et une d\u00e9faite, voila m\u00eame l&#8217;honneur de la RDC avec sa 11 place sur l&#8217;\u00e9chiquier mondial .<\/p>\n\n\n\n<p><strong>Ga\u00ebl Assumani &#8221; l&#8217;animal dominant&#8221; sera-t-il sur le ring ?<\/strong><\/p>\n\n\n\n<p>\u00c0 cette question rien ne fuite , les combats sont annonc\u00e9s du jour le jour , on attend l&#8217;annonce ronflante de la cellule de communication de Nyama promotion. Bienfait shetebo vs Vianney Kyalwahali , C\u00e9lestine vs Sandrine Muutwa voire un combat surprise des handicap\u00e9s seront au menu .<\/p>\n\n\n\n<p>Christian Kamalebo Konga<\/p>\n","protected":false},"excerpt":{"rendered":"<p>La 5e \u00e9dition du Gala de boxe organis\u00e9 par &#8221; Nyama promotion&#8221; fait d\u00e9j\u00e0 jaser apr\u00e8s l&#8217;annonce des certains combats all\u00e9chants ,les amoureux du noble art s&#8217;appr\u00eatent \u00e0 vivre le<\/p>\n","protected":false},"author":14,"featured_media":68890,"comment_status":"open","ping_status":"open","sticky":false,"template":"","format":"standard","meta":{"footnotes":""},"categories":[11],"tags":[],"class_list":["post-68891","post","type-post","status-publish","format-standard","has-post-thumbnail","hentry","category-sports"],"yoast_head":"<!-- This site is optimized with the Yoast SEO plugin v27.3 - https:\/\/yoast.com\/product\/yoast-seo-wordpress\/ -->\n<title>Gala-Boxe Pro : Goma en \u00e9bullition ce samedi 30 ao\u00fbt, Nyama promotion met ses boxeurs au d\u00e9fi - LES VOLCANS NEWS<\/title>\n<meta name=\"robots\" content=\"index, follow, max-snippet:-1, max-image-preview:large, max-video-preview:-1\" \/>\n<link rel=\"canonical\" href=\"https:\/\/lesvolcansnews.net\/?p=68891\" \/>\n<meta property=\"og:locale\" content=\"fr_FR\" \/>\n<meta property=\"og:type\" content=\"article\" \/>\n<meta property=\"og:title\" content=\"Gala-Boxe Pro : Goma en \u00e9bullition ce samedi 30 ao\u00fbt, Nyama promotion met ses boxeurs au d\u00e9fi - LES VOLCANS NEWS\" \/>\n<meta property=\"og:description\" content=\"La 5e \u00e9dition du Gala de boxe organis\u00e9 par &#8221; Nyama promotion&#8221; fait d\u00e9j\u00e0 jaser apr\u00e8s l&#8217;annonce des certains combats all\u00e9chants ,les amoureux du noble art s&#8217;appr\u00eatent \u00e0 vivre le\" \/>\n<meta property=\"og:url\" content=\"https:\/\/lesvolcansnews.net\/?p=68891\" \/>\n<meta property=\"og:site_name\" content=\"LES VOLCANS NEWS\" \/>\n<meta property=\"article:published_time\" content=\"2025-08-26T10:52:43+00:00\" \/>\n<meta property=\"article:modified_time\" content=\"2025-08-26T11:25:29+00:00\" \/>\n<meta property=\"og:image\" content=\"https:\/\/lesvolcansnews.net\/wp-content\/uploads\/2025\/08\/image_editor_output_image-398478420-1756205515517.jpg\" \/>\n\t<meta property=\"og:image:width\" content=\"763\" \/>\n\t<meta property=\"og:image:height\" content=\"1080\" \/>\n\t<meta property=\"og:image:type\" content=\"image\/jpeg\" \/>\n<meta name=\"author\" content=\"R\u00e9daction - Les Volcans News\" \/>\n<meta name=\"twitter:card\" content=\"summary_large_image\" \/>\n<meta name=\"twitter:label1\" content=\"\u00c9crit par\" \/>\n\t<meta name=\"twitter:data1\" content=\"R\u00e9daction - Les Volcans News\" \/>\n\t<meta name=\"twitter:label2\" content=\"Dur\u00e9e de lecture estim\u00e9e\" \/>\n\t<meta name=\"twitter:data2\" content=\"3 minutes\" \/>\n<script type=\"application\/ld+json\" class=\"yoast-schema-graph\">{\"@context\":\"https:\\\/\\\/schema.org\",\"@graph\":[{\"@type\":\"Article\",\"@id\":\"https:\\\/\\\/lesvolcansnews.net\\\/?p=68891#article\",\"isPartOf\":{\"@id\":\"https:\\\/\\\/lesvolcansnews.net\\\/?p=68891\"},\"author\":{\"name\":\"R\u00e9daction - Les Volcans News\",\"@id\":\"https:\\\/\\\/lesvolcansnews.net\\\/#\\\/schema\\\/person\\\/82c8bed2e77879ecf6cca63441f57354\"},\"headline\":\"Gala-Boxe Pro : Goma en \u00e9bullition ce samedi 30 ao\u00fbt, Nyama promotion met ses boxeurs au d\u00e9fi\",\"datePublished\":\"2025-08-26T10:52:43+00:00\",\"dateModified\":\"2025-08-26T11:25:29+00:00\",\"mainEntityOfPage\":{\"@id\":\"https:\\\/\\\/lesvolcansnews.net\\\/?p=68891\"},\"wordCount\":656,\"commentCount\":0,\"image\":{\"@id\":\"https:\\\/\\\/lesvolcansnews.net\\\/?p=68891#primaryimage\"},\"thumbnailUrl\":\"https:\\\/\\\/lesvolcansnews.net\\\/wp-content\\\/uploads\\\/2025\\\/08\\\/image_editor_output_image-398478420-1756205515517.jpg\",\"articleSection\":[\"SPORTS\"],\"inLanguage\":\"fr-FR\",\"potentialAction\":[{\"@type\":\"CommentAction\",\"name\":\"Comment\",\"target\":[\"https:\\\/\\\/lesvolcansnews.net\\\/?p=68891#respond\"]}]},{\"@type\":\"WebPage\",\"@id\":\"https:\\\/\\\/lesvolcansnews.net\\\/?p=68891\",\"url\":\"https:\\\/\\\/lesvolcansnews.net\\\/?p=68891\",\"name\":\"Gala-Boxe Pro : Goma en \u00e9bullition ce samedi 30 ao\u00fbt, Nyama promotion met ses boxeurs au d\u00e9fi - LES VOLCANS NEWS\",\"isPartOf\":{\"@id\":\"https:\\\/\\\/lesvolcansnews.net\\\/#website\"},\"primaryImageOfPage\":{\"@id\":\"https:\\\/\\\/lesvolcansnews.net\\\/?p=68891#primaryimage\"},\"image\":{\"@id\":\"https:\\\/\\\/lesvolcansnews.net\\\/?p=68891#primaryimage\"},\"thumbnailUrl\":\"https:\\\/\\\/lesvolcansnews.net\\\/wp-content\\\/uploads\\\/2025\\\/08\\\/image_editor_output_image-398478420-1756205515517.jpg\",\"datePublished\":\"2025-08-26T10:52:43+00:00\",\"dateModified\":\"2025-08-26T11:25:29+00:00\",\"author\":{\"@id\":\"https:\\\/\\\/lesvolcansnews.net\\\/#\\\/schema\\\/person\\\/82c8bed2e77879ecf6cca63441f57354\"},\"breadcrumb\":{\"@id\":\"https:\\\/\\\/lesvolcansnews.net\\\/?p=68891#breadcrumb\"},\"inLanguage\":\"fr-FR\",\"potentialAction\":[{\"@type\":\"ReadAction\",\"target\":[\"https:\\\/\\\/lesvolcansnews.net\\\/?p=68891\"]}]},{\"@type\":\"ImageObject\",\"inLanguage\":\"fr-FR\",\"@id\":\"https:\\\/\\\/lesvolcansnews.net\\\/?p=68891#primaryimage\",\"url\":\"https:\\\/\\\/lesvolcansnews.net\\\/wp-content\\\/uploads\\\/2025\\\/08\\\/image_editor_output_image-398478420-1756205515517.jpg\",\"contentUrl\":\"https:\\\/\\\/lesvolcansnews.net\\\/wp-content\\\/uploads\\\/2025\\\/08\\\/image_editor_output_image-398478420-1756205515517.jpg\",\"width\":763,\"height\":1080},{\"@type\":\"BreadcrumbList\",\"@id\":\"https:\\\/\\\/lesvolcansnews.net\\\/?p=68891#breadcrumb\",\"itemListElement\":[{\"@type\":\"ListItem\",\"position\":1,\"name\":\"Accueil\",\"item\":\"https:\\\/\\\/lesvolcansnews.net\\\/\"},{\"@type\":\"ListItem\",\"position\":2,\"name\":\"Gala-Boxe Pro : Goma en \u00e9bullition ce samedi 30 ao\u00fbt, Nyama promotion met ses boxeurs au d\u00e9fi\"}]},{\"@type\":\"WebSite\",\"@id\":\"https:\\\/\\\/lesvolcansnews.net\\\/#website\",\"url\":\"https:\\\/\\\/lesvolcansnews.net\\\/\",\"name\":\"LES VOLCANS NEWS\",\"description\":\"L&#039;INFORMATION C&#039;EST NOUS\",\"potentialAction\":[{\"@type\":\"SearchAction\",\"target\":{\"@type\":\"EntryPoint\",\"urlTemplate\":\"https:\\\/\\\/lesvolcansnews.net\\\/?s={search_term_string}\"},\"query-input\":{\"@type\":\"PropertyValueSpecification\",\"valueRequired\":true,\"valueName\":\"search_term_string\"}}],\"inLanguage\":\"fr-FR\"},{\"@type\":\"Person\",\"@id\":\"https:\\\/\\\/lesvolcansnews.net\\\/#\\\/schema\\\/person\\\/82c8bed2e77879ecf6cca63441f57354\",\"name\":\"R\u00e9daction - Les Volcans News\",\"image\":{\"@type\":\"ImageObject\",\"inLanguage\":\"fr-FR\",\"@id\":\"https:\\\/\\\/secure.gravatar.com\\\/avatar\\\/8408942dd851e8a9c09f3d382a661bc05d2b3cd9002139bc1795b9528cdc6c80?s=96&d=mm&r=g\",\"url\":\"https:\\\/\\\/secure.gravatar.com\\\/avatar\\\/8408942dd851e8a9c09f3d382a661bc05d2b3cd9002139bc1795b9528cdc6c80?s=96&d=mm&r=g\",\"contentUrl\":\"https:\\\/\\\/secure.gravatar.com\\\/avatar\\\/8408942dd851e8a9c09f3d382a661bc05d2b3cd9002139bc1795b9528cdc6c80?s=96&d=mm&r=g\",\"caption\":\"R\u00e9daction - Les Volcans News\"},\"url\":\"https:\\\/\\\/lesvolcansnews.net\\\/?author=14\"}]}<\/script>\n<!-- \/ Yoast SEO plugin. -->","yoast_head_json":{"title":"Gala-Boxe Pro : Goma en \u00e9bullition ce samedi 30 ao\u00fbt, Nyama promotion met ses boxeurs au d\u00e9fi - LES VOLCANS NEWS","robots":{"index":"index","follow":"follow","max-snippet":"max-snippet:-1","max-image-preview":"max-image-preview:large","max-video-preview":"max-video-preview:-1"},"canonical":"https:\/\/lesvolcansnews.net\/?p=68891","og_locale":"fr_FR","og_type":"article","og_title":"Gala-Boxe Pro : Goma en \u00e9bullition ce samedi 30 ao\u00fbt, Nyama promotion met ses boxeurs au d\u00e9fi - LES VOLCANS NEWS","og_description":"La 5e \u00e9dition du Gala de boxe organis\u00e9 par &#8221; Nyama promotion&#8221; fait d\u00e9j\u00e0 jaser apr\u00e8s l&#8217;annonce des certains combats all\u00e9chants ,les amoureux du noble art s&#8217;appr\u00eatent \u00e0 vivre le","og_url":"https:\/\/lesvolcansnews.net\/?p=68891","og_site_name":"LES VOLCANS NEWS","article_published_time":"2025-08-26T10:52:43+00:00","article_modified_time":"2025-08-26T11:25:29+00:00","og_image":[{"width":763,"height":1080,"url":"https:\/\/lesvolcansnews.net\/wp-content\/uploads\/2025\/08\/image_editor_output_image-398478420-1756205515517.jpg","type":"image\/jpeg"}],"author":"R\u00e9daction - Les Volcans News","twitter_card":"summary_large_image","twitter_misc":{"\u00c9crit par":"R\u00e9daction - Les Volcans News","Dur\u00e9e de lecture estim\u00e9e":"3 minutes"},"schema":{"@context":"https:\/\/schema.org","@graph":[{"@type":"Article","@id":"https:\/\/lesvolcansnews.net\/?p=68891#article","isPartOf":{"@id":"https:\/\/lesvolcansnews.net\/?p=68891"},"author":{"name":"R\u00e9daction - Les Volcans News","@id":"https:\/\/lesvolcansnews.net\/#\/schema\/person\/82c8bed2e77879ecf6cca63441f57354"},"headline":"Gala-Boxe Pro : Goma en \u00e9bullition ce samedi 30 ao\u00fbt, Nyama promotion met ses boxeurs au d\u00e9fi","datePublished":"2025-08-26T10:52:43+00:00","dateModified":"2025-08-26T11:25:29+00:00","mainEntityOfPage":{"@id":"https:\/\/lesvolcansnews.net\/?p=68891"},"wordCount":656,"commentCount":0,"image":{"@id":"https:\/\/lesvolcansnews.net\/?p=68891#primaryimage"},"thumbnailUrl":"https:\/\/lesvolcansnews.net\/wp-content\/uploads\/2025\/08\/image_editor_output_image-398478420-1756205515517.jpg","articleSection":["SPORTS"],"inLanguage":"fr-FR","potentialAction":[{"@type":"CommentAction","name":"Comment","target":["https:\/\/lesvolcansnews.net\/?p=68891#respond"]}]},{"@type":"WebPage","@id":"https:\/\/lesvolcansnews.net\/?p=68891","url":"https:\/\/lesvolcansnews.net\/?p=68891","name":"Gala-Boxe Pro : Goma en \u00e9bullition ce samedi 30 ao\u00fbt, Nyama promotion met ses boxeurs au d\u00e9fi - LES VOLCANS NEWS","isPartOf":{"@id":"https:\/\/lesvolcansnews.net\/#website"},"primaryImageOfPage":{"@id":"https:\/\/lesvolcansnews.net\/?p=68891#primaryimage"},"image":{"@id":"https:\/\/lesvolcansnews.net\/?p=68891#primaryimage"},"thumbnailUrl":"https:\/\/lesvolcansnews.net\/wp-content\/uploads\/2025\/08\/image_editor_output_image-398478420-1756205515517.jpg","datePublished":"2025-08-26T10:52:43+00:00","dateModified":"2025-08-26T11:25:29+00:00","author":{"@id":"https:\/\/lesvolcansnews.net\/#\/schema\/person\/82c8bed2e77879ecf6cca63441f57354"},"breadcrumb":{"@id":"https:\/\/lesvolcansnews.net\/?p=68891#breadcrumb"},"inLanguage":"fr-FR","potentialAction":[{"@type":"ReadAction","target":["https:\/\/lesvolcansnews.net\/?p=68891"]}]},{"@type":"ImageObject","inLanguage":"fr-FR","@id":"https:\/\/lesvolcansnews.net\/?p=68891#primaryimage","url":"https:\/\/lesvolcansnews.net\/wp-content\/uploads\/2025\/08\/image_editor_output_image-398478420-1756205515517.jpg","contentUrl":"https:\/\/lesvolcansnews.net\/wp-content\/uploads\/2025\/08\/image_editor_output_image-398478420-1756205515517.jpg","width":763,"height":1080},{"@type":"BreadcrumbList","@id":"https:\/\/lesvolcansnews.net\/?p=68891#breadcrumb","itemListElement":[{"@type":"ListItem","position":1,"name":"Accueil","item":"https:\/\/lesvolcansnews.net\/"},{"@type":"ListItem","position":2,"name":"Gala-Boxe Pro : Goma en \u00e9bullition ce samedi 30 ao\u00fbt, Nyama promotion met ses boxeurs au d\u00e9fi"}]},{"@type":"WebSite","@id":"https:\/\/lesvolcansnews.net\/#website","url":"https:\/\/lesvolcansnews.net\/","name":"LES VOLCANS NEWS","description":"L&#039;INFORMATION C&#039;EST NOUS","potentialAction":[{"@type":"SearchAction","target":{"@type":"EntryPoint","urlTemplate":"https:\/\/lesvolcansnews.net\/?s={search_term_string}"},"query-input":{"@type":"PropertyValueSpecification","valueRequired":true,"valueName":"search_term_string"}}],"inLanguage":"fr-FR"},{"@type":"Person","@id":"https:\/\/lesvolcansnews.net\/#\/schema\/person\/82c8bed2e77879ecf6cca63441f57354","name":"R\u00e9daction - Les Volcans News","image":{"@type":"ImageObject","inLanguage":"fr-FR","@id":"https:\/\/secure.gravatar.com\/avatar\/8408942dd851e8a9c09f3d382a661bc05d2b3cd9002139bc1795b9528cdc6c80?s=96&d=mm&r=g","url":"https:\/\/secure.gravatar.com\/avatar\/8408942dd851e8a9c09f3d382a661bc05d2b3cd9002139bc1795b9528cdc6c80?s=96&d=mm&r=g","contentUrl":"https:\/\/secure.gravatar.com\/avatar\/8408942dd851e8a9c09f3d382a661bc05d2b3cd9002139bc1795b9528cdc6c80?s=96&d=mm&r=g","caption":"R\u00e9daction - Les Volcans News"},"url":"https:\/\/lesvolcansnews.net\/?author=14"}]}},"_links":{"self":[{"href":"https:\/\/lesvolcansnews.net\/index.php?rest_route=\/wp\/v2\/posts\/68891","targetHints":{"allow":["GET"]}}],"collection":[{"href":"https:\/\/lesvolcansnews.net\/index.php?rest_route=\/wp\/v2\/posts"}],"about":[{"href":"https:\/\/lesvolcansnews.net\/index.php?rest_route=\/wp\/v2\/types\/post"}],"author":[{"embeddable":true,"href":"https:\/\/lesvolcansnews.net\/index.php?rest_route=\/wp\/v2\/users\/14"}],"replies":[{"embeddable":true,"href":"https:\/\/lesvolcansnews.net\/index.php?rest_route=%2Fwp%2Fv2%2Fcomments&post=68891"}],"version-history":[{"count":1,"href":"https:\/\/lesvolcansnews.net\/index.php?rest_route=\/wp\/v2\/posts\/68891\/revisions"}],"predecessor-version":[{"id":68892,"href":"https:\/\/lesvolcansnews.net\/index.php?rest_route=\/wp\/v2\/posts\/68891\/revisions\/68892"}],"wp:featuredmedia":[{"embeddable":true,"href":"https:\/\/lesvolcansnews.net\/index.php?rest_route=\/wp\/v2\/media\/68890"}],"wp:attachment":[{"href":"https:\/\/lesvolcansnews.net\/index.php?rest_route=%2Fwp%2Fv2%2Fmedia&parent=68891"}],"wp:term":[{"taxonomy":"category","embeddable":true,"href":"https:\/\/lesvolcansnews.net\/index.php?rest_route=%2Fwp%2Fv2%2Fcategories&post=68891"},{"taxonomy":"post_tag","embeddable":true,"href":"https:\/\/lesvolcansnews.net\/index.php?rest_route=%2Fwp%2Fv2%2Ftags&post=68891"}],"curies":[{"name":"wp","href":"https:\/\/api.w.org\/{rel}","templated":true}]}}