{"id":68751,"date":"2025-08-22T11:34:09","date_gmt":"2025-08-22T09:34:09","guid":{"rendered":"https:\/\/lesvolcansnews.net\/?p=68751"},"modified":"2025-08-22T11:34:09","modified_gmt":"2025-08-22T09:34:09","slug":"rdc-les-journalistes-du-sud-kivu-denoncent-les-menaces-du-afc-m23","status":"publish","type":"post","link":"https:\/\/lesvolcansnews.net\/?p=68751","title":{"rendered":"RDC : les journalistes du Sud-Kivu d\u00e9noncent les menaces du AFC\/M23"},"content":{"rendered":"<p>&nbsp;<\/p>\n<p>Le collectif des journalistes locaux du Sud-Kivu a tir\u00e9 la sonnette d\u2019alarme vendredi \u00e0 Bukavu, face aux \u00ab menaces graves \u00bb et aux \u00ab restrictions inacceptables \u00bb impos\u00e9es par le mouvement rebelle Alliance du Fleuve Congo\/M23 (AFC\/M23) aux m\u00e9dias op\u00e9rant dans cette province de l\u2019est de la R\u00e9publique d\u00e9mocratique du Congo.<\/p>\n<p>Dans un communiqu\u00e9 publi\u00e9 ce vendredi, les professionnels des m\u00e9dias regroup\u00e9s au sein du collectif d\u00e9noncent une s\u00e9rie de mesures \u00ab arbitraires et ill\u00e9gales \u00bb \u00e9dict\u00e9es par les responsables de l\u2019AFC\/M23, \u00e0 l\u2019issue d\u2019une r\u00e9union tenue r\u00e9cemment dans la capitale provinciale.<\/p>\n<p>&nbsp;<\/p>\n<p>\u00ab On nous impose des redevances financi\u00e8res exorbitantes, des autorisations de fonctionnement d\u00e9livr\u00e9es par un groupe arm\u00e9 et des restrictions \u00e9ditoriales qui violent tous les principes de la libert\u00e9 de la presse \u00bb, d\u00e9clare le collectif dans son communiqu\u00e9.<\/p>\n<p>&nbsp;<\/p>\n<p>Parmi les exigences d\u00e9nonc\u00e9es figurent l\u2019interdiction formelle de diffuser tout contenu jug\u00e9 favorable au gouvernement de Kinshasa, aux Forces arm\u00e9es de la RDC (FARDC) et aux groupes d\u2019autod\u00e9fense Wazalendo. Tout m\u00e9dia qui refuserait de se conformer \u00e0 ces directives serait menac\u00e9 de fermeture imm\u00e9diate, alerte le texte.<\/p>\n<p>&nbsp;<\/p>\n<p>Ces injonctions suscitent une vive inqui\u00e9tude parmi les journalistes locaux, qui y voient une tentative claire de musellement de la presse ind\u00e9pendante dans une r\u00e9gion d\u00e9j\u00e0 marqu\u00e9e par l\u2019instabilit\u00e9 s\u00e9curitaire.<\/p>\n<p>&nbsp;<\/p>\n<p>\u00ab L\u2019acc\u00e8s \u00e0 l\u2019information est un droit fondamental garanti par la Constitution congolaise \u00bb, rappelle le collectif, qui condamne \u00ab avec la plus grande fermet\u00e9 \u00bb toute tentative de r\u00e9duire au silence les m\u00e9dias.<\/p>\n<p>&nbsp;<\/p>\n<p>\u00ab R\u00e9duire les m\u00e9dias au silence revient \u00e0 priver la population de son droit l\u00e9gitime \u00e0 \u00eatre inform\u00e9e \u00bb, ajoute le communiqu\u00e9.<\/p>\n<p>&nbsp;<\/p>\n<p>&nbsp;<\/p>\n<p>Face \u00e0 cette situation, les journalistes du Sud-Kivu lancent un appel pressant aux autorit\u00e9s nationales, \u00e0 la communaut\u00e9 internationale ainsi qu\u2019aux organisations de d\u00e9fense des droits humains et de la libert\u00e9 de la presse.<\/p>\n<p>&nbsp;<\/p>\n<p>&nbsp;<\/p>\n<p>\u00ab Nous demandons une prise de position claire et des actions concr\u00e8tes pour faire cesser ces intimidations et garantir la s\u00e9curit\u00e9 des journalistes dans la r\u00e9gion \u00bb, peut-on lire dans le communiqu\u00e9.<\/p>\n<p>&nbsp;<\/p>\n<p>Ils exhortent \u00e9galement les autorit\u00e9s congolaises \u00e0 \u00ab assumer pleinement leur responsabilit\u00e9 de protection des m\u00e9dias \u00bb et \u00e0 assurer un environnement propice \u00e0 l\u2019exercice libre du journalisme.<\/p>\n<p>&nbsp;<\/p>\n<p>Malgr\u00e9 les menaces, le collectif affirme maintenir son engagement \u00e0 informer la population \u00ab avec professionnalisme et ind\u00e9pendance \u00bb.<\/p>\n<p>&nbsp;<\/p>\n<p>\u00ab Nous ne c\u00e9derons pas aux intimidations, car une presse libre et ind\u00e9pendante reste la voix du peuple et le garant de la d\u00e9mocratie \u00bb, conclut le communiqu\u00e9.<\/p>\n<p>&nbsp;<\/p>\n<p>Clovis Ali<\/p>\n","protected":false},"excerpt":{"rendered":"<p>&nbsp; Le collectif des journalistes locaux du Sud-Kivu a tir\u00e9 la sonnette d\u2019alarme vendredi \u00e0 Bukavu, face aux \u00ab menaces graves \u00bb et aux \u00ab restrictions inacceptables \u00bb impos\u00e9es par<\/p>\n","protected":false},"author":14,"featured_media":68752,"comment_status":"open","ping_status":"open","sticky":false,"template":"","format":"standard","meta":{"footnotes":""},"categories":[1],"tags":[],"class_list":["post-68751","post","type-post","status-publish","format-standard","has-post-thumbnail","hentry","category-actualite"],"yoast_head":"<!-- This site is optimized with the Yoast SEO plugin v27.5 - https:\/\/yoast.com\/product\/yoast-seo-wordpress\/ -->\n<title>RDC : les journalistes du Sud-Kivu d\u00e9noncent les menaces du AFC\/M23 - LES VOLCANS NEWS<\/title>\n<meta name=\"robots\" content=\"index, follow, max-snippet:-1, max-image-preview:large, max-video-preview:-1\" \/>\n<link rel=\"canonical\" href=\"https:\/\/lesvolcansnews.net\/?p=68751\" \/>\n<meta property=\"og:locale\" content=\"fr_FR\" \/>\n<meta property=\"og:type\" content=\"article\" \/>\n<meta property=\"og:title\" content=\"RDC : les journalistes du Sud-Kivu d\u00e9noncent les menaces du AFC\/M23 - LES VOLCANS NEWS\" \/>\n<meta property=\"og:description\" content=\"&nbsp; Le collectif des journalistes locaux du Sud-Kivu a tir\u00e9 la sonnette d\u2019alarme vendredi \u00e0 Bukavu, face aux \u00ab menaces graves \u00bb et aux \u00ab restrictions inacceptables \u00bb impos\u00e9es par\" \/>\n<meta property=\"og:url\" content=\"https:\/\/lesvolcansnews.net\/?p=68751\" \/>\n<meta property=\"og:site_name\" content=\"LES VOLCANS NEWS\" \/>\n<meta property=\"article:published_time\" content=\"2025-08-22T09:34:09+00:00\" \/>\n<meta property=\"og:image\" content=\"https:\/\/i0.wp.com\/lesvolcansnews.net\/wp-content\/uploads\/2025\/08\/fonds-presse-libre-kisskissbank.jpg?fit=655%2C368&ssl=1\" \/>\n\t<meta property=\"og:image:width\" content=\"655\" \/>\n\t<meta property=\"og:image:height\" content=\"368\" \/>\n\t<meta property=\"og:image:type\" content=\"image\/jpeg\" \/>\n<meta name=\"author\" content=\"R\u00e9daction - Les Volcans News\" \/>\n<meta name=\"twitter:card\" content=\"summary_large_image\" \/>\n<meta name=\"twitter:label1\" content=\"\u00c9crit par\" \/>\n\t<meta name=\"twitter:data1\" content=\"R\u00e9daction - Les Volcans News\" \/>\n\t<meta name=\"twitter:label2\" content=\"Dur\u00e9e de lecture estim\u00e9e\" \/>\n\t<meta name=\"twitter:data2\" content=\"2 minutes\" \/>\n<script type=\"application\/ld+json\" class=\"yoast-schema-graph\">{\"@context\":\"https:\\\/\\\/schema.org\",\"@graph\":[{\"@type\":\"Article\",\"@id\":\"https:\\\/\\\/lesvolcansnews.net\\\/?p=68751#article\",\"isPartOf\":{\"@id\":\"https:\\\/\\\/lesvolcansnews.net\\\/?p=68751\"},\"author\":{\"name\":\"R\u00e9daction - Les Volcans News\",\"@id\":\"https:\\\/\\\/lesvolcansnews.net\\\/#\\\/schema\\\/person\\\/82c8bed2e77879ecf6cca63441f57354\"},\"headline\":\"RDC : les journalistes du Sud-Kivu d\u00e9noncent les menaces du AFC\\\/M23\",\"datePublished\":\"2025-08-22T09:34:09+00:00\",\"mainEntityOfPage\":{\"@id\":\"https:\\\/\\\/lesvolcansnews.net\\\/?p=68751\"},\"wordCount\":461,\"commentCount\":0,\"image\":{\"@id\":\"https:\\\/\\\/lesvolcansnews.net\\\/?p=68751#primaryimage\"},\"thumbnailUrl\":\"https:\\\/\\\/lesvolcansnews.net\\\/wp-content\\\/uploads\\\/2025\\\/08\\\/fonds-presse-libre-kisskissbank.jpg\",\"articleSection\":[\"ACTUALIT\u00c9\"],\"inLanguage\":\"fr-FR\",\"potentialAction\":[{\"@type\":\"CommentAction\",\"name\":\"Comment\",\"target\":[\"https:\\\/\\\/lesvolcansnews.net\\\/?p=68751#respond\"]}]},{\"@type\":\"WebPage\",\"@id\":\"https:\\\/\\\/lesvolcansnews.net\\\/?p=68751\",\"url\":\"https:\\\/\\\/lesvolcansnews.net\\\/?p=68751\",\"name\":\"RDC : les journalistes du Sud-Kivu d\u00e9noncent les menaces du AFC\\\/M23 - LES VOLCANS NEWS\",\"isPartOf\":{\"@id\":\"https:\\\/\\\/lesvolcansnews.net\\\/#website\"},\"primaryImageOfPage\":{\"@id\":\"https:\\\/\\\/lesvolcansnews.net\\\/?p=68751#primaryimage\"},\"image\":{\"@id\":\"https:\\\/\\\/lesvolcansnews.net\\\/?p=68751#primaryimage\"},\"thumbnailUrl\":\"https:\\\/\\\/lesvolcansnews.net\\\/wp-content\\\/uploads\\\/2025\\\/08\\\/fonds-presse-libre-kisskissbank.jpg\",\"datePublished\":\"2025-08-22T09:34:09+00:00\",\"author\":{\"@id\":\"https:\\\/\\\/lesvolcansnews.net\\\/#\\\/schema\\\/person\\\/82c8bed2e77879ecf6cca63441f57354\"},\"breadcrumb\":{\"@id\":\"https:\\\/\\\/lesvolcansnews.net\\\/?p=68751#breadcrumb\"},\"inLanguage\":\"fr-FR\",\"potentialAction\":[{\"@type\":\"ReadAction\",\"target\":[\"https:\\\/\\\/lesvolcansnews.net\\\/?p=68751\"]}]},{\"@type\":\"ImageObject\",\"inLanguage\":\"fr-FR\",\"@id\":\"https:\\\/\\\/lesvolcansnews.net\\\/?p=68751#primaryimage\",\"url\":\"https:\\\/\\\/lesvolcansnews.net\\\/wp-content\\\/uploads\\\/2025\\\/08\\\/fonds-presse-libre-kisskissbank.jpg\",\"contentUrl\":\"https:\\\/\\\/lesvolcansnews.net\\\/wp-content\\\/uploads\\\/2025\\\/08\\\/fonds-presse-libre-kisskissbank.jpg\",\"width\":655,\"height\":368},{\"@type\":\"BreadcrumbList\",\"@id\":\"https:\\\/\\\/lesvolcansnews.net\\\/?p=68751#breadcrumb\",\"itemListElement\":[{\"@type\":\"ListItem\",\"position\":1,\"name\":\"Accueil\",\"item\":\"https:\\\/\\\/lesvolcansnews.net\\\/\"},{\"@type\":\"ListItem\",\"position\":2,\"name\":\"RDC : les journalistes du Sud-Kivu d\u00e9noncent les menaces du AFC\\\/M23\"}]},{\"@type\":\"WebSite\",\"@id\":\"https:\\\/\\\/lesvolcansnews.net\\\/#website\",\"url\":\"https:\\\/\\\/lesvolcansnews.net\\\/\",\"name\":\"LES VOLCANS NEWS\",\"description\":\"L&#039;INFORMATION C&#039;EST NOUS\",\"potentialAction\":[{\"@type\":\"SearchAction\",\"target\":{\"@type\":\"EntryPoint\",\"urlTemplate\":\"https:\\\/\\\/lesvolcansnews.net\\\/?s={search_term_string}\"},\"query-input\":{\"@type\":\"PropertyValueSpecification\",\"valueRequired\":true,\"valueName\":\"search_term_string\"}}],\"inLanguage\":\"fr-FR\"},{\"@type\":\"Person\",\"@id\":\"https:\\\/\\\/lesvolcansnews.net\\\/#\\\/schema\\\/person\\\/82c8bed2e77879ecf6cca63441f57354\",\"name\":\"R\u00e9daction - Les Volcans News\",\"image\":{\"@type\":\"ImageObject\",\"inLanguage\":\"fr-FR\",\"@id\":\"https:\\\/\\\/secure.gravatar.com\\\/avatar\\\/8408942dd851e8a9c09f3d382a661bc05d2b3cd9002139bc1795b9528cdc6c80?s=96&d=mm&r=g\",\"url\":\"https:\\\/\\\/secure.gravatar.com\\\/avatar\\\/8408942dd851e8a9c09f3d382a661bc05d2b3cd9002139bc1795b9528cdc6c80?s=96&d=mm&r=g\",\"contentUrl\":\"https:\\\/\\\/secure.gravatar.com\\\/avatar\\\/8408942dd851e8a9c09f3d382a661bc05d2b3cd9002139bc1795b9528cdc6c80?s=96&d=mm&r=g\",\"caption\":\"R\u00e9daction - Les Volcans News\"},\"url\":\"https:\\\/\\\/lesvolcansnews.net\\\/?author=14\"}]}<\/script>\n<!-- \/ Yoast SEO plugin. -->","yoast_head_json":{"title":"RDC : les journalistes du Sud-Kivu d\u00e9noncent les menaces du AFC\/M23 - LES VOLCANS NEWS","robots":{"index":"index","follow":"follow","max-snippet":"max-snippet:-1","max-image-preview":"max-image-preview:large","max-video-preview":"max-video-preview:-1"},"canonical":"https:\/\/lesvolcansnews.net\/?p=68751","og_locale":"fr_FR","og_type":"article","og_title":"RDC : les journalistes du Sud-Kivu d\u00e9noncent les menaces du AFC\/M23 - LES VOLCANS NEWS","og_description":"&nbsp; Le collectif des journalistes locaux du Sud-Kivu a tir\u00e9 la sonnette d\u2019alarme vendredi \u00e0 Bukavu, face aux \u00ab menaces graves \u00bb et aux \u00ab restrictions inacceptables \u00bb impos\u00e9es par","og_url":"https:\/\/lesvolcansnews.net\/?p=68751","og_site_name":"LES VOLCANS NEWS","article_published_time":"2025-08-22T09:34:09+00:00","og_image":[{"width":655,"height":368,"url":"https:\/\/i0.wp.com\/lesvolcansnews.net\/wp-content\/uploads\/2025\/08\/fonds-presse-libre-kisskissbank.jpg?fit=655%2C368&ssl=1","type":"image\/jpeg"}],"author":"R\u00e9daction - Les Volcans News","twitter_card":"summary_large_image","twitter_misc":{"\u00c9crit par":"R\u00e9daction - Les Volcans News","Dur\u00e9e de lecture estim\u00e9e":"2 minutes"},"schema":{"@context":"https:\/\/schema.org","@graph":[{"@type":"Article","@id":"https:\/\/lesvolcansnews.net\/?p=68751#article","isPartOf":{"@id":"https:\/\/lesvolcansnews.net\/?p=68751"},"author":{"name":"R\u00e9daction - Les Volcans News","@id":"https:\/\/lesvolcansnews.net\/#\/schema\/person\/82c8bed2e77879ecf6cca63441f57354"},"headline":"RDC : les journalistes du Sud-Kivu d\u00e9noncent les menaces du AFC\/M23","datePublished":"2025-08-22T09:34:09+00:00","mainEntityOfPage":{"@id":"https:\/\/lesvolcansnews.net\/?p=68751"},"wordCount":461,"commentCount":0,"image":{"@id":"https:\/\/lesvolcansnews.net\/?p=68751#primaryimage"},"thumbnailUrl":"https:\/\/lesvolcansnews.net\/wp-content\/uploads\/2025\/08\/fonds-presse-libre-kisskissbank.jpg","articleSection":["ACTUALIT\u00c9"],"inLanguage":"fr-FR","potentialAction":[{"@type":"CommentAction","name":"Comment","target":["https:\/\/lesvolcansnews.net\/?p=68751#respond"]}]},{"@type":"WebPage","@id":"https:\/\/lesvolcansnews.net\/?p=68751","url":"https:\/\/lesvolcansnews.net\/?p=68751","name":"RDC : les journalistes du Sud-Kivu d\u00e9noncent les menaces du AFC\/M23 - LES VOLCANS NEWS","isPartOf":{"@id":"https:\/\/lesvolcansnews.net\/#website"},"primaryImageOfPage":{"@id":"https:\/\/lesvolcansnews.net\/?p=68751#primaryimage"},"image":{"@id":"https:\/\/lesvolcansnews.net\/?p=68751#primaryimage"},"thumbnailUrl":"https:\/\/lesvolcansnews.net\/wp-content\/uploads\/2025\/08\/fonds-presse-libre-kisskissbank.jpg","datePublished":"2025-08-22T09:34:09+00:00","author":{"@id":"https:\/\/lesvolcansnews.net\/#\/schema\/person\/82c8bed2e77879ecf6cca63441f57354"},"breadcrumb":{"@id":"https:\/\/lesvolcansnews.net\/?p=68751#breadcrumb"},"inLanguage":"fr-FR","potentialAction":[{"@type":"ReadAction","target":["https:\/\/lesvolcansnews.net\/?p=68751"]}]},{"@type":"ImageObject","inLanguage":"fr-FR","@id":"https:\/\/lesvolcansnews.net\/?p=68751#primaryimage","url":"https:\/\/lesvolcansnews.net\/wp-content\/uploads\/2025\/08\/fonds-presse-libre-kisskissbank.jpg","contentUrl":"https:\/\/lesvolcansnews.net\/wp-content\/uploads\/2025\/08\/fonds-presse-libre-kisskissbank.jpg","width":655,"height":368},{"@type":"BreadcrumbList","@id":"https:\/\/lesvolcansnews.net\/?p=68751#breadcrumb","itemListElement":[{"@type":"ListItem","position":1,"name":"Accueil","item":"https:\/\/lesvolcansnews.net\/"},{"@type":"ListItem","position":2,"name":"RDC : les journalistes du Sud-Kivu d\u00e9noncent les menaces du AFC\/M23"}]},{"@type":"WebSite","@id":"https:\/\/lesvolcansnews.net\/#website","url":"https:\/\/lesvolcansnews.net\/","name":"LES VOLCANS NEWS","description":"L&#039;INFORMATION C&#039;EST NOUS","potentialAction":[{"@type":"SearchAction","target":{"@type":"EntryPoint","urlTemplate":"https:\/\/lesvolcansnews.net\/?s={search_term_string}"},"query-input":{"@type":"PropertyValueSpecification","valueRequired":true,"valueName":"search_term_string"}}],"inLanguage":"fr-FR"},{"@type":"Person","@id":"https:\/\/lesvolcansnews.net\/#\/schema\/person\/82c8bed2e77879ecf6cca63441f57354","name":"R\u00e9daction - Les Volcans News","image":{"@type":"ImageObject","inLanguage":"fr-FR","@id":"https:\/\/secure.gravatar.com\/avatar\/8408942dd851e8a9c09f3d382a661bc05d2b3cd9002139bc1795b9528cdc6c80?s=96&d=mm&r=g","url":"https:\/\/secure.gravatar.com\/avatar\/8408942dd851e8a9c09f3d382a661bc05d2b3cd9002139bc1795b9528cdc6c80?s=96&d=mm&r=g","contentUrl":"https:\/\/secure.gravatar.com\/avatar\/8408942dd851e8a9c09f3d382a661bc05d2b3cd9002139bc1795b9528cdc6c80?s=96&d=mm&r=g","caption":"R\u00e9daction - Les Volcans News"},"url":"https:\/\/lesvolcansnews.net\/?author=14"}]}},"_links":{"self":[{"href":"https:\/\/lesvolcansnews.net\/index.php?rest_route=\/wp\/v2\/posts\/68751","targetHints":{"allow":["GET"]}}],"collection":[{"href":"https:\/\/lesvolcansnews.net\/index.php?rest_route=\/wp\/v2\/posts"}],"about":[{"href":"https:\/\/lesvolcansnews.net\/index.php?rest_route=\/wp\/v2\/types\/post"}],"author":[{"embeddable":true,"href":"https:\/\/lesvolcansnews.net\/index.php?rest_route=\/wp\/v2\/users\/14"}],"replies":[{"embeddable":true,"href":"https:\/\/lesvolcansnews.net\/index.php?rest_route=%2Fwp%2Fv2%2Fcomments&post=68751"}],"version-history":[{"count":1,"href":"https:\/\/lesvolcansnews.net\/index.php?rest_route=\/wp\/v2\/posts\/68751\/revisions"}],"predecessor-version":[{"id":68753,"href":"https:\/\/lesvolcansnews.net\/index.php?rest_route=\/wp\/v2\/posts\/68751\/revisions\/68753"}],"wp:featuredmedia":[{"embeddable":true,"href":"https:\/\/lesvolcansnews.net\/index.php?rest_route=\/wp\/v2\/media\/68752"}],"wp:attachment":[{"href":"https:\/\/lesvolcansnews.net\/index.php?rest_route=%2Fwp%2Fv2%2Fmedia&parent=68751"}],"wp:term":[{"taxonomy":"category","embeddable":true,"href":"https:\/\/lesvolcansnews.net\/index.php?rest_route=%2Fwp%2Fv2%2Fcategories&post=68751"},{"taxonomy":"post_tag","embeddable":true,"href":"https:\/\/lesvolcansnews.net\/index.php?rest_route=%2Fwp%2Fv2%2Ftags&post=68751"}],"curies":[{"name":"wp","href":"https:\/\/api.w.org\/{rel}","templated":true}]}}