{"id":68744,"date":"2025-08-21T20:44:02","date_gmt":"2025-08-21T18:44:02","guid":{"rendered":"https:\/\/lesvolcansnews.net\/?p=68744"},"modified":"2025-08-21T20:44:02","modified_gmt":"2025-08-21T18:44:02","slug":"rdc-lancement-dun-ensemble-dactivites-du-padrir-pour-booster-le-developpement-rural-dans-le-maniema","status":"publish","type":"post","link":"https:\/\/lesvolcansnews.net\/?p=68744","title":{"rendered":"RDC : Lancement d\u2019un ensemble d\u2019activit\u00e9s du PADRIR pour booster le d\u00e9veloppement rural dans le Maniema"},"content":{"rendered":"<p><strong>Plusieurs initiatives visant \u00e0 promouvoir le d\u00e9veloppement rural inclusif et r\u00e9silient ont \u00e9t\u00e9 officiellement lanc\u00e9es jeudi \u00e0 Kindu, chef-lieu de la province du Maniema (centre-est de la R\u00e9publique d\u00e9mocratique du Congo), dans le cadre du Programme d\u2019Appui au D\u00e9veloppement Rural Inclusif et R\u00e9silient (PADRIR), un projet gouvernemental cofinanc\u00e9 par le FIDA, la BADEA et l\u2019OFID<\/strong>.<\/p>\n<p>&nbsp;<\/p>\n<p>Lors d&#8217;une c\u00e9r\u00e9monie pr\u00e9sid\u00e9e par le gouverneur de la province, M. Mo\u00efse Mussa Kabwankubi, le coordonnateur national du PADRIR, le professeur Damien Joseph Muteba, a pr\u00e9sent\u00e9 les diff\u00e9rentes activit\u00e9s pr\u00e9vues dans le cadre de ce programme.<\/p>\n<p>&nbsp;<\/p>\n<p>\u00ab Aujourd&#8217;hui, nous venons de lancer plusieurs activit\u00e9s visant \u00e0 booster le d\u00e9veloppement rural inclusif et r\u00e9silient dans la province du Maniema \u00bb, a d\u00e9clar\u00e9 le Pr Muteba.<\/p>\n<p>Il a notamment cit\u00e9 la remise de 140 tonnes de semences de qualit\u00e9 et de souches agricoles destin\u00e9es \u00e0 5 000 m\u00e9nages, aux agri-multiplicateurs, aux associations paysannes ainsi qu\u2019\u00e0 l\u2019INERA Salubuzya.<\/p>\n<p>&nbsp;<\/p>\n<p>Dans le m\u00eame cadre, des engins d\u2019entretien routier (compacteurs) ont \u00e9t\u00e9 remis \u00e0 l\u2019Office des Voiries et Drainage Agricole (OVDA), en plus du lancement des travaux de construction d\u2019un b\u00e2timent administratif moderne pour cette m\u00eame institution. Le co\u00fbt global de ces travaux est estim\u00e9 \u00e0 95 000 dollars am\u00e9ricains.<\/p>\n<p>&nbsp;<\/p>\n<p>Le coordonnateur a aussi annonc\u00e9 le d\u00e9marrage imminent des travaux de r\u00e9habilitation de la route Kindu-Kasongo, une art\u00e8re strat\u00e9gique pour l\u2019\u00e9conomie rurale de la province. Il a \u00e9galement pris l\u2019engagement de lancer avant la fin de l\u2019ann\u00e9e les travaux de construction du b\u00e2timent du laboratoire de l\u2019INERA \u00e0 Salubuzya, dans le territoire de Pangi.<\/p>\n<p>&nbsp;<\/p>\n<p>\u00ab Toutes ces activit\u00e9s contredisent la th\u00e8se selon laquelle le PADRIR ne ferait rien dans la province du Maniema, car les effets sont visibles \u00bb, a-t-il insist\u00e9.<\/p>\n<p>&nbsp;<\/p>\n<p>Le gouverneur Mo\u00efse Mussa Kabwankubi, qui a pr\u00e9c\u00e9d\u00e9 la c\u00e9r\u00e9monie du lancement, a salu\u00e9 ces actions qu\u2019il consid\u00e8re comme la concr\u00e9tisation de la vision du Pr\u00e9sident de la R\u00e9publique, F\u00e9lix Antoine Tshisekedi Tshilombo.<\/p>\n<p>&nbsp;<\/p>\n<p>\u00ab Le lancement de ces activit\u00e9s est un signal fort de la mat\u00e9rialisation de la vision du Chef de l&#8217;\u00c9tat, qui pr\u00f4ne le d\u00e9veloppement \u00e0 la base \u00bb, a-t-il affirm\u00e9, tout en soulignant les \u00ab avanc\u00e9es remarquables \u00bb observ\u00e9es dans les projets de r\u00e9habilitation de plusieurs centaines de kilom\u00e8tres de routes de dessertes agricoles \u00e0 travers le Maniema.<\/p>\n<p>&nbsp;<\/p>\n<p>S\u2019adressant aux b\u00e9n\u00e9ficiaires, le gouverneur a appel\u00e9 \u00e0 une gestion responsable des intrants agricoles : \u00ab J\u2019invite les b\u00e9n\u00e9ficiaires de ces semences \u00e0 les utiliser en bon p\u00e8re de famille \u00bb, a-t-il recommand\u00e9, avant de remercier le PADRIR pour son appui sur deux axes jug\u00e9s essentiels : \u00ab la r\u00e9habilitation des routes de dessertes agricoles et la production des semences en qualit\u00e9 et en quantit\u00e9 \u00bb.<\/p>\n<p>&nbsp;<\/p>\n<p>Le PADRIR est un programme national qui vise \u00e0 renforcer la r\u00e9silience des communaut\u00e9s rurales en favorisant l\u2019acc\u00e8s aux intrants agricoles, aux infrastructures et aux services de base dans plusieurs provinces de la RDC, dont le Maniema.<\/p>\n<p>&nbsp;<\/p>\n<p>La r\u00e9daction<\/p>\n","protected":false},"excerpt":{"rendered":"<p>Plusieurs initiatives visant \u00e0 promouvoir le d\u00e9veloppement rural inclusif et r\u00e9silient ont \u00e9t\u00e9 officiellement lanc\u00e9es jeudi \u00e0 Kindu, chef-lieu de la province du Maniema (centre-est de la R\u00e9publique d\u00e9mocratique du<\/p>\n","protected":false},"author":14,"featured_media":68745,"comment_status":"open","ping_status":"open","sticky":false,"template":"","format":"standard","meta":{"footnotes":""},"categories":[9],"tags":[],"class_list":["post-68744","post","type-post","status-publish","format-standard","has-post-thumbnail","hentry","category-societe"],"yoast_head":"<!-- This site is optimized with the Yoast SEO plugin v27.5 - https:\/\/yoast.com\/product\/yoast-seo-wordpress\/ -->\n<title>RDC : Lancement d\u2019un ensemble d\u2019activit\u00e9s du PADRIR pour booster le d\u00e9veloppement rural dans le Maniema - LES VOLCANS NEWS<\/title>\n<meta name=\"robots\" content=\"index, follow, max-snippet:-1, max-image-preview:large, max-video-preview:-1\" \/>\n<link rel=\"canonical\" href=\"https:\/\/lesvolcansnews.net\/?p=68744\" \/>\n<meta property=\"og:locale\" content=\"fr_FR\" \/>\n<meta property=\"og:type\" content=\"article\" \/>\n<meta property=\"og:title\" content=\"RDC : Lancement d\u2019un ensemble d\u2019activit\u00e9s du PADRIR pour booster le d\u00e9veloppement rural dans le Maniema - LES VOLCANS NEWS\" \/>\n<meta property=\"og:description\" content=\"Plusieurs initiatives visant \u00e0 promouvoir le d\u00e9veloppement rural inclusif et r\u00e9silient ont \u00e9t\u00e9 officiellement lanc\u00e9es jeudi \u00e0 Kindu, chef-lieu de la province du Maniema (centre-est de la R\u00e9publique d\u00e9mocratique du\" \/>\n<meta property=\"og:url\" content=\"https:\/\/lesvolcansnews.net\/?p=68744\" \/>\n<meta property=\"og:site_name\" content=\"LES VOLCANS NEWS\" \/>\n<meta property=\"article:published_time\" content=\"2025-08-21T18:44:02+00:00\" \/>\n<meta property=\"og:image\" content=\"https:\/\/lesvolcansnews.net\/wp-content\/uploads\/2025\/08\/IMG-20250821-WA0161.jpg\" \/>\n\t<meta property=\"og:image:width\" content=\"1080\" \/>\n\t<meta property=\"og:image:height\" content=\"720\" \/>\n\t<meta property=\"og:image:type\" content=\"image\/jpeg\" \/>\n<meta name=\"author\" content=\"R\u00e9daction - Les Volcans News\" \/>\n<meta name=\"twitter:card\" content=\"summary_large_image\" \/>\n<meta name=\"twitter:label1\" content=\"\u00c9crit par\" \/>\n\t<meta name=\"twitter:data1\" content=\"R\u00e9daction - Les Volcans News\" \/>\n\t<meta name=\"twitter:label2\" content=\"Dur\u00e9e de lecture estim\u00e9e\" \/>\n\t<meta name=\"twitter:data2\" content=\"3 minutes\" \/>\n<script type=\"application\/ld+json\" class=\"yoast-schema-graph\">{\"@context\":\"https:\\\/\\\/schema.org\",\"@graph\":[{\"@type\":\"Article\",\"@id\":\"https:\\\/\\\/lesvolcansnews.net\\\/?p=68744#article\",\"isPartOf\":{\"@id\":\"https:\\\/\\\/lesvolcansnews.net\\\/?p=68744\"},\"author\":{\"name\":\"R\u00e9daction - Les Volcans News\",\"@id\":\"https:\\\/\\\/lesvolcansnews.net\\\/#\\\/schema\\\/person\\\/82c8bed2e77879ecf6cca63441f57354\"},\"headline\":\"RDC : Lancement d\u2019un ensemble d\u2019activit\u00e9s du PADRIR pour booster le d\u00e9veloppement rural dans le Maniema\",\"datePublished\":\"2025-08-21T18:44:02+00:00\",\"mainEntityOfPage\":{\"@id\":\"https:\\\/\\\/lesvolcansnews.net\\\/?p=68744\"},\"wordCount\":555,\"commentCount\":0,\"image\":{\"@id\":\"https:\\\/\\\/lesvolcansnews.net\\\/?p=68744#primaryimage\"},\"thumbnailUrl\":\"https:\\\/\\\/lesvolcansnews.net\\\/wp-content\\\/uploads\\\/2025\\\/08\\\/IMG-20250821-WA0161.jpg\",\"articleSection\":[\"SOCIET\u00c9\"],\"inLanguage\":\"fr-FR\",\"potentialAction\":[{\"@type\":\"CommentAction\",\"name\":\"Comment\",\"target\":[\"https:\\\/\\\/lesvolcansnews.net\\\/?p=68744#respond\"]}]},{\"@type\":\"WebPage\",\"@id\":\"https:\\\/\\\/lesvolcansnews.net\\\/?p=68744\",\"url\":\"https:\\\/\\\/lesvolcansnews.net\\\/?p=68744\",\"name\":\"RDC : Lancement d\u2019un ensemble d\u2019activit\u00e9s du PADRIR pour booster le d\u00e9veloppement rural dans le Maniema - LES VOLCANS NEWS\",\"isPartOf\":{\"@id\":\"https:\\\/\\\/lesvolcansnews.net\\\/#website\"},\"primaryImageOfPage\":{\"@id\":\"https:\\\/\\\/lesvolcansnews.net\\\/?p=68744#primaryimage\"},\"image\":{\"@id\":\"https:\\\/\\\/lesvolcansnews.net\\\/?p=68744#primaryimage\"},\"thumbnailUrl\":\"https:\\\/\\\/lesvolcansnews.net\\\/wp-content\\\/uploads\\\/2025\\\/08\\\/IMG-20250821-WA0161.jpg\",\"datePublished\":\"2025-08-21T18:44:02+00:00\",\"author\":{\"@id\":\"https:\\\/\\\/lesvolcansnews.net\\\/#\\\/schema\\\/person\\\/82c8bed2e77879ecf6cca63441f57354\"},\"breadcrumb\":{\"@id\":\"https:\\\/\\\/lesvolcansnews.net\\\/?p=68744#breadcrumb\"},\"inLanguage\":\"fr-FR\",\"potentialAction\":[{\"@type\":\"ReadAction\",\"target\":[\"https:\\\/\\\/lesvolcansnews.net\\\/?p=68744\"]}]},{\"@type\":\"ImageObject\",\"inLanguage\":\"fr-FR\",\"@id\":\"https:\\\/\\\/lesvolcansnews.net\\\/?p=68744#primaryimage\",\"url\":\"https:\\\/\\\/lesvolcansnews.net\\\/wp-content\\\/uploads\\\/2025\\\/08\\\/IMG-20250821-WA0161.jpg\",\"contentUrl\":\"https:\\\/\\\/lesvolcansnews.net\\\/wp-content\\\/uploads\\\/2025\\\/08\\\/IMG-20250821-WA0161.jpg\",\"width\":1080,\"height\":720},{\"@type\":\"BreadcrumbList\",\"@id\":\"https:\\\/\\\/lesvolcansnews.net\\\/?p=68744#breadcrumb\",\"itemListElement\":[{\"@type\":\"ListItem\",\"position\":1,\"name\":\"Accueil\",\"item\":\"https:\\\/\\\/lesvolcansnews.net\\\/\"},{\"@type\":\"ListItem\",\"position\":2,\"name\":\"RDC : Lancement d\u2019un ensemble d\u2019activit\u00e9s du PADRIR pour booster le d\u00e9veloppement rural dans le Maniema\"}]},{\"@type\":\"WebSite\",\"@id\":\"https:\\\/\\\/lesvolcansnews.net\\\/#website\",\"url\":\"https:\\\/\\\/lesvolcansnews.net\\\/\",\"name\":\"LES VOLCANS NEWS\",\"description\":\"L&#039;INFORMATION C&#039;EST NOUS\",\"potentialAction\":[{\"@type\":\"SearchAction\",\"target\":{\"@type\":\"EntryPoint\",\"urlTemplate\":\"https:\\\/\\\/lesvolcansnews.net\\\/?s={search_term_string}\"},\"query-input\":{\"@type\":\"PropertyValueSpecification\",\"valueRequired\":true,\"valueName\":\"search_term_string\"}}],\"inLanguage\":\"fr-FR\"},{\"@type\":\"Person\",\"@id\":\"https:\\\/\\\/lesvolcansnews.net\\\/#\\\/schema\\\/person\\\/82c8bed2e77879ecf6cca63441f57354\",\"name\":\"R\u00e9daction - Les Volcans News\",\"image\":{\"@type\":\"ImageObject\",\"inLanguage\":\"fr-FR\",\"@id\":\"https:\\\/\\\/secure.gravatar.com\\\/avatar\\\/8408942dd851e8a9c09f3d382a661bc05d2b3cd9002139bc1795b9528cdc6c80?s=96&d=mm&r=g\",\"url\":\"https:\\\/\\\/secure.gravatar.com\\\/avatar\\\/8408942dd851e8a9c09f3d382a661bc05d2b3cd9002139bc1795b9528cdc6c80?s=96&d=mm&r=g\",\"contentUrl\":\"https:\\\/\\\/secure.gravatar.com\\\/avatar\\\/8408942dd851e8a9c09f3d382a661bc05d2b3cd9002139bc1795b9528cdc6c80?s=96&d=mm&r=g\",\"caption\":\"R\u00e9daction - Les Volcans News\"},\"url\":\"https:\\\/\\\/lesvolcansnews.net\\\/?author=14\"}]}<\/script>\n<!-- \/ Yoast SEO plugin. -->","yoast_head_json":{"title":"RDC : Lancement d\u2019un ensemble d\u2019activit\u00e9s du PADRIR pour booster le d\u00e9veloppement rural dans le Maniema - LES VOLCANS NEWS","robots":{"index":"index","follow":"follow","max-snippet":"max-snippet:-1","max-image-preview":"max-image-preview:large","max-video-preview":"max-video-preview:-1"},"canonical":"https:\/\/lesvolcansnews.net\/?p=68744","og_locale":"fr_FR","og_type":"article","og_title":"RDC : Lancement d\u2019un ensemble d\u2019activit\u00e9s du PADRIR pour booster le d\u00e9veloppement rural dans le Maniema - LES VOLCANS NEWS","og_description":"Plusieurs initiatives visant \u00e0 promouvoir le d\u00e9veloppement rural inclusif et r\u00e9silient ont \u00e9t\u00e9 officiellement lanc\u00e9es jeudi \u00e0 Kindu, chef-lieu de la province du Maniema (centre-est de la R\u00e9publique d\u00e9mocratique du","og_url":"https:\/\/lesvolcansnews.net\/?p=68744","og_site_name":"LES VOLCANS NEWS","article_published_time":"2025-08-21T18:44:02+00:00","og_image":[{"width":1080,"height":720,"url":"https:\/\/lesvolcansnews.net\/wp-content\/uploads\/2025\/08\/IMG-20250821-WA0161.jpg","type":"image\/jpeg"}],"author":"R\u00e9daction - Les Volcans News","twitter_card":"summary_large_image","twitter_misc":{"\u00c9crit par":"R\u00e9daction - Les Volcans News","Dur\u00e9e de lecture estim\u00e9e":"3 minutes"},"schema":{"@context":"https:\/\/schema.org","@graph":[{"@type":"Article","@id":"https:\/\/lesvolcansnews.net\/?p=68744#article","isPartOf":{"@id":"https:\/\/lesvolcansnews.net\/?p=68744"},"author":{"name":"R\u00e9daction - Les Volcans News","@id":"https:\/\/lesvolcansnews.net\/#\/schema\/person\/82c8bed2e77879ecf6cca63441f57354"},"headline":"RDC : Lancement d\u2019un ensemble d\u2019activit\u00e9s du PADRIR pour booster le d\u00e9veloppement rural dans le Maniema","datePublished":"2025-08-21T18:44:02+00:00","mainEntityOfPage":{"@id":"https:\/\/lesvolcansnews.net\/?p=68744"},"wordCount":555,"commentCount":0,"image":{"@id":"https:\/\/lesvolcansnews.net\/?p=68744#primaryimage"},"thumbnailUrl":"https:\/\/lesvolcansnews.net\/wp-content\/uploads\/2025\/08\/IMG-20250821-WA0161.jpg","articleSection":["SOCIET\u00c9"],"inLanguage":"fr-FR","potentialAction":[{"@type":"CommentAction","name":"Comment","target":["https:\/\/lesvolcansnews.net\/?p=68744#respond"]}]},{"@type":"WebPage","@id":"https:\/\/lesvolcansnews.net\/?p=68744","url":"https:\/\/lesvolcansnews.net\/?p=68744","name":"RDC : Lancement d\u2019un ensemble d\u2019activit\u00e9s du PADRIR pour booster le d\u00e9veloppement rural dans le Maniema - LES VOLCANS NEWS","isPartOf":{"@id":"https:\/\/lesvolcansnews.net\/#website"},"primaryImageOfPage":{"@id":"https:\/\/lesvolcansnews.net\/?p=68744#primaryimage"},"image":{"@id":"https:\/\/lesvolcansnews.net\/?p=68744#primaryimage"},"thumbnailUrl":"https:\/\/lesvolcansnews.net\/wp-content\/uploads\/2025\/08\/IMG-20250821-WA0161.jpg","datePublished":"2025-08-21T18:44:02+00:00","author":{"@id":"https:\/\/lesvolcansnews.net\/#\/schema\/person\/82c8bed2e77879ecf6cca63441f57354"},"breadcrumb":{"@id":"https:\/\/lesvolcansnews.net\/?p=68744#breadcrumb"},"inLanguage":"fr-FR","potentialAction":[{"@type":"ReadAction","target":["https:\/\/lesvolcansnews.net\/?p=68744"]}]},{"@type":"ImageObject","inLanguage":"fr-FR","@id":"https:\/\/lesvolcansnews.net\/?p=68744#primaryimage","url":"https:\/\/lesvolcansnews.net\/wp-content\/uploads\/2025\/08\/IMG-20250821-WA0161.jpg","contentUrl":"https:\/\/lesvolcansnews.net\/wp-content\/uploads\/2025\/08\/IMG-20250821-WA0161.jpg","width":1080,"height":720},{"@type":"BreadcrumbList","@id":"https:\/\/lesvolcansnews.net\/?p=68744#breadcrumb","itemListElement":[{"@type":"ListItem","position":1,"name":"Accueil","item":"https:\/\/lesvolcansnews.net\/"},{"@type":"ListItem","position":2,"name":"RDC : Lancement d\u2019un ensemble d\u2019activit\u00e9s du PADRIR pour booster le d\u00e9veloppement rural dans le Maniema"}]},{"@type":"WebSite","@id":"https:\/\/lesvolcansnews.net\/#website","url":"https:\/\/lesvolcansnews.net\/","name":"LES VOLCANS NEWS","description":"L&#039;INFORMATION C&#039;EST NOUS","potentialAction":[{"@type":"SearchAction","target":{"@type":"EntryPoint","urlTemplate":"https:\/\/lesvolcansnews.net\/?s={search_term_string}"},"query-input":{"@type":"PropertyValueSpecification","valueRequired":true,"valueName":"search_term_string"}}],"inLanguage":"fr-FR"},{"@type":"Person","@id":"https:\/\/lesvolcansnews.net\/#\/schema\/person\/82c8bed2e77879ecf6cca63441f57354","name":"R\u00e9daction - Les Volcans News","image":{"@type":"ImageObject","inLanguage":"fr-FR","@id":"https:\/\/secure.gravatar.com\/avatar\/8408942dd851e8a9c09f3d382a661bc05d2b3cd9002139bc1795b9528cdc6c80?s=96&d=mm&r=g","url":"https:\/\/secure.gravatar.com\/avatar\/8408942dd851e8a9c09f3d382a661bc05d2b3cd9002139bc1795b9528cdc6c80?s=96&d=mm&r=g","contentUrl":"https:\/\/secure.gravatar.com\/avatar\/8408942dd851e8a9c09f3d382a661bc05d2b3cd9002139bc1795b9528cdc6c80?s=96&d=mm&r=g","caption":"R\u00e9daction - Les Volcans News"},"url":"https:\/\/lesvolcansnews.net\/?author=14"}]}},"_links":{"self":[{"href":"https:\/\/lesvolcansnews.net\/index.php?rest_route=\/wp\/v2\/posts\/68744","targetHints":{"allow":["GET"]}}],"collection":[{"href":"https:\/\/lesvolcansnews.net\/index.php?rest_route=\/wp\/v2\/posts"}],"about":[{"href":"https:\/\/lesvolcansnews.net\/index.php?rest_route=\/wp\/v2\/types\/post"}],"author":[{"embeddable":true,"href":"https:\/\/lesvolcansnews.net\/index.php?rest_route=\/wp\/v2\/users\/14"}],"replies":[{"embeddable":true,"href":"https:\/\/lesvolcansnews.net\/index.php?rest_route=%2Fwp%2Fv2%2Fcomments&post=68744"}],"version-history":[{"count":1,"href":"https:\/\/lesvolcansnews.net\/index.php?rest_route=\/wp\/v2\/posts\/68744\/revisions"}],"predecessor-version":[{"id":68746,"href":"https:\/\/lesvolcansnews.net\/index.php?rest_route=\/wp\/v2\/posts\/68744\/revisions\/68746"}],"wp:featuredmedia":[{"embeddable":true,"href":"https:\/\/lesvolcansnews.net\/index.php?rest_route=\/wp\/v2\/media\/68745"}],"wp:attachment":[{"href":"https:\/\/lesvolcansnews.net\/index.php?rest_route=%2Fwp%2Fv2%2Fmedia&parent=68744"}],"wp:term":[{"taxonomy":"category","embeddable":true,"href":"https:\/\/lesvolcansnews.net\/index.php?rest_route=%2Fwp%2Fv2%2Fcategories&post=68744"},{"taxonomy":"post_tag","embeddable":true,"href":"https:\/\/lesvolcansnews.net\/index.php?rest_route=%2Fwp%2Fv2%2Ftags&post=68744"}],"curies":[{"name":"wp","href":"https:\/\/api.w.org\/{rel}","templated":true}]}}