{"id":6818,"date":"2019-12-12T19:20:16","date_gmt":"2019-12-12T19:20:16","guid":{"rendered":"https:\/\/lesvolcansnews.net\/2019\/12\/12\/rdc-la-cooperation-entre-la-rdc-le-congo-brazzaville-et-le-soudan-du-sud-evoquee-a-la-presidence-de-la-republique\/"},"modified":"2019-12-12T19:21:46","modified_gmt":"2019-12-12T19:21:46","slug":"rdc-la-cooperation-entre-la-rdc-le-congo-brazzaville-et-le-soudan-du-sud-evoquee-a-la-presidence-de-la-republique","status":"publish","type":"post","link":"https:\/\/lesvolcansnews.net\/?p=6818","title":{"rendered":"RDC: la cooperation entre la RDC, le congo- brazzaville et le soudan du sud evoquee a la presidence de la republique"},"content":{"rendered":"\n<p>Mme Awut Deng Acuil, ministre du Soudan du Sud en charge des Affaires \u00e9trang\u00e8res et de la Coop\u00e9ration internationale et M. Jean-Baptiste Ondaye, Secr\u00e9taire g\u00e9n\u00e9ral \u00e0 la Pr\u00e9sidence de la R\u00e9publique du Congo, tous deux porteurs de messages de leurs Chefs d&#8217;Etat respectifs,ont \u00e9t\u00e9 re\u00e7us en audience, jeudi \u00e0 la Cit\u00e9 de l&#8217;Union africaine, par le Pr\u00e9sident de la R\u00e9publique F\u00e9lix-Antoine Tshisekedi Tshilombo. Mme Awut Deng, qui a remerci\u00e9 le Chef de l&#8217;Etat pour l&#8217;avoir re\u00e7ue en audience, a d\u00e9clar\u00e9 \u00e0 la presse qu&#8217;elle \u00e9tait charg\u00e9e par le Pr\u00e9sident du Soudan du Sud, le general Salvakir, pour transmettre un message \u00e0 son homologue congolais, F\u00e9lix Antoine Tshisekedi Tshilombo,en rapport avec le renforcement de coop\u00e9ration entre les deux pays. Pour Mme Awut, il est question du renforcement de coop\u00e9ration sur les plans \u00e9conomique, de la paix et de la s\u00e9curit\u00e9. Les questions se rapportant aux sanctions prises par certains pays occidentaux et organismes internationaux \u00e0 l&#8217;endroit des certains officiels africains ont \u00e9galement \u00e9t\u00e9 examin\u00e9es au cours de cette audience, a- t- elle fait savoir. La ministre des Affaires \u00e9trang\u00e8res et de la coop\u00e9ration du Soudan du Sud s&#8217;est f\u00e9licit\u00e9 de la position du Chef de l&#8217;\u00c9tat laquelle, a- t- elle dit, rencontre celle de l&#8217;Union africaine de 2020, relative aux armes qui doivent se taire d\u00e9finitivement en Afrique en vue de permettre aux populations de vaquer librement \u00e0 leurs occupations et permettre aux pays africains de d\u00e9velopper des \u00e9changes commerciaux fluides. Pour sa part, M. Jean- Baptiste Ondaye, Secr\u00e9taire g\u00e9n\u00e9ral \u00e0 la Pr\u00e9sidence de la R\u00e9publique du Congo, s&#8217;est refus\u00e9 \u00e0 toute d\u00e9claration, arguant qu&#8217;il \u00e9tait porteur d&#8217;un message de son Pr\u00e9sident \u00e0 son homologue, F\u00e9lix Antoine Tshisekedi Tshilombo, en rapport avec le renforcement de l&#8217;\u00e9tat de coop\u00e9ration entre Kinshasa et Brazzaville, les deux capitales les plus rapproch\u00e9es du monde. Il a annonc\u00e9 que les deux Chefs d&#8217;Etat vont se rencontrer le 18 du mois en cours ,en marge du sommet de Libreville, au Gabon. acp<\/p>\n","protected":false},"excerpt":{"rendered":"<p>Mme Awut Deng Acuil, ministre du Soudan du Sud en charge des Affaires \u00e9trang\u00e8res et de la Coop\u00e9ration internationale et M. Jean-Baptiste Ondaye, Secr\u00e9taire g\u00e9n\u00e9ral \u00e0 la Pr\u00e9sidence de la<\/p>\n","protected":false},"author":14,"featured_media":6817,"comment_status":"open","ping_status":"open","sticky":false,"template":"","format":"standard","meta":{"footnotes":""},"categories":[27],"tags":[],"class_list":["post-6818","post","type-post","status-publish","format-standard","has-post-thumbnail","hentry","category-politique"],"yoast_head":"<!-- This site is optimized with the Yoast SEO plugin v27.5 - https:\/\/yoast.com\/product\/yoast-seo-wordpress\/ -->\n<title>RDC: la cooperation entre la RDC, le congo- brazzaville et le soudan du sud evoquee a la presidence de la republique - LES VOLCANS NEWS<\/title>\n<meta name=\"robots\" content=\"index, follow, max-snippet:-1, max-image-preview:large, max-video-preview:-1\" \/>\n<link rel=\"canonical\" href=\"https:\/\/lesvolcansnews.net\/?p=6818\" \/>\n<meta property=\"og:locale\" content=\"fr_FR\" \/>\n<meta property=\"og:type\" content=\"article\" \/>\n<meta property=\"og:title\" content=\"RDC: la cooperation entre la RDC, le congo- brazzaville et le soudan du sud evoquee a la presidence de la republique - LES VOLCANS NEWS\" \/>\n<meta property=\"og:description\" content=\"Mme Awut Deng Acuil, ministre du Soudan du Sud en charge des Affaires \u00e9trang\u00e8res et de la Coop\u00e9ration internationale et M. Jean-Baptiste Ondaye, Secr\u00e9taire g\u00e9n\u00e9ral \u00e0 la Pr\u00e9sidence de la\" \/>\n<meta property=\"og:url\" content=\"https:\/\/lesvolcansnews.net\/?p=6818\" \/>\n<meta property=\"og:site_name\" content=\"LES VOLCANS NEWS\" \/>\n<meta property=\"article:published_time\" content=\"2019-12-12T19:20:16+00:00\" \/>\n<meta property=\"article:modified_time\" content=\"2019-12-12T19:21:46+00:00\" \/>\n<meta property=\"og:image\" content=\"https:\/\/lesvolcansnews.net\/wp-content\/uploads\/2019\/12\/ANM_1665.jpg\" \/>\n\t<meta property=\"og:image:width\" content=\"1600\" \/>\n\t<meta property=\"og:image:height\" content=\"1067\" \/>\n\t<meta property=\"og:image:type\" content=\"image\/jpeg\" \/>\n<meta name=\"author\" content=\"R\u00e9daction - Les Volcans News\" \/>\n<meta name=\"twitter:card\" content=\"summary_large_image\" \/>\n<meta name=\"twitter:label1\" content=\"\u00c9crit par\" \/>\n\t<meta name=\"twitter:data1\" content=\"R\u00e9daction - Les Volcans News\" \/>\n\t<meta name=\"twitter:label2\" content=\"Dur\u00e9e de lecture estim\u00e9e\" \/>\n\t<meta name=\"twitter:data2\" content=\"2 minutes\" \/>\n<script type=\"application\/ld+json\" class=\"yoast-schema-graph\">{\"@context\":\"https:\\\/\\\/schema.org\",\"@graph\":[{\"@type\":\"Article\",\"@id\":\"https:\\\/\\\/lesvolcansnews.net\\\/?p=6818#article\",\"isPartOf\":{\"@id\":\"https:\\\/\\\/lesvolcansnews.net\\\/?p=6818\"},\"author\":{\"name\":\"R\u00e9daction - Les Volcans News\",\"@id\":\"https:\\\/\\\/lesvolcansnews.net\\\/#\\\/schema\\\/person\\\/82c8bed2e77879ecf6cca63441f57354\"},\"headline\":\"RDC: la cooperation entre la RDC, le congo- brazzaville et le soudan du sud evoquee a la presidence de la republique\",\"datePublished\":\"2019-12-12T19:20:16+00:00\",\"dateModified\":\"2019-12-12T19:21:46+00:00\",\"mainEntityOfPage\":{\"@id\":\"https:\\\/\\\/lesvolcansnews.net\\\/?p=6818\"},\"wordCount\":386,\"commentCount\":0,\"image\":{\"@id\":\"https:\\\/\\\/lesvolcansnews.net\\\/?p=6818#primaryimage\"},\"thumbnailUrl\":\"https:\\\/\\\/lesvolcansnews.net\\\/wp-content\\\/uploads\\\/2019\\\/12\\\/ANM_1665.jpg\",\"articleSection\":[\"POLITIQUE\"],\"inLanguage\":\"fr-FR\",\"potentialAction\":[{\"@type\":\"CommentAction\",\"name\":\"Comment\",\"target\":[\"https:\\\/\\\/lesvolcansnews.net\\\/?p=6818#respond\"]}]},{\"@type\":\"WebPage\",\"@id\":\"https:\\\/\\\/lesvolcansnews.net\\\/?p=6818\",\"url\":\"https:\\\/\\\/lesvolcansnews.net\\\/?p=6818\",\"name\":\"RDC: la cooperation entre la RDC, le congo- brazzaville et le soudan du sud evoquee a la presidence de la republique - LES VOLCANS NEWS\",\"isPartOf\":{\"@id\":\"https:\\\/\\\/lesvolcansnews.net\\\/#website\"},\"primaryImageOfPage\":{\"@id\":\"https:\\\/\\\/lesvolcansnews.net\\\/?p=6818#primaryimage\"},\"image\":{\"@id\":\"https:\\\/\\\/lesvolcansnews.net\\\/?p=6818#primaryimage\"},\"thumbnailUrl\":\"https:\\\/\\\/lesvolcansnews.net\\\/wp-content\\\/uploads\\\/2019\\\/12\\\/ANM_1665.jpg\",\"datePublished\":\"2019-12-12T19:20:16+00:00\",\"dateModified\":\"2019-12-12T19:21:46+00:00\",\"author\":{\"@id\":\"https:\\\/\\\/lesvolcansnews.net\\\/#\\\/schema\\\/person\\\/82c8bed2e77879ecf6cca63441f57354\"},\"breadcrumb\":{\"@id\":\"https:\\\/\\\/lesvolcansnews.net\\\/?p=6818#breadcrumb\"},\"inLanguage\":\"fr-FR\",\"potentialAction\":[{\"@type\":\"ReadAction\",\"target\":[\"https:\\\/\\\/lesvolcansnews.net\\\/?p=6818\"]}]},{\"@type\":\"ImageObject\",\"inLanguage\":\"fr-FR\",\"@id\":\"https:\\\/\\\/lesvolcansnews.net\\\/?p=6818#primaryimage\",\"url\":\"https:\\\/\\\/lesvolcansnews.net\\\/wp-content\\\/uploads\\\/2019\\\/12\\\/ANM_1665.jpg\",\"contentUrl\":\"https:\\\/\\\/lesvolcansnews.net\\\/wp-content\\\/uploads\\\/2019\\\/12\\\/ANM_1665.jpg\",\"width\":1600,\"height\":1067},{\"@type\":\"BreadcrumbList\",\"@id\":\"https:\\\/\\\/lesvolcansnews.net\\\/?p=6818#breadcrumb\",\"itemListElement\":[{\"@type\":\"ListItem\",\"position\":1,\"name\":\"Accueil\",\"item\":\"https:\\\/\\\/lesvolcansnews.net\\\/\"},{\"@type\":\"ListItem\",\"position\":2,\"name\":\"RDC: la cooperation entre la RDC, le congo- brazzaville et le soudan du sud evoquee a la presidence de la republique\"}]},{\"@type\":\"WebSite\",\"@id\":\"https:\\\/\\\/lesvolcansnews.net\\\/#website\",\"url\":\"https:\\\/\\\/lesvolcansnews.net\\\/\",\"name\":\"LES VOLCANS NEWS\",\"description\":\"L&#039;INFORMATION C&#039;EST NOUS\",\"potentialAction\":[{\"@type\":\"SearchAction\",\"target\":{\"@type\":\"EntryPoint\",\"urlTemplate\":\"https:\\\/\\\/lesvolcansnews.net\\\/?s={search_term_string}\"},\"query-input\":{\"@type\":\"PropertyValueSpecification\",\"valueRequired\":true,\"valueName\":\"search_term_string\"}}],\"inLanguage\":\"fr-FR\"},{\"@type\":\"Person\",\"@id\":\"https:\\\/\\\/lesvolcansnews.net\\\/#\\\/schema\\\/person\\\/82c8bed2e77879ecf6cca63441f57354\",\"name\":\"R\u00e9daction - Les Volcans News\",\"image\":{\"@type\":\"ImageObject\",\"inLanguage\":\"fr-FR\",\"@id\":\"https:\\\/\\\/secure.gravatar.com\\\/avatar\\\/8408942dd851e8a9c09f3d382a661bc05d2b3cd9002139bc1795b9528cdc6c80?s=96&d=mm&r=g\",\"url\":\"https:\\\/\\\/secure.gravatar.com\\\/avatar\\\/8408942dd851e8a9c09f3d382a661bc05d2b3cd9002139bc1795b9528cdc6c80?s=96&d=mm&r=g\",\"contentUrl\":\"https:\\\/\\\/secure.gravatar.com\\\/avatar\\\/8408942dd851e8a9c09f3d382a661bc05d2b3cd9002139bc1795b9528cdc6c80?s=96&d=mm&r=g\",\"caption\":\"R\u00e9daction - Les Volcans News\"},\"url\":\"https:\\\/\\\/lesvolcansnews.net\\\/?author=14\"}]}<\/script>\n<!-- \/ Yoast SEO plugin. -->","yoast_head_json":{"title":"RDC: la cooperation entre la RDC, le congo- brazzaville et le soudan du sud evoquee a la presidence de la republique - LES VOLCANS NEWS","robots":{"index":"index","follow":"follow","max-snippet":"max-snippet:-1","max-image-preview":"max-image-preview:large","max-video-preview":"max-video-preview:-1"},"canonical":"https:\/\/lesvolcansnews.net\/?p=6818","og_locale":"fr_FR","og_type":"article","og_title":"RDC: la cooperation entre la RDC, le congo- brazzaville et le soudan du sud evoquee a la presidence de la republique - LES VOLCANS NEWS","og_description":"Mme Awut Deng Acuil, ministre du Soudan du Sud en charge des Affaires \u00e9trang\u00e8res et de la Coop\u00e9ration internationale et M. Jean-Baptiste Ondaye, Secr\u00e9taire g\u00e9n\u00e9ral \u00e0 la Pr\u00e9sidence de la","og_url":"https:\/\/lesvolcansnews.net\/?p=6818","og_site_name":"LES VOLCANS NEWS","article_published_time":"2019-12-12T19:20:16+00:00","article_modified_time":"2019-12-12T19:21:46+00:00","og_image":[{"width":1600,"height":1067,"url":"https:\/\/lesvolcansnews.net\/wp-content\/uploads\/2019\/12\/ANM_1665.jpg","type":"image\/jpeg"}],"author":"R\u00e9daction - Les Volcans News","twitter_card":"summary_large_image","twitter_misc":{"\u00c9crit par":"R\u00e9daction - Les Volcans News","Dur\u00e9e de lecture estim\u00e9e":"2 minutes"},"schema":{"@context":"https:\/\/schema.org","@graph":[{"@type":"Article","@id":"https:\/\/lesvolcansnews.net\/?p=6818#article","isPartOf":{"@id":"https:\/\/lesvolcansnews.net\/?p=6818"},"author":{"name":"R\u00e9daction - Les Volcans News","@id":"https:\/\/lesvolcansnews.net\/#\/schema\/person\/82c8bed2e77879ecf6cca63441f57354"},"headline":"RDC: la cooperation entre la RDC, le congo- brazzaville et le soudan du sud evoquee a la presidence de la republique","datePublished":"2019-12-12T19:20:16+00:00","dateModified":"2019-12-12T19:21:46+00:00","mainEntityOfPage":{"@id":"https:\/\/lesvolcansnews.net\/?p=6818"},"wordCount":386,"commentCount":0,"image":{"@id":"https:\/\/lesvolcansnews.net\/?p=6818#primaryimage"},"thumbnailUrl":"https:\/\/lesvolcansnews.net\/wp-content\/uploads\/2019\/12\/ANM_1665.jpg","articleSection":["POLITIQUE"],"inLanguage":"fr-FR","potentialAction":[{"@type":"CommentAction","name":"Comment","target":["https:\/\/lesvolcansnews.net\/?p=6818#respond"]}]},{"@type":"WebPage","@id":"https:\/\/lesvolcansnews.net\/?p=6818","url":"https:\/\/lesvolcansnews.net\/?p=6818","name":"RDC: la cooperation entre la RDC, le congo- brazzaville et le soudan du sud evoquee a la presidence de la republique - LES VOLCANS NEWS","isPartOf":{"@id":"https:\/\/lesvolcansnews.net\/#website"},"primaryImageOfPage":{"@id":"https:\/\/lesvolcansnews.net\/?p=6818#primaryimage"},"image":{"@id":"https:\/\/lesvolcansnews.net\/?p=6818#primaryimage"},"thumbnailUrl":"https:\/\/lesvolcansnews.net\/wp-content\/uploads\/2019\/12\/ANM_1665.jpg","datePublished":"2019-12-12T19:20:16+00:00","dateModified":"2019-12-12T19:21:46+00:00","author":{"@id":"https:\/\/lesvolcansnews.net\/#\/schema\/person\/82c8bed2e77879ecf6cca63441f57354"},"breadcrumb":{"@id":"https:\/\/lesvolcansnews.net\/?p=6818#breadcrumb"},"inLanguage":"fr-FR","potentialAction":[{"@type":"ReadAction","target":["https:\/\/lesvolcansnews.net\/?p=6818"]}]},{"@type":"ImageObject","inLanguage":"fr-FR","@id":"https:\/\/lesvolcansnews.net\/?p=6818#primaryimage","url":"https:\/\/lesvolcansnews.net\/wp-content\/uploads\/2019\/12\/ANM_1665.jpg","contentUrl":"https:\/\/lesvolcansnews.net\/wp-content\/uploads\/2019\/12\/ANM_1665.jpg","width":1600,"height":1067},{"@type":"BreadcrumbList","@id":"https:\/\/lesvolcansnews.net\/?p=6818#breadcrumb","itemListElement":[{"@type":"ListItem","position":1,"name":"Accueil","item":"https:\/\/lesvolcansnews.net\/"},{"@type":"ListItem","position":2,"name":"RDC: la cooperation entre la RDC, le congo- brazzaville et le soudan du sud evoquee a la presidence de la republique"}]},{"@type":"WebSite","@id":"https:\/\/lesvolcansnews.net\/#website","url":"https:\/\/lesvolcansnews.net\/","name":"LES VOLCANS NEWS","description":"L&#039;INFORMATION C&#039;EST NOUS","potentialAction":[{"@type":"SearchAction","target":{"@type":"EntryPoint","urlTemplate":"https:\/\/lesvolcansnews.net\/?s={search_term_string}"},"query-input":{"@type":"PropertyValueSpecification","valueRequired":true,"valueName":"search_term_string"}}],"inLanguage":"fr-FR"},{"@type":"Person","@id":"https:\/\/lesvolcansnews.net\/#\/schema\/person\/82c8bed2e77879ecf6cca63441f57354","name":"R\u00e9daction - Les Volcans News","image":{"@type":"ImageObject","inLanguage":"fr-FR","@id":"https:\/\/secure.gravatar.com\/avatar\/8408942dd851e8a9c09f3d382a661bc05d2b3cd9002139bc1795b9528cdc6c80?s=96&d=mm&r=g","url":"https:\/\/secure.gravatar.com\/avatar\/8408942dd851e8a9c09f3d382a661bc05d2b3cd9002139bc1795b9528cdc6c80?s=96&d=mm&r=g","contentUrl":"https:\/\/secure.gravatar.com\/avatar\/8408942dd851e8a9c09f3d382a661bc05d2b3cd9002139bc1795b9528cdc6c80?s=96&d=mm&r=g","caption":"R\u00e9daction - Les Volcans News"},"url":"https:\/\/lesvolcansnews.net\/?author=14"}]}},"_links":{"self":[{"href":"https:\/\/lesvolcansnews.net\/index.php?rest_route=\/wp\/v2\/posts\/6818","targetHints":{"allow":["GET"]}}],"collection":[{"href":"https:\/\/lesvolcansnews.net\/index.php?rest_route=\/wp\/v2\/posts"}],"about":[{"href":"https:\/\/lesvolcansnews.net\/index.php?rest_route=\/wp\/v2\/types\/post"}],"author":[{"embeddable":true,"href":"https:\/\/lesvolcansnews.net\/index.php?rest_route=\/wp\/v2\/users\/14"}],"replies":[{"embeddable":true,"href":"https:\/\/lesvolcansnews.net\/index.php?rest_route=%2Fwp%2Fv2%2Fcomments&post=6818"}],"version-history":[{"count":1,"href":"https:\/\/lesvolcansnews.net\/index.php?rest_route=\/wp\/v2\/posts\/6818\/revisions"}],"predecessor-version":[{"id":6819,"href":"https:\/\/lesvolcansnews.net\/index.php?rest_route=\/wp\/v2\/posts\/6818\/revisions\/6819"}],"wp:featuredmedia":[{"embeddable":true,"href":"https:\/\/lesvolcansnews.net\/index.php?rest_route=\/wp\/v2\/media\/6817"}],"wp:attachment":[{"href":"https:\/\/lesvolcansnews.net\/index.php?rest_route=%2Fwp%2Fv2%2Fmedia&parent=6818"}],"wp:term":[{"taxonomy":"category","embeddable":true,"href":"https:\/\/lesvolcansnews.net\/index.php?rest_route=%2Fwp%2Fv2%2Fcategories&post=6818"},{"taxonomy":"post_tag","embeddable":true,"href":"https:\/\/lesvolcansnews.net\/index.php?rest_route=%2Fwp%2Fv2%2Ftags&post=6818"}],"curies":[{"name":"wp","href":"https:\/\/api.w.org\/{rel}","templated":true}]}}