{"id":6797,"date":"2019-12-11T19:10:11","date_gmt":"2019-12-11T19:10:11","guid":{"rendered":"https:\/\/lesvolcansnews.net\/2019\/12\/11\/transfert-cest-officiel-joel-beya-sengage-avec-le-tp-mazembe\/"},"modified":"2019-12-11T19:10:11","modified_gmt":"2019-12-11T19:10:11","slug":"transfert-cest-officiel-joel-beya-sengage-avec-le-tp-mazembe","status":"publish","type":"post","link":"https:\/\/lesvolcansnews.net\/?p=6797","title":{"rendered":"Transfert: c&#8217;est officiel,  Jo\u00ebl Beya s&#8217;engage avec le TP Mazembe"},"content":{"rendered":"\n<p>C&#8217;\u00e9tait un secret de polichinelle, c&#8217;est d\u00e9sormais une r\u00e9alit\u00e9. Le jeune attaquant de la katumbi football academy pr\u00eat\u00e9 au CS don bosco, Jo\u00ebl Beya s&#8217;est engag\u00e9 avec le TP Mazembe pour un bail de 5 ans.<\/p>\n\n\n\n<p>Devenu le goleador du CS Don Bosco, l&#8217;\u00e9quipe qu&#8217;il avait int\u00e9gr\u00e9 la deuxi\u00e8me partie de la saison derni\u00e8re pour palier au d\u00e9part du buteur du club Francis Mbaki Eusebio partie en Europe. Le jeune attaquant n\u00e9 le 8 d\u00e9cembre 1999 retrouve l&#8217;effectif d&#8217;une \u00e9quipe de son d\u00e9sir. \u00ab C&#8217;\u00e9tait un r\u00eave d&#8217;enfant depuis mes premiers jours \u00e0 l&#8217;Ecole de Football Mo\u00efse KATUMBI. En 2009, je n&#8217;avais que 10 ans lorsque j&#8217;ai int\u00e9gr\u00e9 la cat\u00e9gorie minime du centre de formation. Je suis pass\u00e9 chez les cadets et juniors avant d&#8217;aller en pr\u00eat au CS Don Bosco. Merci aux dirigeants du Club pour la confiance plac\u00e9e en nous les jeunes\u00bb,  peut-on lire sur le site du club. Ce mardi, le gar\u00e7on de 20ans a effectu\u00e9 sa premi\u00e8re s\u00e9ance d&#8217;entra\u00eenement avec les corbeaux.<\/p>\n\n\n\n<p>Auteur de six r\u00e9alisations cette saison avec les sal\u00e9siens de bon bosco, Jo\u00ebl Beya s&#8217;est r\u00e9v\u00e9l\u00e9 au grand public congolais \u00e9galement avec l&#8217;\u00e9quipe nationale congolaise des joueurs \u00e9voluant au pays lors de la double confrontation face \u00e0 la Centrafrique, cadrant avec les \u00e9liminatoires du championnat d&#8217;Afrique des nations CHAN Cameroun 2020 dont les congolais se sont qualifi\u00e9s avec autorit\u00e9.<\/p>\n\n\n\n<p>Avec sa taille de 1,81 m pour 77 kilos, Jo\u00ebl Beya devient le sixi\u00e8me joueur de la katumbi football academy \u00e0 int\u00e9grer la formation du TP mazembe apr\u00e8s Godet MASENGO, Chico USHINDI, Ars\u00e8ne ZOLA, Lumi\u00e8re BANZA, Jackson MULEKA.<\/p>\n\n\n\n<p>Le jeune international congolais qui sera \u00e9ligible \u00e0 la phase retour du championnat national de la RDC. Arriv\u00e9 dans l&#8217;optique du rajeunissement de l&#8217;ossature des corbeaux qui annoncent les arriv\u00e9es de deux autres jeunes, TAMBWE KALONJI (d\u00e9fenseur central) et Idriss KISHA (milieu offensif).<br>Ce fait donc l&#8217;association de Jo\u00ebl Beya et Jackson muleka v\u00e9cu chez les l\u00e9opards locaux est dor\u00e9navant au TP Mazembe, de quoi attendre un bon rendement de ses deux jeunes attaquants.<\/p>\n\n\n\n<p><strong><em>Georges Ben Muhima<\/em><\/strong><\/p>\n","protected":false},"excerpt":{"rendered":"<p>C&#8217;\u00e9tait un secret de polichinelle, c&#8217;est d\u00e9sormais une r\u00e9alit\u00e9. Le jeune attaquant de la katumbi football academy pr\u00eat\u00e9 au CS don bosco, Jo\u00ebl Beya s&#8217;est engag\u00e9 avec le TP Mazembe<\/p>\n","protected":false},"author":14,"featured_media":0,"comment_status":"open","ping_status":"open","sticky":false,"template":"","format":"standard","meta":{"footnotes":""},"categories":[11],"tags":[],"class_list":["post-6797","post","type-post","status-publish","format-standard","hentry","category-sports"],"yoast_head":"<!-- This site is optimized with the Yoast SEO plugin v27.5 - https:\/\/yoast.com\/product\/yoast-seo-wordpress\/ -->\n<title>Transfert: c&#039;est officiel, Jo\u00ebl Beya s&#039;engage avec le TP Mazembe - LES VOLCANS NEWS<\/title>\n<meta name=\"robots\" content=\"index, follow, max-snippet:-1, max-image-preview:large, max-video-preview:-1\" \/>\n<link rel=\"canonical\" href=\"https:\/\/lesvolcansnews.net\/?p=6797\" \/>\n<meta property=\"og:locale\" content=\"fr_FR\" \/>\n<meta property=\"og:type\" content=\"article\" \/>\n<meta property=\"og:title\" content=\"Transfert: c&#039;est officiel, Jo\u00ebl Beya s&#039;engage avec le TP Mazembe - LES VOLCANS NEWS\" \/>\n<meta property=\"og:description\" content=\"C&#8217;\u00e9tait un secret de polichinelle, c&#8217;est d\u00e9sormais une r\u00e9alit\u00e9. Le jeune attaquant de la katumbi football academy pr\u00eat\u00e9 au CS don bosco, Jo\u00ebl Beya s&#8217;est engag\u00e9 avec le TP Mazembe\" \/>\n<meta property=\"og:url\" content=\"https:\/\/lesvolcansnews.net\/?p=6797\" \/>\n<meta property=\"og:site_name\" content=\"LES VOLCANS NEWS\" \/>\n<meta property=\"article:published_time\" content=\"2019-12-11T19:10:11+00:00\" \/>\n<meta name=\"author\" content=\"R\u00e9daction - Les Volcans News\" \/>\n<meta name=\"twitter:card\" content=\"summary_large_image\" \/>\n<meta name=\"twitter:label1\" content=\"\u00c9crit par\" \/>\n\t<meta name=\"twitter:data1\" content=\"R\u00e9daction - Les Volcans News\" \/>\n\t<meta name=\"twitter:label2\" content=\"Dur\u00e9e de lecture estim\u00e9e\" \/>\n\t<meta name=\"twitter:data2\" content=\"2 minutes\" \/>\n<script type=\"application\/ld+json\" class=\"yoast-schema-graph\">{\"@context\":\"https:\\\/\\\/schema.org\",\"@graph\":[{\"@type\":\"Article\",\"@id\":\"https:\\\/\\\/lesvolcansnews.net\\\/?p=6797#article\",\"isPartOf\":{\"@id\":\"https:\\\/\\\/lesvolcansnews.net\\\/?p=6797\"},\"author\":{\"name\":\"R\u00e9daction - Les Volcans News\",\"@id\":\"https:\\\/\\\/lesvolcansnews.net\\\/#\\\/schema\\\/person\\\/82c8bed2e77879ecf6cca63441f57354\"},\"headline\":\"Transfert: c&#8217;est officiel, Jo\u00ebl Beya s&#8217;engage avec le TP Mazembe\",\"datePublished\":\"2019-12-11T19:10:11+00:00\",\"mainEntityOfPage\":{\"@id\":\"https:\\\/\\\/lesvolcansnews.net\\\/?p=6797\"},\"wordCount\":398,\"commentCount\":0,\"articleSection\":[\"SPORTS\"],\"inLanguage\":\"fr-FR\",\"potentialAction\":[{\"@type\":\"CommentAction\",\"name\":\"Comment\",\"target\":[\"https:\\\/\\\/lesvolcansnews.net\\\/?p=6797#respond\"]}]},{\"@type\":\"WebPage\",\"@id\":\"https:\\\/\\\/lesvolcansnews.net\\\/?p=6797\",\"url\":\"https:\\\/\\\/lesvolcansnews.net\\\/?p=6797\",\"name\":\"Transfert: c'est officiel, Jo\u00ebl Beya s'engage avec le TP Mazembe - LES VOLCANS NEWS\",\"isPartOf\":{\"@id\":\"https:\\\/\\\/lesvolcansnews.net\\\/#website\"},\"datePublished\":\"2019-12-11T19:10:11+00:00\",\"author\":{\"@id\":\"https:\\\/\\\/lesvolcansnews.net\\\/#\\\/schema\\\/person\\\/82c8bed2e77879ecf6cca63441f57354\"},\"breadcrumb\":{\"@id\":\"https:\\\/\\\/lesvolcansnews.net\\\/?p=6797#breadcrumb\"},\"inLanguage\":\"fr-FR\",\"potentialAction\":[{\"@type\":\"ReadAction\",\"target\":[\"https:\\\/\\\/lesvolcansnews.net\\\/?p=6797\"]}]},{\"@type\":\"BreadcrumbList\",\"@id\":\"https:\\\/\\\/lesvolcansnews.net\\\/?p=6797#breadcrumb\",\"itemListElement\":[{\"@type\":\"ListItem\",\"position\":1,\"name\":\"Accueil\",\"item\":\"https:\\\/\\\/lesvolcansnews.net\\\/\"},{\"@type\":\"ListItem\",\"position\":2,\"name\":\"Transfert: c&#8217;est officiel, Jo\u00ebl Beya s&#8217;engage avec le TP Mazembe\"}]},{\"@type\":\"WebSite\",\"@id\":\"https:\\\/\\\/lesvolcansnews.net\\\/#website\",\"url\":\"https:\\\/\\\/lesvolcansnews.net\\\/\",\"name\":\"LES VOLCANS NEWS\",\"description\":\"L&#039;INFORMATION C&#039;EST NOUS\",\"potentialAction\":[{\"@type\":\"SearchAction\",\"target\":{\"@type\":\"EntryPoint\",\"urlTemplate\":\"https:\\\/\\\/lesvolcansnews.net\\\/?s={search_term_string}\"},\"query-input\":{\"@type\":\"PropertyValueSpecification\",\"valueRequired\":true,\"valueName\":\"search_term_string\"}}],\"inLanguage\":\"fr-FR\"},{\"@type\":\"Person\",\"@id\":\"https:\\\/\\\/lesvolcansnews.net\\\/#\\\/schema\\\/person\\\/82c8bed2e77879ecf6cca63441f57354\",\"name\":\"R\u00e9daction - Les Volcans News\",\"image\":{\"@type\":\"ImageObject\",\"inLanguage\":\"fr-FR\",\"@id\":\"https:\\\/\\\/secure.gravatar.com\\\/avatar\\\/8408942dd851e8a9c09f3d382a661bc05d2b3cd9002139bc1795b9528cdc6c80?s=96&d=mm&r=g\",\"url\":\"https:\\\/\\\/secure.gravatar.com\\\/avatar\\\/8408942dd851e8a9c09f3d382a661bc05d2b3cd9002139bc1795b9528cdc6c80?s=96&d=mm&r=g\",\"contentUrl\":\"https:\\\/\\\/secure.gravatar.com\\\/avatar\\\/8408942dd851e8a9c09f3d382a661bc05d2b3cd9002139bc1795b9528cdc6c80?s=96&d=mm&r=g\",\"caption\":\"R\u00e9daction - Les Volcans News\"},\"url\":\"https:\\\/\\\/lesvolcansnews.net\\\/?author=14\"}]}<\/script>\n<!-- \/ Yoast SEO plugin. -->","yoast_head_json":{"title":"Transfert: c'est officiel, Jo\u00ebl Beya s'engage avec le TP Mazembe - LES VOLCANS NEWS","robots":{"index":"index","follow":"follow","max-snippet":"max-snippet:-1","max-image-preview":"max-image-preview:large","max-video-preview":"max-video-preview:-1"},"canonical":"https:\/\/lesvolcansnews.net\/?p=6797","og_locale":"fr_FR","og_type":"article","og_title":"Transfert: c'est officiel, Jo\u00ebl Beya s'engage avec le TP Mazembe - LES VOLCANS NEWS","og_description":"C&#8217;\u00e9tait un secret de polichinelle, c&#8217;est d\u00e9sormais une r\u00e9alit\u00e9. Le jeune attaquant de la katumbi football academy pr\u00eat\u00e9 au CS don bosco, Jo\u00ebl Beya s&#8217;est engag\u00e9 avec le TP Mazembe","og_url":"https:\/\/lesvolcansnews.net\/?p=6797","og_site_name":"LES VOLCANS NEWS","article_published_time":"2019-12-11T19:10:11+00:00","author":"R\u00e9daction - Les Volcans News","twitter_card":"summary_large_image","twitter_misc":{"\u00c9crit par":"R\u00e9daction - Les Volcans News","Dur\u00e9e de lecture estim\u00e9e":"2 minutes"},"schema":{"@context":"https:\/\/schema.org","@graph":[{"@type":"Article","@id":"https:\/\/lesvolcansnews.net\/?p=6797#article","isPartOf":{"@id":"https:\/\/lesvolcansnews.net\/?p=6797"},"author":{"name":"R\u00e9daction - Les Volcans News","@id":"https:\/\/lesvolcansnews.net\/#\/schema\/person\/82c8bed2e77879ecf6cca63441f57354"},"headline":"Transfert: c&#8217;est officiel, Jo\u00ebl Beya s&#8217;engage avec le TP Mazembe","datePublished":"2019-12-11T19:10:11+00:00","mainEntityOfPage":{"@id":"https:\/\/lesvolcansnews.net\/?p=6797"},"wordCount":398,"commentCount":0,"articleSection":["SPORTS"],"inLanguage":"fr-FR","potentialAction":[{"@type":"CommentAction","name":"Comment","target":["https:\/\/lesvolcansnews.net\/?p=6797#respond"]}]},{"@type":"WebPage","@id":"https:\/\/lesvolcansnews.net\/?p=6797","url":"https:\/\/lesvolcansnews.net\/?p=6797","name":"Transfert: c'est officiel, Jo\u00ebl Beya s'engage avec le TP Mazembe - LES VOLCANS NEWS","isPartOf":{"@id":"https:\/\/lesvolcansnews.net\/#website"},"datePublished":"2019-12-11T19:10:11+00:00","author":{"@id":"https:\/\/lesvolcansnews.net\/#\/schema\/person\/82c8bed2e77879ecf6cca63441f57354"},"breadcrumb":{"@id":"https:\/\/lesvolcansnews.net\/?p=6797#breadcrumb"},"inLanguage":"fr-FR","potentialAction":[{"@type":"ReadAction","target":["https:\/\/lesvolcansnews.net\/?p=6797"]}]},{"@type":"BreadcrumbList","@id":"https:\/\/lesvolcansnews.net\/?p=6797#breadcrumb","itemListElement":[{"@type":"ListItem","position":1,"name":"Accueil","item":"https:\/\/lesvolcansnews.net\/"},{"@type":"ListItem","position":2,"name":"Transfert: c&#8217;est officiel, Jo\u00ebl Beya s&#8217;engage avec le TP Mazembe"}]},{"@type":"WebSite","@id":"https:\/\/lesvolcansnews.net\/#website","url":"https:\/\/lesvolcansnews.net\/","name":"LES VOLCANS NEWS","description":"L&#039;INFORMATION C&#039;EST NOUS","potentialAction":[{"@type":"SearchAction","target":{"@type":"EntryPoint","urlTemplate":"https:\/\/lesvolcansnews.net\/?s={search_term_string}"},"query-input":{"@type":"PropertyValueSpecification","valueRequired":true,"valueName":"search_term_string"}}],"inLanguage":"fr-FR"},{"@type":"Person","@id":"https:\/\/lesvolcansnews.net\/#\/schema\/person\/82c8bed2e77879ecf6cca63441f57354","name":"R\u00e9daction - Les Volcans News","image":{"@type":"ImageObject","inLanguage":"fr-FR","@id":"https:\/\/secure.gravatar.com\/avatar\/8408942dd851e8a9c09f3d382a661bc05d2b3cd9002139bc1795b9528cdc6c80?s=96&d=mm&r=g","url":"https:\/\/secure.gravatar.com\/avatar\/8408942dd851e8a9c09f3d382a661bc05d2b3cd9002139bc1795b9528cdc6c80?s=96&d=mm&r=g","contentUrl":"https:\/\/secure.gravatar.com\/avatar\/8408942dd851e8a9c09f3d382a661bc05d2b3cd9002139bc1795b9528cdc6c80?s=96&d=mm&r=g","caption":"R\u00e9daction - Les Volcans News"},"url":"https:\/\/lesvolcansnews.net\/?author=14"}]}},"_links":{"self":[{"href":"https:\/\/lesvolcansnews.net\/index.php?rest_route=\/wp\/v2\/posts\/6797","targetHints":{"allow":["GET"]}}],"collection":[{"href":"https:\/\/lesvolcansnews.net\/index.php?rest_route=\/wp\/v2\/posts"}],"about":[{"href":"https:\/\/lesvolcansnews.net\/index.php?rest_route=\/wp\/v2\/types\/post"}],"author":[{"embeddable":true,"href":"https:\/\/lesvolcansnews.net\/index.php?rest_route=\/wp\/v2\/users\/14"}],"replies":[{"embeddable":true,"href":"https:\/\/lesvolcansnews.net\/index.php?rest_route=%2Fwp%2Fv2%2Fcomments&post=6797"}],"version-history":[{"count":0,"href":"https:\/\/lesvolcansnews.net\/index.php?rest_route=\/wp\/v2\/posts\/6797\/revisions"}],"wp:attachment":[{"href":"https:\/\/lesvolcansnews.net\/index.php?rest_route=%2Fwp%2Fv2%2Fmedia&parent=6797"}],"wp:term":[{"taxonomy":"category","embeddable":true,"href":"https:\/\/lesvolcansnews.net\/index.php?rest_route=%2Fwp%2Fv2%2Fcategories&post=6797"},{"taxonomy":"post_tag","embeddable":true,"href":"https:\/\/lesvolcansnews.net\/index.php?rest_route=%2Fwp%2Fv2%2Ftags&post=6797"}],"curies":[{"name":"wp","href":"https:\/\/api.w.org\/{rel}","templated":true}]}}