{"id":6778,"date":"2019-12-11T02:34:08","date_gmt":"2019-12-11T02:34:08","guid":{"rendered":"https:\/\/lesvolcansnews.net\/?p=6778"},"modified":"2019-12-11T02:34:11","modified_gmt":"2019-12-11T02:34:11","slug":"manifestation-contre-linsecurite-a-goma-six-blesses-dont-deux-policiers-une-arme-non-letale-emportee-par-les-manifestants-et-plusieurs-degats-enregistres-police","status":"publish","type":"post","link":"https:\/\/lesvolcansnews.net\/?p=6778","title":{"rendered":"Manifestation contre l&#8217;ins\u00e9curit\u00e9 \u00e0 Goma: Six bless\u00e9s dont deux policiers, une arme non l\u00e9tale emport\u00e9e par les manifestants et plusieurs d\u00e9g\u00e2ts enregistr\u00e9s (Police)"},"content":{"rendered":"\n<p>La police nationale congolaise dresse un bilan provisoire de six (6) personnes bless\u00e9es dont quatre (4), policiers gri\u00e8vement bless\u00e9s, (2) deux bureau et (1) une moto de la police incendi\u00e9s, des cabines de t\u00e9l\u00e9communication calcin\u00e9s, une armes non l\u00e9tale emport\u00e9e et plusieurs autres d\u00e9g\u00e2ts enregistr\u00e9s lors d&#8217;une manifestation des habitants en col\u00e8re au quartier Kasika dans la partie nord de la ville de Goma chef-lieu de la province du Nord-Kivu, le mardi 10 d\u00e9cembre 2019. <\/p>\n\n\n\n<p>C&#8217;est suite au meurtre d&#8217;un jeune \u00e9l\u00e8ve ces d\u00e9g\u00e2ts ont \u00e9t\u00e9 d\u00e9plor\u00e9s en ville de Goma. Selon le commissariat provincial de la police Nord-Kivu, le petit a \u00e9t\u00e9 victime d\u2019une balle perdue quand trois marginaux ont tent\u00e9 de ravir l\u2019arme aux policiers et d\u00e9clenchant en m\u00eame temps le tir qui a atteint la victime. <\/p>\n\n\n\n<p>La police dit regretter le comportement de manifestants qui se donnent \u00e0 la police, \u00e0 la destruction de ses infrastructures et au jet de pierre contre les \u00e9l\u00e9ments de l&#8217;ordre. <\/p>\n\n\n\n<p> Les bless\u00e9s suivent les soins dans les structures sanitaires de la place.<\/p>\n","protected":false},"excerpt":{"rendered":"<p>La police nationale congolaise dresse un bilan provisoire de six (6) personnes bless\u00e9es dont quatre (4), policiers gri\u00e8vement bless\u00e9s, (2) deux bureau et (1) une moto de la police incendi\u00e9s,<\/p>\n","protected":false},"author":14,"featured_media":0,"comment_status":"closed","ping_status":"closed","sticky":false,"template":"","format":"standard","meta":{"footnotes":""},"categories":[1,32],"tags":[],"class_list":["post-6778","post","type-post","status-publish","format-standard","hentry","category-actualite","category-securite"],"yoast_head":"<!-- This site is optimized with the Yoast SEO plugin v27.5 - https:\/\/yoast.com\/product\/yoast-seo-wordpress\/ -->\n<title>Manifestation contre l&#039;ins\u00e9curit\u00e9 \u00e0 Goma: Six bless\u00e9s dont deux policiers, une arme non l\u00e9tale emport\u00e9e par les manifestants et plusieurs d\u00e9g\u00e2ts enregistr\u00e9s (Police) - LES VOLCANS NEWS<\/title>\n<meta name=\"robots\" content=\"index, follow, max-snippet:-1, max-image-preview:large, max-video-preview:-1\" \/>\n<link rel=\"canonical\" href=\"https:\/\/lesvolcansnews.net\/?p=6778\" \/>\n<meta property=\"og:locale\" content=\"fr_FR\" \/>\n<meta property=\"og:type\" content=\"article\" \/>\n<meta property=\"og:title\" content=\"Manifestation contre l&#039;ins\u00e9curit\u00e9 \u00e0 Goma: Six bless\u00e9s dont deux policiers, une arme non l\u00e9tale emport\u00e9e par les manifestants et plusieurs d\u00e9g\u00e2ts enregistr\u00e9s (Police) - LES VOLCANS NEWS\" \/>\n<meta property=\"og:description\" content=\"La police nationale congolaise dresse un bilan provisoire de six (6) personnes bless\u00e9es dont quatre (4), policiers gri\u00e8vement bless\u00e9s, (2) deux bureau et (1) une moto de la police incendi\u00e9s,\" \/>\n<meta property=\"og:url\" content=\"https:\/\/lesvolcansnews.net\/?p=6778\" \/>\n<meta property=\"og:site_name\" content=\"LES VOLCANS NEWS\" \/>\n<meta property=\"article:published_time\" content=\"2019-12-11T02:34:08+00:00\" \/>\n<meta property=\"article:modified_time\" content=\"2019-12-11T02:34:11+00:00\" \/>\n<meta name=\"author\" content=\"R\u00e9daction - Les Volcans News\" \/>\n<meta name=\"twitter:card\" content=\"summary_large_image\" \/>\n<meta name=\"twitter:label1\" content=\"\u00c9crit par\" \/>\n\t<meta name=\"twitter:data1\" content=\"R\u00e9daction - Les Volcans News\" \/>\n\t<meta name=\"twitter:label2\" content=\"Dur\u00e9e de lecture estim\u00e9e\" \/>\n\t<meta name=\"twitter:data2\" content=\"1 minute\" \/>\n<script type=\"application\/ld+json\" class=\"yoast-schema-graph\">{\"@context\":\"https:\\\/\\\/schema.org\",\"@graph\":[{\"@type\":\"Article\",\"@id\":\"https:\\\/\\\/lesvolcansnews.net\\\/?p=6778#article\",\"isPartOf\":{\"@id\":\"https:\\\/\\\/lesvolcansnews.net\\\/?p=6778\"},\"author\":{\"name\":\"R\u00e9daction - Les Volcans News\",\"@id\":\"https:\\\/\\\/lesvolcansnews.net\\\/#\\\/schema\\\/person\\\/82c8bed2e77879ecf6cca63441f57354\"},\"headline\":\"Manifestation contre l&#8217;ins\u00e9curit\u00e9 \u00e0 Goma: Six bless\u00e9s dont deux policiers, une arme non l\u00e9tale emport\u00e9e par les manifestants et plusieurs d\u00e9g\u00e2ts enregistr\u00e9s (Police)\",\"datePublished\":\"2019-12-11T02:34:08+00:00\",\"dateModified\":\"2019-12-11T02:34:11+00:00\",\"mainEntityOfPage\":{\"@id\":\"https:\\\/\\\/lesvolcansnews.net\\\/?p=6778\"},\"wordCount\":222,\"articleSection\":[\"ACTUALIT\u00c9\",\"S\u00c9CURIT\u00c9\"],\"inLanguage\":\"fr-FR\"},{\"@type\":\"WebPage\",\"@id\":\"https:\\\/\\\/lesvolcansnews.net\\\/?p=6778\",\"url\":\"https:\\\/\\\/lesvolcansnews.net\\\/?p=6778\",\"name\":\"Manifestation contre l'ins\u00e9curit\u00e9 \u00e0 Goma: Six bless\u00e9s dont deux policiers, une arme non l\u00e9tale emport\u00e9e par les manifestants et plusieurs d\u00e9g\u00e2ts enregistr\u00e9s (Police) - LES VOLCANS NEWS\",\"isPartOf\":{\"@id\":\"https:\\\/\\\/lesvolcansnews.net\\\/#website\"},\"datePublished\":\"2019-12-11T02:34:08+00:00\",\"dateModified\":\"2019-12-11T02:34:11+00:00\",\"author\":{\"@id\":\"https:\\\/\\\/lesvolcansnews.net\\\/#\\\/schema\\\/person\\\/82c8bed2e77879ecf6cca63441f57354\"},\"breadcrumb\":{\"@id\":\"https:\\\/\\\/lesvolcansnews.net\\\/?p=6778#breadcrumb\"},\"inLanguage\":\"fr-FR\",\"potentialAction\":[{\"@type\":\"ReadAction\",\"target\":[\"https:\\\/\\\/lesvolcansnews.net\\\/?p=6778\"]}]},{\"@type\":\"BreadcrumbList\",\"@id\":\"https:\\\/\\\/lesvolcansnews.net\\\/?p=6778#breadcrumb\",\"itemListElement\":[{\"@type\":\"ListItem\",\"position\":1,\"name\":\"Accueil\",\"item\":\"https:\\\/\\\/lesvolcansnews.net\\\/\"},{\"@type\":\"ListItem\",\"position\":2,\"name\":\"Manifestation contre l&#8217;ins\u00e9curit\u00e9 \u00e0 Goma: Six bless\u00e9s dont deux policiers, une arme non l\u00e9tale emport\u00e9e par les manifestants et plusieurs d\u00e9g\u00e2ts enregistr\u00e9s (Police)\"}]},{\"@type\":\"WebSite\",\"@id\":\"https:\\\/\\\/lesvolcansnews.net\\\/#website\",\"url\":\"https:\\\/\\\/lesvolcansnews.net\\\/\",\"name\":\"LES VOLCANS NEWS\",\"description\":\"L&#039;INFORMATION C&#039;EST NOUS\",\"potentialAction\":[{\"@type\":\"SearchAction\",\"target\":{\"@type\":\"EntryPoint\",\"urlTemplate\":\"https:\\\/\\\/lesvolcansnews.net\\\/?s={search_term_string}\"},\"query-input\":{\"@type\":\"PropertyValueSpecification\",\"valueRequired\":true,\"valueName\":\"search_term_string\"}}],\"inLanguage\":\"fr-FR\"},{\"@type\":\"Person\",\"@id\":\"https:\\\/\\\/lesvolcansnews.net\\\/#\\\/schema\\\/person\\\/82c8bed2e77879ecf6cca63441f57354\",\"name\":\"R\u00e9daction - Les Volcans News\",\"image\":{\"@type\":\"ImageObject\",\"inLanguage\":\"fr-FR\",\"@id\":\"https:\\\/\\\/secure.gravatar.com\\\/avatar\\\/8408942dd851e8a9c09f3d382a661bc05d2b3cd9002139bc1795b9528cdc6c80?s=96&d=mm&r=g\",\"url\":\"https:\\\/\\\/secure.gravatar.com\\\/avatar\\\/8408942dd851e8a9c09f3d382a661bc05d2b3cd9002139bc1795b9528cdc6c80?s=96&d=mm&r=g\",\"contentUrl\":\"https:\\\/\\\/secure.gravatar.com\\\/avatar\\\/8408942dd851e8a9c09f3d382a661bc05d2b3cd9002139bc1795b9528cdc6c80?s=96&d=mm&r=g\",\"caption\":\"R\u00e9daction - Les Volcans News\"},\"url\":\"https:\\\/\\\/lesvolcansnews.net\\\/?author=14\"}]}<\/script>\n<!-- \/ Yoast SEO plugin. -->","yoast_head_json":{"title":"Manifestation contre l'ins\u00e9curit\u00e9 \u00e0 Goma: Six bless\u00e9s dont deux policiers, une arme non l\u00e9tale emport\u00e9e par les manifestants et plusieurs d\u00e9g\u00e2ts enregistr\u00e9s (Police) - LES VOLCANS NEWS","robots":{"index":"index","follow":"follow","max-snippet":"max-snippet:-1","max-image-preview":"max-image-preview:large","max-video-preview":"max-video-preview:-1"},"canonical":"https:\/\/lesvolcansnews.net\/?p=6778","og_locale":"fr_FR","og_type":"article","og_title":"Manifestation contre l'ins\u00e9curit\u00e9 \u00e0 Goma: Six bless\u00e9s dont deux policiers, une arme non l\u00e9tale emport\u00e9e par les manifestants et plusieurs d\u00e9g\u00e2ts enregistr\u00e9s (Police) - LES VOLCANS NEWS","og_description":"La police nationale congolaise dresse un bilan provisoire de six (6) personnes bless\u00e9es dont quatre (4), policiers gri\u00e8vement bless\u00e9s, (2) deux bureau et (1) une moto de la police incendi\u00e9s,","og_url":"https:\/\/lesvolcansnews.net\/?p=6778","og_site_name":"LES VOLCANS NEWS","article_published_time":"2019-12-11T02:34:08+00:00","article_modified_time":"2019-12-11T02:34:11+00:00","author":"R\u00e9daction - Les Volcans News","twitter_card":"summary_large_image","twitter_misc":{"\u00c9crit par":"R\u00e9daction - Les Volcans News","Dur\u00e9e de lecture estim\u00e9e":"1 minute"},"schema":{"@context":"https:\/\/schema.org","@graph":[{"@type":"Article","@id":"https:\/\/lesvolcansnews.net\/?p=6778#article","isPartOf":{"@id":"https:\/\/lesvolcansnews.net\/?p=6778"},"author":{"name":"R\u00e9daction - Les Volcans News","@id":"https:\/\/lesvolcansnews.net\/#\/schema\/person\/82c8bed2e77879ecf6cca63441f57354"},"headline":"Manifestation contre l&#8217;ins\u00e9curit\u00e9 \u00e0 Goma: Six bless\u00e9s dont deux policiers, une arme non l\u00e9tale emport\u00e9e par les manifestants et plusieurs d\u00e9g\u00e2ts enregistr\u00e9s (Police)","datePublished":"2019-12-11T02:34:08+00:00","dateModified":"2019-12-11T02:34:11+00:00","mainEntityOfPage":{"@id":"https:\/\/lesvolcansnews.net\/?p=6778"},"wordCount":222,"articleSection":["ACTUALIT\u00c9","S\u00c9CURIT\u00c9"],"inLanguage":"fr-FR"},{"@type":"WebPage","@id":"https:\/\/lesvolcansnews.net\/?p=6778","url":"https:\/\/lesvolcansnews.net\/?p=6778","name":"Manifestation contre l'ins\u00e9curit\u00e9 \u00e0 Goma: Six bless\u00e9s dont deux policiers, une arme non l\u00e9tale emport\u00e9e par les manifestants et plusieurs d\u00e9g\u00e2ts enregistr\u00e9s (Police) - LES VOLCANS NEWS","isPartOf":{"@id":"https:\/\/lesvolcansnews.net\/#website"},"datePublished":"2019-12-11T02:34:08+00:00","dateModified":"2019-12-11T02:34:11+00:00","author":{"@id":"https:\/\/lesvolcansnews.net\/#\/schema\/person\/82c8bed2e77879ecf6cca63441f57354"},"breadcrumb":{"@id":"https:\/\/lesvolcansnews.net\/?p=6778#breadcrumb"},"inLanguage":"fr-FR","potentialAction":[{"@type":"ReadAction","target":["https:\/\/lesvolcansnews.net\/?p=6778"]}]},{"@type":"BreadcrumbList","@id":"https:\/\/lesvolcansnews.net\/?p=6778#breadcrumb","itemListElement":[{"@type":"ListItem","position":1,"name":"Accueil","item":"https:\/\/lesvolcansnews.net\/"},{"@type":"ListItem","position":2,"name":"Manifestation contre l&#8217;ins\u00e9curit\u00e9 \u00e0 Goma: Six bless\u00e9s dont deux policiers, une arme non l\u00e9tale emport\u00e9e par les manifestants et plusieurs d\u00e9g\u00e2ts enregistr\u00e9s (Police)"}]},{"@type":"WebSite","@id":"https:\/\/lesvolcansnews.net\/#website","url":"https:\/\/lesvolcansnews.net\/","name":"LES VOLCANS NEWS","description":"L&#039;INFORMATION C&#039;EST NOUS","potentialAction":[{"@type":"SearchAction","target":{"@type":"EntryPoint","urlTemplate":"https:\/\/lesvolcansnews.net\/?s={search_term_string}"},"query-input":{"@type":"PropertyValueSpecification","valueRequired":true,"valueName":"search_term_string"}}],"inLanguage":"fr-FR"},{"@type":"Person","@id":"https:\/\/lesvolcansnews.net\/#\/schema\/person\/82c8bed2e77879ecf6cca63441f57354","name":"R\u00e9daction - Les Volcans News","image":{"@type":"ImageObject","inLanguage":"fr-FR","@id":"https:\/\/secure.gravatar.com\/avatar\/8408942dd851e8a9c09f3d382a661bc05d2b3cd9002139bc1795b9528cdc6c80?s=96&d=mm&r=g","url":"https:\/\/secure.gravatar.com\/avatar\/8408942dd851e8a9c09f3d382a661bc05d2b3cd9002139bc1795b9528cdc6c80?s=96&d=mm&r=g","contentUrl":"https:\/\/secure.gravatar.com\/avatar\/8408942dd851e8a9c09f3d382a661bc05d2b3cd9002139bc1795b9528cdc6c80?s=96&d=mm&r=g","caption":"R\u00e9daction - Les Volcans News"},"url":"https:\/\/lesvolcansnews.net\/?author=14"}]}},"_links":{"self":[{"href":"https:\/\/lesvolcansnews.net\/index.php?rest_route=\/wp\/v2\/posts\/6778","targetHints":{"allow":["GET"]}}],"collection":[{"href":"https:\/\/lesvolcansnews.net\/index.php?rest_route=\/wp\/v2\/posts"}],"about":[{"href":"https:\/\/lesvolcansnews.net\/index.php?rest_route=\/wp\/v2\/types\/post"}],"author":[{"embeddable":true,"href":"https:\/\/lesvolcansnews.net\/index.php?rest_route=\/wp\/v2\/users\/14"}],"replies":[{"embeddable":true,"href":"https:\/\/lesvolcansnews.net\/index.php?rest_route=%2Fwp%2Fv2%2Fcomments&post=6778"}],"version-history":[{"count":1,"href":"https:\/\/lesvolcansnews.net\/index.php?rest_route=\/wp\/v2\/posts\/6778\/revisions"}],"predecessor-version":[{"id":6779,"href":"https:\/\/lesvolcansnews.net\/index.php?rest_route=\/wp\/v2\/posts\/6778\/revisions\/6779"}],"wp:attachment":[{"href":"https:\/\/lesvolcansnews.net\/index.php?rest_route=%2Fwp%2Fv2%2Fmedia&parent=6778"}],"wp:term":[{"taxonomy":"category","embeddable":true,"href":"https:\/\/lesvolcansnews.net\/index.php?rest_route=%2Fwp%2Fv2%2Fcategories&post=6778"},{"taxonomy":"post_tag","embeddable":true,"href":"https:\/\/lesvolcansnews.net\/index.php?rest_route=%2Fwp%2Fv2%2Ftags&post=6778"}],"curies":[{"name":"wp","href":"https:\/\/api.w.org\/{rel}","templated":true}]}}