{"id":6716,"date":"2019-12-08T15:16:05","date_gmt":"2019-12-08T15:16:05","guid":{"rendered":"https:\/\/lesvolcansnews.net\/?p=6716"},"modified":"2019-12-08T15:30:16","modified_gmt":"2019-12-08T15:30:16","slug":"6716","status":"publish","type":"post","link":"https:\/\/lesvolcansnews.net\/?p=6716","title":{"rendered":"Sant\u00e9 : Deux m\u00e8res ont port\u00e9 le m\u00eame b\u00e9b\u00e9 au cours d&#8217;une m\u00eame grossesse"},"content":{"rendered":"<p>Incroyable, mais vrai. Dans le cadre d&#8217;une proc\u00e9dure in\u00e9dite de maternit\u00e9 partag\u00e9e, deux femmes ont port\u00e9 le m\u00eame b\u00e9b\u00e9 dans leur ventre respectif.<\/p>\n<p>C&#8217;est ce que rapporte The Telegraph , qui s&#8217;est entretenu avec les deux nouvelles mamans. Selon le quotidien, Jasmine et Donna Francis-Smith ont accueilli leur fils Otis le 30 septembre dernier.<br \/>\nIl s&#8217;agit d&#8217;une premi\u00e8re historique.<\/p>\n<p><strong><em>F\u00e9condation in vivo<\/em><\/strong><br \/>\nCe poupon unique est n\u00e9 par f\u00e9condation in vivo, c&#8217;est-\u00e0-dire que l&#8217;ovule a \u00e9t\u00e9 incub\u00e9 dans l&#8217;ut\u00e9rus de la premi\u00e8re m\u00e8re plut\u00f4t que dans un environnement ext\u00e9rieur, comme c&#8217;est le cas lors d&#8217;une f\u00e9condation in vitro.<br \/>\nL&#8217;embryon s&#8217;est donc d\u00e9velopp\u00e9 dans le milieu le plus naturel qui soit.<\/p>\n<p>\u00c9videmment, les m\u00e9decins n&#8217;ont pas attendu le milieu de la grossesse avant de le transf\u00e9rer d&#8217;un bedon \u00e0 l&#8217;autre! Apr\u00e8s 18h, l&#8217;enfant \u00e0 na\u00eetre a quitt\u00e9 le corps de Donna pour rejoindre celui de Jasmine.<\/p>\n<p>Naturellement, le couple britannique est aux anges. \u00ab \u00c7a nous a ind\u00e9niablement rapproch\u00e9es \u00e9motionnellement \u00bb, a confi\u00e9 Donna, qui est caporale dans l&#8217;arm\u00e9e. Sa conjointe travaille dans le domaine dentaire. Mari\u00e9es depuis le mois d&#8217;avril 2019, elles sont toutes deux originaires de Nottinghamshire, en Angleterre.<\/p>\n<p>Des chercheurs avancent qu&#8217;avec cette nouvelle technique de procr\u00e9ation m\u00e9dicalement assist\u00e9e, la qualit\u00e9 des embryons est significativement sup\u00e9rieure. Rendue possible gr\u00e2ce aux progr\u00e8sbr\u00e9alis\u00e9s par la soci\u00e9t\u00e9 Anecova , la d\u00e9licate<br \/>\nop\u00e9ration baptis\u00e9e AneVivo a \u00e9t\u00e9 men\u00e9e \u00e0 la London Women\u2019s Clinic . L&#8217;ovule a \u00e9t\u00e9 pr\u00e9lev\u00e9 chez Donna, la premi\u00e8re porteuse.<\/p>\n<p><img fetchpriority=\"high\" decoding=\"async\" class=\"wp-image-6718 size-full\" src=\"https:\/\/lesvolcansnews.net\/wp-content\/uploads\/2019\/12\/Donna-et-Jasmine-Francis-Smith.jpg\" width=\"653\" height=\"367\"><\/p>\n<p>Cr\u00e9dit photo : Page Facebook de Jasmine Francis-Smith. Photo : Donna (\u00e0 gauche) et Jasmine (\u00e0 droite).<\/p>\n<p>Les mamans confirment que le petit Otis est en bonne sant\u00e9.<br \/>\n\u00ab <em>Jasmine dit qu&#8217;il sera un astronaute, mais il pourra faire ce qui lui pla\u00eet dans la vie. Nous serons toujours l\u00e0 pour l&#8217;encourager<\/em> \u00bb, rassure Donna.<\/p>\n<p>santemagazine.fr<\/p>\n","protected":false},"excerpt":{"rendered":"<p>Incroyable, mais vrai. Dans le cadre d&#8217;une proc\u00e9dure in\u00e9dite de maternit\u00e9 partag\u00e9e, deux femmes ont port\u00e9 le m\u00eame b\u00e9b\u00e9 dans leur ventre respectif. C&#8217;est ce que rapporte The Telegraph ,<\/p>\n","protected":false},"author":14,"featured_media":6721,"comment_status":"closed","ping_status":"closed","sticky":false,"template":"","format":"standard","meta":{"footnotes":""},"categories":[9],"tags":[33],"class_list":["post-6716","post","type-post","status-publish","format-standard","has-post-thumbnail","hentry","category-societe","tag-credit-photo-anecova-bebe-otis-est-en-bonne-sante"],"yoast_head":"<!-- This site is optimized with the Yoast SEO plugin v27.5 - https:\/\/yoast.com\/product\/yoast-seo-wordpress\/ -->\n<title>Sant\u00e9 : Deux m\u00e8res ont port\u00e9 le m\u00eame b\u00e9b\u00e9 au cours d&#039;une m\u00eame grossesse - LES VOLCANS NEWS<\/title>\n<meta name=\"robots\" content=\"index, follow, max-snippet:-1, max-image-preview:large, max-video-preview:-1\" \/>\n<link rel=\"canonical\" href=\"https:\/\/lesvolcansnews.net\/?p=6716\" \/>\n<meta property=\"og:locale\" content=\"fr_FR\" \/>\n<meta property=\"og:type\" content=\"article\" \/>\n<meta property=\"og:title\" content=\"Sant\u00e9 : Deux m\u00e8res ont port\u00e9 le m\u00eame b\u00e9b\u00e9 au cours d&#039;une m\u00eame grossesse - LES VOLCANS NEWS\" \/>\n<meta property=\"og:description\" content=\"Incroyable, mais vrai. Dans le cadre d&#8217;une proc\u00e9dure in\u00e9dite de maternit\u00e9 partag\u00e9e, deux femmes ont port\u00e9 le m\u00eame b\u00e9b\u00e9 dans leur ventre respectif. C&#8217;est ce que rapporte The Telegraph ,\" \/>\n<meta property=\"og:url\" content=\"https:\/\/lesvolcansnews.net\/?p=6716\" \/>\n<meta property=\"og:site_name\" content=\"LES VOLCANS NEWS\" \/>\n<meta property=\"article:published_time\" content=\"2019-12-08T15:16:05+00:00\" \/>\n<meta property=\"article:modified_time\" content=\"2019-12-08T15:30:16+00:00\" \/>\n<meta property=\"og:image\" content=\"https:\/\/lesvolcansnews.net\/wp-content\/uploads\/2019\/12\/bebe-Otis.jpg\" \/>\n\t<meta property=\"og:image:width\" content=\"653\" \/>\n\t<meta property=\"og:image:height\" content=\"888\" \/>\n\t<meta property=\"og:image:type\" content=\"image\/jpeg\" \/>\n<meta name=\"author\" content=\"R\u00e9daction - Les Volcans News\" \/>\n<meta name=\"twitter:card\" content=\"summary_large_image\" \/>\n<meta name=\"twitter:label1\" content=\"\u00c9crit par\" \/>\n\t<meta name=\"twitter:data1\" content=\"R\u00e9daction - Les Volcans News\" \/>\n\t<meta name=\"twitter:label2\" content=\"Dur\u00e9e de lecture estim\u00e9e\" \/>\n\t<meta name=\"twitter:data2\" content=\"2 minutes\" \/>\n<script type=\"application\/ld+json\" class=\"yoast-schema-graph\">{\"@context\":\"https:\\\/\\\/schema.org\",\"@graph\":[{\"@type\":\"Article\",\"@id\":\"https:\\\/\\\/lesvolcansnews.net\\\/?p=6716#article\",\"isPartOf\":{\"@id\":\"https:\\\/\\\/lesvolcansnews.net\\\/?p=6716\"},\"author\":{\"name\":\"R\u00e9daction - Les Volcans News\",\"@id\":\"https:\\\/\\\/lesvolcansnews.net\\\/#\\\/schema\\\/person\\\/82c8bed2e77879ecf6cca63441f57354\"},\"headline\":\"Sant\u00e9 : Deux m\u00e8res ont port\u00e9 le m\u00eame b\u00e9b\u00e9 au cours d&#8217;une m\u00eame grossesse\",\"datePublished\":\"2019-12-08T15:16:05+00:00\",\"dateModified\":\"2019-12-08T15:30:16+00:00\",\"mainEntityOfPage\":{\"@id\":\"https:\\\/\\\/lesvolcansnews.net\\\/?p=6716\"},\"wordCount\":364,\"image\":{\"@id\":\"https:\\\/\\\/lesvolcansnews.net\\\/?p=6716#primaryimage\"},\"thumbnailUrl\":\"https:\\\/\\\/lesvolcansnews.net\\\/wp-content\\\/uploads\\\/2019\\\/12\\\/bebe-Otis.jpg\",\"keywords\":[\"Cr\u00e9dit photo : Anecova. B\u00e9b\u00e9 Otis est en bonne sant\u00e9.\"],\"articleSection\":[\"SOCIET\u00c9\"],\"inLanguage\":\"fr-FR\"},{\"@type\":\"WebPage\",\"@id\":\"https:\\\/\\\/lesvolcansnews.net\\\/?p=6716\",\"url\":\"https:\\\/\\\/lesvolcansnews.net\\\/?p=6716\",\"name\":\"Sant\u00e9 : Deux m\u00e8res ont port\u00e9 le m\u00eame b\u00e9b\u00e9 au cours d'une m\u00eame grossesse - LES VOLCANS NEWS\",\"isPartOf\":{\"@id\":\"https:\\\/\\\/lesvolcansnews.net\\\/#website\"},\"primaryImageOfPage\":{\"@id\":\"https:\\\/\\\/lesvolcansnews.net\\\/?p=6716#primaryimage\"},\"image\":{\"@id\":\"https:\\\/\\\/lesvolcansnews.net\\\/?p=6716#primaryimage\"},\"thumbnailUrl\":\"https:\\\/\\\/lesvolcansnews.net\\\/wp-content\\\/uploads\\\/2019\\\/12\\\/bebe-Otis.jpg\",\"datePublished\":\"2019-12-08T15:16:05+00:00\",\"dateModified\":\"2019-12-08T15:30:16+00:00\",\"author\":{\"@id\":\"https:\\\/\\\/lesvolcansnews.net\\\/#\\\/schema\\\/person\\\/82c8bed2e77879ecf6cca63441f57354\"},\"breadcrumb\":{\"@id\":\"https:\\\/\\\/lesvolcansnews.net\\\/?p=6716#breadcrumb\"},\"inLanguage\":\"fr-FR\",\"potentialAction\":[{\"@type\":\"ReadAction\",\"target\":[\"https:\\\/\\\/lesvolcansnews.net\\\/?p=6716\"]}]},{\"@type\":\"ImageObject\",\"inLanguage\":\"fr-FR\",\"@id\":\"https:\\\/\\\/lesvolcansnews.net\\\/?p=6716#primaryimage\",\"url\":\"https:\\\/\\\/lesvolcansnews.net\\\/wp-content\\\/uploads\\\/2019\\\/12\\\/bebe-Otis.jpg\",\"contentUrl\":\"https:\\\/\\\/lesvolcansnews.net\\\/wp-content\\\/uploads\\\/2019\\\/12\\\/bebe-Otis.jpg\",\"width\":653,\"height\":888},{\"@type\":\"BreadcrumbList\",\"@id\":\"https:\\\/\\\/lesvolcansnews.net\\\/?p=6716#breadcrumb\",\"itemListElement\":[{\"@type\":\"ListItem\",\"position\":1,\"name\":\"Accueil\",\"item\":\"https:\\\/\\\/lesvolcansnews.net\\\/\"},{\"@type\":\"ListItem\",\"position\":2,\"name\":\"Sant\u00e9 : Deux m\u00e8res ont port\u00e9 le m\u00eame b\u00e9b\u00e9 au cours d&#8217;une m\u00eame grossesse\"}]},{\"@type\":\"WebSite\",\"@id\":\"https:\\\/\\\/lesvolcansnews.net\\\/#website\",\"url\":\"https:\\\/\\\/lesvolcansnews.net\\\/\",\"name\":\"LES VOLCANS NEWS\",\"description\":\"L&#039;INFORMATION C&#039;EST NOUS\",\"potentialAction\":[{\"@type\":\"SearchAction\",\"target\":{\"@type\":\"EntryPoint\",\"urlTemplate\":\"https:\\\/\\\/lesvolcansnews.net\\\/?s={search_term_string}\"},\"query-input\":{\"@type\":\"PropertyValueSpecification\",\"valueRequired\":true,\"valueName\":\"search_term_string\"}}],\"inLanguage\":\"fr-FR\"},{\"@type\":\"Person\",\"@id\":\"https:\\\/\\\/lesvolcansnews.net\\\/#\\\/schema\\\/person\\\/82c8bed2e77879ecf6cca63441f57354\",\"name\":\"R\u00e9daction - Les Volcans News\",\"image\":{\"@type\":\"ImageObject\",\"inLanguage\":\"fr-FR\",\"@id\":\"https:\\\/\\\/secure.gravatar.com\\\/avatar\\\/8408942dd851e8a9c09f3d382a661bc05d2b3cd9002139bc1795b9528cdc6c80?s=96&d=mm&r=g\",\"url\":\"https:\\\/\\\/secure.gravatar.com\\\/avatar\\\/8408942dd851e8a9c09f3d382a661bc05d2b3cd9002139bc1795b9528cdc6c80?s=96&d=mm&r=g\",\"contentUrl\":\"https:\\\/\\\/secure.gravatar.com\\\/avatar\\\/8408942dd851e8a9c09f3d382a661bc05d2b3cd9002139bc1795b9528cdc6c80?s=96&d=mm&r=g\",\"caption\":\"R\u00e9daction - Les Volcans News\"},\"url\":\"https:\\\/\\\/lesvolcansnews.net\\\/?author=14\"}]}<\/script>\n<!-- \/ Yoast SEO plugin. -->","yoast_head_json":{"title":"Sant\u00e9 : Deux m\u00e8res ont port\u00e9 le m\u00eame b\u00e9b\u00e9 au cours d'une m\u00eame grossesse - LES VOLCANS NEWS","robots":{"index":"index","follow":"follow","max-snippet":"max-snippet:-1","max-image-preview":"max-image-preview:large","max-video-preview":"max-video-preview:-1"},"canonical":"https:\/\/lesvolcansnews.net\/?p=6716","og_locale":"fr_FR","og_type":"article","og_title":"Sant\u00e9 : Deux m\u00e8res ont port\u00e9 le m\u00eame b\u00e9b\u00e9 au cours d'une m\u00eame grossesse - LES VOLCANS NEWS","og_description":"Incroyable, mais vrai. Dans le cadre d&#8217;une proc\u00e9dure in\u00e9dite de maternit\u00e9 partag\u00e9e, deux femmes ont port\u00e9 le m\u00eame b\u00e9b\u00e9 dans leur ventre respectif. C&#8217;est ce que rapporte The Telegraph ,","og_url":"https:\/\/lesvolcansnews.net\/?p=6716","og_site_name":"LES VOLCANS NEWS","article_published_time":"2019-12-08T15:16:05+00:00","article_modified_time":"2019-12-08T15:30:16+00:00","og_image":[{"width":653,"height":888,"url":"https:\/\/lesvolcansnews.net\/wp-content\/uploads\/2019\/12\/bebe-Otis.jpg","type":"image\/jpeg"}],"author":"R\u00e9daction - Les Volcans News","twitter_card":"summary_large_image","twitter_misc":{"\u00c9crit par":"R\u00e9daction - Les Volcans News","Dur\u00e9e de lecture estim\u00e9e":"2 minutes"},"schema":{"@context":"https:\/\/schema.org","@graph":[{"@type":"Article","@id":"https:\/\/lesvolcansnews.net\/?p=6716#article","isPartOf":{"@id":"https:\/\/lesvolcansnews.net\/?p=6716"},"author":{"name":"R\u00e9daction - Les Volcans News","@id":"https:\/\/lesvolcansnews.net\/#\/schema\/person\/82c8bed2e77879ecf6cca63441f57354"},"headline":"Sant\u00e9 : Deux m\u00e8res ont port\u00e9 le m\u00eame b\u00e9b\u00e9 au cours d&#8217;une m\u00eame grossesse","datePublished":"2019-12-08T15:16:05+00:00","dateModified":"2019-12-08T15:30:16+00:00","mainEntityOfPage":{"@id":"https:\/\/lesvolcansnews.net\/?p=6716"},"wordCount":364,"image":{"@id":"https:\/\/lesvolcansnews.net\/?p=6716#primaryimage"},"thumbnailUrl":"https:\/\/lesvolcansnews.net\/wp-content\/uploads\/2019\/12\/bebe-Otis.jpg","keywords":["Cr\u00e9dit photo : Anecova. B\u00e9b\u00e9 Otis est en bonne sant\u00e9."],"articleSection":["SOCIET\u00c9"],"inLanguage":"fr-FR"},{"@type":"WebPage","@id":"https:\/\/lesvolcansnews.net\/?p=6716","url":"https:\/\/lesvolcansnews.net\/?p=6716","name":"Sant\u00e9 : Deux m\u00e8res ont port\u00e9 le m\u00eame b\u00e9b\u00e9 au cours d'une m\u00eame grossesse - LES VOLCANS NEWS","isPartOf":{"@id":"https:\/\/lesvolcansnews.net\/#website"},"primaryImageOfPage":{"@id":"https:\/\/lesvolcansnews.net\/?p=6716#primaryimage"},"image":{"@id":"https:\/\/lesvolcansnews.net\/?p=6716#primaryimage"},"thumbnailUrl":"https:\/\/lesvolcansnews.net\/wp-content\/uploads\/2019\/12\/bebe-Otis.jpg","datePublished":"2019-12-08T15:16:05+00:00","dateModified":"2019-12-08T15:30:16+00:00","author":{"@id":"https:\/\/lesvolcansnews.net\/#\/schema\/person\/82c8bed2e77879ecf6cca63441f57354"},"breadcrumb":{"@id":"https:\/\/lesvolcansnews.net\/?p=6716#breadcrumb"},"inLanguage":"fr-FR","potentialAction":[{"@type":"ReadAction","target":["https:\/\/lesvolcansnews.net\/?p=6716"]}]},{"@type":"ImageObject","inLanguage":"fr-FR","@id":"https:\/\/lesvolcansnews.net\/?p=6716#primaryimage","url":"https:\/\/lesvolcansnews.net\/wp-content\/uploads\/2019\/12\/bebe-Otis.jpg","contentUrl":"https:\/\/lesvolcansnews.net\/wp-content\/uploads\/2019\/12\/bebe-Otis.jpg","width":653,"height":888},{"@type":"BreadcrumbList","@id":"https:\/\/lesvolcansnews.net\/?p=6716#breadcrumb","itemListElement":[{"@type":"ListItem","position":1,"name":"Accueil","item":"https:\/\/lesvolcansnews.net\/"},{"@type":"ListItem","position":2,"name":"Sant\u00e9 : Deux m\u00e8res ont port\u00e9 le m\u00eame b\u00e9b\u00e9 au cours d&#8217;une m\u00eame grossesse"}]},{"@type":"WebSite","@id":"https:\/\/lesvolcansnews.net\/#website","url":"https:\/\/lesvolcansnews.net\/","name":"LES VOLCANS NEWS","description":"L&#039;INFORMATION C&#039;EST NOUS","potentialAction":[{"@type":"SearchAction","target":{"@type":"EntryPoint","urlTemplate":"https:\/\/lesvolcansnews.net\/?s={search_term_string}"},"query-input":{"@type":"PropertyValueSpecification","valueRequired":true,"valueName":"search_term_string"}}],"inLanguage":"fr-FR"},{"@type":"Person","@id":"https:\/\/lesvolcansnews.net\/#\/schema\/person\/82c8bed2e77879ecf6cca63441f57354","name":"R\u00e9daction - Les Volcans News","image":{"@type":"ImageObject","inLanguage":"fr-FR","@id":"https:\/\/secure.gravatar.com\/avatar\/8408942dd851e8a9c09f3d382a661bc05d2b3cd9002139bc1795b9528cdc6c80?s=96&d=mm&r=g","url":"https:\/\/secure.gravatar.com\/avatar\/8408942dd851e8a9c09f3d382a661bc05d2b3cd9002139bc1795b9528cdc6c80?s=96&d=mm&r=g","contentUrl":"https:\/\/secure.gravatar.com\/avatar\/8408942dd851e8a9c09f3d382a661bc05d2b3cd9002139bc1795b9528cdc6c80?s=96&d=mm&r=g","caption":"R\u00e9daction - Les Volcans News"},"url":"https:\/\/lesvolcansnews.net\/?author=14"}]}},"_links":{"self":[{"href":"https:\/\/lesvolcansnews.net\/index.php?rest_route=\/wp\/v2\/posts\/6716","targetHints":{"allow":["GET"]}}],"collection":[{"href":"https:\/\/lesvolcansnews.net\/index.php?rest_route=\/wp\/v2\/posts"}],"about":[{"href":"https:\/\/lesvolcansnews.net\/index.php?rest_route=\/wp\/v2\/types\/post"}],"author":[{"embeddable":true,"href":"https:\/\/lesvolcansnews.net\/index.php?rest_route=\/wp\/v2\/users\/14"}],"replies":[{"embeddable":true,"href":"https:\/\/lesvolcansnews.net\/index.php?rest_route=%2Fwp%2Fv2%2Fcomments&post=6716"}],"version-history":[{"count":5,"href":"https:\/\/lesvolcansnews.net\/index.php?rest_route=\/wp\/v2\/posts\/6716\/revisions"}],"predecessor-version":[{"id":6723,"href":"https:\/\/lesvolcansnews.net\/index.php?rest_route=\/wp\/v2\/posts\/6716\/revisions\/6723"}],"wp:featuredmedia":[{"embeddable":true,"href":"https:\/\/lesvolcansnews.net\/index.php?rest_route=\/wp\/v2\/media\/6721"}],"wp:attachment":[{"href":"https:\/\/lesvolcansnews.net\/index.php?rest_route=%2Fwp%2Fv2%2Fmedia&parent=6716"}],"wp:term":[{"taxonomy":"category","embeddable":true,"href":"https:\/\/lesvolcansnews.net\/index.php?rest_route=%2Fwp%2Fv2%2Fcategories&post=6716"},{"taxonomy":"post_tag","embeddable":true,"href":"https:\/\/lesvolcansnews.net\/index.php?rest_route=%2Fwp%2Fv2%2Ftags&post=6716"}],"curies":[{"name":"wp","href":"https:\/\/api.w.org\/{rel}","templated":true}]}}