{"id":6669,"date":"2019-12-07T18:32:29","date_gmt":"2019-12-07T18:32:29","guid":{"rendered":"https:\/\/lesvolcansnews.net\/?p=6669"},"modified":"2019-12-07T18:58:00","modified_gmt":"2019-12-07T18:58:00","slug":"nord-kivu-msf-sans-nouvelle-de-son-agent-disparu-vendredi-a-goma","status":"publish","type":"post","link":"https:\/\/lesvolcansnews.net\/?p=6669","title":{"rendered":"Nord-Kivu: MSF sans nouvelle de son agent disparu avec un v\u00e9hicule ce vendredi \u00e0 Goma"},"content":{"rendered":"<p>Alors qu&#8217;il avait quitt\u00e9 la base Maisha pr\u00eat du gouvernorat du Nord-Kivu pour une dotation aux sites de vaccination contre la maladie \u00e0 virus Ebola \u00e0 Majengo en commune de karisimbi de la ville de Goma, le chauffeur Manix et son v\u00e9hicule ont disparu autour de vendredi dernier.<\/p>\n<p>Le MSF France dit n&#8217;est plus eu de nouvelles de l&#8217;agent et de mat\u00e9riels dont 14tablettes destin\u00e9es aux sites de vaccination.<\/p>\n<p>&#8220;<em>Il n&#8217;est plus joignable ni \u00e0 ses t\u00e9l\u00e9phones ni \u00e0 la radio de son v\u00e9hicule<\/em>&#8220;, indique un message de cette ONG<\/p>\n<p>&#8220;<em>Je n&#8217;ai pas d&#8217;informations suppl\u00e9mentaires \u00e0 celle qui vont \u00e9t\u00e9 partag\u00e9es hier. Nous avons perdu contact avec l&#8217;un de nos chauffeurs et nous essayons de recueillir plus d&#8217;informations et de comprendre ce qui s&#8217;est pass\u00e9<\/em> \u00bb, a dit un agent de MSF joint par lesvolcansnews.net.<\/p>\n<p>La R\u00e9daction<\/p>\n","protected":false},"excerpt":{"rendered":"<p>Alors qu&#8217;il avait quitt\u00e9 la base Maisha pr\u00eat du gouvernorat du Nord-Kivu pour une dotation aux sites de vaccination contre la maladie \u00e0 virus Ebola \u00e0 Majengo en commune de<\/p>\n","protected":false},"author":14,"featured_media":6698,"comment_status":"closed","ping_status":"closed","sticky":false,"template":"","format":"standard","meta":{"footnotes":""},"categories":[1,32],"tags":[],"class_list":["post-6669","post","type-post","status-publish","format-standard","has-post-thumbnail","hentry","category-actualite","category-securite"],"yoast_head":"<!-- This site is optimized with the Yoast SEO plugin v27.5 - https:\/\/yoast.com\/product\/yoast-seo-wordpress\/ -->\n<title>Nord-Kivu: MSF sans nouvelle de son agent disparu avec un v\u00e9hicule ce vendredi \u00e0 Goma - LES VOLCANS NEWS<\/title>\n<meta name=\"robots\" content=\"index, follow, max-snippet:-1, max-image-preview:large, max-video-preview:-1\" \/>\n<link rel=\"canonical\" href=\"https:\/\/lesvolcansnews.net\/?p=6669\" \/>\n<meta property=\"og:locale\" content=\"fr_FR\" \/>\n<meta property=\"og:type\" content=\"article\" \/>\n<meta property=\"og:title\" content=\"Nord-Kivu: MSF sans nouvelle de son agent disparu avec un v\u00e9hicule ce vendredi \u00e0 Goma - LES VOLCANS NEWS\" \/>\n<meta property=\"og:description\" content=\"Alors qu&#8217;il avait quitt\u00e9 la base Maisha pr\u00eat du gouvernorat du Nord-Kivu pour une dotation aux sites de vaccination contre la maladie \u00e0 virus Ebola \u00e0 Majengo en commune de\" \/>\n<meta property=\"og:url\" content=\"https:\/\/lesvolcansnews.net\/?p=6669\" \/>\n<meta property=\"og:site_name\" content=\"LES VOLCANS NEWS\" \/>\n<meta property=\"article:published_time\" content=\"2019-12-07T18:32:29+00:00\" \/>\n<meta property=\"article:modified_time\" content=\"2019-12-07T18:58:00+00:00\" \/>\n<meta property=\"og:image\" content=\"https:\/\/lesvolcansnews.net\/wp-content\/uploads\/2019\/12\/MSF230641_Medium-1.jpg\" \/>\n\t<meta property=\"og:image:width\" content=\"800\" \/>\n\t<meta property=\"og:image:height\" content=\"534\" \/>\n\t<meta property=\"og:image:type\" content=\"image\/jpeg\" \/>\n<meta name=\"author\" content=\"R\u00e9daction - Les Volcans News\" \/>\n<meta name=\"twitter:card\" content=\"summary_large_image\" \/>\n<meta name=\"twitter:label1\" content=\"\u00c9crit par\" \/>\n\t<meta name=\"twitter:data1\" content=\"R\u00e9daction - Les Volcans News\" \/>\n\t<meta name=\"twitter:label2\" content=\"Dur\u00e9e de lecture estim\u00e9e\" \/>\n\t<meta name=\"twitter:data2\" content=\"1 minute\" \/>\n<script type=\"application\/ld+json\" class=\"yoast-schema-graph\">{\"@context\":\"https:\\\/\\\/schema.org\",\"@graph\":[{\"@type\":\"Article\",\"@id\":\"https:\\\/\\\/lesvolcansnews.net\\\/?p=6669#article\",\"isPartOf\":{\"@id\":\"https:\\\/\\\/lesvolcansnews.net\\\/?p=6669\"},\"author\":{\"name\":\"R\u00e9daction - Les Volcans News\",\"@id\":\"https:\\\/\\\/lesvolcansnews.net\\\/#\\\/schema\\\/person\\\/82c8bed2e77879ecf6cca63441f57354\"},\"headline\":\"Nord-Kivu: MSF sans nouvelle de son agent disparu avec un v\u00e9hicule ce vendredi \u00e0 Goma\",\"datePublished\":\"2019-12-07T18:32:29+00:00\",\"dateModified\":\"2019-12-07T18:58:00+00:00\",\"mainEntityOfPage\":{\"@id\":\"https:\\\/\\\/lesvolcansnews.net\\\/?p=6669\"},\"wordCount\":166,\"image\":{\"@id\":\"https:\\\/\\\/lesvolcansnews.net\\\/?p=6669#primaryimage\"},\"thumbnailUrl\":\"https:\\\/\\\/lesvolcansnews.net\\\/wp-content\\\/uploads\\\/2019\\\/12\\\/MSF230641_Medium-1.jpg\",\"articleSection\":[\"ACTUALIT\u00c9\",\"S\u00c9CURIT\u00c9\"],\"inLanguage\":\"fr-FR\"},{\"@type\":\"WebPage\",\"@id\":\"https:\\\/\\\/lesvolcansnews.net\\\/?p=6669\",\"url\":\"https:\\\/\\\/lesvolcansnews.net\\\/?p=6669\",\"name\":\"Nord-Kivu: MSF sans nouvelle de son agent disparu avec un v\u00e9hicule ce vendredi \u00e0 Goma - LES VOLCANS NEWS\",\"isPartOf\":{\"@id\":\"https:\\\/\\\/lesvolcansnews.net\\\/#website\"},\"primaryImageOfPage\":{\"@id\":\"https:\\\/\\\/lesvolcansnews.net\\\/?p=6669#primaryimage\"},\"image\":{\"@id\":\"https:\\\/\\\/lesvolcansnews.net\\\/?p=6669#primaryimage\"},\"thumbnailUrl\":\"https:\\\/\\\/lesvolcansnews.net\\\/wp-content\\\/uploads\\\/2019\\\/12\\\/MSF230641_Medium-1.jpg\",\"datePublished\":\"2019-12-07T18:32:29+00:00\",\"dateModified\":\"2019-12-07T18:58:00+00:00\",\"author\":{\"@id\":\"https:\\\/\\\/lesvolcansnews.net\\\/#\\\/schema\\\/person\\\/82c8bed2e77879ecf6cca63441f57354\"},\"breadcrumb\":{\"@id\":\"https:\\\/\\\/lesvolcansnews.net\\\/?p=6669#breadcrumb\"},\"inLanguage\":\"fr-FR\",\"potentialAction\":[{\"@type\":\"ReadAction\",\"target\":[\"https:\\\/\\\/lesvolcansnews.net\\\/?p=6669\"]}]},{\"@type\":\"ImageObject\",\"inLanguage\":\"fr-FR\",\"@id\":\"https:\\\/\\\/lesvolcansnews.net\\\/?p=6669#primaryimage\",\"url\":\"https:\\\/\\\/lesvolcansnews.net\\\/wp-content\\\/uploads\\\/2019\\\/12\\\/MSF230641_Medium-1.jpg\",\"contentUrl\":\"https:\\\/\\\/lesvolcansnews.net\\\/wp-content\\\/uploads\\\/2019\\\/12\\\/MSF230641_Medium-1.jpg\",\"width\":800,\"height\":534},{\"@type\":\"BreadcrumbList\",\"@id\":\"https:\\\/\\\/lesvolcansnews.net\\\/?p=6669#breadcrumb\",\"itemListElement\":[{\"@type\":\"ListItem\",\"position\":1,\"name\":\"Accueil\",\"item\":\"https:\\\/\\\/lesvolcansnews.net\\\/\"},{\"@type\":\"ListItem\",\"position\":2,\"name\":\"Nord-Kivu: MSF sans nouvelle de son agent disparu avec un v\u00e9hicule ce vendredi \u00e0 Goma\"}]},{\"@type\":\"WebSite\",\"@id\":\"https:\\\/\\\/lesvolcansnews.net\\\/#website\",\"url\":\"https:\\\/\\\/lesvolcansnews.net\\\/\",\"name\":\"LES VOLCANS NEWS\",\"description\":\"L&#039;INFORMATION C&#039;EST NOUS\",\"potentialAction\":[{\"@type\":\"SearchAction\",\"target\":{\"@type\":\"EntryPoint\",\"urlTemplate\":\"https:\\\/\\\/lesvolcansnews.net\\\/?s={search_term_string}\"},\"query-input\":{\"@type\":\"PropertyValueSpecification\",\"valueRequired\":true,\"valueName\":\"search_term_string\"}}],\"inLanguage\":\"fr-FR\"},{\"@type\":\"Person\",\"@id\":\"https:\\\/\\\/lesvolcansnews.net\\\/#\\\/schema\\\/person\\\/82c8bed2e77879ecf6cca63441f57354\",\"name\":\"R\u00e9daction - Les Volcans News\",\"image\":{\"@type\":\"ImageObject\",\"inLanguage\":\"fr-FR\",\"@id\":\"https:\\\/\\\/secure.gravatar.com\\\/avatar\\\/8408942dd851e8a9c09f3d382a661bc05d2b3cd9002139bc1795b9528cdc6c80?s=96&d=mm&r=g\",\"url\":\"https:\\\/\\\/secure.gravatar.com\\\/avatar\\\/8408942dd851e8a9c09f3d382a661bc05d2b3cd9002139bc1795b9528cdc6c80?s=96&d=mm&r=g\",\"contentUrl\":\"https:\\\/\\\/secure.gravatar.com\\\/avatar\\\/8408942dd851e8a9c09f3d382a661bc05d2b3cd9002139bc1795b9528cdc6c80?s=96&d=mm&r=g\",\"caption\":\"R\u00e9daction - Les Volcans News\"},\"url\":\"https:\\\/\\\/lesvolcansnews.net\\\/?author=14\"}]}<\/script>\n<!-- \/ Yoast SEO plugin. -->","yoast_head_json":{"title":"Nord-Kivu: MSF sans nouvelle de son agent disparu avec un v\u00e9hicule ce vendredi \u00e0 Goma - LES VOLCANS NEWS","robots":{"index":"index","follow":"follow","max-snippet":"max-snippet:-1","max-image-preview":"max-image-preview:large","max-video-preview":"max-video-preview:-1"},"canonical":"https:\/\/lesvolcansnews.net\/?p=6669","og_locale":"fr_FR","og_type":"article","og_title":"Nord-Kivu: MSF sans nouvelle de son agent disparu avec un v\u00e9hicule ce vendredi \u00e0 Goma - LES VOLCANS NEWS","og_description":"Alors qu&#8217;il avait quitt\u00e9 la base Maisha pr\u00eat du gouvernorat du Nord-Kivu pour une dotation aux sites de vaccination contre la maladie \u00e0 virus Ebola \u00e0 Majengo en commune de","og_url":"https:\/\/lesvolcansnews.net\/?p=6669","og_site_name":"LES VOLCANS NEWS","article_published_time":"2019-12-07T18:32:29+00:00","article_modified_time":"2019-12-07T18:58:00+00:00","og_image":[{"width":800,"height":534,"url":"https:\/\/lesvolcansnews.net\/wp-content\/uploads\/2019\/12\/MSF230641_Medium-1.jpg","type":"image\/jpeg"}],"author":"R\u00e9daction - Les Volcans News","twitter_card":"summary_large_image","twitter_misc":{"\u00c9crit par":"R\u00e9daction - Les Volcans News","Dur\u00e9e de lecture estim\u00e9e":"1 minute"},"schema":{"@context":"https:\/\/schema.org","@graph":[{"@type":"Article","@id":"https:\/\/lesvolcansnews.net\/?p=6669#article","isPartOf":{"@id":"https:\/\/lesvolcansnews.net\/?p=6669"},"author":{"name":"R\u00e9daction - Les Volcans News","@id":"https:\/\/lesvolcansnews.net\/#\/schema\/person\/82c8bed2e77879ecf6cca63441f57354"},"headline":"Nord-Kivu: MSF sans nouvelle de son agent disparu avec un v\u00e9hicule ce vendredi \u00e0 Goma","datePublished":"2019-12-07T18:32:29+00:00","dateModified":"2019-12-07T18:58:00+00:00","mainEntityOfPage":{"@id":"https:\/\/lesvolcansnews.net\/?p=6669"},"wordCount":166,"image":{"@id":"https:\/\/lesvolcansnews.net\/?p=6669#primaryimage"},"thumbnailUrl":"https:\/\/lesvolcansnews.net\/wp-content\/uploads\/2019\/12\/MSF230641_Medium-1.jpg","articleSection":["ACTUALIT\u00c9","S\u00c9CURIT\u00c9"],"inLanguage":"fr-FR"},{"@type":"WebPage","@id":"https:\/\/lesvolcansnews.net\/?p=6669","url":"https:\/\/lesvolcansnews.net\/?p=6669","name":"Nord-Kivu: MSF sans nouvelle de son agent disparu avec un v\u00e9hicule ce vendredi \u00e0 Goma - LES VOLCANS NEWS","isPartOf":{"@id":"https:\/\/lesvolcansnews.net\/#website"},"primaryImageOfPage":{"@id":"https:\/\/lesvolcansnews.net\/?p=6669#primaryimage"},"image":{"@id":"https:\/\/lesvolcansnews.net\/?p=6669#primaryimage"},"thumbnailUrl":"https:\/\/lesvolcansnews.net\/wp-content\/uploads\/2019\/12\/MSF230641_Medium-1.jpg","datePublished":"2019-12-07T18:32:29+00:00","dateModified":"2019-12-07T18:58:00+00:00","author":{"@id":"https:\/\/lesvolcansnews.net\/#\/schema\/person\/82c8bed2e77879ecf6cca63441f57354"},"breadcrumb":{"@id":"https:\/\/lesvolcansnews.net\/?p=6669#breadcrumb"},"inLanguage":"fr-FR","potentialAction":[{"@type":"ReadAction","target":["https:\/\/lesvolcansnews.net\/?p=6669"]}]},{"@type":"ImageObject","inLanguage":"fr-FR","@id":"https:\/\/lesvolcansnews.net\/?p=6669#primaryimage","url":"https:\/\/lesvolcansnews.net\/wp-content\/uploads\/2019\/12\/MSF230641_Medium-1.jpg","contentUrl":"https:\/\/lesvolcansnews.net\/wp-content\/uploads\/2019\/12\/MSF230641_Medium-1.jpg","width":800,"height":534},{"@type":"BreadcrumbList","@id":"https:\/\/lesvolcansnews.net\/?p=6669#breadcrumb","itemListElement":[{"@type":"ListItem","position":1,"name":"Accueil","item":"https:\/\/lesvolcansnews.net\/"},{"@type":"ListItem","position":2,"name":"Nord-Kivu: MSF sans nouvelle de son agent disparu avec un v\u00e9hicule ce vendredi \u00e0 Goma"}]},{"@type":"WebSite","@id":"https:\/\/lesvolcansnews.net\/#website","url":"https:\/\/lesvolcansnews.net\/","name":"LES VOLCANS NEWS","description":"L&#039;INFORMATION C&#039;EST NOUS","potentialAction":[{"@type":"SearchAction","target":{"@type":"EntryPoint","urlTemplate":"https:\/\/lesvolcansnews.net\/?s={search_term_string}"},"query-input":{"@type":"PropertyValueSpecification","valueRequired":true,"valueName":"search_term_string"}}],"inLanguage":"fr-FR"},{"@type":"Person","@id":"https:\/\/lesvolcansnews.net\/#\/schema\/person\/82c8bed2e77879ecf6cca63441f57354","name":"R\u00e9daction - Les Volcans News","image":{"@type":"ImageObject","inLanguage":"fr-FR","@id":"https:\/\/secure.gravatar.com\/avatar\/8408942dd851e8a9c09f3d382a661bc05d2b3cd9002139bc1795b9528cdc6c80?s=96&d=mm&r=g","url":"https:\/\/secure.gravatar.com\/avatar\/8408942dd851e8a9c09f3d382a661bc05d2b3cd9002139bc1795b9528cdc6c80?s=96&d=mm&r=g","contentUrl":"https:\/\/secure.gravatar.com\/avatar\/8408942dd851e8a9c09f3d382a661bc05d2b3cd9002139bc1795b9528cdc6c80?s=96&d=mm&r=g","caption":"R\u00e9daction - Les Volcans News"},"url":"https:\/\/lesvolcansnews.net\/?author=14"}]}},"_links":{"self":[{"href":"https:\/\/lesvolcansnews.net\/index.php?rest_route=\/wp\/v2\/posts\/6669","targetHints":{"allow":["GET"]}}],"collection":[{"href":"https:\/\/lesvolcansnews.net\/index.php?rest_route=\/wp\/v2\/posts"}],"about":[{"href":"https:\/\/lesvolcansnews.net\/index.php?rest_route=\/wp\/v2\/types\/post"}],"author":[{"embeddable":true,"href":"https:\/\/lesvolcansnews.net\/index.php?rest_route=\/wp\/v2\/users\/14"}],"replies":[{"embeddable":true,"href":"https:\/\/lesvolcansnews.net\/index.php?rest_route=%2Fwp%2Fv2%2Fcomments&post=6669"}],"version-history":[{"count":3,"href":"https:\/\/lesvolcansnews.net\/index.php?rest_route=\/wp\/v2\/posts\/6669\/revisions"}],"predecessor-version":[{"id":6703,"href":"https:\/\/lesvolcansnews.net\/index.php?rest_route=\/wp\/v2\/posts\/6669\/revisions\/6703"}],"wp:featuredmedia":[{"embeddable":true,"href":"https:\/\/lesvolcansnews.net\/index.php?rest_route=\/wp\/v2\/media\/6698"}],"wp:attachment":[{"href":"https:\/\/lesvolcansnews.net\/index.php?rest_route=%2Fwp%2Fv2%2Fmedia&parent=6669"}],"wp:term":[{"taxonomy":"category","embeddable":true,"href":"https:\/\/lesvolcansnews.net\/index.php?rest_route=%2Fwp%2Fv2%2Fcategories&post=6669"},{"taxonomy":"post_tag","embeddable":true,"href":"https:\/\/lesvolcansnews.net\/index.php?rest_route=%2Fwp%2Fv2%2Ftags&post=6669"}],"curies":[{"name":"wp","href":"https:\/\/api.w.org\/{rel}","templated":true}]}}