{"id":6547,"date":"2019-12-01T20:47:25","date_gmt":"2019-12-01T20:47:25","guid":{"rendered":"https:\/\/lesvolcansnews.net\/?p=6547"},"modified":"2019-12-01T20:48:00","modified_gmt":"2019-12-01T20:48:00","slug":"felix-tshisekedi-eleve-a-la-dignite-de-grand-croix-dans-lordre-national-de-reconnaissance-centrafricaine","status":"publish","type":"post","link":"https:\/\/lesvolcansnews.net\/?p=6547","title":{"rendered":"Felix Tshisekedi \u00e9lev\u00e9 \u00e0 la dignit\u00e9 de Grand Croix dans l&#8217;Ordre National de reconnaissance centrafricaine"},"content":{"rendered":"<p>En s\u00e9jour en R\u00e9publique centrafricaine, le Pr\u00e9sident de la r\u00e9publique Felix Antoine Tshisekedi Tshilombo a \u00e9t\u00e9 \u00e9lev\u00e9 \u00e0 la dignit\u00e9 de <em>Grand Croix<\/em> dans l&#8217;Ordre National de reconnaissance centrafricaine.<\/p>\n\n\n<figure class=\"wp-block-image\"><img fetchpriority=\"high\" decoding=\"async\" width=\"1080\" height=\"720\" src=\"https:\/\/lesvolcansnews.net\/wp-content\/uploads\/2019\/12\/IMG-20191201-WA0025.jpg\" alt=\"\" class=\"wp-image-6550\" srcset=\"https:\/\/lesvolcansnews.net\/wp-content\/uploads\/2019\/12\/IMG-20191201-WA0025.jpg 1080w, https:\/\/lesvolcansnews.net\/wp-content\/uploads\/2019\/12\/IMG-20191201-WA0025-300x200.jpg 300w, https:\/\/lesvolcansnews.net\/wp-content\/uploads\/2019\/12\/IMG-20191201-WA0025-768x512.jpg 768w, https:\/\/lesvolcansnews.net\/wp-content\/uploads\/2019\/12\/IMG-20191201-WA0025-1024x683.jpg 1024w, https:\/\/lesvolcansnews.net\/wp-content\/uploads\/2019\/12\/IMG-20191201-WA0025-360x240.jpg 360w, https:\/\/lesvolcansnews.net\/wp-content\/uploads\/2019\/12\/IMG-20191201-WA0025-600x400.jpg 600w\" sizes=\"(max-width: 1080px) 100vw, 1080px\" \/><\/figure>\n\n\n\n<p>C&#8217;est lors d&#8217;une c\u00e9r\u00e9monie solennelle au Palais de la Renaissance, que son homologue Faustin-Archange Touadera a d\u00e9cor\u00e9 de cette distinction exceptionnelle en reconnaissance de la solidarit\u00e9 du peuple congolais envers son pays pendant les moments difficiles.<\/p>\n\n\n\n<figure class=\"wp-block-image\"><img decoding=\"async\" src=\"https:\/\/lesvolcansnews.net\/wp-content\/uploads\/2019\/12\/IMG-20191201-WA0029.jpg\" alt=\"\" class=\"wp-image-6553\"\/><\/figure>\n\n\n\n<p><br>Le Chef de l&#8217;\u00c9tat F\u00e9lix Antoine Tshisekedi Tshilombo a au cours de son mot, f\u00e9licit\u00e9 son homologue Faustin-Archange Touadera pour ses nombreux efforts de reconstruction de son pays qui quelques ann\u00e9es pass\u00e9es \u00e9tait un pays infr\u00e9quentable.<br>Le pr\u00e9sident congolais a rassur\u00e9 aux centre africains le rapprochement de la RDC \u00e0 la RCA.<\/p>\n\n\n<p><\/p>\n\n\n<figure class=\"wp-block-image\"><img decoding=\"async\" width=\"1080\" height=\"720\" src=\"https:\/\/lesvolcansnews.net\/wp-content\/uploads\/2019\/12\/IMG-20191201-WA0026.jpg\" alt=\"\" class=\"wp-image-6551\" srcset=\"https:\/\/lesvolcansnews.net\/wp-content\/uploads\/2019\/12\/IMG-20191201-WA0026.jpg 1080w, https:\/\/lesvolcansnews.net\/wp-content\/uploads\/2019\/12\/IMG-20191201-WA0026-300x200.jpg 300w, https:\/\/lesvolcansnews.net\/wp-content\/uploads\/2019\/12\/IMG-20191201-WA0026-768x512.jpg 768w, https:\/\/lesvolcansnews.net\/wp-content\/uploads\/2019\/12\/IMG-20191201-WA0026-1024x683.jpg 1024w, https:\/\/lesvolcansnews.net\/wp-content\/uploads\/2019\/12\/IMG-20191201-WA0026-360x240.jpg 360w, https:\/\/lesvolcansnews.net\/wp-content\/uploads\/2019\/12\/IMG-20191201-WA0026-600x400.jpg 600w\" sizes=\"(max-width: 1080px) 100vw, 1080px\" \/><\/figure>\n\n\n\n<p>Pour illustrer cette coexistence pacifique, des jeunes congolais et centrafricains ont livr\u00e9 un spectacle de courses en pirogues devant les deux chefs d&#8217;\u00c9tat.<\/p>\n\n\n\n<figure class=\"wp-block-image\"><img decoding=\"async\" src=\"https:\/\/lesvolcansnews.net\/wp-content\/uploads\/2019\/12\/IMG-20191201-WA0024.jpg\" alt=\"\" class=\"wp-image-6554\"\/><\/figure>\n\n\n\n<p><br>Les gagnants ont \u00e9t\u00e9 prim\u00e9s par le Pr\u00e9sident F\u00e9lix Antoine Tshisekedi Tshilombo , indique la presse pr\u00e9sidentielle.<br><strong>La r\u00e9daction<\/strong><\/p>\n","protected":false},"excerpt":{"rendered":"<p>En s\u00e9jour en R\u00e9publique centrafricaine, le Pr\u00e9sident de la r\u00e9publique Felix Antoine Tshisekedi Tshilombo a \u00e9t\u00e9 \u00e9lev\u00e9 \u00e0 la dignit\u00e9 de Grand Croix dans l&#8217;Ordre National de reconnaissance centrafricaine. C&#8217;est<\/p>\n","protected":false},"author":14,"featured_media":6548,"comment_status":"open","ping_status":"open","sticky":false,"template":"","format":"standard","meta":{"footnotes":""},"categories":[27],"tags":[],"class_list":["post-6547","post","type-post","status-publish","format-standard","has-post-thumbnail","hentry","category-politique"],"yoast_head":"<!-- This site is optimized with the Yoast SEO plugin v27.5 - https:\/\/yoast.com\/product\/yoast-seo-wordpress\/ -->\n<title>Felix Tshisekedi \u00e9lev\u00e9 \u00e0 la dignit\u00e9 de Grand Croix dans l&#039;Ordre National de reconnaissance centrafricaine - LES VOLCANS NEWS<\/title>\n<meta name=\"robots\" content=\"index, follow, max-snippet:-1, max-image-preview:large, max-video-preview:-1\" \/>\n<link rel=\"canonical\" href=\"https:\/\/lesvolcansnews.net\/?p=6547\" \/>\n<meta property=\"og:locale\" content=\"fr_FR\" \/>\n<meta property=\"og:type\" content=\"article\" \/>\n<meta property=\"og:title\" content=\"Felix Tshisekedi \u00e9lev\u00e9 \u00e0 la dignit\u00e9 de Grand Croix dans l&#039;Ordre National de reconnaissance centrafricaine - LES VOLCANS NEWS\" \/>\n<meta property=\"og:description\" content=\"En s\u00e9jour en R\u00e9publique centrafricaine, le Pr\u00e9sident de la r\u00e9publique Felix Antoine Tshisekedi Tshilombo a \u00e9t\u00e9 \u00e9lev\u00e9 \u00e0 la dignit\u00e9 de Grand Croix dans l&#8217;Ordre National de reconnaissance centrafricaine. C&#8217;est\" \/>\n<meta property=\"og:url\" content=\"https:\/\/lesvolcansnews.net\/?p=6547\" \/>\n<meta property=\"og:site_name\" content=\"LES VOLCANS NEWS\" \/>\n<meta property=\"article:published_time\" content=\"2019-12-01T20:47:25+00:00\" \/>\n<meta property=\"article:modified_time\" content=\"2019-12-01T20:48:00+00:00\" \/>\n<meta property=\"og:image\" content=\"https:\/\/lesvolcansnews.net\/wp-content\/uploads\/2019\/12\/IMG-20191201-WA0027.jpg\" \/>\n\t<meta property=\"og:image:width\" content=\"615\" \/>\n\t<meta property=\"og:image:height\" content=\"872\" \/>\n\t<meta property=\"og:image:type\" content=\"image\/jpeg\" \/>\n<meta name=\"author\" content=\"R\u00e9daction - Les Volcans News\" \/>\n<meta name=\"twitter:card\" content=\"summary_large_image\" \/>\n<meta name=\"twitter:label1\" content=\"\u00c9crit par\" \/>\n\t<meta name=\"twitter:data1\" content=\"R\u00e9daction - Les Volcans News\" \/>\n\t<meta name=\"twitter:label2\" content=\"Dur\u00e9e de lecture estim\u00e9e\" \/>\n\t<meta name=\"twitter:data2\" content=\"1 minute\" \/>\n<script type=\"application\/ld+json\" class=\"yoast-schema-graph\">{\"@context\":\"https:\\\/\\\/schema.org\",\"@graph\":[{\"@type\":\"Article\",\"@id\":\"https:\\\/\\\/lesvolcansnews.net\\\/?p=6547#article\",\"isPartOf\":{\"@id\":\"https:\\\/\\\/lesvolcansnews.net\\\/?p=6547\"},\"author\":{\"name\":\"R\u00e9daction - Les Volcans News\",\"@id\":\"https:\\\/\\\/lesvolcansnews.net\\\/#\\\/schema\\\/person\\\/82c8bed2e77879ecf6cca63441f57354\"},\"headline\":\"Felix Tshisekedi \u00e9lev\u00e9 \u00e0 la dignit\u00e9 de Grand Croix dans l&#8217;Ordre National de reconnaissance centrafricaine\",\"datePublished\":\"2019-12-01T20:47:25+00:00\",\"dateModified\":\"2019-12-01T20:48:00+00:00\",\"mainEntityOfPage\":{\"@id\":\"https:\\\/\\\/lesvolcansnews.net\\\/?p=6547\"},\"wordCount\":194,\"commentCount\":0,\"image\":{\"@id\":\"https:\\\/\\\/lesvolcansnews.net\\\/?p=6547#primaryimage\"},\"thumbnailUrl\":\"https:\\\/\\\/lesvolcansnews.net\\\/wp-content\\\/uploads\\\/2019\\\/12\\\/IMG-20191201-WA0027.jpg\",\"articleSection\":[\"POLITIQUE\"],\"inLanguage\":\"fr-FR\",\"potentialAction\":[{\"@type\":\"CommentAction\",\"name\":\"Comment\",\"target\":[\"https:\\\/\\\/lesvolcansnews.net\\\/?p=6547#respond\"]}]},{\"@type\":\"WebPage\",\"@id\":\"https:\\\/\\\/lesvolcansnews.net\\\/?p=6547\",\"url\":\"https:\\\/\\\/lesvolcansnews.net\\\/?p=6547\",\"name\":\"Felix Tshisekedi \u00e9lev\u00e9 \u00e0 la dignit\u00e9 de Grand Croix dans l'Ordre National de reconnaissance centrafricaine - LES VOLCANS NEWS\",\"isPartOf\":{\"@id\":\"https:\\\/\\\/lesvolcansnews.net\\\/#website\"},\"primaryImageOfPage\":{\"@id\":\"https:\\\/\\\/lesvolcansnews.net\\\/?p=6547#primaryimage\"},\"image\":{\"@id\":\"https:\\\/\\\/lesvolcansnews.net\\\/?p=6547#primaryimage\"},\"thumbnailUrl\":\"https:\\\/\\\/lesvolcansnews.net\\\/wp-content\\\/uploads\\\/2019\\\/12\\\/IMG-20191201-WA0027.jpg\",\"datePublished\":\"2019-12-01T20:47:25+00:00\",\"dateModified\":\"2019-12-01T20:48:00+00:00\",\"author\":{\"@id\":\"https:\\\/\\\/lesvolcansnews.net\\\/#\\\/schema\\\/person\\\/82c8bed2e77879ecf6cca63441f57354\"},\"breadcrumb\":{\"@id\":\"https:\\\/\\\/lesvolcansnews.net\\\/?p=6547#breadcrumb\"},\"inLanguage\":\"fr-FR\",\"potentialAction\":[{\"@type\":\"ReadAction\",\"target\":[\"https:\\\/\\\/lesvolcansnews.net\\\/?p=6547\"]}]},{\"@type\":\"ImageObject\",\"inLanguage\":\"fr-FR\",\"@id\":\"https:\\\/\\\/lesvolcansnews.net\\\/?p=6547#primaryimage\",\"url\":\"https:\\\/\\\/lesvolcansnews.net\\\/wp-content\\\/uploads\\\/2019\\\/12\\\/IMG-20191201-WA0027.jpg\",\"contentUrl\":\"https:\\\/\\\/lesvolcansnews.net\\\/wp-content\\\/uploads\\\/2019\\\/12\\\/IMG-20191201-WA0027.jpg\",\"width\":615,\"height\":872},{\"@type\":\"BreadcrumbList\",\"@id\":\"https:\\\/\\\/lesvolcansnews.net\\\/?p=6547#breadcrumb\",\"itemListElement\":[{\"@type\":\"ListItem\",\"position\":1,\"name\":\"Accueil\",\"item\":\"https:\\\/\\\/lesvolcansnews.net\\\/\"},{\"@type\":\"ListItem\",\"position\":2,\"name\":\"Felix Tshisekedi \u00e9lev\u00e9 \u00e0 la dignit\u00e9 de Grand Croix dans l&#8217;Ordre National de reconnaissance centrafricaine\"}]},{\"@type\":\"WebSite\",\"@id\":\"https:\\\/\\\/lesvolcansnews.net\\\/#website\",\"url\":\"https:\\\/\\\/lesvolcansnews.net\\\/\",\"name\":\"LES VOLCANS NEWS\",\"description\":\"L&#039;INFORMATION C&#039;EST NOUS\",\"potentialAction\":[{\"@type\":\"SearchAction\",\"target\":{\"@type\":\"EntryPoint\",\"urlTemplate\":\"https:\\\/\\\/lesvolcansnews.net\\\/?s={search_term_string}\"},\"query-input\":{\"@type\":\"PropertyValueSpecification\",\"valueRequired\":true,\"valueName\":\"search_term_string\"}}],\"inLanguage\":\"fr-FR\"},{\"@type\":\"Person\",\"@id\":\"https:\\\/\\\/lesvolcansnews.net\\\/#\\\/schema\\\/person\\\/82c8bed2e77879ecf6cca63441f57354\",\"name\":\"R\u00e9daction - Les Volcans News\",\"image\":{\"@type\":\"ImageObject\",\"inLanguage\":\"fr-FR\",\"@id\":\"https:\\\/\\\/secure.gravatar.com\\\/avatar\\\/8408942dd851e8a9c09f3d382a661bc05d2b3cd9002139bc1795b9528cdc6c80?s=96&d=mm&r=g\",\"url\":\"https:\\\/\\\/secure.gravatar.com\\\/avatar\\\/8408942dd851e8a9c09f3d382a661bc05d2b3cd9002139bc1795b9528cdc6c80?s=96&d=mm&r=g\",\"contentUrl\":\"https:\\\/\\\/secure.gravatar.com\\\/avatar\\\/8408942dd851e8a9c09f3d382a661bc05d2b3cd9002139bc1795b9528cdc6c80?s=96&d=mm&r=g\",\"caption\":\"R\u00e9daction - Les Volcans News\"},\"url\":\"https:\\\/\\\/lesvolcansnews.net\\\/?author=14\"}]}<\/script>\n<!-- \/ Yoast SEO plugin. -->","yoast_head_json":{"title":"Felix Tshisekedi \u00e9lev\u00e9 \u00e0 la dignit\u00e9 de Grand Croix dans l'Ordre National de reconnaissance centrafricaine - LES VOLCANS NEWS","robots":{"index":"index","follow":"follow","max-snippet":"max-snippet:-1","max-image-preview":"max-image-preview:large","max-video-preview":"max-video-preview:-1"},"canonical":"https:\/\/lesvolcansnews.net\/?p=6547","og_locale":"fr_FR","og_type":"article","og_title":"Felix Tshisekedi \u00e9lev\u00e9 \u00e0 la dignit\u00e9 de Grand Croix dans l'Ordre National de reconnaissance centrafricaine - LES VOLCANS NEWS","og_description":"En s\u00e9jour en R\u00e9publique centrafricaine, le Pr\u00e9sident de la r\u00e9publique Felix Antoine Tshisekedi Tshilombo a \u00e9t\u00e9 \u00e9lev\u00e9 \u00e0 la dignit\u00e9 de Grand Croix dans l&#8217;Ordre National de reconnaissance centrafricaine. C&#8217;est","og_url":"https:\/\/lesvolcansnews.net\/?p=6547","og_site_name":"LES VOLCANS NEWS","article_published_time":"2019-12-01T20:47:25+00:00","article_modified_time":"2019-12-01T20:48:00+00:00","og_image":[{"width":615,"height":872,"url":"https:\/\/lesvolcansnews.net\/wp-content\/uploads\/2019\/12\/IMG-20191201-WA0027.jpg","type":"image\/jpeg"}],"author":"R\u00e9daction - Les Volcans News","twitter_card":"summary_large_image","twitter_misc":{"\u00c9crit par":"R\u00e9daction - Les Volcans News","Dur\u00e9e de lecture estim\u00e9e":"1 minute"},"schema":{"@context":"https:\/\/schema.org","@graph":[{"@type":"Article","@id":"https:\/\/lesvolcansnews.net\/?p=6547#article","isPartOf":{"@id":"https:\/\/lesvolcansnews.net\/?p=6547"},"author":{"name":"R\u00e9daction - Les Volcans News","@id":"https:\/\/lesvolcansnews.net\/#\/schema\/person\/82c8bed2e77879ecf6cca63441f57354"},"headline":"Felix Tshisekedi \u00e9lev\u00e9 \u00e0 la dignit\u00e9 de Grand Croix dans l&#8217;Ordre National de reconnaissance centrafricaine","datePublished":"2019-12-01T20:47:25+00:00","dateModified":"2019-12-01T20:48:00+00:00","mainEntityOfPage":{"@id":"https:\/\/lesvolcansnews.net\/?p=6547"},"wordCount":194,"commentCount":0,"image":{"@id":"https:\/\/lesvolcansnews.net\/?p=6547#primaryimage"},"thumbnailUrl":"https:\/\/lesvolcansnews.net\/wp-content\/uploads\/2019\/12\/IMG-20191201-WA0027.jpg","articleSection":["POLITIQUE"],"inLanguage":"fr-FR","potentialAction":[{"@type":"CommentAction","name":"Comment","target":["https:\/\/lesvolcansnews.net\/?p=6547#respond"]}]},{"@type":"WebPage","@id":"https:\/\/lesvolcansnews.net\/?p=6547","url":"https:\/\/lesvolcansnews.net\/?p=6547","name":"Felix Tshisekedi \u00e9lev\u00e9 \u00e0 la dignit\u00e9 de Grand Croix dans l'Ordre National de reconnaissance centrafricaine - LES VOLCANS NEWS","isPartOf":{"@id":"https:\/\/lesvolcansnews.net\/#website"},"primaryImageOfPage":{"@id":"https:\/\/lesvolcansnews.net\/?p=6547#primaryimage"},"image":{"@id":"https:\/\/lesvolcansnews.net\/?p=6547#primaryimage"},"thumbnailUrl":"https:\/\/lesvolcansnews.net\/wp-content\/uploads\/2019\/12\/IMG-20191201-WA0027.jpg","datePublished":"2019-12-01T20:47:25+00:00","dateModified":"2019-12-01T20:48:00+00:00","author":{"@id":"https:\/\/lesvolcansnews.net\/#\/schema\/person\/82c8bed2e77879ecf6cca63441f57354"},"breadcrumb":{"@id":"https:\/\/lesvolcansnews.net\/?p=6547#breadcrumb"},"inLanguage":"fr-FR","potentialAction":[{"@type":"ReadAction","target":["https:\/\/lesvolcansnews.net\/?p=6547"]}]},{"@type":"ImageObject","inLanguage":"fr-FR","@id":"https:\/\/lesvolcansnews.net\/?p=6547#primaryimage","url":"https:\/\/lesvolcansnews.net\/wp-content\/uploads\/2019\/12\/IMG-20191201-WA0027.jpg","contentUrl":"https:\/\/lesvolcansnews.net\/wp-content\/uploads\/2019\/12\/IMG-20191201-WA0027.jpg","width":615,"height":872},{"@type":"BreadcrumbList","@id":"https:\/\/lesvolcansnews.net\/?p=6547#breadcrumb","itemListElement":[{"@type":"ListItem","position":1,"name":"Accueil","item":"https:\/\/lesvolcansnews.net\/"},{"@type":"ListItem","position":2,"name":"Felix Tshisekedi \u00e9lev\u00e9 \u00e0 la dignit\u00e9 de Grand Croix dans l&#8217;Ordre National de reconnaissance centrafricaine"}]},{"@type":"WebSite","@id":"https:\/\/lesvolcansnews.net\/#website","url":"https:\/\/lesvolcansnews.net\/","name":"LES VOLCANS NEWS","description":"L&#039;INFORMATION C&#039;EST NOUS","potentialAction":[{"@type":"SearchAction","target":{"@type":"EntryPoint","urlTemplate":"https:\/\/lesvolcansnews.net\/?s={search_term_string}"},"query-input":{"@type":"PropertyValueSpecification","valueRequired":true,"valueName":"search_term_string"}}],"inLanguage":"fr-FR"},{"@type":"Person","@id":"https:\/\/lesvolcansnews.net\/#\/schema\/person\/82c8bed2e77879ecf6cca63441f57354","name":"R\u00e9daction - Les Volcans News","image":{"@type":"ImageObject","inLanguage":"fr-FR","@id":"https:\/\/secure.gravatar.com\/avatar\/8408942dd851e8a9c09f3d382a661bc05d2b3cd9002139bc1795b9528cdc6c80?s=96&d=mm&r=g","url":"https:\/\/secure.gravatar.com\/avatar\/8408942dd851e8a9c09f3d382a661bc05d2b3cd9002139bc1795b9528cdc6c80?s=96&d=mm&r=g","contentUrl":"https:\/\/secure.gravatar.com\/avatar\/8408942dd851e8a9c09f3d382a661bc05d2b3cd9002139bc1795b9528cdc6c80?s=96&d=mm&r=g","caption":"R\u00e9daction - Les Volcans News"},"url":"https:\/\/lesvolcansnews.net\/?author=14"}]}},"_links":{"self":[{"href":"https:\/\/lesvolcansnews.net\/index.php?rest_route=\/wp\/v2\/posts\/6547","targetHints":{"allow":["GET"]}}],"collection":[{"href":"https:\/\/lesvolcansnews.net\/index.php?rest_route=\/wp\/v2\/posts"}],"about":[{"href":"https:\/\/lesvolcansnews.net\/index.php?rest_route=\/wp\/v2\/types\/post"}],"author":[{"embeddable":true,"href":"https:\/\/lesvolcansnews.net\/index.php?rest_route=\/wp\/v2\/users\/14"}],"replies":[{"embeddable":true,"href":"https:\/\/lesvolcansnews.net\/index.php?rest_route=%2Fwp%2Fv2%2Fcomments&post=6547"}],"version-history":[{"count":1,"href":"https:\/\/lesvolcansnews.net\/index.php?rest_route=\/wp\/v2\/posts\/6547\/revisions"}],"predecessor-version":[{"id":6555,"href":"https:\/\/lesvolcansnews.net\/index.php?rest_route=\/wp\/v2\/posts\/6547\/revisions\/6555"}],"wp:featuredmedia":[{"embeddable":true,"href":"https:\/\/lesvolcansnews.net\/index.php?rest_route=\/wp\/v2\/media\/6548"}],"wp:attachment":[{"href":"https:\/\/lesvolcansnews.net\/index.php?rest_route=%2Fwp%2Fv2%2Fmedia&parent=6547"}],"wp:term":[{"taxonomy":"category","embeddable":true,"href":"https:\/\/lesvolcansnews.net\/index.php?rest_route=%2Fwp%2Fv2%2Fcategories&post=6547"},{"taxonomy":"post_tag","embeddable":true,"href":"https:\/\/lesvolcansnews.net\/index.php?rest_route=%2Fwp%2Fv2%2Ftags&post=6547"}],"curies":[{"name":"wp","href":"https:\/\/api.w.org\/{rel}","templated":true}]}}