{"id":6535,"date":"2019-12-01T18:44:04","date_gmt":"2019-12-01T18:44:04","guid":{"rendered":"https:\/\/lesvolcansnews.net\/?p=6535"},"modified":"2019-12-01T18:57:48","modified_gmt":"2019-12-01T18:57:48","slug":"goma-la-paroisse-bienheureuse-anuarite-nengapeta-celebre-sa-fete-patronale-lundi","status":"publish","type":"post","link":"https:\/\/lesvolcansnews.net\/?p=6535","title":{"rendered":"Goma: La Paroisse Bienheureuse Anuarite c\u00e9l\u00e8bre sa f\u00eate patronale ce lundi 2 d\u00e9cembre"},"content":{"rendered":"\n<p>La paroisse Bienheureuse Anuarite a annonc\u00e9 l\u2019organisation d\u2019une messe d\u2019action de gr\u00e2ce lundi le 02 d\u00e9cembre, pour la c\u00e9l\u00e9bration de sa f\u00eate patronale et la comm\u00e9moration du 55 anniversaire de l\u2019assassinat de la Bienheureuse Anuarite Nengapeta, indique un communiqu\u00e9 des  annonces paroissiales de ce dimanche.<\/p>\n\n\n\n<p>Marie Cl\u00e9mentine Anuarite Nengapeta fut une religieuse congolaise de la congr\u00e9gation des s\u0153urs de la sainte famille de Kisangani, n\u00e9e en 1939 et assassin\u00e9e le 1er d\u00e9cembre 1964. Elle fut b\u00e9atifi\u00e9e le 15 aout 1995 par le&nbsp; Pape Jean Paul II.Le&nbsp; Pape Fran\u00e7ois a pr\u00e9sid\u00e9 dimanche \u00e0 Rome, la&nbsp;<\/p>\n\n\n\n<p>Le&nbsp; Pape Fran\u00e7ois a pr\u00e9sid\u00e9 dimanche \u00e0 Rome, la c\u00e9l\u00e9bration eucharistique dans la basilique Saint Pierre, entour\u00e9 de la communaut\u00e9 congolaise d\u2019Italie, des amis de la RDC. Pour la premi\u00e8re fois,le Saint P\u00e8re a suivi la structure du rite Congolais lors de cette messe solennelle.<br \/>Cette c\u00e9l\u00e9bration co\u00efncide avec le jubil\u00e9 d\u2019argent de l\u2019aum\u00f4nerie Congolaise de Rome, ouverte par le Cardinal Etsou en 1994 suite \u00e0 la demande des la\u00efcs vivant en Italie pour l\u2019obtention d\u2019un lieu de c\u00e9l\u00e9bration eucharistique en rite Congolais.<\/p>\n","protected":false},"excerpt":{"rendered":"<p>La paroisse Bienheureuse Anuarite a annonc\u00e9 l\u2019organisation d\u2019une messe d\u2019action de gr\u00e2ce lundi le 02 d\u00e9cembre, pour la c\u00e9l\u00e9bration de sa f\u00eate patronale et la comm\u00e9moration du 55 anniversaire de<\/p>\n","protected":false},"author":14,"featured_media":6539,"comment_status":"open","ping_status":"open","sticky":false,"template":"","format":"standard","meta":{"footnotes":""},"categories":[9],"tags":[],"class_list":["post-6535","post","type-post","status-publish","format-standard","has-post-thumbnail","hentry","category-societe"],"yoast_head":"<!-- This site is optimized with the Yoast SEO plugin v27.5 - https:\/\/yoast.com\/product\/yoast-seo-wordpress\/ -->\n<title>Goma: La Paroisse Bienheureuse Anuarite c\u00e9l\u00e8bre sa f\u00eate patronale ce lundi 2 d\u00e9cembre - LES VOLCANS NEWS<\/title>\n<meta name=\"robots\" content=\"index, follow, max-snippet:-1, max-image-preview:large, max-video-preview:-1\" \/>\n<link rel=\"canonical\" href=\"https:\/\/lesvolcansnews.net\/?p=6535\" \/>\n<meta property=\"og:locale\" content=\"fr_FR\" \/>\n<meta property=\"og:type\" content=\"article\" \/>\n<meta property=\"og:title\" content=\"Goma: La Paroisse Bienheureuse Anuarite c\u00e9l\u00e8bre sa f\u00eate patronale ce lundi 2 d\u00e9cembre - LES VOLCANS NEWS\" \/>\n<meta property=\"og:description\" content=\"La paroisse Bienheureuse Anuarite a annonc\u00e9 l\u2019organisation d\u2019une messe d\u2019action de gr\u00e2ce lundi le 02 d\u00e9cembre, pour la c\u00e9l\u00e9bration de sa f\u00eate patronale et la comm\u00e9moration du 55 anniversaire de\" \/>\n<meta property=\"og:url\" content=\"https:\/\/lesvolcansnews.net\/?p=6535\" \/>\n<meta property=\"og:site_name\" content=\"LES VOLCANS NEWS\" \/>\n<meta property=\"article:published_time\" content=\"2019-12-01T18:44:04+00:00\" \/>\n<meta property=\"article:modified_time\" content=\"2019-12-01T18:57:48+00:00\" \/>\n<meta property=\"og:image\" content=\"https:\/\/lesvolcansnews.net\/wp-content\/uploads\/2019\/12\/Anuarite.jpg\" \/>\n\t<meta property=\"og:image:width\" content=\"162\" \/>\n\t<meta property=\"og:image:height\" content=\"240\" \/>\n\t<meta property=\"og:image:type\" content=\"image\/jpeg\" \/>\n<meta name=\"author\" content=\"R\u00e9daction - Les Volcans News\" \/>\n<meta name=\"twitter:card\" content=\"summary_large_image\" \/>\n<meta name=\"twitter:label1\" content=\"\u00c9crit par\" \/>\n\t<meta name=\"twitter:data1\" content=\"R\u00e9daction - Les Volcans News\" \/>\n\t<meta name=\"twitter:label2\" content=\"Dur\u00e9e de lecture estim\u00e9e\" \/>\n\t<meta name=\"twitter:data2\" content=\"1 minute\" \/>\n<script type=\"application\/ld+json\" class=\"yoast-schema-graph\">{\"@context\":\"https:\\\/\\\/schema.org\",\"@graph\":[{\"@type\":\"Article\",\"@id\":\"https:\\\/\\\/lesvolcansnews.net\\\/?p=6535#article\",\"isPartOf\":{\"@id\":\"https:\\\/\\\/lesvolcansnews.net\\\/?p=6535\"},\"author\":{\"name\":\"R\u00e9daction - Les Volcans News\",\"@id\":\"https:\\\/\\\/lesvolcansnews.net\\\/#\\\/schema\\\/person\\\/82c8bed2e77879ecf6cca63441f57354\"},\"headline\":\"Goma: La Paroisse Bienheureuse Anuarite c\u00e9l\u00e8bre sa f\u00eate patronale ce lundi 2 d\u00e9cembre\",\"datePublished\":\"2019-12-01T18:44:04+00:00\",\"dateModified\":\"2019-12-01T18:57:48+00:00\",\"mainEntityOfPage\":{\"@id\":\"https:\\\/\\\/lesvolcansnews.net\\\/?p=6535\"},\"wordCount\":227,\"commentCount\":0,\"image\":{\"@id\":\"https:\\\/\\\/lesvolcansnews.net\\\/?p=6535#primaryimage\"},\"thumbnailUrl\":\"https:\\\/\\\/lesvolcansnews.net\\\/wp-content\\\/uploads\\\/2019\\\/12\\\/Anuarite.jpg\",\"articleSection\":[\"SOCIET\u00c9\"],\"inLanguage\":\"fr-FR\",\"potentialAction\":[{\"@type\":\"CommentAction\",\"name\":\"Comment\",\"target\":[\"https:\\\/\\\/lesvolcansnews.net\\\/?p=6535#respond\"]}]},{\"@type\":\"WebPage\",\"@id\":\"https:\\\/\\\/lesvolcansnews.net\\\/?p=6535\",\"url\":\"https:\\\/\\\/lesvolcansnews.net\\\/?p=6535\",\"name\":\"Goma: La Paroisse Bienheureuse Anuarite c\u00e9l\u00e8bre sa f\u00eate patronale ce lundi 2 d\u00e9cembre - LES VOLCANS NEWS\",\"isPartOf\":{\"@id\":\"https:\\\/\\\/lesvolcansnews.net\\\/#website\"},\"primaryImageOfPage\":{\"@id\":\"https:\\\/\\\/lesvolcansnews.net\\\/?p=6535#primaryimage\"},\"image\":{\"@id\":\"https:\\\/\\\/lesvolcansnews.net\\\/?p=6535#primaryimage\"},\"thumbnailUrl\":\"https:\\\/\\\/lesvolcansnews.net\\\/wp-content\\\/uploads\\\/2019\\\/12\\\/Anuarite.jpg\",\"datePublished\":\"2019-12-01T18:44:04+00:00\",\"dateModified\":\"2019-12-01T18:57:48+00:00\",\"author\":{\"@id\":\"https:\\\/\\\/lesvolcansnews.net\\\/#\\\/schema\\\/person\\\/82c8bed2e77879ecf6cca63441f57354\"},\"breadcrumb\":{\"@id\":\"https:\\\/\\\/lesvolcansnews.net\\\/?p=6535#breadcrumb\"},\"inLanguage\":\"fr-FR\",\"potentialAction\":[{\"@type\":\"ReadAction\",\"target\":[\"https:\\\/\\\/lesvolcansnews.net\\\/?p=6535\"]}]},{\"@type\":\"ImageObject\",\"inLanguage\":\"fr-FR\",\"@id\":\"https:\\\/\\\/lesvolcansnews.net\\\/?p=6535#primaryimage\",\"url\":\"https:\\\/\\\/lesvolcansnews.net\\\/wp-content\\\/uploads\\\/2019\\\/12\\\/Anuarite.jpg\",\"contentUrl\":\"https:\\\/\\\/lesvolcansnews.net\\\/wp-content\\\/uploads\\\/2019\\\/12\\\/Anuarite.jpg\",\"width\":162,\"height\":240},{\"@type\":\"BreadcrumbList\",\"@id\":\"https:\\\/\\\/lesvolcansnews.net\\\/?p=6535#breadcrumb\",\"itemListElement\":[{\"@type\":\"ListItem\",\"position\":1,\"name\":\"Accueil\",\"item\":\"https:\\\/\\\/lesvolcansnews.net\\\/\"},{\"@type\":\"ListItem\",\"position\":2,\"name\":\"Goma: La Paroisse Bienheureuse Anuarite c\u00e9l\u00e8bre sa f\u00eate patronale ce lundi 2 d\u00e9cembre\"}]},{\"@type\":\"WebSite\",\"@id\":\"https:\\\/\\\/lesvolcansnews.net\\\/#website\",\"url\":\"https:\\\/\\\/lesvolcansnews.net\\\/\",\"name\":\"LES VOLCANS NEWS\",\"description\":\"L&#039;INFORMATION C&#039;EST NOUS\",\"potentialAction\":[{\"@type\":\"SearchAction\",\"target\":{\"@type\":\"EntryPoint\",\"urlTemplate\":\"https:\\\/\\\/lesvolcansnews.net\\\/?s={search_term_string}\"},\"query-input\":{\"@type\":\"PropertyValueSpecification\",\"valueRequired\":true,\"valueName\":\"search_term_string\"}}],\"inLanguage\":\"fr-FR\"},{\"@type\":\"Person\",\"@id\":\"https:\\\/\\\/lesvolcansnews.net\\\/#\\\/schema\\\/person\\\/82c8bed2e77879ecf6cca63441f57354\",\"name\":\"R\u00e9daction - Les Volcans News\",\"image\":{\"@type\":\"ImageObject\",\"inLanguage\":\"fr-FR\",\"@id\":\"https:\\\/\\\/secure.gravatar.com\\\/avatar\\\/8408942dd851e8a9c09f3d382a661bc05d2b3cd9002139bc1795b9528cdc6c80?s=96&d=mm&r=g\",\"url\":\"https:\\\/\\\/secure.gravatar.com\\\/avatar\\\/8408942dd851e8a9c09f3d382a661bc05d2b3cd9002139bc1795b9528cdc6c80?s=96&d=mm&r=g\",\"contentUrl\":\"https:\\\/\\\/secure.gravatar.com\\\/avatar\\\/8408942dd851e8a9c09f3d382a661bc05d2b3cd9002139bc1795b9528cdc6c80?s=96&d=mm&r=g\",\"caption\":\"R\u00e9daction - Les Volcans News\"},\"url\":\"https:\\\/\\\/lesvolcansnews.net\\\/?author=14\"}]}<\/script>\n<!-- \/ Yoast SEO plugin. -->","yoast_head_json":{"title":"Goma: La Paroisse Bienheureuse Anuarite c\u00e9l\u00e8bre sa f\u00eate patronale ce lundi 2 d\u00e9cembre - LES VOLCANS NEWS","robots":{"index":"index","follow":"follow","max-snippet":"max-snippet:-1","max-image-preview":"max-image-preview:large","max-video-preview":"max-video-preview:-1"},"canonical":"https:\/\/lesvolcansnews.net\/?p=6535","og_locale":"fr_FR","og_type":"article","og_title":"Goma: La Paroisse Bienheureuse Anuarite c\u00e9l\u00e8bre sa f\u00eate patronale ce lundi 2 d\u00e9cembre - LES VOLCANS NEWS","og_description":"La paroisse Bienheureuse Anuarite a annonc\u00e9 l\u2019organisation d\u2019une messe d\u2019action de gr\u00e2ce lundi le 02 d\u00e9cembre, pour la c\u00e9l\u00e9bration de sa f\u00eate patronale et la comm\u00e9moration du 55 anniversaire de","og_url":"https:\/\/lesvolcansnews.net\/?p=6535","og_site_name":"LES VOLCANS NEWS","article_published_time":"2019-12-01T18:44:04+00:00","article_modified_time":"2019-12-01T18:57:48+00:00","og_image":[{"width":162,"height":240,"url":"https:\/\/lesvolcansnews.net\/wp-content\/uploads\/2019\/12\/Anuarite.jpg","type":"image\/jpeg"}],"author":"R\u00e9daction - Les Volcans News","twitter_card":"summary_large_image","twitter_misc":{"\u00c9crit par":"R\u00e9daction - Les Volcans News","Dur\u00e9e de lecture estim\u00e9e":"1 minute"},"schema":{"@context":"https:\/\/schema.org","@graph":[{"@type":"Article","@id":"https:\/\/lesvolcansnews.net\/?p=6535#article","isPartOf":{"@id":"https:\/\/lesvolcansnews.net\/?p=6535"},"author":{"name":"R\u00e9daction - Les Volcans News","@id":"https:\/\/lesvolcansnews.net\/#\/schema\/person\/82c8bed2e77879ecf6cca63441f57354"},"headline":"Goma: La Paroisse Bienheureuse Anuarite c\u00e9l\u00e8bre sa f\u00eate patronale ce lundi 2 d\u00e9cembre","datePublished":"2019-12-01T18:44:04+00:00","dateModified":"2019-12-01T18:57:48+00:00","mainEntityOfPage":{"@id":"https:\/\/lesvolcansnews.net\/?p=6535"},"wordCount":227,"commentCount":0,"image":{"@id":"https:\/\/lesvolcansnews.net\/?p=6535#primaryimage"},"thumbnailUrl":"https:\/\/lesvolcansnews.net\/wp-content\/uploads\/2019\/12\/Anuarite.jpg","articleSection":["SOCIET\u00c9"],"inLanguage":"fr-FR","potentialAction":[{"@type":"CommentAction","name":"Comment","target":["https:\/\/lesvolcansnews.net\/?p=6535#respond"]}]},{"@type":"WebPage","@id":"https:\/\/lesvolcansnews.net\/?p=6535","url":"https:\/\/lesvolcansnews.net\/?p=6535","name":"Goma: La Paroisse Bienheureuse Anuarite c\u00e9l\u00e8bre sa f\u00eate patronale ce lundi 2 d\u00e9cembre - LES VOLCANS NEWS","isPartOf":{"@id":"https:\/\/lesvolcansnews.net\/#website"},"primaryImageOfPage":{"@id":"https:\/\/lesvolcansnews.net\/?p=6535#primaryimage"},"image":{"@id":"https:\/\/lesvolcansnews.net\/?p=6535#primaryimage"},"thumbnailUrl":"https:\/\/lesvolcansnews.net\/wp-content\/uploads\/2019\/12\/Anuarite.jpg","datePublished":"2019-12-01T18:44:04+00:00","dateModified":"2019-12-01T18:57:48+00:00","author":{"@id":"https:\/\/lesvolcansnews.net\/#\/schema\/person\/82c8bed2e77879ecf6cca63441f57354"},"breadcrumb":{"@id":"https:\/\/lesvolcansnews.net\/?p=6535#breadcrumb"},"inLanguage":"fr-FR","potentialAction":[{"@type":"ReadAction","target":["https:\/\/lesvolcansnews.net\/?p=6535"]}]},{"@type":"ImageObject","inLanguage":"fr-FR","@id":"https:\/\/lesvolcansnews.net\/?p=6535#primaryimage","url":"https:\/\/lesvolcansnews.net\/wp-content\/uploads\/2019\/12\/Anuarite.jpg","contentUrl":"https:\/\/lesvolcansnews.net\/wp-content\/uploads\/2019\/12\/Anuarite.jpg","width":162,"height":240},{"@type":"BreadcrumbList","@id":"https:\/\/lesvolcansnews.net\/?p=6535#breadcrumb","itemListElement":[{"@type":"ListItem","position":1,"name":"Accueil","item":"https:\/\/lesvolcansnews.net\/"},{"@type":"ListItem","position":2,"name":"Goma: La Paroisse Bienheureuse Anuarite c\u00e9l\u00e8bre sa f\u00eate patronale ce lundi 2 d\u00e9cembre"}]},{"@type":"WebSite","@id":"https:\/\/lesvolcansnews.net\/#website","url":"https:\/\/lesvolcansnews.net\/","name":"LES VOLCANS NEWS","description":"L&#039;INFORMATION C&#039;EST NOUS","potentialAction":[{"@type":"SearchAction","target":{"@type":"EntryPoint","urlTemplate":"https:\/\/lesvolcansnews.net\/?s={search_term_string}"},"query-input":{"@type":"PropertyValueSpecification","valueRequired":true,"valueName":"search_term_string"}}],"inLanguage":"fr-FR"},{"@type":"Person","@id":"https:\/\/lesvolcansnews.net\/#\/schema\/person\/82c8bed2e77879ecf6cca63441f57354","name":"R\u00e9daction - Les Volcans News","image":{"@type":"ImageObject","inLanguage":"fr-FR","@id":"https:\/\/secure.gravatar.com\/avatar\/8408942dd851e8a9c09f3d382a661bc05d2b3cd9002139bc1795b9528cdc6c80?s=96&d=mm&r=g","url":"https:\/\/secure.gravatar.com\/avatar\/8408942dd851e8a9c09f3d382a661bc05d2b3cd9002139bc1795b9528cdc6c80?s=96&d=mm&r=g","contentUrl":"https:\/\/secure.gravatar.com\/avatar\/8408942dd851e8a9c09f3d382a661bc05d2b3cd9002139bc1795b9528cdc6c80?s=96&d=mm&r=g","caption":"R\u00e9daction - Les Volcans News"},"url":"https:\/\/lesvolcansnews.net\/?author=14"}]}},"_links":{"self":[{"href":"https:\/\/lesvolcansnews.net\/index.php?rest_route=\/wp\/v2\/posts\/6535","targetHints":{"allow":["GET"]}}],"collection":[{"href":"https:\/\/lesvolcansnews.net\/index.php?rest_route=\/wp\/v2\/posts"}],"about":[{"href":"https:\/\/lesvolcansnews.net\/index.php?rest_route=\/wp\/v2\/types\/post"}],"author":[{"embeddable":true,"href":"https:\/\/lesvolcansnews.net\/index.php?rest_route=\/wp\/v2\/users\/14"}],"replies":[{"embeddable":true,"href":"https:\/\/lesvolcansnews.net\/index.php?rest_route=%2Fwp%2Fv2%2Fcomments&post=6535"}],"version-history":[{"count":5,"href":"https:\/\/lesvolcansnews.net\/index.php?rest_route=\/wp\/v2\/posts\/6535\/revisions"}],"predecessor-version":[{"id":6543,"href":"https:\/\/lesvolcansnews.net\/index.php?rest_route=\/wp\/v2\/posts\/6535\/revisions\/6543"}],"wp:featuredmedia":[{"embeddable":true,"href":"https:\/\/lesvolcansnews.net\/index.php?rest_route=\/wp\/v2\/media\/6539"}],"wp:attachment":[{"href":"https:\/\/lesvolcansnews.net\/index.php?rest_route=%2Fwp%2Fv2%2Fmedia&parent=6535"}],"wp:term":[{"taxonomy":"category","embeddable":true,"href":"https:\/\/lesvolcansnews.net\/index.php?rest_route=%2Fwp%2Fv2%2Fcategories&post=6535"},{"taxonomy":"post_tag","embeddable":true,"href":"https:\/\/lesvolcansnews.net\/index.php?rest_route=%2Fwp%2Fv2%2Ftags&post=6535"}],"curies":[{"name":"wp","href":"https:\/\/api.w.org\/{rel}","templated":true}]}}