{"id":6102,"date":"2019-11-15T08:14:37","date_gmt":"2019-11-15T08:14:37","guid":{"rendered":"https:\/\/lesvolcansnews.net\/2019\/11\/15\/beni-au-moins-6-personnes-dune-meme-famille-tuees-dans-une-nouvelle-attaque-attribuee-aux-adf\/"},"modified":"2019-11-15T08:14:37","modified_gmt":"2019-11-15T08:14:37","slug":"beni-au-moins-6-personnes-dune-meme-famille-tuees-dans-une-nouvelle-attaque-attribuee-aux-adf","status":"publish","type":"post","link":"https:\/\/lesvolcansnews.net\/?p=6102","title":{"rendered":"Beni: Au moins 6 personnes d&#8217;une m\u00eame famille tu\u00e9es dans une nouvelle attaque attribu\u00e9e aux ADF"},"content":{"rendered":"\n<p>Au moins dix personnes dont un nourrisson, quatre filles et un homme ont \u00e9t\u00e9 tu\u00e9s la nuit du jeudi \u00e0 ce vendredi 15 novembre dans une attaque attribu\u00e9e aux miliciens des Forces d\u00e9mocratiques alli\u00e9es (ADF), accus\u00e9s du massacre de plusieurs centaines de personnes depuis octobre 2014 dans l&#8217;est de la R\u00e9publique d\u00e9mocratique du Congo.<br>L&#8217;attaque a eu lieu comme d&#8217;habitude dans le territoire de Beni, une fois encore au quartier Mabasele, \u00e0 l&#8217;ouest<br>de la cit\u00e9 d\u2019Oicha, chef-lieu de ce territoire du Nord-Kivu.<\/p>\n\n\n\n<p>D\u2019apr\u00e8s les sources sur place, les victimes ont \u00e9t\u00e9 ex\u00e9cut\u00e9es \u00e0 l\u2019arme<br>blanche et \u00e0 feu et leurs corps restent encore jonch\u00e9s sur le lieu de l\u2019attaque.<\/p>\n\n\n\n<p>Trois autres civils ont \u00e9t\u00e9 gri\u00e8vement bless\u00e9s et se trouvent dans un \u00e9tat critique \u00e0 l&#8217;h\u00f4pital g\u00e9n\u00e9ral de O\u00efcha, indique une source de la soci\u00e9t\u00e9 civile .<\/p>\n\n\n\n<p><em><strong>Gabriel Kashugushu<\/strong><\/em><\/p>\n","protected":false},"excerpt":{"rendered":"<p>Au moins dix personnes dont un nourrisson, quatre filles et un homme ont \u00e9t\u00e9 tu\u00e9s la nuit du jeudi \u00e0 ce vendredi 15 novembre dans une attaque attribu\u00e9e aux miliciens<\/p>\n","protected":false},"author":14,"featured_media":5438,"comment_status":"open","ping_status":"open","sticky":false,"template":"","format":"standard","meta":{"footnotes":""},"categories":[1],"tags":[],"class_list":["post-6102","post","type-post","status-publish","format-standard","has-post-thumbnail","hentry","category-actualite"],"yoast_head":"<!-- This site is optimized with the Yoast SEO plugin v27.5 - https:\/\/yoast.com\/product\/yoast-seo-wordpress\/ -->\n<title>Beni: Au moins 6 personnes d&#039;une m\u00eame famille tu\u00e9es dans une nouvelle attaque attribu\u00e9e aux ADF - LES VOLCANS NEWS<\/title>\n<meta name=\"robots\" content=\"index, follow, max-snippet:-1, max-image-preview:large, max-video-preview:-1\" \/>\n<link rel=\"canonical\" href=\"https:\/\/lesvolcansnews.net\/?p=6102\" \/>\n<meta property=\"og:locale\" content=\"fr_FR\" \/>\n<meta property=\"og:type\" content=\"article\" \/>\n<meta property=\"og:title\" content=\"Beni: Au moins 6 personnes d&#039;une m\u00eame famille tu\u00e9es dans une nouvelle attaque attribu\u00e9e aux ADF - LES VOLCANS NEWS\" \/>\n<meta property=\"og:description\" content=\"Au moins dix personnes dont un nourrisson, quatre filles et un homme ont \u00e9t\u00e9 tu\u00e9s la nuit du jeudi \u00e0 ce vendredi 15 novembre dans une attaque attribu\u00e9e aux miliciens\" \/>\n<meta property=\"og:url\" content=\"https:\/\/lesvolcansnews.net\/?p=6102\" \/>\n<meta property=\"og:site_name\" content=\"LES VOLCANS NEWS\" \/>\n<meta property=\"article:published_time\" content=\"2019-11-15T08:14:37+00:00\" \/>\n<meta property=\"og:image\" content=\"https:\/\/lesvolcansnews.net\/wp-content\/uploads\/2019\/10\/En-2015-rebelles-Allied-Democratic-Forces-ADF-perpetraient-massacre-23-Beni-RD-Congo_0_730_486.jpg\" \/>\n\t<meta property=\"og:image:width\" content=\"729\" \/>\n\t<meta property=\"og:image:height\" content=\"486\" \/>\n\t<meta property=\"og:image:type\" content=\"image\/jpeg\" \/>\n<meta name=\"author\" content=\"R\u00e9daction - Les Volcans News\" \/>\n<meta name=\"twitter:card\" content=\"summary_large_image\" \/>\n<meta name=\"twitter:label1\" content=\"\u00c9crit par\" \/>\n\t<meta name=\"twitter:data1\" content=\"R\u00e9daction - Les Volcans News\" \/>\n\t<meta name=\"twitter:label2\" content=\"Dur\u00e9e de lecture estim\u00e9e\" \/>\n\t<meta name=\"twitter:data2\" content=\"1 minute\" \/>\n<script type=\"application\/ld+json\" class=\"yoast-schema-graph\">{\"@context\":\"https:\\\/\\\/schema.org\",\"@graph\":[{\"@type\":\"Article\",\"@id\":\"https:\\\/\\\/lesvolcansnews.net\\\/?p=6102#article\",\"isPartOf\":{\"@id\":\"https:\\\/\\\/lesvolcansnews.net\\\/?p=6102\"},\"author\":{\"name\":\"R\u00e9daction - Les Volcans News\",\"@id\":\"https:\\\/\\\/lesvolcansnews.net\\\/#\\\/schema\\\/person\\\/82c8bed2e77879ecf6cca63441f57354\"},\"headline\":\"Beni: Au moins 6 personnes d&#8217;une m\u00eame famille tu\u00e9es dans une nouvelle attaque attribu\u00e9e aux ADF\",\"datePublished\":\"2019-11-15T08:14:37+00:00\",\"mainEntityOfPage\":{\"@id\":\"https:\\\/\\\/lesvolcansnews.net\\\/?p=6102\"},\"wordCount\":175,\"commentCount\":0,\"image\":{\"@id\":\"https:\\\/\\\/lesvolcansnews.net\\\/?p=6102#primaryimage\"},\"thumbnailUrl\":\"https:\\\/\\\/lesvolcansnews.net\\\/wp-content\\\/uploads\\\/2019\\\/10\\\/En-2015-rebelles-Allied-Democratic-Forces-ADF-perpetraient-massacre-23-Beni-RD-Congo_0_730_486.jpg\",\"articleSection\":[\"ACTUALIT\u00c9\"],\"inLanguage\":\"fr-FR\",\"potentialAction\":[{\"@type\":\"CommentAction\",\"name\":\"Comment\",\"target\":[\"https:\\\/\\\/lesvolcansnews.net\\\/?p=6102#respond\"]}]},{\"@type\":\"WebPage\",\"@id\":\"https:\\\/\\\/lesvolcansnews.net\\\/?p=6102\",\"url\":\"https:\\\/\\\/lesvolcansnews.net\\\/?p=6102\",\"name\":\"Beni: Au moins 6 personnes d'une m\u00eame famille tu\u00e9es dans une nouvelle attaque attribu\u00e9e aux ADF - LES VOLCANS NEWS\",\"isPartOf\":{\"@id\":\"https:\\\/\\\/lesvolcansnews.net\\\/#website\"},\"primaryImageOfPage\":{\"@id\":\"https:\\\/\\\/lesvolcansnews.net\\\/?p=6102#primaryimage\"},\"image\":{\"@id\":\"https:\\\/\\\/lesvolcansnews.net\\\/?p=6102#primaryimage\"},\"thumbnailUrl\":\"https:\\\/\\\/lesvolcansnews.net\\\/wp-content\\\/uploads\\\/2019\\\/10\\\/En-2015-rebelles-Allied-Democratic-Forces-ADF-perpetraient-massacre-23-Beni-RD-Congo_0_730_486.jpg\",\"datePublished\":\"2019-11-15T08:14:37+00:00\",\"author\":{\"@id\":\"https:\\\/\\\/lesvolcansnews.net\\\/#\\\/schema\\\/person\\\/82c8bed2e77879ecf6cca63441f57354\"},\"breadcrumb\":{\"@id\":\"https:\\\/\\\/lesvolcansnews.net\\\/?p=6102#breadcrumb\"},\"inLanguage\":\"fr-FR\",\"potentialAction\":[{\"@type\":\"ReadAction\",\"target\":[\"https:\\\/\\\/lesvolcansnews.net\\\/?p=6102\"]}]},{\"@type\":\"ImageObject\",\"inLanguage\":\"fr-FR\",\"@id\":\"https:\\\/\\\/lesvolcansnews.net\\\/?p=6102#primaryimage\",\"url\":\"https:\\\/\\\/lesvolcansnews.net\\\/wp-content\\\/uploads\\\/2019\\\/10\\\/En-2015-rebelles-Allied-Democratic-Forces-ADF-perpetraient-massacre-23-Beni-RD-Congo_0_730_486.jpg\",\"contentUrl\":\"https:\\\/\\\/lesvolcansnews.net\\\/wp-content\\\/uploads\\\/2019\\\/10\\\/En-2015-rebelles-Allied-Democratic-Forces-ADF-perpetraient-massacre-23-Beni-RD-Congo_0_730_486.jpg\",\"width\":729,\"height\":486},{\"@type\":\"BreadcrumbList\",\"@id\":\"https:\\\/\\\/lesvolcansnews.net\\\/?p=6102#breadcrumb\",\"itemListElement\":[{\"@type\":\"ListItem\",\"position\":1,\"name\":\"Accueil\",\"item\":\"https:\\\/\\\/lesvolcansnews.net\\\/\"},{\"@type\":\"ListItem\",\"position\":2,\"name\":\"Beni: Au moins 6 personnes d&#8217;une m\u00eame famille tu\u00e9es dans une nouvelle attaque attribu\u00e9e aux ADF\"}]},{\"@type\":\"WebSite\",\"@id\":\"https:\\\/\\\/lesvolcansnews.net\\\/#website\",\"url\":\"https:\\\/\\\/lesvolcansnews.net\\\/\",\"name\":\"LES VOLCANS NEWS\",\"description\":\"L&#039;INFORMATION C&#039;EST NOUS\",\"potentialAction\":[{\"@type\":\"SearchAction\",\"target\":{\"@type\":\"EntryPoint\",\"urlTemplate\":\"https:\\\/\\\/lesvolcansnews.net\\\/?s={search_term_string}\"},\"query-input\":{\"@type\":\"PropertyValueSpecification\",\"valueRequired\":true,\"valueName\":\"search_term_string\"}}],\"inLanguage\":\"fr-FR\"},{\"@type\":\"Person\",\"@id\":\"https:\\\/\\\/lesvolcansnews.net\\\/#\\\/schema\\\/person\\\/82c8bed2e77879ecf6cca63441f57354\",\"name\":\"R\u00e9daction - Les Volcans News\",\"image\":{\"@type\":\"ImageObject\",\"inLanguage\":\"fr-FR\",\"@id\":\"https:\\\/\\\/secure.gravatar.com\\\/avatar\\\/8408942dd851e8a9c09f3d382a661bc05d2b3cd9002139bc1795b9528cdc6c80?s=96&d=mm&r=g\",\"url\":\"https:\\\/\\\/secure.gravatar.com\\\/avatar\\\/8408942dd851e8a9c09f3d382a661bc05d2b3cd9002139bc1795b9528cdc6c80?s=96&d=mm&r=g\",\"contentUrl\":\"https:\\\/\\\/secure.gravatar.com\\\/avatar\\\/8408942dd851e8a9c09f3d382a661bc05d2b3cd9002139bc1795b9528cdc6c80?s=96&d=mm&r=g\",\"caption\":\"R\u00e9daction - Les Volcans News\"},\"url\":\"https:\\\/\\\/lesvolcansnews.net\\\/?author=14\"}]}<\/script>\n<!-- \/ Yoast SEO plugin. -->","yoast_head_json":{"title":"Beni: Au moins 6 personnes d'une m\u00eame famille tu\u00e9es dans une nouvelle attaque attribu\u00e9e aux ADF - LES VOLCANS NEWS","robots":{"index":"index","follow":"follow","max-snippet":"max-snippet:-1","max-image-preview":"max-image-preview:large","max-video-preview":"max-video-preview:-1"},"canonical":"https:\/\/lesvolcansnews.net\/?p=6102","og_locale":"fr_FR","og_type":"article","og_title":"Beni: Au moins 6 personnes d'une m\u00eame famille tu\u00e9es dans une nouvelle attaque attribu\u00e9e aux ADF - LES VOLCANS NEWS","og_description":"Au moins dix personnes dont un nourrisson, quatre filles et un homme ont \u00e9t\u00e9 tu\u00e9s la nuit du jeudi \u00e0 ce vendredi 15 novembre dans une attaque attribu\u00e9e aux miliciens","og_url":"https:\/\/lesvolcansnews.net\/?p=6102","og_site_name":"LES VOLCANS NEWS","article_published_time":"2019-11-15T08:14:37+00:00","og_image":[{"width":729,"height":486,"url":"https:\/\/lesvolcansnews.net\/wp-content\/uploads\/2019\/10\/En-2015-rebelles-Allied-Democratic-Forces-ADF-perpetraient-massacre-23-Beni-RD-Congo_0_730_486.jpg","type":"image\/jpeg"}],"author":"R\u00e9daction - Les Volcans News","twitter_card":"summary_large_image","twitter_misc":{"\u00c9crit par":"R\u00e9daction - Les Volcans News","Dur\u00e9e de lecture estim\u00e9e":"1 minute"},"schema":{"@context":"https:\/\/schema.org","@graph":[{"@type":"Article","@id":"https:\/\/lesvolcansnews.net\/?p=6102#article","isPartOf":{"@id":"https:\/\/lesvolcansnews.net\/?p=6102"},"author":{"name":"R\u00e9daction - Les Volcans News","@id":"https:\/\/lesvolcansnews.net\/#\/schema\/person\/82c8bed2e77879ecf6cca63441f57354"},"headline":"Beni: Au moins 6 personnes d&#8217;une m\u00eame famille tu\u00e9es dans une nouvelle attaque attribu\u00e9e aux ADF","datePublished":"2019-11-15T08:14:37+00:00","mainEntityOfPage":{"@id":"https:\/\/lesvolcansnews.net\/?p=6102"},"wordCount":175,"commentCount":0,"image":{"@id":"https:\/\/lesvolcansnews.net\/?p=6102#primaryimage"},"thumbnailUrl":"https:\/\/lesvolcansnews.net\/wp-content\/uploads\/2019\/10\/En-2015-rebelles-Allied-Democratic-Forces-ADF-perpetraient-massacre-23-Beni-RD-Congo_0_730_486.jpg","articleSection":["ACTUALIT\u00c9"],"inLanguage":"fr-FR","potentialAction":[{"@type":"CommentAction","name":"Comment","target":["https:\/\/lesvolcansnews.net\/?p=6102#respond"]}]},{"@type":"WebPage","@id":"https:\/\/lesvolcansnews.net\/?p=6102","url":"https:\/\/lesvolcansnews.net\/?p=6102","name":"Beni: Au moins 6 personnes d'une m\u00eame famille tu\u00e9es dans une nouvelle attaque attribu\u00e9e aux ADF - LES VOLCANS NEWS","isPartOf":{"@id":"https:\/\/lesvolcansnews.net\/#website"},"primaryImageOfPage":{"@id":"https:\/\/lesvolcansnews.net\/?p=6102#primaryimage"},"image":{"@id":"https:\/\/lesvolcansnews.net\/?p=6102#primaryimage"},"thumbnailUrl":"https:\/\/lesvolcansnews.net\/wp-content\/uploads\/2019\/10\/En-2015-rebelles-Allied-Democratic-Forces-ADF-perpetraient-massacre-23-Beni-RD-Congo_0_730_486.jpg","datePublished":"2019-11-15T08:14:37+00:00","author":{"@id":"https:\/\/lesvolcansnews.net\/#\/schema\/person\/82c8bed2e77879ecf6cca63441f57354"},"breadcrumb":{"@id":"https:\/\/lesvolcansnews.net\/?p=6102#breadcrumb"},"inLanguage":"fr-FR","potentialAction":[{"@type":"ReadAction","target":["https:\/\/lesvolcansnews.net\/?p=6102"]}]},{"@type":"ImageObject","inLanguage":"fr-FR","@id":"https:\/\/lesvolcansnews.net\/?p=6102#primaryimage","url":"https:\/\/lesvolcansnews.net\/wp-content\/uploads\/2019\/10\/En-2015-rebelles-Allied-Democratic-Forces-ADF-perpetraient-massacre-23-Beni-RD-Congo_0_730_486.jpg","contentUrl":"https:\/\/lesvolcansnews.net\/wp-content\/uploads\/2019\/10\/En-2015-rebelles-Allied-Democratic-Forces-ADF-perpetraient-massacre-23-Beni-RD-Congo_0_730_486.jpg","width":729,"height":486},{"@type":"BreadcrumbList","@id":"https:\/\/lesvolcansnews.net\/?p=6102#breadcrumb","itemListElement":[{"@type":"ListItem","position":1,"name":"Accueil","item":"https:\/\/lesvolcansnews.net\/"},{"@type":"ListItem","position":2,"name":"Beni: Au moins 6 personnes d&#8217;une m\u00eame famille tu\u00e9es dans une nouvelle attaque attribu\u00e9e aux ADF"}]},{"@type":"WebSite","@id":"https:\/\/lesvolcansnews.net\/#website","url":"https:\/\/lesvolcansnews.net\/","name":"LES VOLCANS NEWS","description":"L&#039;INFORMATION C&#039;EST NOUS","potentialAction":[{"@type":"SearchAction","target":{"@type":"EntryPoint","urlTemplate":"https:\/\/lesvolcansnews.net\/?s={search_term_string}"},"query-input":{"@type":"PropertyValueSpecification","valueRequired":true,"valueName":"search_term_string"}}],"inLanguage":"fr-FR"},{"@type":"Person","@id":"https:\/\/lesvolcansnews.net\/#\/schema\/person\/82c8bed2e77879ecf6cca63441f57354","name":"R\u00e9daction - Les Volcans News","image":{"@type":"ImageObject","inLanguage":"fr-FR","@id":"https:\/\/secure.gravatar.com\/avatar\/8408942dd851e8a9c09f3d382a661bc05d2b3cd9002139bc1795b9528cdc6c80?s=96&d=mm&r=g","url":"https:\/\/secure.gravatar.com\/avatar\/8408942dd851e8a9c09f3d382a661bc05d2b3cd9002139bc1795b9528cdc6c80?s=96&d=mm&r=g","contentUrl":"https:\/\/secure.gravatar.com\/avatar\/8408942dd851e8a9c09f3d382a661bc05d2b3cd9002139bc1795b9528cdc6c80?s=96&d=mm&r=g","caption":"R\u00e9daction - Les Volcans News"},"url":"https:\/\/lesvolcansnews.net\/?author=14"}]}},"_links":{"self":[{"href":"https:\/\/lesvolcansnews.net\/index.php?rest_route=\/wp\/v2\/posts\/6102","targetHints":{"allow":["GET"]}}],"collection":[{"href":"https:\/\/lesvolcansnews.net\/index.php?rest_route=\/wp\/v2\/posts"}],"about":[{"href":"https:\/\/lesvolcansnews.net\/index.php?rest_route=\/wp\/v2\/types\/post"}],"author":[{"embeddable":true,"href":"https:\/\/lesvolcansnews.net\/index.php?rest_route=\/wp\/v2\/users\/14"}],"replies":[{"embeddable":true,"href":"https:\/\/lesvolcansnews.net\/index.php?rest_route=%2Fwp%2Fv2%2Fcomments&post=6102"}],"version-history":[{"count":0,"href":"https:\/\/lesvolcansnews.net\/index.php?rest_route=\/wp\/v2\/posts\/6102\/revisions"}],"wp:featuredmedia":[{"embeddable":true,"href":"https:\/\/lesvolcansnews.net\/index.php?rest_route=\/wp\/v2\/media\/5438"}],"wp:attachment":[{"href":"https:\/\/lesvolcansnews.net\/index.php?rest_route=%2Fwp%2Fv2%2Fmedia&parent=6102"}],"wp:term":[{"taxonomy":"category","embeddable":true,"href":"https:\/\/lesvolcansnews.net\/index.php?rest_route=%2Fwp%2Fv2%2Fcategories&post=6102"},{"taxonomy":"post_tag","embeddable":true,"href":"https:\/\/lesvolcansnews.net\/index.php?rest_route=%2Fwp%2Fv2%2Ftags&post=6102"}],"curies":[{"name":"wp","href":"https:\/\/api.w.org\/{rel}","templated":true}]}}