{"id":6098,"date":"2019-11-14T20:07:00","date_gmt":"2019-11-14T20:07:00","guid":{"rendered":"https:\/\/lesvolcansnews.net\/?p=6098"},"modified":"2019-11-15T16:27:20","modified_gmt":"2019-11-15T16:27:20","slug":"la-3eme-edition-du-salon-agroalimentaire-une-opportunite-pour-les-entrepreneurs-du-nord-kivu","status":"publish","type":"post","link":"https:\/\/lesvolcansnews.net\/?p=6098","title":{"rendered":"La 3\u00e9me \u00e9dition du salon agroalimentaire: une opportunit\u00e9 pour les entrepreneurs du Nord-Kivu"},"content":{"rendered":"\n<p>les jeunes entrepreneurs de la R\u00e9publique d\u00e9mocratique du Congo prendront part \u00e0 la 3\u00e9me \u00e9dition du Salon agroalimentaire commercial organis\u00e9 par le conseil Indien pour la promotion du commerce au travers le d\u00e9partement du commerce indien. <br><\/p>\n\n\n\n<p>Pendant 3 jours soit du 08 au 10 janvier 2020, plusieurs entrepreneurs du monde pour \u00e9changer et partager les exp\u00e9riences avec 300 fournisseurs intervenant dans plusieurs secteurs de l&#8217;agroalimentaire ainsi que dans le commerce. Pour Pacifique Pataul de la f\u00e9d\u00e9ration nationale de jeunes entrepreneurs du coordination du Nord-Kivu la participation des jeunes entrepreneurs du Nord-Kivu repr\u00e9sente une opportunit\u00e9 que la province doit exploiter pour le d\u00e9veloppement du syst\u00e8me agroalimentaire au pays et particuli\u00e8rement pour la province.<\/p>\n\n\n\n<p>Richard kubuya<\/p>\n\n\n\n<p><\/p>\n","protected":false},"excerpt":{"rendered":"<p>les jeunes entrepreneurs de la R\u00e9publique d\u00e9mocratique du Congo prendront part \u00e0 la 3\u00e9me \u00e9dition du Salon agroalimentaire commercial organis\u00e9 par le conseil Indien pour la promotion du commerce au<\/p>\n","protected":false},"author":14,"featured_media":6118,"comment_status":"open","ping_status":"open","sticky":false,"template":"","format":"standard","meta":{"footnotes":""},"categories":[11],"tags":[],"class_list":["post-6098","post","type-post","status-publish","format-standard","has-post-thumbnail","hentry","category-sports"],"yoast_head":"<!-- This site is optimized with the Yoast SEO plugin v27.5 - https:\/\/yoast.com\/product\/yoast-seo-wordpress\/ -->\n<title>La 3\u00e9me \u00e9dition du salon agroalimentaire: une opportunit\u00e9 pour les entrepreneurs du Nord-Kivu - LES VOLCANS NEWS<\/title>\n<meta name=\"robots\" content=\"index, follow, max-snippet:-1, max-image-preview:large, max-video-preview:-1\" \/>\n<link rel=\"canonical\" href=\"https:\/\/lesvolcansnews.net\/?p=6098\" \/>\n<meta property=\"og:locale\" content=\"fr_FR\" \/>\n<meta property=\"og:type\" content=\"article\" \/>\n<meta property=\"og:title\" content=\"La 3\u00e9me \u00e9dition du salon agroalimentaire: une opportunit\u00e9 pour les entrepreneurs du Nord-Kivu - LES VOLCANS NEWS\" \/>\n<meta property=\"og:description\" content=\"les jeunes entrepreneurs de la R\u00e9publique d\u00e9mocratique du Congo prendront part \u00e0 la 3\u00e9me \u00e9dition du Salon agroalimentaire commercial organis\u00e9 par le conseil Indien pour la promotion du commerce au\" \/>\n<meta property=\"og:url\" content=\"https:\/\/lesvolcansnews.net\/?p=6098\" \/>\n<meta property=\"og:site_name\" content=\"LES VOLCANS NEWS\" \/>\n<meta property=\"article:published_time\" content=\"2019-11-14T20:07:00+00:00\" \/>\n<meta property=\"article:modified_time\" content=\"2019-11-15T16:27:20+00:00\" \/>\n<meta property=\"og:image\" content=\"https:\/\/lesvolcansnews.net\/wp-content\/uploads\/2019\/11\/IMG-20191115-WA0009.jpg\" \/>\n\t<meta property=\"og:image:width\" content=\"981\" \/>\n\t<meta property=\"og:image:height\" content=\"657\" \/>\n\t<meta property=\"og:image:type\" content=\"image\/jpeg\" \/>\n<meta name=\"author\" content=\"R\u00e9daction - Les Volcans News\" \/>\n<meta name=\"twitter:card\" content=\"summary_large_image\" \/>\n<meta name=\"twitter:label1\" content=\"\u00c9crit par\" \/>\n\t<meta name=\"twitter:data1\" content=\"R\u00e9daction - Les Volcans News\" \/>\n\t<meta name=\"twitter:label2\" content=\"Dur\u00e9e de lecture estim\u00e9e\" \/>\n\t<meta name=\"twitter:data2\" content=\"1 minute\" \/>\n<script type=\"application\/ld+json\" class=\"yoast-schema-graph\">{\"@context\":\"https:\\\/\\\/schema.org\",\"@graph\":[{\"@type\":\"Article\",\"@id\":\"https:\\\/\\\/lesvolcansnews.net\\\/?p=6098#article\",\"isPartOf\":{\"@id\":\"https:\\\/\\\/lesvolcansnews.net\\\/?p=6098\"},\"author\":{\"name\":\"R\u00e9daction - Les Volcans News\",\"@id\":\"https:\\\/\\\/lesvolcansnews.net\\\/#\\\/schema\\\/person\\\/82c8bed2e77879ecf6cca63441f57354\"},\"headline\":\"La 3\u00e9me \u00e9dition du salon agroalimentaire: une opportunit\u00e9 pour les entrepreneurs du Nord-Kivu\",\"datePublished\":\"2019-11-14T20:07:00+00:00\",\"dateModified\":\"2019-11-15T16:27:20+00:00\",\"mainEntityOfPage\":{\"@id\":\"https:\\\/\\\/lesvolcansnews.net\\\/?p=6098\"},\"wordCount\":132,\"commentCount\":0,\"image\":{\"@id\":\"https:\\\/\\\/lesvolcansnews.net\\\/?p=6098#primaryimage\"},\"thumbnailUrl\":\"https:\\\/\\\/lesvolcansnews.net\\\/wp-content\\\/uploads\\\/2019\\\/11\\\/IMG-20191115-WA0009.jpg\",\"articleSection\":[\"SPORTS\"],\"inLanguage\":\"fr-FR\",\"potentialAction\":[{\"@type\":\"CommentAction\",\"name\":\"Comment\",\"target\":[\"https:\\\/\\\/lesvolcansnews.net\\\/?p=6098#respond\"]}]},{\"@type\":\"WebPage\",\"@id\":\"https:\\\/\\\/lesvolcansnews.net\\\/?p=6098\",\"url\":\"https:\\\/\\\/lesvolcansnews.net\\\/?p=6098\",\"name\":\"La 3\u00e9me \u00e9dition du salon agroalimentaire: une opportunit\u00e9 pour les entrepreneurs du Nord-Kivu - LES VOLCANS NEWS\",\"isPartOf\":{\"@id\":\"https:\\\/\\\/lesvolcansnews.net\\\/#website\"},\"primaryImageOfPage\":{\"@id\":\"https:\\\/\\\/lesvolcansnews.net\\\/?p=6098#primaryimage\"},\"image\":{\"@id\":\"https:\\\/\\\/lesvolcansnews.net\\\/?p=6098#primaryimage\"},\"thumbnailUrl\":\"https:\\\/\\\/lesvolcansnews.net\\\/wp-content\\\/uploads\\\/2019\\\/11\\\/IMG-20191115-WA0009.jpg\",\"datePublished\":\"2019-11-14T20:07:00+00:00\",\"dateModified\":\"2019-11-15T16:27:20+00:00\",\"author\":{\"@id\":\"https:\\\/\\\/lesvolcansnews.net\\\/#\\\/schema\\\/person\\\/82c8bed2e77879ecf6cca63441f57354\"},\"breadcrumb\":{\"@id\":\"https:\\\/\\\/lesvolcansnews.net\\\/?p=6098#breadcrumb\"},\"inLanguage\":\"fr-FR\",\"potentialAction\":[{\"@type\":\"ReadAction\",\"target\":[\"https:\\\/\\\/lesvolcansnews.net\\\/?p=6098\"]}]},{\"@type\":\"ImageObject\",\"inLanguage\":\"fr-FR\",\"@id\":\"https:\\\/\\\/lesvolcansnews.net\\\/?p=6098#primaryimage\",\"url\":\"https:\\\/\\\/lesvolcansnews.net\\\/wp-content\\\/uploads\\\/2019\\\/11\\\/IMG-20191115-WA0009.jpg\",\"contentUrl\":\"https:\\\/\\\/lesvolcansnews.net\\\/wp-content\\\/uploads\\\/2019\\\/11\\\/IMG-20191115-WA0009.jpg\",\"width\":981,\"height\":657},{\"@type\":\"BreadcrumbList\",\"@id\":\"https:\\\/\\\/lesvolcansnews.net\\\/?p=6098#breadcrumb\",\"itemListElement\":[{\"@type\":\"ListItem\",\"position\":1,\"name\":\"Accueil\",\"item\":\"https:\\\/\\\/lesvolcansnews.net\\\/\"},{\"@type\":\"ListItem\",\"position\":2,\"name\":\"La 3\u00e9me \u00e9dition du salon agroalimentaire: une opportunit\u00e9 pour les entrepreneurs du Nord-Kivu\"}]},{\"@type\":\"WebSite\",\"@id\":\"https:\\\/\\\/lesvolcansnews.net\\\/#website\",\"url\":\"https:\\\/\\\/lesvolcansnews.net\\\/\",\"name\":\"LES VOLCANS NEWS\",\"description\":\"L&#039;INFORMATION C&#039;EST NOUS\",\"potentialAction\":[{\"@type\":\"SearchAction\",\"target\":{\"@type\":\"EntryPoint\",\"urlTemplate\":\"https:\\\/\\\/lesvolcansnews.net\\\/?s={search_term_string}\"},\"query-input\":{\"@type\":\"PropertyValueSpecification\",\"valueRequired\":true,\"valueName\":\"search_term_string\"}}],\"inLanguage\":\"fr-FR\"},{\"@type\":\"Person\",\"@id\":\"https:\\\/\\\/lesvolcansnews.net\\\/#\\\/schema\\\/person\\\/82c8bed2e77879ecf6cca63441f57354\",\"name\":\"R\u00e9daction - Les Volcans News\",\"image\":{\"@type\":\"ImageObject\",\"inLanguage\":\"fr-FR\",\"@id\":\"https:\\\/\\\/secure.gravatar.com\\\/avatar\\\/8408942dd851e8a9c09f3d382a661bc05d2b3cd9002139bc1795b9528cdc6c80?s=96&d=mm&r=g\",\"url\":\"https:\\\/\\\/secure.gravatar.com\\\/avatar\\\/8408942dd851e8a9c09f3d382a661bc05d2b3cd9002139bc1795b9528cdc6c80?s=96&d=mm&r=g\",\"contentUrl\":\"https:\\\/\\\/secure.gravatar.com\\\/avatar\\\/8408942dd851e8a9c09f3d382a661bc05d2b3cd9002139bc1795b9528cdc6c80?s=96&d=mm&r=g\",\"caption\":\"R\u00e9daction - Les Volcans News\"},\"url\":\"https:\\\/\\\/lesvolcansnews.net\\\/?author=14\"}]}<\/script>\n<!-- \/ Yoast SEO plugin. -->","yoast_head_json":{"title":"La 3\u00e9me \u00e9dition du salon agroalimentaire: une opportunit\u00e9 pour les entrepreneurs du Nord-Kivu - LES VOLCANS NEWS","robots":{"index":"index","follow":"follow","max-snippet":"max-snippet:-1","max-image-preview":"max-image-preview:large","max-video-preview":"max-video-preview:-1"},"canonical":"https:\/\/lesvolcansnews.net\/?p=6098","og_locale":"fr_FR","og_type":"article","og_title":"La 3\u00e9me \u00e9dition du salon agroalimentaire: une opportunit\u00e9 pour les entrepreneurs du Nord-Kivu - LES VOLCANS NEWS","og_description":"les jeunes entrepreneurs de la R\u00e9publique d\u00e9mocratique du Congo prendront part \u00e0 la 3\u00e9me \u00e9dition du Salon agroalimentaire commercial organis\u00e9 par le conseil Indien pour la promotion du commerce au","og_url":"https:\/\/lesvolcansnews.net\/?p=6098","og_site_name":"LES VOLCANS NEWS","article_published_time":"2019-11-14T20:07:00+00:00","article_modified_time":"2019-11-15T16:27:20+00:00","og_image":[{"width":981,"height":657,"url":"https:\/\/lesvolcansnews.net\/wp-content\/uploads\/2019\/11\/IMG-20191115-WA0009.jpg","type":"image\/jpeg"}],"author":"R\u00e9daction - Les Volcans News","twitter_card":"summary_large_image","twitter_misc":{"\u00c9crit par":"R\u00e9daction - Les Volcans News","Dur\u00e9e de lecture estim\u00e9e":"1 minute"},"schema":{"@context":"https:\/\/schema.org","@graph":[{"@type":"Article","@id":"https:\/\/lesvolcansnews.net\/?p=6098#article","isPartOf":{"@id":"https:\/\/lesvolcansnews.net\/?p=6098"},"author":{"name":"R\u00e9daction - Les Volcans News","@id":"https:\/\/lesvolcansnews.net\/#\/schema\/person\/82c8bed2e77879ecf6cca63441f57354"},"headline":"La 3\u00e9me \u00e9dition du salon agroalimentaire: une opportunit\u00e9 pour les entrepreneurs du Nord-Kivu","datePublished":"2019-11-14T20:07:00+00:00","dateModified":"2019-11-15T16:27:20+00:00","mainEntityOfPage":{"@id":"https:\/\/lesvolcansnews.net\/?p=6098"},"wordCount":132,"commentCount":0,"image":{"@id":"https:\/\/lesvolcansnews.net\/?p=6098#primaryimage"},"thumbnailUrl":"https:\/\/lesvolcansnews.net\/wp-content\/uploads\/2019\/11\/IMG-20191115-WA0009.jpg","articleSection":["SPORTS"],"inLanguage":"fr-FR","potentialAction":[{"@type":"CommentAction","name":"Comment","target":["https:\/\/lesvolcansnews.net\/?p=6098#respond"]}]},{"@type":"WebPage","@id":"https:\/\/lesvolcansnews.net\/?p=6098","url":"https:\/\/lesvolcansnews.net\/?p=6098","name":"La 3\u00e9me \u00e9dition du salon agroalimentaire: une opportunit\u00e9 pour les entrepreneurs du Nord-Kivu - LES VOLCANS NEWS","isPartOf":{"@id":"https:\/\/lesvolcansnews.net\/#website"},"primaryImageOfPage":{"@id":"https:\/\/lesvolcansnews.net\/?p=6098#primaryimage"},"image":{"@id":"https:\/\/lesvolcansnews.net\/?p=6098#primaryimage"},"thumbnailUrl":"https:\/\/lesvolcansnews.net\/wp-content\/uploads\/2019\/11\/IMG-20191115-WA0009.jpg","datePublished":"2019-11-14T20:07:00+00:00","dateModified":"2019-11-15T16:27:20+00:00","author":{"@id":"https:\/\/lesvolcansnews.net\/#\/schema\/person\/82c8bed2e77879ecf6cca63441f57354"},"breadcrumb":{"@id":"https:\/\/lesvolcansnews.net\/?p=6098#breadcrumb"},"inLanguage":"fr-FR","potentialAction":[{"@type":"ReadAction","target":["https:\/\/lesvolcansnews.net\/?p=6098"]}]},{"@type":"ImageObject","inLanguage":"fr-FR","@id":"https:\/\/lesvolcansnews.net\/?p=6098#primaryimage","url":"https:\/\/lesvolcansnews.net\/wp-content\/uploads\/2019\/11\/IMG-20191115-WA0009.jpg","contentUrl":"https:\/\/lesvolcansnews.net\/wp-content\/uploads\/2019\/11\/IMG-20191115-WA0009.jpg","width":981,"height":657},{"@type":"BreadcrumbList","@id":"https:\/\/lesvolcansnews.net\/?p=6098#breadcrumb","itemListElement":[{"@type":"ListItem","position":1,"name":"Accueil","item":"https:\/\/lesvolcansnews.net\/"},{"@type":"ListItem","position":2,"name":"La 3\u00e9me \u00e9dition du salon agroalimentaire: une opportunit\u00e9 pour les entrepreneurs du Nord-Kivu"}]},{"@type":"WebSite","@id":"https:\/\/lesvolcansnews.net\/#website","url":"https:\/\/lesvolcansnews.net\/","name":"LES VOLCANS NEWS","description":"L&#039;INFORMATION C&#039;EST NOUS","potentialAction":[{"@type":"SearchAction","target":{"@type":"EntryPoint","urlTemplate":"https:\/\/lesvolcansnews.net\/?s={search_term_string}"},"query-input":{"@type":"PropertyValueSpecification","valueRequired":true,"valueName":"search_term_string"}}],"inLanguage":"fr-FR"},{"@type":"Person","@id":"https:\/\/lesvolcansnews.net\/#\/schema\/person\/82c8bed2e77879ecf6cca63441f57354","name":"R\u00e9daction - Les Volcans News","image":{"@type":"ImageObject","inLanguage":"fr-FR","@id":"https:\/\/secure.gravatar.com\/avatar\/8408942dd851e8a9c09f3d382a661bc05d2b3cd9002139bc1795b9528cdc6c80?s=96&d=mm&r=g","url":"https:\/\/secure.gravatar.com\/avatar\/8408942dd851e8a9c09f3d382a661bc05d2b3cd9002139bc1795b9528cdc6c80?s=96&d=mm&r=g","contentUrl":"https:\/\/secure.gravatar.com\/avatar\/8408942dd851e8a9c09f3d382a661bc05d2b3cd9002139bc1795b9528cdc6c80?s=96&d=mm&r=g","caption":"R\u00e9daction - Les Volcans News"},"url":"https:\/\/lesvolcansnews.net\/?author=14"}]}},"_links":{"self":[{"href":"https:\/\/lesvolcansnews.net\/index.php?rest_route=\/wp\/v2\/posts\/6098","targetHints":{"allow":["GET"]}}],"collection":[{"href":"https:\/\/lesvolcansnews.net\/index.php?rest_route=\/wp\/v2\/posts"}],"about":[{"href":"https:\/\/lesvolcansnews.net\/index.php?rest_route=\/wp\/v2\/types\/post"}],"author":[{"embeddable":true,"href":"https:\/\/lesvolcansnews.net\/index.php?rest_route=\/wp\/v2\/users\/14"}],"replies":[{"embeddable":true,"href":"https:\/\/lesvolcansnews.net\/index.php?rest_route=%2Fwp%2Fv2%2Fcomments&post=6098"}],"version-history":[{"count":1,"href":"https:\/\/lesvolcansnews.net\/index.php?rest_route=\/wp\/v2\/posts\/6098\/revisions"}],"predecessor-version":[{"id":6119,"href":"https:\/\/lesvolcansnews.net\/index.php?rest_route=\/wp\/v2\/posts\/6098\/revisions\/6119"}],"wp:featuredmedia":[{"embeddable":true,"href":"https:\/\/lesvolcansnews.net\/index.php?rest_route=\/wp\/v2\/media\/6118"}],"wp:attachment":[{"href":"https:\/\/lesvolcansnews.net\/index.php?rest_route=%2Fwp%2Fv2%2Fmedia&parent=6098"}],"wp:term":[{"taxonomy":"category","embeddable":true,"href":"https:\/\/lesvolcansnews.net\/index.php?rest_route=%2Fwp%2Fv2%2Fcategories&post=6098"},{"taxonomy":"post_tag","embeddable":true,"href":"https:\/\/lesvolcansnews.net\/index.php?rest_route=%2Fwp%2Fv2%2Ftags&post=6098"}],"curies":[{"name":"wp","href":"https:\/\/api.w.org\/{rel}","templated":true}]}}