{"id":6096,"date":"2019-11-14T19:15:31","date_gmt":"2019-11-14T19:15:31","guid":{"rendered":"https:\/\/lesvolcansnews.net\/2019\/11\/14\/les-deux-deniers-ancienscombattants-congolais-honores-dans-le-film-ombre-des-oublies-a-lifk\/"},"modified":"2019-11-14T19:21:01","modified_gmt":"2019-11-14T19:21:01","slug":"les-deux-deniers-ancienscombattants-congolais-honores-dans-le-film-ombre-des-oublies-a-lifk","status":"publish","type":"post","link":"https:\/\/lesvolcansnews.net\/?p=6096","title":{"rendered":"Les deux deniers anciens <br>combattants congolais honor\u00e9s dans le film \u00ab Ombre des oubli\u00e9s \u00bb \u00e0 l\u2019IFK"},"content":{"rendered":"\n<p>Le Pr. Jos\u00e9 Adolphe Voto a rendu hommage aux deux derniers anciens combattants de la 2 Guerre mondiale encore vivants, Albert Kunyku et Daniel Miuku, par la projection, mercredi \u00e0 la Halle de la Gombe, du film long m\u00e9trage d\u00e9nomm\u00e9 \u00ab Ombre des oubli\u00e9s \u00bb.<br \/><\/p>\n\n\n\n<p>Le Pr. Voto qui en est le r\u00e9alisateur, a indiqu\u00e9 que ce film de 52 minutes, raconte l\u2019histoire de la seconde Guerre mondiale, avec des d\u00e9tails sur les conditions de recrutement, de formation, d\u2019exp\u00e9dition, sans oublier les moments forts de la guerre, le retour au pays, ainsi que la vie apr\u00e8s-guerre.<br \/><\/p>\n\n\n\n<p>La projection de ce film constitue une fa\u00e7on pour lui de remettre \u00e0 la face du monde, ces deux grands personnages<br \/>\u00e2g\u00e9s de 94 et 97 ans, les derniers survivants sur les 25.000 unit\u00e9s ayant pris par \u00e0 cette guerre.<br \/><\/p>\n\n\n\n<p>Ces deux anciens combattants Albert Kunyku et Daniel Miuku ont remerci\u00e9 le Pr. Voto et le producteur du film Vogt Voka pour le privil\u00e8ge exprim\u00e9 en leurs personnes \u00e0 travers ce support.<br \/>Le Pr Voto est enseignant en audiovisuel \u00e0 l\u2019Institut facultaire des sciences de l\u2019information et de la communication (IFASIC) et directeur g\u00e9n\u00e9ral de la chaine de t\u00e9l\u00e9vision Canal Kin, \u00e9mettant \u00e0 Kinshasa.<br \/>Le producteur Louis Vogt Voka est un auteur-r\u00e9alisateur, producteur et distributeur des films documentaires africains.<\/p>\n\n\n\n<p><br \/>Il milite pour l\u2019essor du cin\u00e9ma congolais, \u00e0 travers l\u2019accompagnement des jeunes r\u00e9alisateurs autour des th\u00e8mes touchant les r\u00e9alit\u00e9s locales.<br \/><\/p>\n\n\n\n<p>Par ailleurs, les deux survivants ont pri\u00e9 les autorit\u00e9s du pays \u00e0 arr\u00eater un m\u00e9canisme efficace de prise en charge sociale et m\u00e9dicale des anciens combattants, \u00e0 l\u2019instar de ce que font les autres pays du monde ayant combattu \u00e0 cette guerre.<\/p>\n\n\n\n<p><br \/>Il sied par ailleurs de signaler que depuis le d\u00e9but de ce mois sp\u00e9cial des  documentaires \u00e0 l\u2019IFK, \u00ab Ombre des oubli\u00e9s \u00bb est le deuxi\u00e8me film diffus\u00e9 autour des anciens combattants, apr\u00e8s \u00ab les Anciens combattants africains de la grande guerre de 1914-1918 \u00bb du burkinab\u00e9 Laurent Dussaut, projet\u00e9 mercredi dernier au m\u00eame endroit.<\/p>\n\n\n\n<p><\/p>\n","protected":false},"excerpt":{"rendered":"<p>Le Pr. Jos\u00e9 Adolphe Voto a rendu hommage aux deux derniers anciens combattants de la 2 Guerre mondiale encore vivants, Albert Kunyku et Daniel Miuku, par la projection, mercredi \u00e0<\/p>\n","protected":false},"author":14,"featured_media":6095,"comment_status":"open","ping_status":"open","sticky":false,"template":"","format":"standard","meta":{"footnotes":""},"categories":[12],"tags":[],"class_list":["post-6096","post","type-post","status-publish","format-standard","has-post-thumbnail","hentry","category-culture"],"yoast_head":"<!-- This site is optimized with the Yoast SEO plugin v27.5 - https:\/\/yoast.com\/product\/yoast-seo-wordpress\/ -->\n<title>Les deux deniers anciens combattants congolais honor\u00e9s dans le film \u00ab Ombre des oubli\u00e9s \u00bb \u00e0 l\u2019IFK - LES VOLCANS NEWS<\/title>\n<meta name=\"robots\" content=\"index, follow, max-snippet:-1, max-image-preview:large, max-video-preview:-1\" \/>\n<link rel=\"canonical\" href=\"https:\/\/lesvolcansnews.net\/?p=6096\" \/>\n<meta property=\"og:locale\" content=\"fr_FR\" \/>\n<meta property=\"og:type\" content=\"article\" \/>\n<meta property=\"og:title\" content=\"Les deux deniers anciens combattants congolais honor\u00e9s dans le film \u00ab Ombre des oubli\u00e9s \u00bb \u00e0 l\u2019IFK - LES VOLCANS NEWS\" \/>\n<meta property=\"og:description\" content=\"Le Pr. Jos\u00e9 Adolphe Voto a rendu hommage aux deux derniers anciens combattants de la 2 Guerre mondiale encore vivants, Albert Kunyku et Daniel Miuku, par la projection, mercredi \u00e0\" \/>\n<meta property=\"og:url\" content=\"https:\/\/lesvolcansnews.net\/?p=6096\" \/>\n<meta property=\"og:site_name\" content=\"LES VOLCANS NEWS\" \/>\n<meta property=\"article:published_time\" content=\"2019-11-14T19:15:31+00:00\" \/>\n<meta property=\"article:modified_time\" content=\"2019-11-14T19:21:01+00:00\" \/>\n<meta property=\"og:image\" content=\"https:\/\/lesvolcansnews.net\/wp-content\/uploads\/2019\/11\/888888-1.png\" \/>\n\t<meta property=\"og:image:width\" content=\"403\" \/>\n\t<meta property=\"og:image:height\" content=\"303\" \/>\n\t<meta property=\"og:image:type\" content=\"image\/png\" \/>\n<meta name=\"author\" content=\"R\u00e9daction - Les Volcans News\" \/>\n<meta name=\"twitter:card\" content=\"summary_large_image\" \/>\n<meta name=\"twitter:label1\" content=\"\u00c9crit par\" \/>\n\t<meta name=\"twitter:data1\" content=\"R\u00e9daction - Les Volcans News\" \/>\n\t<meta name=\"twitter:label2\" content=\"Dur\u00e9e de lecture estim\u00e9e\" \/>\n\t<meta name=\"twitter:data2\" content=\"2 minutes\" \/>\n<script type=\"application\/ld+json\" class=\"yoast-schema-graph\">{\"@context\":\"https:\\\/\\\/schema.org\",\"@graph\":[{\"@type\":\"Article\",\"@id\":\"https:\\\/\\\/lesvolcansnews.net\\\/?p=6096#article\",\"isPartOf\":{\"@id\":\"https:\\\/\\\/lesvolcansnews.net\\\/?p=6096\"},\"author\":{\"name\":\"R\u00e9daction - Les Volcans News\",\"@id\":\"https:\\\/\\\/lesvolcansnews.net\\\/#\\\/schema\\\/person\\\/82c8bed2e77879ecf6cca63441f57354\"},\"headline\":\"Les deux deniers anciens combattants congolais honor\u00e9s dans le film \u00ab Ombre des oubli\u00e9s \u00bb \u00e0 l\u2019IFK\",\"datePublished\":\"2019-11-14T19:15:31+00:00\",\"dateModified\":\"2019-11-14T19:21:01+00:00\",\"mainEntityOfPage\":{\"@id\":\"https:\\\/\\\/lesvolcansnews.net\\\/?p=6096\"},\"wordCount\":366,\"commentCount\":0,\"image\":{\"@id\":\"https:\\\/\\\/lesvolcansnews.net\\\/?p=6096#primaryimage\"},\"thumbnailUrl\":\"https:\\\/\\\/lesvolcansnews.net\\\/wp-content\\\/uploads\\\/2019\\\/11\\\/888888-1.png\",\"articleSection\":[\"CULTURE\"],\"inLanguage\":\"fr-FR\",\"potentialAction\":[{\"@type\":\"CommentAction\",\"name\":\"Comment\",\"target\":[\"https:\\\/\\\/lesvolcansnews.net\\\/?p=6096#respond\"]}]},{\"@type\":\"WebPage\",\"@id\":\"https:\\\/\\\/lesvolcansnews.net\\\/?p=6096\",\"url\":\"https:\\\/\\\/lesvolcansnews.net\\\/?p=6096\",\"name\":\"Les deux deniers anciens combattants congolais honor\u00e9s dans le film \u00ab Ombre des oubli\u00e9s \u00bb \u00e0 l\u2019IFK - LES VOLCANS NEWS\",\"isPartOf\":{\"@id\":\"https:\\\/\\\/lesvolcansnews.net\\\/#website\"},\"primaryImageOfPage\":{\"@id\":\"https:\\\/\\\/lesvolcansnews.net\\\/?p=6096#primaryimage\"},\"image\":{\"@id\":\"https:\\\/\\\/lesvolcansnews.net\\\/?p=6096#primaryimage\"},\"thumbnailUrl\":\"https:\\\/\\\/lesvolcansnews.net\\\/wp-content\\\/uploads\\\/2019\\\/11\\\/888888-1.png\",\"datePublished\":\"2019-11-14T19:15:31+00:00\",\"dateModified\":\"2019-11-14T19:21:01+00:00\",\"author\":{\"@id\":\"https:\\\/\\\/lesvolcansnews.net\\\/#\\\/schema\\\/person\\\/82c8bed2e77879ecf6cca63441f57354\"},\"breadcrumb\":{\"@id\":\"https:\\\/\\\/lesvolcansnews.net\\\/?p=6096#breadcrumb\"},\"inLanguage\":\"fr-FR\",\"potentialAction\":[{\"@type\":\"ReadAction\",\"target\":[\"https:\\\/\\\/lesvolcansnews.net\\\/?p=6096\"]}]},{\"@type\":\"ImageObject\",\"inLanguage\":\"fr-FR\",\"@id\":\"https:\\\/\\\/lesvolcansnews.net\\\/?p=6096#primaryimage\",\"url\":\"https:\\\/\\\/lesvolcansnews.net\\\/wp-content\\\/uploads\\\/2019\\\/11\\\/888888-1.png\",\"contentUrl\":\"https:\\\/\\\/lesvolcansnews.net\\\/wp-content\\\/uploads\\\/2019\\\/11\\\/888888-1.png\",\"width\":403,\"height\":303},{\"@type\":\"BreadcrumbList\",\"@id\":\"https:\\\/\\\/lesvolcansnews.net\\\/?p=6096#breadcrumb\",\"itemListElement\":[{\"@type\":\"ListItem\",\"position\":1,\"name\":\"Accueil\",\"item\":\"https:\\\/\\\/lesvolcansnews.net\\\/\"},{\"@type\":\"ListItem\",\"position\":2,\"name\":\"Les deux deniers anciens combattants congolais honor\u00e9s dans le film \u00ab Ombre des oubli\u00e9s \u00bb \u00e0 l\u2019IFK\"}]},{\"@type\":\"WebSite\",\"@id\":\"https:\\\/\\\/lesvolcansnews.net\\\/#website\",\"url\":\"https:\\\/\\\/lesvolcansnews.net\\\/\",\"name\":\"LES VOLCANS NEWS\",\"description\":\"L&#039;INFORMATION C&#039;EST NOUS\",\"potentialAction\":[{\"@type\":\"SearchAction\",\"target\":{\"@type\":\"EntryPoint\",\"urlTemplate\":\"https:\\\/\\\/lesvolcansnews.net\\\/?s={search_term_string}\"},\"query-input\":{\"@type\":\"PropertyValueSpecification\",\"valueRequired\":true,\"valueName\":\"search_term_string\"}}],\"inLanguage\":\"fr-FR\"},{\"@type\":\"Person\",\"@id\":\"https:\\\/\\\/lesvolcansnews.net\\\/#\\\/schema\\\/person\\\/82c8bed2e77879ecf6cca63441f57354\",\"name\":\"R\u00e9daction - Les Volcans News\",\"image\":{\"@type\":\"ImageObject\",\"inLanguage\":\"fr-FR\",\"@id\":\"https:\\\/\\\/secure.gravatar.com\\\/avatar\\\/8408942dd851e8a9c09f3d382a661bc05d2b3cd9002139bc1795b9528cdc6c80?s=96&d=mm&r=g\",\"url\":\"https:\\\/\\\/secure.gravatar.com\\\/avatar\\\/8408942dd851e8a9c09f3d382a661bc05d2b3cd9002139bc1795b9528cdc6c80?s=96&d=mm&r=g\",\"contentUrl\":\"https:\\\/\\\/secure.gravatar.com\\\/avatar\\\/8408942dd851e8a9c09f3d382a661bc05d2b3cd9002139bc1795b9528cdc6c80?s=96&d=mm&r=g\",\"caption\":\"R\u00e9daction - Les Volcans News\"},\"url\":\"https:\\\/\\\/lesvolcansnews.net\\\/?author=14\"}]}<\/script>\n<!-- \/ Yoast SEO plugin. -->","yoast_head_json":{"title":"Les deux deniers anciens combattants congolais honor\u00e9s dans le film \u00ab Ombre des oubli\u00e9s \u00bb \u00e0 l\u2019IFK - LES VOLCANS NEWS","robots":{"index":"index","follow":"follow","max-snippet":"max-snippet:-1","max-image-preview":"max-image-preview:large","max-video-preview":"max-video-preview:-1"},"canonical":"https:\/\/lesvolcansnews.net\/?p=6096","og_locale":"fr_FR","og_type":"article","og_title":"Les deux deniers anciens combattants congolais honor\u00e9s dans le film \u00ab Ombre des oubli\u00e9s \u00bb \u00e0 l\u2019IFK - LES VOLCANS NEWS","og_description":"Le Pr. Jos\u00e9 Adolphe Voto a rendu hommage aux deux derniers anciens combattants de la 2 Guerre mondiale encore vivants, Albert Kunyku et Daniel Miuku, par la projection, mercredi \u00e0","og_url":"https:\/\/lesvolcansnews.net\/?p=6096","og_site_name":"LES VOLCANS NEWS","article_published_time":"2019-11-14T19:15:31+00:00","article_modified_time":"2019-11-14T19:21:01+00:00","og_image":[{"width":403,"height":303,"url":"https:\/\/lesvolcansnews.net\/wp-content\/uploads\/2019\/11\/888888-1.png","type":"image\/png"}],"author":"R\u00e9daction - Les Volcans News","twitter_card":"summary_large_image","twitter_misc":{"\u00c9crit par":"R\u00e9daction - Les Volcans News","Dur\u00e9e de lecture estim\u00e9e":"2 minutes"},"schema":{"@context":"https:\/\/schema.org","@graph":[{"@type":"Article","@id":"https:\/\/lesvolcansnews.net\/?p=6096#article","isPartOf":{"@id":"https:\/\/lesvolcansnews.net\/?p=6096"},"author":{"name":"R\u00e9daction - Les Volcans News","@id":"https:\/\/lesvolcansnews.net\/#\/schema\/person\/82c8bed2e77879ecf6cca63441f57354"},"headline":"Les deux deniers anciens combattants congolais honor\u00e9s dans le film \u00ab Ombre des oubli\u00e9s \u00bb \u00e0 l\u2019IFK","datePublished":"2019-11-14T19:15:31+00:00","dateModified":"2019-11-14T19:21:01+00:00","mainEntityOfPage":{"@id":"https:\/\/lesvolcansnews.net\/?p=6096"},"wordCount":366,"commentCount":0,"image":{"@id":"https:\/\/lesvolcansnews.net\/?p=6096#primaryimage"},"thumbnailUrl":"https:\/\/lesvolcansnews.net\/wp-content\/uploads\/2019\/11\/888888-1.png","articleSection":["CULTURE"],"inLanguage":"fr-FR","potentialAction":[{"@type":"CommentAction","name":"Comment","target":["https:\/\/lesvolcansnews.net\/?p=6096#respond"]}]},{"@type":"WebPage","@id":"https:\/\/lesvolcansnews.net\/?p=6096","url":"https:\/\/lesvolcansnews.net\/?p=6096","name":"Les deux deniers anciens combattants congolais honor\u00e9s dans le film \u00ab Ombre des oubli\u00e9s \u00bb \u00e0 l\u2019IFK - LES VOLCANS NEWS","isPartOf":{"@id":"https:\/\/lesvolcansnews.net\/#website"},"primaryImageOfPage":{"@id":"https:\/\/lesvolcansnews.net\/?p=6096#primaryimage"},"image":{"@id":"https:\/\/lesvolcansnews.net\/?p=6096#primaryimage"},"thumbnailUrl":"https:\/\/lesvolcansnews.net\/wp-content\/uploads\/2019\/11\/888888-1.png","datePublished":"2019-11-14T19:15:31+00:00","dateModified":"2019-11-14T19:21:01+00:00","author":{"@id":"https:\/\/lesvolcansnews.net\/#\/schema\/person\/82c8bed2e77879ecf6cca63441f57354"},"breadcrumb":{"@id":"https:\/\/lesvolcansnews.net\/?p=6096#breadcrumb"},"inLanguage":"fr-FR","potentialAction":[{"@type":"ReadAction","target":["https:\/\/lesvolcansnews.net\/?p=6096"]}]},{"@type":"ImageObject","inLanguage":"fr-FR","@id":"https:\/\/lesvolcansnews.net\/?p=6096#primaryimage","url":"https:\/\/lesvolcansnews.net\/wp-content\/uploads\/2019\/11\/888888-1.png","contentUrl":"https:\/\/lesvolcansnews.net\/wp-content\/uploads\/2019\/11\/888888-1.png","width":403,"height":303},{"@type":"BreadcrumbList","@id":"https:\/\/lesvolcansnews.net\/?p=6096#breadcrumb","itemListElement":[{"@type":"ListItem","position":1,"name":"Accueil","item":"https:\/\/lesvolcansnews.net\/"},{"@type":"ListItem","position":2,"name":"Les deux deniers anciens combattants congolais honor\u00e9s dans le film \u00ab Ombre des oubli\u00e9s \u00bb \u00e0 l\u2019IFK"}]},{"@type":"WebSite","@id":"https:\/\/lesvolcansnews.net\/#website","url":"https:\/\/lesvolcansnews.net\/","name":"LES VOLCANS NEWS","description":"L&#039;INFORMATION C&#039;EST NOUS","potentialAction":[{"@type":"SearchAction","target":{"@type":"EntryPoint","urlTemplate":"https:\/\/lesvolcansnews.net\/?s={search_term_string}"},"query-input":{"@type":"PropertyValueSpecification","valueRequired":true,"valueName":"search_term_string"}}],"inLanguage":"fr-FR"},{"@type":"Person","@id":"https:\/\/lesvolcansnews.net\/#\/schema\/person\/82c8bed2e77879ecf6cca63441f57354","name":"R\u00e9daction - Les Volcans News","image":{"@type":"ImageObject","inLanguage":"fr-FR","@id":"https:\/\/secure.gravatar.com\/avatar\/8408942dd851e8a9c09f3d382a661bc05d2b3cd9002139bc1795b9528cdc6c80?s=96&d=mm&r=g","url":"https:\/\/secure.gravatar.com\/avatar\/8408942dd851e8a9c09f3d382a661bc05d2b3cd9002139bc1795b9528cdc6c80?s=96&d=mm&r=g","contentUrl":"https:\/\/secure.gravatar.com\/avatar\/8408942dd851e8a9c09f3d382a661bc05d2b3cd9002139bc1795b9528cdc6c80?s=96&d=mm&r=g","caption":"R\u00e9daction - Les Volcans News"},"url":"https:\/\/lesvolcansnews.net\/?author=14"}]}},"_links":{"self":[{"href":"https:\/\/lesvolcansnews.net\/index.php?rest_route=\/wp\/v2\/posts\/6096","targetHints":{"allow":["GET"]}}],"collection":[{"href":"https:\/\/lesvolcansnews.net\/index.php?rest_route=\/wp\/v2\/posts"}],"about":[{"href":"https:\/\/lesvolcansnews.net\/index.php?rest_route=\/wp\/v2\/types\/post"}],"author":[{"embeddable":true,"href":"https:\/\/lesvolcansnews.net\/index.php?rest_route=\/wp\/v2\/users\/14"}],"replies":[{"embeddable":true,"href":"https:\/\/lesvolcansnews.net\/index.php?rest_route=%2Fwp%2Fv2%2Fcomments&post=6096"}],"version-history":[{"count":1,"href":"https:\/\/lesvolcansnews.net\/index.php?rest_route=\/wp\/v2\/posts\/6096\/revisions"}],"predecessor-version":[{"id":6097,"href":"https:\/\/lesvolcansnews.net\/index.php?rest_route=\/wp\/v2\/posts\/6096\/revisions\/6097"}],"wp:featuredmedia":[{"embeddable":true,"href":"https:\/\/lesvolcansnews.net\/index.php?rest_route=\/wp\/v2\/media\/6095"}],"wp:attachment":[{"href":"https:\/\/lesvolcansnews.net\/index.php?rest_route=%2Fwp%2Fv2%2Fmedia&parent=6096"}],"wp:term":[{"taxonomy":"category","embeddable":true,"href":"https:\/\/lesvolcansnews.net\/index.php?rest_route=%2Fwp%2Fv2%2Fcategories&post=6096"},{"taxonomy":"post_tag","embeddable":true,"href":"https:\/\/lesvolcansnews.net\/index.php?rest_route=%2Fwp%2Fv2%2Ftags&post=6096"}],"curies":[{"name":"wp","href":"https:\/\/api.w.org\/{rel}","templated":true}]}}