{"id":6070,"date":"2019-11-14T11:03:41","date_gmt":"2019-11-14T11:03:41","guid":{"rendered":"http:\/\/lesvolcansnews.net\/2019\/11\/14\/lubero-les-medias-appeles-a-accompagner-la-sensibilisation-sur-la-reddition-des-groupes-armes\/"},"modified":"2019-11-14T11:03:41","modified_gmt":"2019-11-14T11:03:41","slug":"lubero-les-medias-appeles-a-accompagner-la-sensibilisation-sur-la-reddition-des-groupes-armes","status":"publish","type":"post","link":"https:\/\/lesvolcansnews.net\/?p=6070","title":{"rendered":"<em>Lubero: Les m\u00e9dias appel\u00e9s \u00e0 accompagner la sensibilisation sur la reddition des groupes arm\u00e9s<\/em>"},"content":{"rendered":"\n<p>L&#8217;administrateur du territoire de Lubero M.Richard Nyembo Wa Nyembo a, au cours d&#8217;une r\u00e9union de s\u00e9curit\u00e9 \u00e9largie aux responsables des m\u00e9dias, invit\u00e9 les responsables des m\u00e9dias du territoire \u00e0 soutenir la sensibilisation de groupes arm\u00e9s qui pullulent dans la r\u00e9gion pour leur reddition volontaire. &#8221; L\u2019heure a sonn\u00e9. Que nos fr\u00e8res sortent et se rendent. Nous allons bien les accueillir. Nous avons \u00e9chang\u00e9 avec les professionnels des m\u00e9dias du territoire de Lubero cet appel du chef de l&#8217;\u00c9tat \u00e0 mettre fin \u00e0 ces groupes arm\u00e9s pour assurer la s\u00e9curit\u00e9 au Nord-Kivu plus particuli\u00e8rement \u00e0 Lubero. c&#8217;est pourquoi, nous avons fait appel aux m\u00e9dias pour solliciter leur accompagnement &#8220;, a dit l&#8217;administrateur du territoire de Lubero \u00e0 l&#8217;issue de la r\u00e9union. Dans ses propos, le num\u00e9ro un du territoire de Lubero , indique qu&#8217;il y&#8217;a beaucoup de fils et filles de ce territoire en brousse qui manifestent d\u00e9j\u00e0 la volont\u00e9 de se d\u00e9sarmer. Il r\u00e9v\u00e8le cependant, un nombre suffisant des rendus qui vivent dans des bonnes conditions \u00e0 Lubero en attendant la cr\u00e9ation proprement d&#8217;un centre de reddition notamment \u00e0 Kimbulu ainsi que dans le sud du territoire. &#8220;Ici \u00e0 Lubero centre nous avons d\u00e9j\u00e0 plusieurs rendus,il y&#8217;a un nombre suffisant qui se sont d\u00e9j\u00e0 rendus &#8220;, ajoute-t-il.Il revient \u00e9galement aux m\u00e9dias de les aider dans cette sensibilisation car d&#8217;apr\u00e8s lui &#8221; la d\u00e9sintoxication est un virus&#8221;.Lubero fait fasse \u00e0 des groupes arm\u00e9s locaux, qui circulent librement dans plusieurs entit\u00e9s du territoire.<\/p>\n\n\n\n<p><\/p>\n\n\n\n<p><strong><em>Maombi Visika Changle<\/em><\/strong><strong>.<\/strong><\/p>\n","protected":false},"excerpt":{"rendered":"<p>L&#8217;administrateur du territoire de Lubero M.Richard Nyembo Wa Nyembo a, au cours d&#8217;une r\u00e9union de s\u00e9curit\u00e9 \u00e9largie aux responsables des m\u00e9dias, invit\u00e9 les responsables des m\u00e9dias du territoire \u00e0 soutenir<\/p>\n","protected":false},"author":14,"featured_media":0,"comment_status":"open","ping_status":"open","sticky":false,"template":"","format":"standard","meta":{"footnotes":""},"categories":[9],"tags":[],"class_list":["post-6070","post","type-post","status-publish","format-standard","hentry","category-societe"],"yoast_head":"<!-- This site is optimized with the Yoast SEO plugin v27.5 - https:\/\/yoast.com\/product\/yoast-seo-wordpress\/ -->\n<title>Lubero: Les m\u00e9dias appel\u00e9s \u00e0 accompagner la sensibilisation sur la reddition des groupes arm\u00e9s - LES VOLCANS NEWS<\/title>\n<meta name=\"robots\" content=\"index, follow, max-snippet:-1, max-image-preview:large, max-video-preview:-1\" \/>\n<link rel=\"canonical\" href=\"https:\/\/lesvolcansnews.net\/?p=6070\" \/>\n<meta property=\"og:locale\" content=\"fr_FR\" \/>\n<meta property=\"og:type\" content=\"article\" \/>\n<meta property=\"og:title\" content=\"Lubero: Les m\u00e9dias appel\u00e9s \u00e0 accompagner la sensibilisation sur la reddition des groupes arm\u00e9s - LES VOLCANS NEWS\" \/>\n<meta property=\"og:description\" content=\"L&#8217;administrateur du territoire de Lubero M.Richard Nyembo Wa Nyembo a, au cours d&#8217;une r\u00e9union de s\u00e9curit\u00e9 \u00e9largie aux responsables des m\u00e9dias, invit\u00e9 les responsables des m\u00e9dias du territoire \u00e0 soutenir\" \/>\n<meta property=\"og:url\" content=\"https:\/\/lesvolcansnews.net\/?p=6070\" \/>\n<meta property=\"og:site_name\" content=\"LES VOLCANS NEWS\" \/>\n<meta property=\"article:published_time\" content=\"2019-11-14T11:03:41+00:00\" \/>\n<meta name=\"author\" content=\"R\u00e9daction - Les Volcans News\" \/>\n<meta name=\"twitter:card\" content=\"summary_large_image\" \/>\n<meta name=\"twitter:label1\" content=\"\u00c9crit par\" \/>\n\t<meta name=\"twitter:data1\" content=\"R\u00e9daction - Les Volcans News\" \/>\n\t<meta name=\"twitter:label2\" content=\"Dur\u00e9e de lecture estim\u00e9e\" \/>\n\t<meta name=\"twitter:data2\" content=\"1 minute\" \/>\n<script type=\"application\/ld+json\" class=\"yoast-schema-graph\">{\"@context\":\"https:\\\/\\\/schema.org\",\"@graph\":[{\"@type\":\"Article\",\"@id\":\"https:\\\/\\\/lesvolcansnews.net\\\/?p=6070#article\",\"isPartOf\":{\"@id\":\"https:\\\/\\\/lesvolcansnews.net\\\/?p=6070\"},\"author\":{\"name\":\"R\u00e9daction - Les Volcans News\",\"@id\":\"https:\\\/\\\/lesvolcansnews.net\\\/#\\\/schema\\\/person\\\/82c8bed2e77879ecf6cca63441f57354\"},\"headline\":\"Lubero: Les m\u00e9dias appel\u00e9s \u00e0 accompagner la sensibilisation sur la reddition des groupes arm\u00e9s\",\"datePublished\":\"2019-11-14T11:03:41+00:00\",\"mainEntityOfPage\":{\"@id\":\"https:\\\/\\\/lesvolcansnews.net\\\/?p=6070\"},\"wordCount\":288,\"commentCount\":0,\"articleSection\":[\"SOCIET\u00c9\"],\"inLanguage\":\"fr-FR\",\"potentialAction\":[{\"@type\":\"CommentAction\",\"name\":\"Comment\",\"target\":[\"https:\\\/\\\/lesvolcansnews.net\\\/?p=6070#respond\"]}]},{\"@type\":\"WebPage\",\"@id\":\"https:\\\/\\\/lesvolcansnews.net\\\/?p=6070\",\"url\":\"https:\\\/\\\/lesvolcansnews.net\\\/?p=6070\",\"name\":\"Lubero: Les m\u00e9dias appel\u00e9s \u00e0 accompagner la sensibilisation sur la reddition des groupes arm\u00e9s - LES VOLCANS NEWS\",\"isPartOf\":{\"@id\":\"https:\\\/\\\/lesvolcansnews.net\\\/#website\"},\"datePublished\":\"2019-11-14T11:03:41+00:00\",\"author\":{\"@id\":\"https:\\\/\\\/lesvolcansnews.net\\\/#\\\/schema\\\/person\\\/82c8bed2e77879ecf6cca63441f57354\"},\"breadcrumb\":{\"@id\":\"https:\\\/\\\/lesvolcansnews.net\\\/?p=6070#breadcrumb\"},\"inLanguage\":\"fr-FR\",\"potentialAction\":[{\"@type\":\"ReadAction\",\"target\":[\"https:\\\/\\\/lesvolcansnews.net\\\/?p=6070\"]}]},{\"@type\":\"BreadcrumbList\",\"@id\":\"https:\\\/\\\/lesvolcansnews.net\\\/?p=6070#breadcrumb\",\"itemListElement\":[{\"@type\":\"ListItem\",\"position\":1,\"name\":\"Accueil\",\"item\":\"https:\\\/\\\/lesvolcansnews.net\\\/\"},{\"@type\":\"ListItem\",\"position\":2,\"name\":\"Lubero: Les m\u00e9dias appel\u00e9s \u00e0 accompagner la sensibilisation sur la reddition des groupes arm\u00e9s\"}]},{\"@type\":\"WebSite\",\"@id\":\"https:\\\/\\\/lesvolcansnews.net\\\/#website\",\"url\":\"https:\\\/\\\/lesvolcansnews.net\\\/\",\"name\":\"LES VOLCANS NEWS\",\"description\":\"L&#039;INFORMATION C&#039;EST NOUS\",\"potentialAction\":[{\"@type\":\"SearchAction\",\"target\":{\"@type\":\"EntryPoint\",\"urlTemplate\":\"https:\\\/\\\/lesvolcansnews.net\\\/?s={search_term_string}\"},\"query-input\":{\"@type\":\"PropertyValueSpecification\",\"valueRequired\":true,\"valueName\":\"search_term_string\"}}],\"inLanguage\":\"fr-FR\"},{\"@type\":\"Person\",\"@id\":\"https:\\\/\\\/lesvolcansnews.net\\\/#\\\/schema\\\/person\\\/82c8bed2e77879ecf6cca63441f57354\",\"name\":\"R\u00e9daction - Les Volcans News\",\"image\":{\"@type\":\"ImageObject\",\"inLanguage\":\"fr-FR\",\"@id\":\"https:\\\/\\\/secure.gravatar.com\\\/avatar\\\/8408942dd851e8a9c09f3d382a661bc05d2b3cd9002139bc1795b9528cdc6c80?s=96&d=mm&r=g\",\"url\":\"https:\\\/\\\/secure.gravatar.com\\\/avatar\\\/8408942dd851e8a9c09f3d382a661bc05d2b3cd9002139bc1795b9528cdc6c80?s=96&d=mm&r=g\",\"contentUrl\":\"https:\\\/\\\/secure.gravatar.com\\\/avatar\\\/8408942dd851e8a9c09f3d382a661bc05d2b3cd9002139bc1795b9528cdc6c80?s=96&d=mm&r=g\",\"caption\":\"R\u00e9daction - Les Volcans News\"},\"url\":\"https:\\\/\\\/lesvolcansnews.net\\\/?author=14\"}]}<\/script>\n<!-- \/ Yoast SEO plugin. -->","yoast_head_json":{"title":"Lubero: Les m\u00e9dias appel\u00e9s \u00e0 accompagner la sensibilisation sur la reddition des groupes arm\u00e9s - LES VOLCANS NEWS","robots":{"index":"index","follow":"follow","max-snippet":"max-snippet:-1","max-image-preview":"max-image-preview:large","max-video-preview":"max-video-preview:-1"},"canonical":"https:\/\/lesvolcansnews.net\/?p=6070","og_locale":"fr_FR","og_type":"article","og_title":"Lubero: Les m\u00e9dias appel\u00e9s \u00e0 accompagner la sensibilisation sur la reddition des groupes arm\u00e9s - LES VOLCANS NEWS","og_description":"L&#8217;administrateur du territoire de Lubero M.Richard Nyembo Wa Nyembo a, au cours d&#8217;une r\u00e9union de s\u00e9curit\u00e9 \u00e9largie aux responsables des m\u00e9dias, invit\u00e9 les responsables des m\u00e9dias du territoire \u00e0 soutenir","og_url":"https:\/\/lesvolcansnews.net\/?p=6070","og_site_name":"LES VOLCANS NEWS","article_published_time":"2019-11-14T11:03:41+00:00","author":"R\u00e9daction - Les Volcans News","twitter_card":"summary_large_image","twitter_misc":{"\u00c9crit par":"R\u00e9daction - Les Volcans News","Dur\u00e9e de lecture estim\u00e9e":"1 minute"},"schema":{"@context":"https:\/\/schema.org","@graph":[{"@type":"Article","@id":"https:\/\/lesvolcansnews.net\/?p=6070#article","isPartOf":{"@id":"https:\/\/lesvolcansnews.net\/?p=6070"},"author":{"name":"R\u00e9daction - Les Volcans News","@id":"https:\/\/lesvolcansnews.net\/#\/schema\/person\/82c8bed2e77879ecf6cca63441f57354"},"headline":"Lubero: Les m\u00e9dias appel\u00e9s \u00e0 accompagner la sensibilisation sur la reddition des groupes arm\u00e9s","datePublished":"2019-11-14T11:03:41+00:00","mainEntityOfPage":{"@id":"https:\/\/lesvolcansnews.net\/?p=6070"},"wordCount":288,"commentCount":0,"articleSection":["SOCIET\u00c9"],"inLanguage":"fr-FR","potentialAction":[{"@type":"CommentAction","name":"Comment","target":["https:\/\/lesvolcansnews.net\/?p=6070#respond"]}]},{"@type":"WebPage","@id":"https:\/\/lesvolcansnews.net\/?p=6070","url":"https:\/\/lesvolcansnews.net\/?p=6070","name":"Lubero: Les m\u00e9dias appel\u00e9s \u00e0 accompagner la sensibilisation sur la reddition des groupes arm\u00e9s - LES VOLCANS NEWS","isPartOf":{"@id":"https:\/\/lesvolcansnews.net\/#website"},"datePublished":"2019-11-14T11:03:41+00:00","author":{"@id":"https:\/\/lesvolcansnews.net\/#\/schema\/person\/82c8bed2e77879ecf6cca63441f57354"},"breadcrumb":{"@id":"https:\/\/lesvolcansnews.net\/?p=6070#breadcrumb"},"inLanguage":"fr-FR","potentialAction":[{"@type":"ReadAction","target":["https:\/\/lesvolcansnews.net\/?p=6070"]}]},{"@type":"BreadcrumbList","@id":"https:\/\/lesvolcansnews.net\/?p=6070#breadcrumb","itemListElement":[{"@type":"ListItem","position":1,"name":"Accueil","item":"https:\/\/lesvolcansnews.net\/"},{"@type":"ListItem","position":2,"name":"Lubero: Les m\u00e9dias appel\u00e9s \u00e0 accompagner la sensibilisation sur la reddition des groupes arm\u00e9s"}]},{"@type":"WebSite","@id":"https:\/\/lesvolcansnews.net\/#website","url":"https:\/\/lesvolcansnews.net\/","name":"LES VOLCANS NEWS","description":"L&#039;INFORMATION C&#039;EST NOUS","potentialAction":[{"@type":"SearchAction","target":{"@type":"EntryPoint","urlTemplate":"https:\/\/lesvolcansnews.net\/?s={search_term_string}"},"query-input":{"@type":"PropertyValueSpecification","valueRequired":true,"valueName":"search_term_string"}}],"inLanguage":"fr-FR"},{"@type":"Person","@id":"https:\/\/lesvolcansnews.net\/#\/schema\/person\/82c8bed2e77879ecf6cca63441f57354","name":"R\u00e9daction - Les Volcans News","image":{"@type":"ImageObject","inLanguage":"fr-FR","@id":"https:\/\/secure.gravatar.com\/avatar\/8408942dd851e8a9c09f3d382a661bc05d2b3cd9002139bc1795b9528cdc6c80?s=96&d=mm&r=g","url":"https:\/\/secure.gravatar.com\/avatar\/8408942dd851e8a9c09f3d382a661bc05d2b3cd9002139bc1795b9528cdc6c80?s=96&d=mm&r=g","contentUrl":"https:\/\/secure.gravatar.com\/avatar\/8408942dd851e8a9c09f3d382a661bc05d2b3cd9002139bc1795b9528cdc6c80?s=96&d=mm&r=g","caption":"R\u00e9daction - Les Volcans News"},"url":"https:\/\/lesvolcansnews.net\/?author=14"}]}},"_links":{"self":[{"href":"https:\/\/lesvolcansnews.net\/index.php?rest_route=\/wp\/v2\/posts\/6070","targetHints":{"allow":["GET"]}}],"collection":[{"href":"https:\/\/lesvolcansnews.net\/index.php?rest_route=\/wp\/v2\/posts"}],"about":[{"href":"https:\/\/lesvolcansnews.net\/index.php?rest_route=\/wp\/v2\/types\/post"}],"author":[{"embeddable":true,"href":"https:\/\/lesvolcansnews.net\/index.php?rest_route=\/wp\/v2\/users\/14"}],"replies":[{"embeddable":true,"href":"https:\/\/lesvolcansnews.net\/index.php?rest_route=%2Fwp%2Fv2%2Fcomments&post=6070"}],"version-history":[{"count":0,"href":"https:\/\/lesvolcansnews.net\/index.php?rest_route=\/wp\/v2\/posts\/6070\/revisions"}],"wp:attachment":[{"href":"https:\/\/lesvolcansnews.net\/index.php?rest_route=%2Fwp%2Fv2%2Fmedia&parent=6070"}],"wp:term":[{"taxonomy":"category","embeddable":true,"href":"https:\/\/lesvolcansnews.net\/index.php?rest_route=%2Fwp%2Fv2%2Fcategories&post=6070"},{"taxonomy":"post_tag","embeddable":true,"href":"https:\/\/lesvolcansnews.net\/index.php?rest_route=%2Fwp%2Fv2%2Ftags&post=6070"}],"curies":[{"name":"wp","href":"https:\/\/api.w.org\/{rel}","templated":true}]}}