{"id":5426,"date":"2019-10-12T11:06:12","date_gmt":"2019-10-12T11:06:12","guid":{"rendered":"http:\/\/lesvolcansnews.net\/?p=5426"},"modified":"2019-10-12T11:06:22","modified_gmt":"2019-10-12T11:06:22","slug":"ebola-deux-deces-et-deux-nouveaux-cas-confirmes-au-nord-est-de-la-rdc","status":"publish","type":"post","link":"https:\/\/lesvolcansnews.net\/?p=5426","title":{"rendered":"Ebola: Deux d\u00e9c\u00e8s et deux nouveaux cas confirm\u00e9s au Nord-Est de la RDC"},"content":{"rendered":"\n<p><br><\/p>\n\n\n\n<p><a href=\"https:\/\/www.facebook.com\/sharer.php?u=https%3A%2F%2Facpcongo.com%2Findex.php%2F2019%2F10%2F10%2Ftrois-malades-debola-gueris-et-sortis-mercredi-des-cte-au-nord-est-de-la-rdc%2F\"><\/a><\/p>\n\n\n\n<p><a href=\"https:\/\/twitter.com\/intent\/tweet?text=Trois+malades+d%E2%80%99Ebola+gu%C3%A9ris+et+sortis+mercredi+des+CTE+au+Nord-Est+de+la+RDC&amp;url=https%3A%2F%2Facpcongo.com%2Findex.php%2F2019%2F10%2F10%2Ftrois-malades-debola-gueris-et-sortis-mercredi-des-cte-au-nord-est-de-la-rdc%2F&amp;via=acpcongo\"><\/a><\/p>\n\n\n\n<p><a href=\"https:\/\/plus.google.com\/share?url=https:\/\/acpcongo.com\/index.php\/2019\/10\/10\/trois-malades-debola-gueris-et-sortis-mercredi-des-cte-au-nord-est-de-la-rdc\/\"><\/a><\/p>\n\n\n\n<p><a href=\"https:\/\/pinterest.com\/pin\/create\/button\/?url=https:\/\/acpcongo.com\/index.php\/2019\/10\/10\/trois-malades-debola-gueris-et-sortis-mercredi-des-cte-au-nord-est-de-la-rdc\/&amp;media=&amp;description=Trois+malades+d%E2%80%99Ebola+gu%C3%A9ris+et+sortis+mercredi+des+CTE+au+Nord-Est+de+la+RDC\"><\/a><\/p>\n\n\n\n<p>Deux nouveaux d\u00e9c\u00e8s et deux nouveaux cas confirm\u00e9s\n&nbsp;d\u2019Ebola\nont \u00e9t\u00e9 enregistr\u00e9s &nbsp;jeudi dans les centres de traitement d\u2019Ebola\n(CTE) \u00e0 Mabalako dans la province du&nbsp; Nord-Kivu&nbsp; et \u00e0 Mandima\nen Ituri, &nbsp;&nbsp;au Nord-Est de la RDC, rapporte le bulletin\nquotidien sur la situation \u00e9pid\u00e9miologique de cette maladie publi\u00e9 vendredi dernier.<\/p>\n\n\n\n<p>&nbsp;Selon la source, une personne gu\u00e9rie est sortie du CTE \u00e0 Mambasa en\nprovince de &nbsp;Ituri. <\/p>\n\n\n\n<p>Depuis la d\u00e9claration de cette \u00e9pid\u00e9mie d\u2019Ebola le 1<sup>er<\/sup>\u00a0aout 2018, le cumul des cas est de 3.210, dont 3.096 confirm\u00e9s et 114 probables. Au total, il y a eu 2.146 d\u00e9c\u00e8s (2032 confirm\u00e9s et 114 probables) et 1028 personnes gu\u00e9ries. Actuellement, 455 cas suspects sont en cours d\u2019investigation.<\/p>\n\n\n\n<p>GABRIEL KASHUGUSHU<\/p>\n","protected":false},"excerpt":{"rendered":"<p>Deux nouveaux d\u00e9c\u00e8s et deux nouveaux cas confirm\u00e9s &nbsp;d\u2019Ebola ont \u00e9t\u00e9 enregistr\u00e9s &nbsp;jeudi dans les centres de traitement d\u2019Ebola (CTE) \u00e0 Mabalako dans la province du&nbsp; Nord-Kivu&nbsp; et \u00e0 Mandima<\/p>\n","protected":false},"author":14,"featured_media":4315,"comment_status":"open","ping_status":"open","sticky":false,"template":"","format":"standard","meta":{"footnotes":""},"categories":[29],"tags":[],"class_list":["post-5426","post","type-post","status-publish","format-standard","has-post-thumbnail","hentry","category-sante"],"yoast_head":"<!-- This site is optimized with the Yoast SEO plugin v27.5 - https:\/\/yoast.com\/product\/yoast-seo-wordpress\/ -->\n<title>Ebola: Deux d\u00e9c\u00e8s et deux nouveaux cas confirm\u00e9s au Nord-Est de la RDC - LES VOLCANS NEWS<\/title>\n<meta name=\"robots\" content=\"index, follow, max-snippet:-1, max-image-preview:large, max-video-preview:-1\" \/>\n<link rel=\"canonical\" href=\"https:\/\/lesvolcansnews.net\/?p=5426\" \/>\n<meta property=\"og:locale\" content=\"fr_FR\" \/>\n<meta property=\"og:type\" content=\"article\" \/>\n<meta property=\"og:title\" content=\"Ebola: Deux d\u00e9c\u00e8s et deux nouveaux cas confirm\u00e9s au Nord-Est de la RDC - LES VOLCANS NEWS\" \/>\n<meta property=\"og:description\" content=\"Deux nouveaux d\u00e9c\u00e8s et deux nouveaux cas confirm\u00e9s &nbsp;d\u2019Ebola ont \u00e9t\u00e9 enregistr\u00e9s &nbsp;jeudi dans les centres de traitement d\u2019Ebola (CTE) \u00e0 Mabalako dans la province du&nbsp; Nord-Kivu&nbsp; et \u00e0 Mandima\" \/>\n<meta property=\"og:url\" content=\"https:\/\/lesvolcansnews.net\/?p=5426\" \/>\n<meta property=\"og:site_name\" content=\"LES VOLCANS NEWS\" \/>\n<meta property=\"article:published_time\" content=\"2019-10-12T11:06:12+00:00\" \/>\n<meta property=\"article:modified_time\" content=\"2019-10-12T11:06:22+00:00\" \/>\n<meta property=\"og:image\" content=\"https:\/\/lesvolcansnews.net\/wp-content\/uploads\/2019\/08\/20190816140218.jpg\" \/>\n\t<meta property=\"og:image:width\" content=\"709\" \/>\n\t<meta property=\"og:image:height\" content=\"400\" \/>\n\t<meta property=\"og:image:type\" content=\"image\/jpeg\" \/>\n<meta name=\"author\" content=\"R\u00e9daction - Les Volcans News\" \/>\n<meta name=\"twitter:card\" content=\"summary_large_image\" \/>\n<meta name=\"twitter:label1\" content=\"\u00c9crit par\" \/>\n\t<meta name=\"twitter:data1\" content=\"R\u00e9daction - Les Volcans News\" \/>\n\t<meta name=\"twitter:label2\" content=\"Dur\u00e9e de lecture estim\u00e9e\" \/>\n\t<meta name=\"twitter:data2\" content=\"1 minute\" \/>\n<script type=\"application\/ld+json\" class=\"yoast-schema-graph\">{\"@context\":\"https:\\\/\\\/schema.org\",\"@graph\":[{\"@type\":\"Article\",\"@id\":\"https:\\\/\\\/lesvolcansnews.net\\\/?p=5426#article\",\"isPartOf\":{\"@id\":\"https:\\\/\\\/lesvolcansnews.net\\\/?p=5426\"},\"author\":{\"name\":\"R\u00e9daction - Les Volcans News\",\"@id\":\"https:\\\/\\\/lesvolcansnews.net\\\/#\\\/schema\\\/person\\\/82c8bed2e77879ecf6cca63441f57354\"},\"headline\":\"Ebola: Deux d\u00e9c\u00e8s et deux nouveaux cas confirm\u00e9s au Nord-Est de la RDC\",\"datePublished\":\"2019-10-12T11:06:12+00:00\",\"dateModified\":\"2019-10-12T11:06:22+00:00\",\"mainEntityOfPage\":{\"@id\":\"https:\\\/\\\/lesvolcansnews.net\\\/?p=5426\"},\"wordCount\":147,\"commentCount\":0,\"image\":{\"@id\":\"https:\\\/\\\/lesvolcansnews.net\\\/?p=5426#primaryimage\"},\"thumbnailUrl\":\"https:\\\/\\\/lesvolcansnews.net\\\/wp-content\\\/uploads\\\/2019\\\/08\\\/20190816140218.jpg\",\"articleSection\":[\"SANT\u00c9\"],\"inLanguage\":\"fr-FR\",\"potentialAction\":[{\"@type\":\"CommentAction\",\"name\":\"Comment\",\"target\":[\"https:\\\/\\\/lesvolcansnews.net\\\/?p=5426#respond\"]}]},{\"@type\":\"WebPage\",\"@id\":\"https:\\\/\\\/lesvolcansnews.net\\\/?p=5426\",\"url\":\"https:\\\/\\\/lesvolcansnews.net\\\/?p=5426\",\"name\":\"Ebola: Deux d\u00e9c\u00e8s et deux nouveaux cas confirm\u00e9s au Nord-Est de la RDC - LES VOLCANS NEWS\",\"isPartOf\":{\"@id\":\"https:\\\/\\\/lesvolcansnews.net\\\/#website\"},\"primaryImageOfPage\":{\"@id\":\"https:\\\/\\\/lesvolcansnews.net\\\/?p=5426#primaryimage\"},\"image\":{\"@id\":\"https:\\\/\\\/lesvolcansnews.net\\\/?p=5426#primaryimage\"},\"thumbnailUrl\":\"https:\\\/\\\/lesvolcansnews.net\\\/wp-content\\\/uploads\\\/2019\\\/08\\\/20190816140218.jpg\",\"datePublished\":\"2019-10-12T11:06:12+00:00\",\"dateModified\":\"2019-10-12T11:06:22+00:00\",\"author\":{\"@id\":\"https:\\\/\\\/lesvolcansnews.net\\\/#\\\/schema\\\/person\\\/82c8bed2e77879ecf6cca63441f57354\"},\"breadcrumb\":{\"@id\":\"https:\\\/\\\/lesvolcansnews.net\\\/?p=5426#breadcrumb\"},\"inLanguage\":\"fr-FR\",\"potentialAction\":[{\"@type\":\"ReadAction\",\"target\":[\"https:\\\/\\\/lesvolcansnews.net\\\/?p=5426\"]}]},{\"@type\":\"ImageObject\",\"inLanguage\":\"fr-FR\",\"@id\":\"https:\\\/\\\/lesvolcansnews.net\\\/?p=5426#primaryimage\",\"url\":\"https:\\\/\\\/lesvolcansnews.net\\\/wp-content\\\/uploads\\\/2019\\\/08\\\/20190816140218.jpg\",\"contentUrl\":\"https:\\\/\\\/lesvolcansnews.net\\\/wp-content\\\/uploads\\\/2019\\\/08\\\/20190816140218.jpg\",\"width\":709,\"height\":400},{\"@type\":\"BreadcrumbList\",\"@id\":\"https:\\\/\\\/lesvolcansnews.net\\\/?p=5426#breadcrumb\",\"itemListElement\":[{\"@type\":\"ListItem\",\"position\":1,\"name\":\"Accueil\",\"item\":\"https:\\\/\\\/lesvolcansnews.net\\\/\"},{\"@type\":\"ListItem\",\"position\":2,\"name\":\"Ebola: Deux d\u00e9c\u00e8s et deux nouveaux cas confirm\u00e9s au Nord-Est de la RDC\"}]},{\"@type\":\"WebSite\",\"@id\":\"https:\\\/\\\/lesvolcansnews.net\\\/#website\",\"url\":\"https:\\\/\\\/lesvolcansnews.net\\\/\",\"name\":\"LES VOLCANS NEWS\",\"description\":\"L&#039;INFORMATION C&#039;EST NOUS\",\"potentialAction\":[{\"@type\":\"SearchAction\",\"target\":{\"@type\":\"EntryPoint\",\"urlTemplate\":\"https:\\\/\\\/lesvolcansnews.net\\\/?s={search_term_string}\"},\"query-input\":{\"@type\":\"PropertyValueSpecification\",\"valueRequired\":true,\"valueName\":\"search_term_string\"}}],\"inLanguage\":\"fr-FR\"},{\"@type\":\"Person\",\"@id\":\"https:\\\/\\\/lesvolcansnews.net\\\/#\\\/schema\\\/person\\\/82c8bed2e77879ecf6cca63441f57354\",\"name\":\"R\u00e9daction - Les Volcans News\",\"image\":{\"@type\":\"ImageObject\",\"inLanguage\":\"fr-FR\",\"@id\":\"https:\\\/\\\/secure.gravatar.com\\\/avatar\\\/8408942dd851e8a9c09f3d382a661bc05d2b3cd9002139bc1795b9528cdc6c80?s=96&d=mm&r=g\",\"url\":\"https:\\\/\\\/secure.gravatar.com\\\/avatar\\\/8408942dd851e8a9c09f3d382a661bc05d2b3cd9002139bc1795b9528cdc6c80?s=96&d=mm&r=g\",\"contentUrl\":\"https:\\\/\\\/secure.gravatar.com\\\/avatar\\\/8408942dd851e8a9c09f3d382a661bc05d2b3cd9002139bc1795b9528cdc6c80?s=96&d=mm&r=g\",\"caption\":\"R\u00e9daction - Les Volcans News\"},\"url\":\"https:\\\/\\\/lesvolcansnews.net\\\/?author=14\"}]}<\/script>\n<!-- \/ Yoast SEO plugin. -->","yoast_head_json":{"title":"Ebola: Deux d\u00e9c\u00e8s et deux nouveaux cas confirm\u00e9s au Nord-Est de la RDC - LES VOLCANS NEWS","robots":{"index":"index","follow":"follow","max-snippet":"max-snippet:-1","max-image-preview":"max-image-preview:large","max-video-preview":"max-video-preview:-1"},"canonical":"https:\/\/lesvolcansnews.net\/?p=5426","og_locale":"fr_FR","og_type":"article","og_title":"Ebola: Deux d\u00e9c\u00e8s et deux nouveaux cas confirm\u00e9s au Nord-Est de la RDC - LES VOLCANS NEWS","og_description":"Deux nouveaux d\u00e9c\u00e8s et deux nouveaux cas confirm\u00e9s &nbsp;d\u2019Ebola ont \u00e9t\u00e9 enregistr\u00e9s &nbsp;jeudi dans les centres de traitement d\u2019Ebola (CTE) \u00e0 Mabalako dans la province du&nbsp; Nord-Kivu&nbsp; et \u00e0 Mandima","og_url":"https:\/\/lesvolcansnews.net\/?p=5426","og_site_name":"LES VOLCANS NEWS","article_published_time":"2019-10-12T11:06:12+00:00","article_modified_time":"2019-10-12T11:06:22+00:00","og_image":[{"width":709,"height":400,"url":"https:\/\/lesvolcansnews.net\/wp-content\/uploads\/2019\/08\/20190816140218.jpg","type":"image\/jpeg"}],"author":"R\u00e9daction - Les Volcans News","twitter_card":"summary_large_image","twitter_misc":{"\u00c9crit par":"R\u00e9daction - Les Volcans News","Dur\u00e9e de lecture estim\u00e9e":"1 minute"},"schema":{"@context":"https:\/\/schema.org","@graph":[{"@type":"Article","@id":"https:\/\/lesvolcansnews.net\/?p=5426#article","isPartOf":{"@id":"https:\/\/lesvolcansnews.net\/?p=5426"},"author":{"name":"R\u00e9daction - Les Volcans News","@id":"https:\/\/lesvolcansnews.net\/#\/schema\/person\/82c8bed2e77879ecf6cca63441f57354"},"headline":"Ebola: Deux d\u00e9c\u00e8s et deux nouveaux cas confirm\u00e9s au Nord-Est de la RDC","datePublished":"2019-10-12T11:06:12+00:00","dateModified":"2019-10-12T11:06:22+00:00","mainEntityOfPage":{"@id":"https:\/\/lesvolcansnews.net\/?p=5426"},"wordCount":147,"commentCount":0,"image":{"@id":"https:\/\/lesvolcansnews.net\/?p=5426#primaryimage"},"thumbnailUrl":"https:\/\/lesvolcansnews.net\/wp-content\/uploads\/2019\/08\/20190816140218.jpg","articleSection":["SANT\u00c9"],"inLanguage":"fr-FR","potentialAction":[{"@type":"CommentAction","name":"Comment","target":["https:\/\/lesvolcansnews.net\/?p=5426#respond"]}]},{"@type":"WebPage","@id":"https:\/\/lesvolcansnews.net\/?p=5426","url":"https:\/\/lesvolcansnews.net\/?p=5426","name":"Ebola: Deux d\u00e9c\u00e8s et deux nouveaux cas confirm\u00e9s au Nord-Est de la RDC - LES VOLCANS NEWS","isPartOf":{"@id":"https:\/\/lesvolcansnews.net\/#website"},"primaryImageOfPage":{"@id":"https:\/\/lesvolcansnews.net\/?p=5426#primaryimage"},"image":{"@id":"https:\/\/lesvolcansnews.net\/?p=5426#primaryimage"},"thumbnailUrl":"https:\/\/lesvolcansnews.net\/wp-content\/uploads\/2019\/08\/20190816140218.jpg","datePublished":"2019-10-12T11:06:12+00:00","dateModified":"2019-10-12T11:06:22+00:00","author":{"@id":"https:\/\/lesvolcansnews.net\/#\/schema\/person\/82c8bed2e77879ecf6cca63441f57354"},"breadcrumb":{"@id":"https:\/\/lesvolcansnews.net\/?p=5426#breadcrumb"},"inLanguage":"fr-FR","potentialAction":[{"@type":"ReadAction","target":["https:\/\/lesvolcansnews.net\/?p=5426"]}]},{"@type":"ImageObject","inLanguage":"fr-FR","@id":"https:\/\/lesvolcansnews.net\/?p=5426#primaryimage","url":"https:\/\/lesvolcansnews.net\/wp-content\/uploads\/2019\/08\/20190816140218.jpg","contentUrl":"https:\/\/lesvolcansnews.net\/wp-content\/uploads\/2019\/08\/20190816140218.jpg","width":709,"height":400},{"@type":"BreadcrumbList","@id":"https:\/\/lesvolcansnews.net\/?p=5426#breadcrumb","itemListElement":[{"@type":"ListItem","position":1,"name":"Accueil","item":"https:\/\/lesvolcansnews.net\/"},{"@type":"ListItem","position":2,"name":"Ebola: Deux d\u00e9c\u00e8s et deux nouveaux cas confirm\u00e9s au Nord-Est de la RDC"}]},{"@type":"WebSite","@id":"https:\/\/lesvolcansnews.net\/#website","url":"https:\/\/lesvolcansnews.net\/","name":"LES VOLCANS NEWS","description":"L&#039;INFORMATION C&#039;EST NOUS","potentialAction":[{"@type":"SearchAction","target":{"@type":"EntryPoint","urlTemplate":"https:\/\/lesvolcansnews.net\/?s={search_term_string}"},"query-input":{"@type":"PropertyValueSpecification","valueRequired":true,"valueName":"search_term_string"}}],"inLanguage":"fr-FR"},{"@type":"Person","@id":"https:\/\/lesvolcansnews.net\/#\/schema\/person\/82c8bed2e77879ecf6cca63441f57354","name":"R\u00e9daction - Les Volcans News","image":{"@type":"ImageObject","inLanguage":"fr-FR","@id":"https:\/\/secure.gravatar.com\/avatar\/8408942dd851e8a9c09f3d382a661bc05d2b3cd9002139bc1795b9528cdc6c80?s=96&d=mm&r=g","url":"https:\/\/secure.gravatar.com\/avatar\/8408942dd851e8a9c09f3d382a661bc05d2b3cd9002139bc1795b9528cdc6c80?s=96&d=mm&r=g","contentUrl":"https:\/\/secure.gravatar.com\/avatar\/8408942dd851e8a9c09f3d382a661bc05d2b3cd9002139bc1795b9528cdc6c80?s=96&d=mm&r=g","caption":"R\u00e9daction - Les Volcans News"},"url":"https:\/\/lesvolcansnews.net\/?author=14"}]}},"_links":{"self":[{"href":"https:\/\/lesvolcansnews.net\/index.php?rest_route=\/wp\/v2\/posts\/5426","targetHints":{"allow":["GET"]}}],"collection":[{"href":"https:\/\/lesvolcansnews.net\/index.php?rest_route=\/wp\/v2\/posts"}],"about":[{"href":"https:\/\/lesvolcansnews.net\/index.php?rest_route=\/wp\/v2\/types\/post"}],"author":[{"embeddable":true,"href":"https:\/\/lesvolcansnews.net\/index.php?rest_route=\/wp\/v2\/users\/14"}],"replies":[{"embeddable":true,"href":"https:\/\/lesvolcansnews.net\/index.php?rest_route=%2Fwp%2Fv2%2Fcomments&post=5426"}],"version-history":[{"count":1,"href":"https:\/\/lesvolcansnews.net\/index.php?rest_route=\/wp\/v2\/posts\/5426\/revisions"}],"predecessor-version":[{"id":5427,"href":"https:\/\/lesvolcansnews.net\/index.php?rest_route=\/wp\/v2\/posts\/5426\/revisions\/5427"}],"wp:featuredmedia":[{"embeddable":true,"href":"https:\/\/lesvolcansnews.net\/index.php?rest_route=\/wp\/v2\/media\/4315"}],"wp:attachment":[{"href":"https:\/\/lesvolcansnews.net\/index.php?rest_route=%2Fwp%2Fv2%2Fmedia&parent=5426"}],"wp:term":[{"taxonomy":"category","embeddable":true,"href":"https:\/\/lesvolcansnews.net\/index.php?rest_route=%2Fwp%2Fv2%2Fcategories&post=5426"},{"taxonomy":"post_tag","embeddable":true,"href":"https:\/\/lesvolcansnews.net\/index.php?rest_route=%2Fwp%2Fv2%2Ftags&post=5426"}],"curies":[{"name":"wp","href":"https:\/\/api.w.org\/{rel}","templated":true}]}}