{"id":5180,"date":"2019-10-03T06:07:42","date_gmt":"2019-10-03T06:07:42","guid":{"rendered":"http:\/\/lesvolcansnews.net\/?p=5180"},"modified":"2019-10-03T06:13:59","modified_gmt":"2019-10-03T06:13:59","slug":"goma-certains-enseignants-des-ecoles-conventionnees-catholiques-optent-pour-la-greve-ce-jeudi","status":"publish","type":"post","link":"https:\/\/lesvolcansnews.net\/?p=5180","title":{"rendered":"Goma: Certains enseignants des \u00e9coles conventionn\u00e9es catholiques optent pour la gr\u00e8ve ce jeudi"},"content":{"rendered":"\n<p>Malgr\u00e9 le refus de la gr\u00e8ve projet\u00e9e par les enseignants pour jeudi 03octobre, le mouvement de gr\u00e8ve vient d&#8217;\u00eatre d\u00e9clench\u00e9 par les professionnels de la craie des \u00e9coles conventionn\u00e9es catholiques en ville de goma le matin de ce jeudi en d\u00e9saccord avec le Syncat. <\/p>\n\n\n\n<p>Certains \u00e9tablissements renvoient les enfants \u00e0 la maison depuis les petites heures du matin comme l&#8217;ont fait les enseignants des \u00e9coles protestantes le mercredi dernier. <\/p>\n\n\n\n<p>les enseignants des \u00e9coles catholiques dont le lyc\u00e9e sainte Ursule joignent les multiples revendications de leurs coll\u00e8gues qui demandent au gouvernement  la m\u00e9canisation de tous les enseignants ainsi que la majoration et la paie de leur salaire du mois de septembre 2019.<\/p>\n\n\n\n<p>Les \u00e9coles ont opt\u00e9 pour cette gr\u00e8ve au moment o\u00f9 leur syndicat l&#8217;a interdit lors de l&#8217;Assembl\u00e9e g\u00e9n\u00e9rale tenue par les syndicalistes, le mercredi 02 octobre au coll\u00e8ge Mwanga . <\/p>\n\n\n\n<p>G<em>abriel KASHUGUSHU<\/em><\/p>\n\n\n\n<p><\/p>\n","protected":false},"excerpt":{"rendered":"<p>Malgr\u00e9 le refus de la gr\u00e8ve projet\u00e9e par les enseignants pour jeudi 03octobre, le mouvement de gr\u00e8ve vient d&#8217;\u00eatre d\u00e9clench\u00e9 par les professionnels de la craie des \u00e9coles conventionn\u00e9es catholiques<\/p>\n","protected":false},"author":14,"featured_media":5179,"comment_status":"open","ping_status":"open","sticky":false,"template":"","format":"standard","meta":{"footnotes":""},"categories":[30],"tags":[],"class_list":["post-5180","post","type-post","status-publish","format-standard","has-post-thumbnail","hentry","category-education"],"yoast_head":"<!-- This site is optimized with the Yoast SEO plugin v27.5 - https:\/\/yoast.com\/product\/yoast-seo-wordpress\/ -->\n<title>Goma: Certains enseignants des \u00e9coles conventionn\u00e9es catholiques optent pour la gr\u00e8ve ce jeudi - LES VOLCANS NEWS<\/title>\n<meta name=\"robots\" content=\"index, follow, max-snippet:-1, max-image-preview:large, max-video-preview:-1\" \/>\n<link rel=\"canonical\" href=\"https:\/\/lesvolcansnews.net\/?p=5180\" \/>\n<meta property=\"og:locale\" content=\"fr_FR\" \/>\n<meta property=\"og:type\" content=\"article\" \/>\n<meta property=\"og:title\" content=\"Goma: Certains enseignants des \u00e9coles conventionn\u00e9es catholiques optent pour la gr\u00e8ve ce jeudi - LES VOLCANS NEWS\" \/>\n<meta property=\"og:description\" content=\"Malgr\u00e9 le refus de la gr\u00e8ve projet\u00e9e par les enseignants pour jeudi 03octobre, le mouvement de gr\u00e8ve vient d&#8217;\u00eatre d\u00e9clench\u00e9 par les professionnels de la craie des \u00e9coles conventionn\u00e9es catholiques\" \/>\n<meta property=\"og:url\" content=\"https:\/\/lesvolcansnews.net\/?p=5180\" \/>\n<meta property=\"og:site_name\" content=\"LES VOLCANS NEWS\" \/>\n<meta property=\"article:published_time\" content=\"2019-10-03T06:07:42+00:00\" \/>\n<meta property=\"article:modified_time\" content=\"2019-10-03T06:13:59+00:00\" \/>\n<meta property=\"og:image\" content=\"https:\/\/lesvolcansnews.net\/wp-content\/uploads\/2019\/10\/img_20191003_063141630244618.jpg\" \/>\n\t<meta property=\"og:image:width\" content=\"3000\" \/>\n\t<meta property=\"og:image:height\" content=\"2250\" \/>\n\t<meta property=\"og:image:type\" content=\"image\/jpeg\" \/>\n<meta name=\"author\" content=\"R\u00e9daction - Les Volcans News\" \/>\n<meta name=\"twitter:card\" content=\"summary_large_image\" \/>\n<meta name=\"twitter:label1\" content=\"\u00c9crit par\" \/>\n\t<meta name=\"twitter:data1\" content=\"R\u00e9daction - Les Volcans News\" \/>\n\t<meta name=\"twitter:label2\" content=\"Dur\u00e9e de lecture estim\u00e9e\" \/>\n\t<meta name=\"twitter:data2\" content=\"1 minute\" \/>\n<script type=\"application\/ld+json\" class=\"yoast-schema-graph\">{\"@context\":\"https:\\\/\\\/schema.org\",\"@graph\":[{\"@type\":\"Article\",\"@id\":\"https:\\\/\\\/lesvolcansnews.net\\\/?p=5180#article\",\"isPartOf\":{\"@id\":\"https:\\\/\\\/lesvolcansnews.net\\\/?p=5180\"},\"author\":{\"name\":\"R\u00e9daction - Les Volcans News\",\"@id\":\"https:\\\/\\\/lesvolcansnews.net\\\/#\\\/schema\\\/person\\\/82c8bed2e77879ecf6cca63441f57354\"},\"headline\":\"Goma: Certains enseignants des \u00e9coles conventionn\u00e9es catholiques optent pour la gr\u00e8ve ce jeudi\",\"datePublished\":\"2019-10-03T06:07:42+00:00\",\"dateModified\":\"2019-10-03T06:13:59+00:00\",\"mainEntityOfPage\":{\"@id\":\"https:\\\/\\\/lesvolcansnews.net\\\/?p=5180\"},\"wordCount\":172,\"commentCount\":0,\"image\":{\"@id\":\"https:\\\/\\\/lesvolcansnews.net\\\/?p=5180#primaryimage\"},\"thumbnailUrl\":\"https:\\\/\\\/lesvolcansnews.net\\\/wp-content\\\/uploads\\\/2019\\\/10\\\/img_20191003_063141630244618.jpg\",\"articleSection\":[\"\u00c9DUCATION\"],\"inLanguage\":\"fr-FR\",\"potentialAction\":[{\"@type\":\"CommentAction\",\"name\":\"Comment\",\"target\":[\"https:\\\/\\\/lesvolcansnews.net\\\/?p=5180#respond\"]}]},{\"@type\":\"WebPage\",\"@id\":\"https:\\\/\\\/lesvolcansnews.net\\\/?p=5180\",\"url\":\"https:\\\/\\\/lesvolcansnews.net\\\/?p=5180\",\"name\":\"Goma: Certains enseignants des \u00e9coles conventionn\u00e9es catholiques optent pour la gr\u00e8ve ce jeudi - LES VOLCANS NEWS\",\"isPartOf\":{\"@id\":\"https:\\\/\\\/lesvolcansnews.net\\\/#website\"},\"primaryImageOfPage\":{\"@id\":\"https:\\\/\\\/lesvolcansnews.net\\\/?p=5180#primaryimage\"},\"image\":{\"@id\":\"https:\\\/\\\/lesvolcansnews.net\\\/?p=5180#primaryimage\"},\"thumbnailUrl\":\"https:\\\/\\\/lesvolcansnews.net\\\/wp-content\\\/uploads\\\/2019\\\/10\\\/img_20191003_063141630244618.jpg\",\"datePublished\":\"2019-10-03T06:07:42+00:00\",\"dateModified\":\"2019-10-03T06:13:59+00:00\",\"author\":{\"@id\":\"https:\\\/\\\/lesvolcansnews.net\\\/#\\\/schema\\\/person\\\/82c8bed2e77879ecf6cca63441f57354\"},\"breadcrumb\":{\"@id\":\"https:\\\/\\\/lesvolcansnews.net\\\/?p=5180#breadcrumb\"},\"inLanguage\":\"fr-FR\",\"potentialAction\":[{\"@type\":\"ReadAction\",\"target\":[\"https:\\\/\\\/lesvolcansnews.net\\\/?p=5180\"]}]},{\"@type\":\"ImageObject\",\"inLanguage\":\"fr-FR\",\"@id\":\"https:\\\/\\\/lesvolcansnews.net\\\/?p=5180#primaryimage\",\"url\":\"https:\\\/\\\/lesvolcansnews.net\\\/wp-content\\\/uploads\\\/2019\\\/10\\\/img_20191003_063141630244618.jpg\",\"contentUrl\":\"https:\\\/\\\/lesvolcansnews.net\\\/wp-content\\\/uploads\\\/2019\\\/10\\\/img_20191003_063141630244618.jpg\",\"width\":3000,\"height\":2250},{\"@type\":\"BreadcrumbList\",\"@id\":\"https:\\\/\\\/lesvolcansnews.net\\\/?p=5180#breadcrumb\",\"itemListElement\":[{\"@type\":\"ListItem\",\"position\":1,\"name\":\"Accueil\",\"item\":\"https:\\\/\\\/lesvolcansnews.net\\\/\"},{\"@type\":\"ListItem\",\"position\":2,\"name\":\"Goma: Certains enseignants des \u00e9coles conventionn\u00e9es catholiques optent pour la gr\u00e8ve ce jeudi\"}]},{\"@type\":\"WebSite\",\"@id\":\"https:\\\/\\\/lesvolcansnews.net\\\/#website\",\"url\":\"https:\\\/\\\/lesvolcansnews.net\\\/\",\"name\":\"LES VOLCANS NEWS\",\"description\":\"L&#039;INFORMATION C&#039;EST NOUS\",\"potentialAction\":[{\"@type\":\"SearchAction\",\"target\":{\"@type\":\"EntryPoint\",\"urlTemplate\":\"https:\\\/\\\/lesvolcansnews.net\\\/?s={search_term_string}\"},\"query-input\":{\"@type\":\"PropertyValueSpecification\",\"valueRequired\":true,\"valueName\":\"search_term_string\"}}],\"inLanguage\":\"fr-FR\"},{\"@type\":\"Person\",\"@id\":\"https:\\\/\\\/lesvolcansnews.net\\\/#\\\/schema\\\/person\\\/82c8bed2e77879ecf6cca63441f57354\",\"name\":\"R\u00e9daction - Les Volcans News\",\"image\":{\"@type\":\"ImageObject\",\"inLanguage\":\"fr-FR\",\"@id\":\"https:\\\/\\\/secure.gravatar.com\\\/avatar\\\/8408942dd851e8a9c09f3d382a661bc05d2b3cd9002139bc1795b9528cdc6c80?s=96&d=mm&r=g\",\"url\":\"https:\\\/\\\/secure.gravatar.com\\\/avatar\\\/8408942dd851e8a9c09f3d382a661bc05d2b3cd9002139bc1795b9528cdc6c80?s=96&d=mm&r=g\",\"contentUrl\":\"https:\\\/\\\/secure.gravatar.com\\\/avatar\\\/8408942dd851e8a9c09f3d382a661bc05d2b3cd9002139bc1795b9528cdc6c80?s=96&d=mm&r=g\",\"caption\":\"R\u00e9daction - Les Volcans News\"},\"url\":\"https:\\\/\\\/lesvolcansnews.net\\\/?author=14\"}]}<\/script>\n<!-- \/ Yoast SEO plugin. -->","yoast_head_json":{"title":"Goma: Certains enseignants des \u00e9coles conventionn\u00e9es catholiques optent pour la gr\u00e8ve ce jeudi - LES VOLCANS NEWS","robots":{"index":"index","follow":"follow","max-snippet":"max-snippet:-1","max-image-preview":"max-image-preview:large","max-video-preview":"max-video-preview:-1"},"canonical":"https:\/\/lesvolcansnews.net\/?p=5180","og_locale":"fr_FR","og_type":"article","og_title":"Goma: Certains enseignants des \u00e9coles conventionn\u00e9es catholiques optent pour la gr\u00e8ve ce jeudi - LES VOLCANS NEWS","og_description":"Malgr\u00e9 le refus de la gr\u00e8ve projet\u00e9e par les enseignants pour jeudi 03octobre, le mouvement de gr\u00e8ve vient d&#8217;\u00eatre d\u00e9clench\u00e9 par les professionnels de la craie des \u00e9coles conventionn\u00e9es catholiques","og_url":"https:\/\/lesvolcansnews.net\/?p=5180","og_site_name":"LES VOLCANS NEWS","article_published_time":"2019-10-03T06:07:42+00:00","article_modified_time":"2019-10-03T06:13:59+00:00","og_image":[{"width":3000,"height":2250,"url":"https:\/\/lesvolcansnews.net\/wp-content\/uploads\/2019\/10\/img_20191003_063141630244618.jpg","type":"image\/jpeg"}],"author":"R\u00e9daction - Les Volcans News","twitter_card":"summary_large_image","twitter_misc":{"\u00c9crit par":"R\u00e9daction - Les Volcans News","Dur\u00e9e de lecture estim\u00e9e":"1 minute"},"schema":{"@context":"https:\/\/schema.org","@graph":[{"@type":"Article","@id":"https:\/\/lesvolcansnews.net\/?p=5180#article","isPartOf":{"@id":"https:\/\/lesvolcansnews.net\/?p=5180"},"author":{"name":"R\u00e9daction - Les Volcans News","@id":"https:\/\/lesvolcansnews.net\/#\/schema\/person\/82c8bed2e77879ecf6cca63441f57354"},"headline":"Goma: Certains enseignants des \u00e9coles conventionn\u00e9es catholiques optent pour la gr\u00e8ve ce jeudi","datePublished":"2019-10-03T06:07:42+00:00","dateModified":"2019-10-03T06:13:59+00:00","mainEntityOfPage":{"@id":"https:\/\/lesvolcansnews.net\/?p=5180"},"wordCount":172,"commentCount":0,"image":{"@id":"https:\/\/lesvolcansnews.net\/?p=5180#primaryimage"},"thumbnailUrl":"https:\/\/lesvolcansnews.net\/wp-content\/uploads\/2019\/10\/img_20191003_063141630244618.jpg","articleSection":["\u00c9DUCATION"],"inLanguage":"fr-FR","potentialAction":[{"@type":"CommentAction","name":"Comment","target":["https:\/\/lesvolcansnews.net\/?p=5180#respond"]}]},{"@type":"WebPage","@id":"https:\/\/lesvolcansnews.net\/?p=5180","url":"https:\/\/lesvolcansnews.net\/?p=5180","name":"Goma: Certains enseignants des \u00e9coles conventionn\u00e9es catholiques optent pour la gr\u00e8ve ce jeudi - LES VOLCANS NEWS","isPartOf":{"@id":"https:\/\/lesvolcansnews.net\/#website"},"primaryImageOfPage":{"@id":"https:\/\/lesvolcansnews.net\/?p=5180#primaryimage"},"image":{"@id":"https:\/\/lesvolcansnews.net\/?p=5180#primaryimage"},"thumbnailUrl":"https:\/\/lesvolcansnews.net\/wp-content\/uploads\/2019\/10\/img_20191003_063141630244618.jpg","datePublished":"2019-10-03T06:07:42+00:00","dateModified":"2019-10-03T06:13:59+00:00","author":{"@id":"https:\/\/lesvolcansnews.net\/#\/schema\/person\/82c8bed2e77879ecf6cca63441f57354"},"breadcrumb":{"@id":"https:\/\/lesvolcansnews.net\/?p=5180#breadcrumb"},"inLanguage":"fr-FR","potentialAction":[{"@type":"ReadAction","target":["https:\/\/lesvolcansnews.net\/?p=5180"]}]},{"@type":"ImageObject","inLanguage":"fr-FR","@id":"https:\/\/lesvolcansnews.net\/?p=5180#primaryimage","url":"https:\/\/lesvolcansnews.net\/wp-content\/uploads\/2019\/10\/img_20191003_063141630244618.jpg","contentUrl":"https:\/\/lesvolcansnews.net\/wp-content\/uploads\/2019\/10\/img_20191003_063141630244618.jpg","width":3000,"height":2250},{"@type":"BreadcrumbList","@id":"https:\/\/lesvolcansnews.net\/?p=5180#breadcrumb","itemListElement":[{"@type":"ListItem","position":1,"name":"Accueil","item":"https:\/\/lesvolcansnews.net\/"},{"@type":"ListItem","position":2,"name":"Goma: Certains enseignants des \u00e9coles conventionn\u00e9es catholiques optent pour la gr\u00e8ve ce jeudi"}]},{"@type":"WebSite","@id":"https:\/\/lesvolcansnews.net\/#website","url":"https:\/\/lesvolcansnews.net\/","name":"LES VOLCANS NEWS","description":"L&#039;INFORMATION C&#039;EST NOUS","potentialAction":[{"@type":"SearchAction","target":{"@type":"EntryPoint","urlTemplate":"https:\/\/lesvolcansnews.net\/?s={search_term_string}"},"query-input":{"@type":"PropertyValueSpecification","valueRequired":true,"valueName":"search_term_string"}}],"inLanguage":"fr-FR"},{"@type":"Person","@id":"https:\/\/lesvolcansnews.net\/#\/schema\/person\/82c8bed2e77879ecf6cca63441f57354","name":"R\u00e9daction - Les Volcans News","image":{"@type":"ImageObject","inLanguage":"fr-FR","@id":"https:\/\/secure.gravatar.com\/avatar\/8408942dd851e8a9c09f3d382a661bc05d2b3cd9002139bc1795b9528cdc6c80?s=96&d=mm&r=g","url":"https:\/\/secure.gravatar.com\/avatar\/8408942dd851e8a9c09f3d382a661bc05d2b3cd9002139bc1795b9528cdc6c80?s=96&d=mm&r=g","contentUrl":"https:\/\/secure.gravatar.com\/avatar\/8408942dd851e8a9c09f3d382a661bc05d2b3cd9002139bc1795b9528cdc6c80?s=96&d=mm&r=g","caption":"R\u00e9daction - Les Volcans News"},"url":"https:\/\/lesvolcansnews.net\/?author=14"}]}},"_links":{"self":[{"href":"https:\/\/lesvolcansnews.net\/index.php?rest_route=\/wp\/v2\/posts\/5180","targetHints":{"allow":["GET"]}}],"collection":[{"href":"https:\/\/lesvolcansnews.net\/index.php?rest_route=\/wp\/v2\/posts"}],"about":[{"href":"https:\/\/lesvolcansnews.net\/index.php?rest_route=\/wp\/v2\/types\/post"}],"author":[{"embeddable":true,"href":"https:\/\/lesvolcansnews.net\/index.php?rest_route=\/wp\/v2\/users\/14"}],"replies":[{"embeddable":true,"href":"https:\/\/lesvolcansnews.net\/index.php?rest_route=%2Fwp%2Fv2%2Fcomments&post=5180"}],"version-history":[{"count":2,"href":"https:\/\/lesvolcansnews.net\/index.php?rest_route=\/wp\/v2\/posts\/5180\/revisions"}],"predecessor-version":[{"id":5182,"href":"https:\/\/lesvolcansnews.net\/index.php?rest_route=\/wp\/v2\/posts\/5180\/revisions\/5182"}],"wp:featuredmedia":[{"embeddable":true,"href":"https:\/\/lesvolcansnews.net\/index.php?rest_route=\/wp\/v2\/media\/5179"}],"wp:attachment":[{"href":"https:\/\/lesvolcansnews.net\/index.php?rest_route=%2Fwp%2Fv2%2Fmedia&parent=5180"}],"wp:term":[{"taxonomy":"category","embeddable":true,"href":"https:\/\/lesvolcansnews.net\/index.php?rest_route=%2Fwp%2Fv2%2Fcategories&post=5180"},{"taxonomy":"post_tag","embeddable":true,"href":"https:\/\/lesvolcansnews.net\/index.php?rest_route=%2Fwp%2Fv2%2Ftags&post=5180"}],"curies":[{"name":"wp","href":"https:\/\/api.w.org\/{rel}","templated":true}]}}