{"id":5060,"date":"2019-09-25T18:40:18","date_gmt":"2019-09-25T18:40:18","guid":{"rendered":"http:\/\/lesvolcansnews.net\/?p=5060"},"modified":"2019-09-25T18:40:34","modified_gmt":"2019-09-25T18:40:34","slug":"ebola-la-zone-de-sante-de-mambasa-en-ituri-enregistre-un-nouveau-cas-probable%ef%bb%bf","status":"publish","type":"post","link":"https:\/\/lesvolcansnews.net\/?p=5060","title":{"rendered":"Ebola : la zone de sant\u00e9 de Mambasa en Ituri enregistre un nouveau cas probable\ufeff"},"content":{"rendered":"\n<p><br><\/p>\n\n\n\n<p>La zone de sant\u00e9 de Mambasa en Ituri au\nNord-Est de la RDC a enregistr\u00e9 un nouveau cas probable de maladie \u00e0 virus\nEbola (MVE) valid\u00e9 mardi dans cette zone &nbsp;, rapporte le bulletin quotidien sur la\nsituation \u00e9pid\u00e9miologique de cette maladie. <\/p>\n\n\n\n<p>Le sujet porteur est d\u2019une,\ntradipraticienne de 39 ans, d\u00e9c\u00e9d\u00e9e dans l\u2019aire de sant\u00e9 Salama au quartier\nMadidi. La patiente n\u2019a pas \u00e9t\u00e9 list\u00e9e comme contact et n\u2019a pas \u00e9t\u00e9 vaccin\u00e9e. La\ndame a d\u00e9velopp\u00e9 les signes de la maladie (la fi\u00e8vre, les c\u00e9phal\u00e9es, l\u2019anorexie\net les douleurs thoraciques) le 1<sup>er<\/sup>&nbsp;septembre&nbsp;2019,\navec comme date de p\u00e9riode d\u2019exposition du 15 au 28 ao\u00fbt 2019.<\/p>\n\n\n\n<p>La porteuse a us\u00e9 par la suite&nbsp; de\nl\u2019autom\u00e9dication \u00e0 domicile du 1<sup>er<\/sup>&nbsp;au 03\nseptembre et a \u00e9t\u00e9 hospitalis\u00e9e du 04 au 06 septembre au Centre m\u00e9dical\nSaint-Pierre. L\u2019alerte a \u00e9t\u00e9 lanc\u00e9e le 04 septembre 2019 suite \u00e0 l\u2019alt\u00e9ration\nde la conscience de la patiente, motif m\u00eame de consultation \u00e0 Saint-Pierre. La\npatiente a \u00e9t\u00e9 investigu\u00e9e et valid\u00e9e, mais la famille a cat\u00e9goriquement refus\u00e9\nson transfert vers le centre de traitement d\u2019Ebola (CTE). La persuasion n\u2019a pas\n\u00e9t\u00e9 aboutie.<\/p>\n\n\n\n<p>La patiente a \u00e9t\u00e9 ramen\u00e9e par sa famille \u00e0 domicile le 06 septembre, o\u00f9\nelle&nbsp;est d\u00e9c\u00e9d\u00e9e vers 22 heures.&nbsp; Le pr\u00e9l\u00e8vement buccal et\nl\u2019enterrement digne et s\u00e9curis\u00e9 n\u2019ont pas eu lieu par refus de sa famille.\nCette femme \u00e9tait en contact avec l\u2019une de ses&nbsp; patients d\u00e9c\u00e9d\u00e9e le 18\nao\u00fbt 2019 qu\u2019elle avait soign\u00e9 le 16 ao\u00fbt 2019. Elle avait refus\u00e9 le listage.<\/p>\n\n\n\n<p>Jusqu\u2019ici, 45 contacts sont list\u00e9s autour de cette tradipraticienne, dont 3 devenus suspects et confirm\u00e9s positifs \u00e0 la maladie \u00e0 virus Ebola. Il s\u2019agit de son \u00e9poux, sa m\u00e8re et de son fils, tous admis au centre de traitement d\u2019Ebola (CTE) \u00e0 Komanda.<\/p>\n\n\n\n<p><\/p>\n\n\n\n<p><strong><em>la R\u00e9daction <\/em><\/strong><\/p>\n","protected":false},"excerpt":{"rendered":"<p>La zone de sant\u00e9 de Mambasa en Ituri au Nord-Est de la RDC a enregistr\u00e9 un nouveau cas probable de maladie \u00e0 virus Ebola (MVE) valid\u00e9 mardi dans cette zone<\/p>\n","protected":false},"author":14,"featured_media":4562,"comment_status":"open","ping_status":"open","sticky":false,"template":"","format":"standard","meta":{"footnotes":""},"categories":[29],"tags":[],"class_list":["post-5060","post","type-post","status-publish","format-standard","has-post-thumbnail","hentry","category-sante"],"yoast_head":"<!-- This site is optimized with the Yoast SEO plugin v27.5 - https:\/\/yoast.com\/product\/yoast-seo-wordpress\/ -->\n<title>Ebola : la zone de sant\u00e9 de Mambasa en Ituri enregistre un nouveau cas probable\ufeff - LES VOLCANS NEWS<\/title>\n<meta name=\"robots\" content=\"index, follow, max-snippet:-1, max-image-preview:large, max-video-preview:-1\" \/>\n<link rel=\"canonical\" href=\"https:\/\/lesvolcansnews.net\/?p=5060\" \/>\n<meta property=\"og:locale\" content=\"fr_FR\" \/>\n<meta property=\"og:type\" content=\"article\" \/>\n<meta property=\"og:title\" content=\"Ebola : la zone de sant\u00e9 de Mambasa en Ituri enregistre un nouveau cas probable\ufeff - LES VOLCANS NEWS\" \/>\n<meta property=\"og:description\" content=\"La zone de sant\u00e9 de Mambasa en Ituri au Nord-Est de la RDC a enregistr\u00e9 un nouveau cas probable de maladie \u00e0 virus Ebola (MVE) valid\u00e9 mardi dans cette zone\" \/>\n<meta property=\"og:url\" content=\"https:\/\/lesvolcansnews.net\/?p=5060\" \/>\n<meta property=\"og:site_name\" content=\"LES VOLCANS NEWS\" \/>\n<meta property=\"article:published_time\" content=\"2019-09-25T18:40:18+00:00\" \/>\n<meta property=\"article:modified_time\" content=\"2019-09-25T18:40:34+00:00\" \/>\n<meta property=\"og:image\" content=\"https:\/\/lesvolcansnews.net\/wp-content\/uploads\/2019\/08\/IMG-20190830-WA0091.jpg\" \/>\n\t<meta property=\"og:image:width\" content=\"500\" \/>\n\t<meta property=\"og:image:height\" content=\"333\" \/>\n\t<meta property=\"og:image:type\" content=\"image\/jpeg\" \/>\n<meta name=\"author\" content=\"R\u00e9daction - Les Volcans News\" \/>\n<meta name=\"twitter:card\" content=\"summary_large_image\" \/>\n<meta name=\"twitter:label1\" content=\"\u00c9crit par\" \/>\n\t<meta name=\"twitter:data1\" content=\"R\u00e9daction - Les Volcans News\" \/>\n\t<meta name=\"twitter:label2\" content=\"Dur\u00e9e de lecture estim\u00e9e\" \/>\n\t<meta name=\"twitter:data2\" content=\"2 minutes\" \/>\n<script type=\"application\/ld+json\" class=\"yoast-schema-graph\">{\"@context\":\"https:\\\/\\\/schema.org\",\"@graph\":[{\"@type\":\"Article\",\"@id\":\"https:\\\/\\\/lesvolcansnews.net\\\/?p=5060#article\",\"isPartOf\":{\"@id\":\"https:\\\/\\\/lesvolcansnews.net\\\/?p=5060\"},\"author\":{\"name\":\"R\u00e9daction - Les Volcans News\",\"@id\":\"https:\\\/\\\/lesvolcansnews.net\\\/#\\\/schema\\\/person\\\/82c8bed2e77879ecf6cca63441f57354\"},\"headline\":\"Ebola : la zone de sant\u00e9 de Mambasa en Ituri enregistre un nouveau cas probable\ufeff\",\"datePublished\":\"2019-09-25T18:40:18+00:00\",\"dateModified\":\"2019-09-25T18:40:34+00:00\",\"mainEntityOfPage\":{\"@id\":\"https:\\\/\\\/lesvolcansnews.net\\\/?p=5060\"},\"wordCount\":346,\"commentCount\":0,\"image\":{\"@id\":\"https:\\\/\\\/lesvolcansnews.net\\\/?p=5060#primaryimage\"},\"thumbnailUrl\":\"https:\\\/\\\/lesvolcansnews.net\\\/wp-content\\\/uploads\\\/2019\\\/08\\\/IMG-20190830-WA0091.jpg\",\"articleSection\":[\"SANT\u00c9\"],\"inLanguage\":\"fr-FR\",\"potentialAction\":[{\"@type\":\"CommentAction\",\"name\":\"Comment\",\"target\":[\"https:\\\/\\\/lesvolcansnews.net\\\/?p=5060#respond\"]}]},{\"@type\":\"WebPage\",\"@id\":\"https:\\\/\\\/lesvolcansnews.net\\\/?p=5060\",\"url\":\"https:\\\/\\\/lesvolcansnews.net\\\/?p=5060\",\"name\":\"Ebola : la zone de sant\u00e9 de Mambasa en Ituri enregistre un nouveau cas probable\ufeff - LES VOLCANS NEWS\",\"isPartOf\":{\"@id\":\"https:\\\/\\\/lesvolcansnews.net\\\/#website\"},\"primaryImageOfPage\":{\"@id\":\"https:\\\/\\\/lesvolcansnews.net\\\/?p=5060#primaryimage\"},\"image\":{\"@id\":\"https:\\\/\\\/lesvolcansnews.net\\\/?p=5060#primaryimage\"},\"thumbnailUrl\":\"https:\\\/\\\/lesvolcansnews.net\\\/wp-content\\\/uploads\\\/2019\\\/08\\\/IMG-20190830-WA0091.jpg\",\"datePublished\":\"2019-09-25T18:40:18+00:00\",\"dateModified\":\"2019-09-25T18:40:34+00:00\",\"author\":{\"@id\":\"https:\\\/\\\/lesvolcansnews.net\\\/#\\\/schema\\\/person\\\/82c8bed2e77879ecf6cca63441f57354\"},\"breadcrumb\":{\"@id\":\"https:\\\/\\\/lesvolcansnews.net\\\/?p=5060#breadcrumb\"},\"inLanguage\":\"fr-FR\",\"potentialAction\":[{\"@type\":\"ReadAction\",\"target\":[\"https:\\\/\\\/lesvolcansnews.net\\\/?p=5060\"]}]},{\"@type\":\"ImageObject\",\"inLanguage\":\"fr-FR\",\"@id\":\"https:\\\/\\\/lesvolcansnews.net\\\/?p=5060#primaryimage\",\"url\":\"https:\\\/\\\/lesvolcansnews.net\\\/wp-content\\\/uploads\\\/2019\\\/08\\\/IMG-20190830-WA0091.jpg\",\"contentUrl\":\"https:\\\/\\\/lesvolcansnews.net\\\/wp-content\\\/uploads\\\/2019\\\/08\\\/IMG-20190830-WA0091.jpg\",\"width\":500,\"height\":333},{\"@type\":\"BreadcrumbList\",\"@id\":\"https:\\\/\\\/lesvolcansnews.net\\\/?p=5060#breadcrumb\",\"itemListElement\":[{\"@type\":\"ListItem\",\"position\":1,\"name\":\"Accueil\",\"item\":\"https:\\\/\\\/lesvolcansnews.net\\\/\"},{\"@type\":\"ListItem\",\"position\":2,\"name\":\"Ebola : la zone de sant\u00e9 de Mambasa en Ituri enregistre un nouveau cas probable\ufeff\"}]},{\"@type\":\"WebSite\",\"@id\":\"https:\\\/\\\/lesvolcansnews.net\\\/#website\",\"url\":\"https:\\\/\\\/lesvolcansnews.net\\\/\",\"name\":\"LES VOLCANS NEWS\",\"description\":\"L&#039;INFORMATION C&#039;EST NOUS\",\"potentialAction\":[{\"@type\":\"SearchAction\",\"target\":{\"@type\":\"EntryPoint\",\"urlTemplate\":\"https:\\\/\\\/lesvolcansnews.net\\\/?s={search_term_string}\"},\"query-input\":{\"@type\":\"PropertyValueSpecification\",\"valueRequired\":true,\"valueName\":\"search_term_string\"}}],\"inLanguage\":\"fr-FR\"},{\"@type\":\"Person\",\"@id\":\"https:\\\/\\\/lesvolcansnews.net\\\/#\\\/schema\\\/person\\\/82c8bed2e77879ecf6cca63441f57354\",\"name\":\"R\u00e9daction - Les Volcans News\",\"image\":{\"@type\":\"ImageObject\",\"inLanguage\":\"fr-FR\",\"@id\":\"https:\\\/\\\/secure.gravatar.com\\\/avatar\\\/8408942dd851e8a9c09f3d382a661bc05d2b3cd9002139bc1795b9528cdc6c80?s=96&d=mm&r=g\",\"url\":\"https:\\\/\\\/secure.gravatar.com\\\/avatar\\\/8408942dd851e8a9c09f3d382a661bc05d2b3cd9002139bc1795b9528cdc6c80?s=96&d=mm&r=g\",\"contentUrl\":\"https:\\\/\\\/secure.gravatar.com\\\/avatar\\\/8408942dd851e8a9c09f3d382a661bc05d2b3cd9002139bc1795b9528cdc6c80?s=96&d=mm&r=g\",\"caption\":\"R\u00e9daction - Les Volcans News\"},\"url\":\"https:\\\/\\\/lesvolcansnews.net\\\/?author=14\"}]}<\/script>\n<!-- \/ Yoast SEO plugin. -->","yoast_head_json":{"title":"Ebola : la zone de sant\u00e9 de Mambasa en Ituri enregistre un nouveau cas probable\ufeff - LES VOLCANS NEWS","robots":{"index":"index","follow":"follow","max-snippet":"max-snippet:-1","max-image-preview":"max-image-preview:large","max-video-preview":"max-video-preview:-1"},"canonical":"https:\/\/lesvolcansnews.net\/?p=5060","og_locale":"fr_FR","og_type":"article","og_title":"Ebola : la zone de sant\u00e9 de Mambasa en Ituri enregistre un nouveau cas probable\ufeff - LES VOLCANS NEWS","og_description":"La zone de sant\u00e9 de Mambasa en Ituri au Nord-Est de la RDC a enregistr\u00e9 un nouveau cas probable de maladie \u00e0 virus Ebola (MVE) valid\u00e9 mardi dans cette zone","og_url":"https:\/\/lesvolcansnews.net\/?p=5060","og_site_name":"LES VOLCANS NEWS","article_published_time":"2019-09-25T18:40:18+00:00","article_modified_time":"2019-09-25T18:40:34+00:00","og_image":[{"width":500,"height":333,"url":"https:\/\/lesvolcansnews.net\/wp-content\/uploads\/2019\/08\/IMG-20190830-WA0091.jpg","type":"image\/jpeg"}],"author":"R\u00e9daction - Les Volcans News","twitter_card":"summary_large_image","twitter_misc":{"\u00c9crit par":"R\u00e9daction - Les Volcans News","Dur\u00e9e de lecture estim\u00e9e":"2 minutes"},"schema":{"@context":"https:\/\/schema.org","@graph":[{"@type":"Article","@id":"https:\/\/lesvolcansnews.net\/?p=5060#article","isPartOf":{"@id":"https:\/\/lesvolcansnews.net\/?p=5060"},"author":{"name":"R\u00e9daction - Les Volcans News","@id":"https:\/\/lesvolcansnews.net\/#\/schema\/person\/82c8bed2e77879ecf6cca63441f57354"},"headline":"Ebola : la zone de sant\u00e9 de Mambasa en Ituri enregistre un nouveau cas probable\ufeff","datePublished":"2019-09-25T18:40:18+00:00","dateModified":"2019-09-25T18:40:34+00:00","mainEntityOfPage":{"@id":"https:\/\/lesvolcansnews.net\/?p=5060"},"wordCount":346,"commentCount":0,"image":{"@id":"https:\/\/lesvolcansnews.net\/?p=5060#primaryimage"},"thumbnailUrl":"https:\/\/lesvolcansnews.net\/wp-content\/uploads\/2019\/08\/IMG-20190830-WA0091.jpg","articleSection":["SANT\u00c9"],"inLanguage":"fr-FR","potentialAction":[{"@type":"CommentAction","name":"Comment","target":["https:\/\/lesvolcansnews.net\/?p=5060#respond"]}]},{"@type":"WebPage","@id":"https:\/\/lesvolcansnews.net\/?p=5060","url":"https:\/\/lesvolcansnews.net\/?p=5060","name":"Ebola : la zone de sant\u00e9 de Mambasa en Ituri enregistre un nouveau cas probable\ufeff - LES VOLCANS NEWS","isPartOf":{"@id":"https:\/\/lesvolcansnews.net\/#website"},"primaryImageOfPage":{"@id":"https:\/\/lesvolcansnews.net\/?p=5060#primaryimage"},"image":{"@id":"https:\/\/lesvolcansnews.net\/?p=5060#primaryimage"},"thumbnailUrl":"https:\/\/lesvolcansnews.net\/wp-content\/uploads\/2019\/08\/IMG-20190830-WA0091.jpg","datePublished":"2019-09-25T18:40:18+00:00","dateModified":"2019-09-25T18:40:34+00:00","author":{"@id":"https:\/\/lesvolcansnews.net\/#\/schema\/person\/82c8bed2e77879ecf6cca63441f57354"},"breadcrumb":{"@id":"https:\/\/lesvolcansnews.net\/?p=5060#breadcrumb"},"inLanguage":"fr-FR","potentialAction":[{"@type":"ReadAction","target":["https:\/\/lesvolcansnews.net\/?p=5060"]}]},{"@type":"ImageObject","inLanguage":"fr-FR","@id":"https:\/\/lesvolcansnews.net\/?p=5060#primaryimage","url":"https:\/\/lesvolcansnews.net\/wp-content\/uploads\/2019\/08\/IMG-20190830-WA0091.jpg","contentUrl":"https:\/\/lesvolcansnews.net\/wp-content\/uploads\/2019\/08\/IMG-20190830-WA0091.jpg","width":500,"height":333},{"@type":"BreadcrumbList","@id":"https:\/\/lesvolcansnews.net\/?p=5060#breadcrumb","itemListElement":[{"@type":"ListItem","position":1,"name":"Accueil","item":"https:\/\/lesvolcansnews.net\/"},{"@type":"ListItem","position":2,"name":"Ebola : la zone de sant\u00e9 de Mambasa en Ituri enregistre un nouveau cas probable\ufeff"}]},{"@type":"WebSite","@id":"https:\/\/lesvolcansnews.net\/#website","url":"https:\/\/lesvolcansnews.net\/","name":"LES VOLCANS NEWS","description":"L&#039;INFORMATION C&#039;EST NOUS","potentialAction":[{"@type":"SearchAction","target":{"@type":"EntryPoint","urlTemplate":"https:\/\/lesvolcansnews.net\/?s={search_term_string}"},"query-input":{"@type":"PropertyValueSpecification","valueRequired":true,"valueName":"search_term_string"}}],"inLanguage":"fr-FR"},{"@type":"Person","@id":"https:\/\/lesvolcansnews.net\/#\/schema\/person\/82c8bed2e77879ecf6cca63441f57354","name":"R\u00e9daction - Les Volcans News","image":{"@type":"ImageObject","inLanguage":"fr-FR","@id":"https:\/\/secure.gravatar.com\/avatar\/8408942dd851e8a9c09f3d382a661bc05d2b3cd9002139bc1795b9528cdc6c80?s=96&d=mm&r=g","url":"https:\/\/secure.gravatar.com\/avatar\/8408942dd851e8a9c09f3d382a661bc05d2b3cd9002139bc1795b9528cdc6c80?s=96&d=mm&r=g","contentUrl":"https:\/\/secure.gravatar.com\/avatar\/8408942dd851e8a9c09f3d382a661bc05d2b3cd9002139bc1795b9528cdc6c80?s=96&d=mm&r=g","caption":"R\u00e9daction - Les Volcans News"},"url":"https:\/\/lesvolcansnews.net\/?author=14"}]}},"_links":{"self":[{"href":"https:\/\/lesvolcansnews.net\/index.php?rest_route=\/wp\/v2\/posts\/5060","targetHints":{"allow":["GET"]}}],"collection":[{"href":"https:\/\/lesvolcansnews.net\/index.php?rest_route=\/wp\/v2\/posts"}],"about":[{"href":"https:\/\/lesvolcansnews.net\/index.php?rest_route=\/wp\/v2\/types\/post"}],"author":[{"embeddable":true,"href":"https:\/\/lesvolcansnews.net\/index.php?rest_route=\/wp\/v2\/users\/14"}],"replies":[{"embeddable":true,"href":"https:\/\/lesvolcansnews.net\/index.php?rest_route=%2Fwp%2Fv2%2Fcomments&post=5060"}],"version-history":[{"count":1,"href":"https:\/\/lesvolcansnews.net\/index.php?rest_route=\/wp\/v2\/posts\/5060\/revisions"}],"predecessor-version":[{"id":5061,"href":"https:\/\/lesvolcansnews.net\/index.php?rest_route=\/wp\/v2\/posts\/5060\/revisions\/5061"}],"wp:featuredmedia":[{"embeddable":true,"href":"https:\/\/lesvolcansnews.net\/index.php?rest_route=\/wp\/v2\/media\/4562"}],"wp:attachment":[{"href":"https:\/\/lesvolcansnews.net\/index.php?rest_route=%2Fwp%2Fv2%2Fmedia&parent=5060"}],"wp:term":[{"taxonomy":"category","embeddable":true,"href":"https:\/\/lesvolcansnews.net\/index.php?rest_route=%2Fwp%2Fv2%2Fcategories&post=5060"},{"taxonomy":"post_tag","embeddable":true,"href":"https:\/\/lesvolcansnews.net\/index.php?rest_route=%2Fwp%2Fv2%2Ftags&post=5060"}],"curies":[{"name":"wp","href":"https:\/\/api.w.org\/{rel}","templated":true}]}}