{"id":4975,"date":"2019-09-22T15:29:58","date_gmt":"2019-09-22T15:29:58","guid":{"rendered":"http:\/\/lesvolcansnews.net\/?p=4975"},"modified":"2019-09-22T15:31:34","modified_gmt":"2019-09-22T15:31:34","slug":"ebola-3160-cas-enregistres-au-nord-est-de-la-rdc","status":"publish","type":"post","link":"https:\/\/lesvolcansnews.net\/?p=4975","title":{"rendered":"EBOLA:  3 160 cas enregistr\u00e9s au Nord-Est de la RDC"},"content":{"rendered":"\n<p><\/p>\n\n\n\n<p>Depuis la d\u00e9claration de cette \u00e9pid\u00e9mie d\u2019Ebola le 1er aout 2018, le cumul des cas est actuellement de 3.160, dont 3.049 confirm\u00e9s et 111 probables, rapporte le bulletin quotidien sur la situation \u00e9pid\u00e9miologique de cette maladie parvenu dimanche \u00e0 lesvolcansnews.net.<\/p>\n\n\n\n<p>Au total, il y a eu 2.114 d\u00e9c\u00e8s (2003 confirm\u00e9s et 111\nprobables) et 973 personnes gu\u00e9ries. Actuellement, 491 cas suspects sont en\ncours d\u2019investigation. <\/p>\n\n\n\n<p>Selon ce bulletin, sept malades d\u2019Ebola ont \u00e9t\u00e9 gu\u00e9ris\net sortis samedi des centres de traitement d\u2019Ebola (CTE) au Nord-Est de la RDC,\ndont six \u00e0 Komanda en Ituri et un \u00e0 Beni au Nord-Kivu. Le document indique que,\ntrois nouveaux cas confirm\u00e9s ont \u00e9t\u00e9 \u00e9galement enregistr\u00e9s le m\u00eame samedi, dont\nun Beni, un \u00e0 Mambasa et un \u00e0 Mandima. Il y a eu aussi trois nouveaux d\u00e9c\u00e8s de\ncas confirm\u00e9s, dont deux \u00e0 Komanda et un \u00e0 Katwa. Notons qu\u2019aucun d\u00e9c\u00e8s\ncommunautaire n\u2019a \u00e9t\u00e9 notifi\u00e9 parmi les cas confirm\u00e9s.<\/p>\n\n\n\n<p>Le seul vaccin utilis\u00e9 dans cette \u00e9pid\u00e9mie,\nrappelle-t-on, est le vaccin rVSV-ZEBOV, fabriqu\u00e9 par le groupe pharmaceutique\nMerck, apr\u00e8s approbation du Comit\u00e9 d\u2019\u00c9thique dans sa d\u00e9cision du 20 mai 2018.\nDe ce fait, la RDC a d\u00e9j\u00e0 vaccin\u00e9 225.492 personnes parmi lesquelles les\nprestataires de soin, les contacts et les contacts des contacts de malades.<\/p>\n\n\n\n<p>Depuis le d\u00e9but de l\u2019\u00e9pid\u00e9mie, le cumul des voyageurs contr\u00f4l\u00e9s (prise de temp\u00e9rature) aux points de contr\u00f4le sanitaire est de 96.653.362. A ce jour,&nbsp; 111 points d\u2019entr\u00e9e et de contr\u00f4le sanitaire ont \u00e9t\u00e9\u0301 mis en place dans les provinces du Nord-Kivu et de l\u2019Ituri afin de prot\u00e9ger les grandes villes du pays et d\u2019\u00e9viter la propagation de l\u2019\u00e9pid\u00e9mie dans les pays voisins.<\/p>\n\n\n\n<p>Cizungu GABRIEL<\/p>\n","protected":false},"excerpt":{"rendered":"<p>Depuis la d\u00e9claration de cette \u00e9pid\u00e9mie d\u2019Ebola le 1er aout 2018, le cumul des cas est actuellement de 3.160, dont 3.049 confirm\u00e9s et 111 probables, rapporte le bulletin quotidien sur<\/p>\n","protected":false},"author":14,"featured_media":0,"comment_status":"open","ping_status":"open","sticky":false,"template":"","format":"standard","meta":{"footnotes":""},"categories":[29],"tags":[],"class_list":["post-4975","post","type-post","status-publish","format-standard","hentry","category-sante"],"yoast_head":"<!-- This site is optimized with the Yoast SEO plugin v27.3 - https:\/\/yoast.com\/product\/yoast-seo-wordpress\/ -->\n<title>EBOLA: 3 160 cas enregistr\u00e9s au Nord-Est de la RDC - LES VOLCANS NEWS<\/title>\n<meta name=\"robots\" content=\"index, follow, max-snippet:-1, max-image-preview:large, max-video-preview:-1\" \/>\n<link rel=\"canonical\" href=\"https:\/\/lesvolcansnews.net\/?p=4975\" \/>\n<meta property=\"og:locale\" content=\"fr_FR\" \/>\n<meta property=\"og:type\" content=\"article\" \/>\n<meta property=\"og:title\" content=\"EBOLA: 3 160 cas enregistr\u00e9s au Nord-Est de la RDC - LES VOLCANS NEWS\" \/>\n<meta property=\"og:description\" content=\"Depuis la d\u00e9claration de cette \u00e9pid\u00e9mie d\u2019Ebola le 1er aout 2018, le cumul des cas est actuellement de 3.160, dont 3.049 confirm\u00e9s et 111 probables, rapporte le bulletin quotidien sur\" \/>\n<meta property=\"og:url\" content=\"https:\/\/lesvolcansnews.net\/?p=4975\" \/>\n<meta property=\"og:site_name\" content=\"LES VOLCANS NEWS\" \/>\n<meta property=\"article:published_time\" content=\"2019-09-22T15:29:58+00:00\" \/>\n<meta property=\"article:modified_time\" content=\"2019-09-22T15:31:34+00:00\" \/>\n<meta name=\"author\" content=\"R\u00e9daction - Les Volcans News\" \/>\n<meta name=\"twitter:card\" content=\"summary_large_image\" \/>\n<meta name=\"twitter:label1\" content=\"\u00c9crit par\" \/>\n\t<meta name=\"twitter:data1\" content=\"R\u00e9daction - Les Volcans News\" \/>\n\t<meta name=\"twitter:label2\" content=\"Dur\u00e9e de lecture estim\u00e9e\" \/>\n\t<meta name=\"twitter:data2\" content=\"1 minute\" \/>\n<script type=\"application\/ld+json\" class=\"yoast-schema-graph\">{\"@context\":\"https:\\\/\\\/schema.org\",\"@graph\":[{\"@type\":\"Article\",\"@id\":\"https:\\\/\\\/lesvolcansnews.net\\\/?p=4975#article\",\"isPartOf\":{\"@id\":\"https:\\\/\\\/lesvolcansnews.net\\\/?p=4975\"},\"author\":{\"name\":\"R\u00e9daction - Les Volcans News\",\"@id\":\"https:\\\/\\\/lesvolcansnews.net\\\/#\\\/schema\\\/person\\\/82c8bed2e77879ecf6cca63441f57354\"},\"headline\":\"EBOLA: 3 160 cas enregistr\u00e9s au Nord-Est de la RDC\",\"datePublished\":\"2019-09-22T15:29:58+00:00\",\"dateModified\":\"2019-09-22T15:31:34+00:00\",\"mainEntityOfPage\":{\"@id\":\"https:\\\/\\\/lesvolcansnews.net\\\/?p=4975\"},\"wordCount\":308,\"commentCount\":0,\"articleSection\":[\"SANT\u00c9\"],\"inLanguage\":\"fr-FR\",\"potentialAction\":[{\"@type\":\"CommentAction\",\"name\":\"Comment\",\"target\":[\"https:\\\/\\\/lesvolcansnews.net\\\/?p=4975#respond\"]}]},{\"@type\":\"WebPage\",\"@id\":\"https:\\\/\\\/lesvolcansnews.net\\\/?p=4975\",\"url\":\"https:\\\/\\\/lesvolcansnews.net\\\/?p=4975\",\"name\":\"EBOLA: 3 160 cas enregistr\u00e9s au Nord-Est de la RDC - LES VOLCANS NEWS\",\"isPartOf\":{\"@id\":\"https:\\\/\\\/lesvolcansnews.net\\\/#website\"},\"datePublished\":\"2019-09-22T15:29:58+00:00\",\"dateModified\":\"2019-09-22T15:31:34+00:00\",\"author\":{\"@id\":\"https:\\\/\\\/lesvolcansnews.net\\\/#\\\/schema\\\/person\\\/82c8bed2e77879ecf6cca63441f57354\"},\"breadcrumb\":{\"@id\":\"https:\\\/\\\/lesvolcansnews.net\\\/?p=4975#breadcrumb\"},\"inLanguage\":\"fr-FR\",\"potentialAction\":[{\"@type\":\"ReadAction\",\"target\":[\"https:\\\/\\\/lesvolcansnews.net\\\/?p=4975\"]}]},{\"@type\":\"BreadcrumbList\",\"@id\":\"https:\\\/\\\/lesvolcansnews.net\\\/?p=4975#breadcrumb\",\"itemListElement\":[{\"@type\":\"ListItem\",\"position\":1,\"name\":\"Accueil\",\"item\":\"https:\\\/\\\/lesvolcansnews.net\\\/\"},{\"@type\":\"ListItem\",\"position\":2,\"name\":\"EBOLA: 3 160 cas enregistr\u00e9s au Nord-Est de la RDC\"}]},{\"@type\":\"WebSite\",\"@id\":\"https:\\\/\\\/lesvolcansnews.net\\\/#website\",\"url\":\"https:\\\/\\\/lesvolcansnews.net\\\/\",\"name\":\"LES VOLCANS NEWS\",\"description\":\"L&#039;INFORMATION C&#039;EST NOUS\",\"potentialAction\":[{\"@type\":\"SearchAction\",\"target\":{\"@type\":\"EntryPoint\",\"urlTemplate\":\"https:\\\/\\\/lesvolcansnews.net\\\/?s={search_term_string}\"},\"query-input\":{\"@type\":\"PropertyValueSpecification\",\"valueRequired\":true,\"valueName\":\"search_term_string\"}}],\"inLanguage\":\"fr-FR\"},{\"@type\":\"Person\",\"@id\":\"https:\\\/\\\/lesvolcansnews.net\\\/#\\\/schema\\\/person\\\/82c8bed2e77879ecf6cca63441f57354\",\"name\":\"R\u00e9daction - Les Volcans News\",\"image\":{\"@type\":\"ImageObject\",\"inLanguage\":\"fr-FR\",\"@id\":\"https:\\\/\\\/secure.gravatar.com\\\/avatar\\\/8408942dd851e8a9c09f3d382a661bc05d2b3cd9002139bc1795b9528cdc6c80?s=96&d=mm&r=g\",\"url\":\"https:\\\/\\\/secure.gravatar.com\\\/avatar\\\/8408942dd851e8a9c09f3d382a661bc05d2b3cd9002139bc1795b9528cdc6c80?s=96&d=mm&r=g\",\"contentUrl\":\"https:\\\/\\\/secure.gravatar.com\\\/avatar\\\/8408942dd851e8a9c09f3d382a661bc05d2b3cd9002139bc1795b9528cdc6c80?s=96&d=mm&r=g\",\"caption\":\"R\u00e9daction - Les Volcans News\"},\"url\":\"https:\\\/\\\/lesvolcansnews.net\\\/?author=14\"}]}<\/script>\n<!-- \/ Yoast SEO plugin. -->","yoast_head_json":{"title":"EBOLA: 3 160 cas enregistr\u00e9s au Nord-Est de la RDC - LES VOLCANS NEWS","robots":{"index":"index","follow":"follow","max-snippet":"max-snippet:-1","max-image-preview":"max-image-preview:large","max-video-preview":"max-video-preview:-1"},"canonical":"https:\/\/lesvolcansnews.net\/?p=4975","og_locale":"fr_FR","og_type":"article","og_title":"EBOLA: 3 160 cas enregistr\u00e9s au Nord-Est de la RDC - LES VOLCANS NEWS","og_description":"Depuis la d\u00e9claration de cette \u00e9pid\u00e9mie d\u2019Ebola le 1er aout 2018, le cumul des cas est actuellement de 3.160, dont 3.049 confirm\u00e9s et 111 probables, rapporte le bulletin quotidien sur","og_url":"https:\/\/lesvolcansnews.net\/?p=4975","og_site_name":"LES VOLCANS NEWS","article_published_time":"2019-09-22T15:29:58+00:00","article_modified_time":"2019-09-22T15:31:34+00:00","author":"R\u00e9daction - Les Volcans News","twitter_card":"summary_large_image","twitter_misc":{"\u00c9crit par":"R\u00e9daction - Les Volcans News","Dur\u00e9e de lecture estim\u00e9e":"1 minute"},"schema":{"@context":"https:\/\/schema.org","@graph":[{"@type":"Article","@id":"https:\/\/lesvolcansnews.net\/?p=4975#article","isPartOf":{"@id":"https:\/\/lesvolcansnews.net\/?p=4975"},"author":{"name":"R\u00e9daction - Les Volcans News","@id":"https:\/\/lesvolcansnews.net\/#\/schema\/person\/82c8bed2e77879ecf6cca63441f57354"},"headline":"EBOLA: 3 160 cas enregistr\u00e9s au Nord-Est de la RDC","datePublished":"2019-09-22T15:29:58+00:00","dateModified":"2019-09-22T15:31:34+00:00","mainEntityOfPage":{"@id":"https:\/\/lesvolcansnews.net\/?p=4975"},"wordCount":308,"commentCount":0,"articleSection":["SANT\u00c9"],"inLanguage":"fr-FR","potentialAction":[{"@type":"CommentAction","name":"Comment","target":["https:\/\/lesvolcansnews.net\/?p=4975#respond"]}]},{"@type":"WebPage","@id":"https:\/\/lesvolcansnews.net\/?p=4975","url":"https:\/\/lesvolcansnews.net\/?p=4975","name":"EBOLA: 3 160 cas enregistr\u00e9s au Nord-Est de la RDC - LES VOLCANS NEWS","isPartOf":{"@id":"https:\/\/lesvolcansnews.net\/#website"},"datePublished":"2019-09-22T15:29:58+00:00","dateModified":"2019-09-22T15:31:34+00:00","author":{"@id":"https:\/\/lesvolcansnews.net\/#\/schema\/person\/82c8bed2e77879ecf6cca63441f57354"},"breadcrumb":{"@id":"https:\/\/lesvolcansnews.net\/?p=4975#breadcrumb"},"inLanguage":"fr-FR","potentialAction":[{"@type":"ReadAction","target":["https:\/\/lesvolcansnews.net\/?p=4975"]}]},{"@type":"BreadcrumbList","@id":"https:\/\/lesvolcansnews.net\/?p=4975#breadcrumb","itemListElement":[{"@type":"ListItem","position":1,"name":"Accueil","item":"https:\/\/lesvolcansnews.net\/"},{"@type":"ListItem","position":2,"name":"EBOLA: 3 160 cas enregistr\u00e9s au Nord-Est de la RDC"}]},{"@type":"WebSite","@id":"https:\/\/lesvolcansnews.net\/#website","url":"https:\/\/lesvolcansnews.net\/","name":"LES VOLCANS NEWS","description":"L&#039;INFORMATION C&#039;EST NOUS","potentialAction":[{"@type":"SearchAction","target":{"@type":"EntryPoint","urlTemplate":"https:\/\/lesvolcansnews.net\/?s={search_term_string}"},"query-input":{"@type":"PropertyValueSpecification","valueRequired":true,"valueName":"search_term_string"}}],"inLanguage":"fr-FR"},{"@type":"Person","@id":"https:\/\/lesvolcansnews.net\/#\/schema\/person\/82c8bed2e77879ecf6cca63441f57354","name":"R\u00e9daction - Les Volcans News","image":{"@type":"ImageObject","inLanguage":"fr-FR","@id":"https:\/\/secure.gravatar.com\/avatar\/8408942dd851e8a9c09f3d382a661bc05d2b3cd9002139bc1795b9528cdc6c80?s=96&d=mm&r=g","url":"https:\/\/secure.gravatar.com\/avatar\/8408942dd851e8a9c09f3d382a661bc05d2b3cd9002139bc1795b9528cdc6c80?s=96&d=mm&r=g","contentUrl":"https:\/\/secure.gravatar.com\/avatar\/8408942dd851e8a9c09f3d382a661bc05d2b3cd9002139bc1795b9528cdc6c80?s=96&d=mm&r=g","caption":"R\u00e9daction - Les Volcans News"},"url":"https:\/\/lesvolcansnews.net\/?author=14"}]}},"_links":{"self":[{"href":"https:\/\/lesvolcansnews.net\/index.php?rest_route=\/wp\/v2\/posts\/4975","targetHints":{"allow":["GET"]}}],"collection":[{"href":"https:\/\/lesvolcansnews.net\/index.php?rest_route=\/wp\/v2\/posts"}],"about":[{"href":"https:\/\/lesvolcansnews.net\/index.php?rest_route=\/wp\/v2\/types\/post"}],"author":[{"embeddable":true,"href":"https:\/\/lesvolcansnews.net\/index.php?rest_route=\/wp\/v2\/users\/14"}],"replies":[{"embeddable":true,"href":"https:\/\/lesvolcansnews.net\/index.php?rest_route=%2Fwp%2Fv2%2Fcomments&post=4975"}],"version-history":[{"count":2,"href":"https:\/\/lesvolcansnews.net\/index.php?rest_route=\/wp\/v2\/posts\/4975\/revisions"}],"predecessor-version":[{"id":4977,"href":"https:\/\/lesvolcansnews.net\/index.php?rest_route=\/wp\/v2\/posts\/4975\/revisions\/4977"}],"wp:attachment":[{"href":"https:\/\/lesvolcansnews.net\/index.php?rest_route=%2Fwp%2Fv2%2Fmedia&parent=4975"}],"wp:term":[{"taxonomy":"category","embeddable":true,"href":"https:\/\/lesvolcansnews.net\/index.php?rest_route=%2Fwp%2Fv2%2Fcategories&post=4975"},{"taxonomy":"post_tag","embeddable":true,"href":"https:\/\/lesvolcansnews.net\/index.php?rest_route=%2Fwp%2Fv2%2Ftags&post=4975"}],"curies":[{"name":"wp","href":"https:\/\/api.w.org\/{rel}","templated":true}]}}