{"id":4859,"date":"2019-09-18T12:12:11","date_gmt":"2019-09-18T12:12:11","guid":{"rendered":"http:\/\/lesvolcansnews.net\/?p=4859"},"modified":"2019-09-18T12:18:05","modified_gmt":"2019-09-18T12:18:05","slug":"nord-kivu-le-diocese-de-goma-implique-les-communautes-religieuses-de-base-dans-la-riposte-contre-ebola","status":"publish","type":"post","link":"https:\/\/lesvolcansnews.net\/?p=4859","title":{"rendered":"Nord-Kivu: Le dioc\u00e8se de Goma implique les communaut\u00e9s religieuses de base dans la riposte contre Ebola"},"content":{"rendered":"\n<p><br \/><\/p>\n\n\n\n<p>L&#8217;\u00e9glise catholique a form\u00e9 et sensibilis\u00e9 une centaine de responsables des communaut\u00e9s religieuses de base (watumishi) sur la maladie \u00e0 virus Ebola dans un dialogue communautaire tenu lors d\u2019un atelier de deux jours qui s&#8217;est cl\u00f4tur\u00e9 ce mercredi 18 septembre dans l&#8217;enceinte de l&#8217; Universite Catholique la Sapientia. <\/p>\n\n\n\n<p>&#8220;<em>c&#8217;est un nouveau projet de l&#8217;\u00e9glise catholique \u00e0 travers son service technique, la Caritas Goma, qui vise informer toutes les communaut\u00e9s de base pourqu&#8217;elles aient des connaissances voire des outils n\u00e9cessaires pour lutter et se pr\u00e9venir contre Ebola mais aussi notre second objectif c&#8217;est d&#8217;\u00e9tendre notre action amorc\u00e9e depuis un temps dans toutes les contr\u00e9es de notre province du Nord-Kivu passant par des structures de base de l&#8217;\u00e9glise catholique qui sont partout dans notre province et qui peuvent v\u00e9hiculer ce message aupr\u00e8s des autre<\/em>s&#8221;, a indiqu\u00e9 l&#8217;abb\u00e9 Oswald Musoni, directeur de la Caritas Goma.<\/p>\n\n\n\n<p>Pour sa part, l&#8217;\u00e9v\u00eaque \u00c9m\u00e9rite du dioc\u00e8se de Goma Mgr Faustin Ngabo, pense\nque cet \u00e9v\u00e9nement malheureux peut \u00eatre pr\u00e9vu par Dieu, devrait interpeller tout\nle monde \u00e0 vivre dans l&#8217;unit\u00e9. <\/p>\n\n\n\n<p>&#8221; <em>si Dieu a permis cet\n\u00e9v\u00e9nement,&nbsp; je crois qu&#8217;il voulait aussi\nque cet \u00e9v\u00e9nement qui est malheureux, soit aussi l&#8217;occasion pour nous de penser\nque nous devons toujours vivre ensemble et unis pour parvenir \u00e0 an\u00e9antir ce\nmalheur (Ebola) aussi dans l&#8217;unit\u00e9<\/em> &#8221; s\u2019est exprim\u00e9 Mgr Faustin Ngabo. <\/p>\n\n\n\n<p>A cette occasion, &nbsp;des kits de lavage\nde mains y compris des souliers ch\u00e9rif ont \u00e9t\u00e9 distribu\u00e9s aux responsables de\nchacune des communaut\u00e9s de base de toutes les 27 paroisses qui constituent le\ndioc\u00e8se de Goma, eux qui ont promis \u00e0 leur tour,&nbsp; leur implication en restituant aussi les\nmati\u00e8res apprises durant les deux jours de s\u00e9ance. <\/p>\n\n\n\n<p>Il est \u00e0 rappeler \u00a0que depuis l&#8217;av\u00e8nement de cette maladie en province du Nord Kivu, l&#8217;\u00e9glise catholique par le biais du dioc\u00e8se de GOMA a\u00a0 toujours joint ses efforts \u00e0 ceux des \u00e9quipes de riposte.<\/p>\n\n\n\n<p><\/p>\n\n\n\n<p><strong>Victoire Muliwavyo<\/strong><\/p>\n","protected":false},"excerpt":{"rendered":"<p>L&#8217;\u00e9glise catholique a form\u00e9 et sensibilis\u00e9 une centaine de responsables des communaut\u00e9s religieuses de base (watumishi) sur la maladie \u00e0 virus Ebola dans un dialogue communautaire tenu lors d\u2019un atelier<\/p>\n","protected":false},"author":14,"featured_media":4861,"comment_status":"open","ping_status":"open","sticky":false,"template":"","format":"standard","meta":{"footnotes":""},"categories":[29],"tags":[],"class_list":["post-4859","post","type-post","status-publish","format-standard","has-post-thumbnail","hentry","category-sante"],"yoast_head":"<!-- This site is optimized with the Yoast SEO plugin v27.5 - https:\/\/yoast.com\/product\/yoast-seo-wordpress\/ -->\n<title>Nord-Kivu: Le dioc\u00e8se de Goma implique les communaut\u00e9s religieuses de base dans la riposte contre Ebola - LES VOLCANS NEWS<\/title>\n<meta name=\"robots\" content=\"index, follow, max-snippet:-1, max-image-preview:large, max-video-preview:-1\" \/>\n<link rel=\"canonical\" href=\"https:\/\/lesvolcansnews.net\/?p=4859\" \/>\n<meta property=\"og:locale\" content=\"fr_FR\" \/>\n<meta property=\"og:type\" content=\"article\" \/>\n<meta property=\"og:title\" content=\"Nord-Kivu: Le dioc\u00e8se de Goma implique les communaut\u00e9s religieuses de base dans la riposte contre Ebola - LES VOLCANS NEWS\" \/>\n<meta property=\"og:description\" content=\"L&#8217;\u00e9glise catholique a form\u00e9 et sensibilis\u00e9 une centaine de responsables des communaut\u00e9s religieuses de base (watumishi) sur la maladie \u00e0 virus Ebola dans un dialogue communautaire tenu lors d\u2019un atelier\" \/>\n<meta property=\"og:url\" content=\"https:\/\/lesvolcansnews.net\/?p=4859\" \/>\n<meta property=\"og:site_name\" content=\"LES VOLCANS NEWS\" \/>\n<meta property=\"article:published_time\" content=\"2019-09-18T12:12:11+00:00\" \/>\n<meta property=\"article:modified_time\" content=\"2019-09-18T12:18:05+00:00\" \/>\n<meta property=\"og:image\" content=\"https:\/\/lesvolcansnews.net\/wp-content\/uploads\/2019\/09\/IMG-20190918-WA0040.jpg\" \/>\n\t<meta property=\"og:image:width\" content=\"1080\" \/>\n\t<meta property=\"og:image:height\" content=\"720\" \/>\n\t<meta property=\"og:image:type\" content=\"image\/jpeg\" \/>\n<meta name=\"author\" content=\"R\u00e9daction - Les Volcans News\" \/>\n<meta name=\"twitter:card\" content=\"summary_large_image\" \/>\n<meta name=\"twitter:label1\" content=\"\u00c9crit par\" \/>\n\t<meta name=\"twitter:data1\" content=\"R\u00e9daction - Les Volcans News\" \/>\n\t<meta name=\"twitter:label2\" content=\"Dur\u00e9e de lecture estim\u00e9e\" \/>\n\t<meta name=\"twitter:data2\" content=\"2 minutes\" \/>\n<script type=\"application\/ld+json\" class=\"yoast-schema-graph\">{\"@context\":\"https:\\\/\\\/schema.org\",\"@graph\":[{\"@type\":\"Article\",\"@id\":\"https:\\\/\\\/lesvolcansnews.net\\\/?p=4859#article\",\"isPartOf\":{\"@id\":\"https:\\\/\\\/lesvolcansnews.net\\\/?p=4859\"},\"author\":{\"name\":\"R\u00e9daction - Les Volcans News\",\"@id\":\"https:\\\/\\\/lesvolcansnews.net\\\/#\\\/schema\\\/person\\\/82c8bed2e77879ecf6cca63441f57354\"},\"headline\":\"Nord-Kivu: Le dioc\u00e8se de Goma implique les communaut\u00e9s religieuses de base dans la riposte contre Ebola\",\"datePublished\":\"2019-09-18T12:12:11+00:00\",\"dateModified\":\"2019-09-18T12:18:05+00:00\",\"mainEntityOfPage\":{\"@id\":\"https:\\\/\\\/lesvolcansnews.net\\\/?p=4859\"},\"wordCount\":370,\"commentCount\":0,\"image\":{\"@id\":\"https:\\\/\\\/lesvolcansnews.net\\\/?p=4859#primaryimage\"},\"thumbnailUrl\":\"https:\\\/\\\/lesvolcansnews.net\\\/wp-content\\\/uploads\\\/2019\\\/09\\\/IMG-20190918-WA0040.jpg\",\"articleSection\":[\"SANT\u00c9\"],\"inLanguage\":\"fr-FR\",\"potentialAction\":[{\"@type\":\"CommentAction\",\"name\":\"Comment\",\"target\":[\"https:\\\/\\\/lesvolcansnews.net\\\/?p=4859#respond\"]}]},{\"@type\":\"WebPage\",\"@id\":\"https:\\\/\\\/lesvolcansnews.net\\\/?p=4859\",\"url\":\"https:\\\/\\\/lesvolcansnews.net\\\/?p=4859\",\"name\":\"Nord-Kivu: Le dioc\u00e8se de Goma implique les communaut\u00e9s religieuses de base dans la riposte contre Ebola - LES VOLCANS NEWS\",\"isPartOf\":{\"@id\":\"https:\\\/\\\/lesvolcansnews.net\\\/#website\"},\"primaryImageOfPage\":{\"@id\":\"https:\\\/\\\/lesvolcansnews.net\\\/?p=4859#primaryimage\"},\"image\":{\"@id\":\"https:\\\/\\\/lesvolcansnews.net\\\/?p=4859#primaryimage\"},\"thumbnailUrl\":\"https:\\\/\\\/lesvolcansnews.net\\\/wp-content\\\/uploads\\\/2019\\\/09\\\/IMG-20190918-WA0040.jpg\",\"datePublished\":\"2019-09-18T12:12:11+00:00\",\"dateModified\":\"2019-09-18T12:18:05+00:00\",\"author\":{\"@id\":\"https:\\\/\\\/lesvolcansnews.net\\\/#\\\/schema\\\/person\\\/82c8bed2e77879ecf6cca63441f57354\"},\"breadcrumb\":{\"@id\":\"https:\\\/\\\/lesvolcansnews.net\\\/?p=4859#breadcrumb\"},\"inLanguage\":\"fr-FR\",\"potentialAction\":[{\"@type\":\"ReadAction\",\"target\":[\"https:\\\/\\\/lesvolcansnews.net\\\/?p=4859\"]}]},{\"@type\":\"ImageObject\",\"inLanguage\":\"fr-FR\",\"@id\":\"https:\\\/\\\/lesvolcansnews.net\\\/?p=4859#primaryimage\",\"url\":\"https:\\\/\\\/lesvolcansnews.net\\\/wp-content\\\/uploads\\\/2019\\\/09\\\/IMG-20190918-WA0040.jpg\",\"contentUrl\":\"https:\\\/\\\/lesvolcansnews.net\\\/wp-content\\\/uploads\\\/2019\\\/09\\\/IMG-20190918-WA0040.jpg\",\"width\":1080,\"height\":720},{\"@type\":\"BreadcrumbList\",\"@id\":\"https:\\\/\\\/lesvolcansnews.net\\\/?p=4859#breadcrumb\",\"itemListElement\":[{\"@type\":\"ListItem\",\"position\":1,\"name\":\"Accueil\",\"item\":\"https:\\\/\\\/lesvolcansnews.net\\\/\"},{\"@type\":\"ListItem\",\"position\":2,\"name\":\"Nord-Kivu: Le dioc\u00e8se de Goma implique les communaut\u00e9s religieuses de base dans la riposte contre Ebola\"}]},{\"@type\":\"WebSite\",\"@id\":\"https:\\\/\\\/lesvolcansnews.net\\\/#website\",\"url\":\"https:\\\/\\\/lesvolcansnews.net\\\/\",\"name\":\"LES VOLCANS NEWS\",\"description\":\"L&#039;INFORMATION C&#039;EST NOUS\",\"potentialAction\":[{\"@type\":\"SearchAction\",\"target\":{\"@type\":\"EntryPoint\",\"urlTemplate\":\"https:\\\/\\\/lesvolcansnews.net\\\/?s={search_term_string}\"},\"query-input\":{\"@type\":\"PropertyValueSpecification\",\"valueRequired\":true,\"valueName\":\"search_term_string\"}}],\"inLanguage\":\"fr-FR\"},{\"@type\":\"Person\",\"@id\":\"https:\\\/\\\/lesvolcansnews.net\\\/#\\\/schema\\\/person\\\/82c8bed2e77879ecf6cca63441f57354\",\"name\":\"R\u00e9daction - Les Volcans News\",\"image\":{\"@type\":\"ImageObject\",\"inLanguage\":\"fr-FR\",\"@id\":\"https:\\\/\\\/secure.gravatar.com\\\/avatar\\\/8408942dd851e8a9c09f3d382a661bc05d2b3cd9002139bc1795b9528cdc6c80?s=96&d=mm&r=g\",\"url\":\"https:\\\/\\\/secure.gravatar.com\\\/avatar\\\/8408942dd851e8a9c09f3d382a661bc05d2b3cd9002139bc1795b9528cdc6c80?s=96&d=mm&r=g\",\"contentUrl\":\"https:\\\/\\\/secure.gravatar.com\\\/avatar\\\/8408942dd851e8a9c09f3d382a661bc05d2b3cd9002139bc1795b9528cdc6c80?s=96&d=mm&r=g\",\"caption\":\"R\u00e9daction - Les Volcans News\"},\"url\":\"https:\\\/\\\/lesvolcansnews.net\\\/?author=14\"}]}<\/script>\n<!-- \/ Yoast SEO plugin. -->","yoast_head_json":{"title":"Nord-Kivu: Le dioc\u00e8se de Goma implique les communaut\u00e9s religieuses de base dans la riposte contre Ebola - LES VOLCANS NEWS","robots":{"index":"index","follow":"follow","max-snippet":"max-snippet:-1","max-image-preview":"max-image-preview:large","max-video-preview":"max-video-preview:-1"},"canonical":"https:\/\/lesvolcansnews.net\/?p=4859","og_locale":"fr_FR","og_type":"article","og_title":"Nord-Kivu: Le dioc\u00e8se de Goma implique les communaut\u00e9s religieuses de base dans la riposte contre Ebola - LES VOLCANS NEWS","og_description":"L&#8217;\u00e9glise catholique a form\u00e9 et sensibilis\u00e9 une centaine de responsables des communaut\u00e9s religieuses de base (watumishi) sur la maladie \u00e0 virus Ebola dans un dialogue communautaire tenu lors d\u2019un atelier","og_url":"https:\/\/lesvolcansnews.net\/?p=4859","og_site_name":"LES VOLCANS NEWS","article_published_time":"2019-09-18T12:12:11+00:00","article_modified_time":"2019-09-18T12:18:05+00:00","og_image":[{"width":1080,"height":720,"url":"https:\/\/lesvolcansnews.net\/wp-content\/uploads\/2019\/09\/IMG-20190918-WA0040.jpg","type":"image\/jpeg"}],"author":"R\u00e9daction - Les Volcans News","twitter_card":"summary_large_image","twitter_misc":{"\u00c9crit par":"R\u00e9daction - Les Volcans News","Dur\u00e9e de lecture estim\u00e9e":"2 minutes"},"schema":{"@context":"https:\/\/schema.org","@graph":[{"@type":"Article","@id":"https:\/\/lesvolcansnews.net\/?p=4859#article","isPartOf":{"@id":"https:\/\/lesvolcansnews.net\/?p=4859"},"author":{"name":"R\u00e9daction - Les Volcans News","@id":"https:\/\/lesvolcansnews.net\/#\/schema\/person\/82c8bed2e77879ecf6cca63441f57354"},"headline":"Nord-Kivu: Le dioc\u00e8se de Goma implique les communaut\u00e9s religieuses de base dans la riposte contre Ebola","datePublished":"2019-09-18T12:12:11+00:00","dateModified":"2019-09-18T12:18:05+00:00","mainEntityOfPage":{"@id":"https:\/\/lesvolcansnews.net\/?p=4859"},"wordCount":370,"commentCount":0,"image":{"@id":"https:\/\/lesvolcansnews.net\/?p=4859#primaryimage"},"thumbnailUrl":"https:\/\/lesvolcansnews.net\/wp-content\/uploads\/2019\/09\/IMG-20190918-WA0040.jpg","articleSection":["SANT\u00c9"],"inLanguage":"fr-FR","potentialAction":[{"@type":"CommentAction","name":"Comment","target":["https:\/\/lesvolcansnews.net\/?p=4859#respond"]}]},{"@type":"WebPage","@id":"https:\/\/lesvolcansnews.net\/?p=4859","url":"https:\/\/lesvolcansnews.net\/?p=4859","name":"Nord-Kivu: Le dioc\u00e8se de Goma implique les communaut\u00e9s religieuses de base dans la riposte contre Ebola - LES VOLCANS NEWS","isPartOf":{"@id":"https:\/\/lesvolcansnews.net\/#website"},"primaryImageOfPage":{"@id":"https:\/\/lesvolcansnews.net\/?p=4859#primaryimage"},"image":{"@id":"https:\/\/lesvolcansnews.net\/?p=4859#primaryimage"},"thumbnailUrl":"https:\/\/lesvolcansnews.net\/wp-content\/uploads\/2019\/09\/IMG-20190918-WA0040.jpg","datePublished":"2019-09-18T12:12:11+00:00","dateModified":"2019-09-18T12:18:05+00:00","author":{"@id":"https:\/\/lesvolcansnews.net\/#\/schema\/person\/82c8bed2e77879ecf6cca63441f57354"},"breadcrumb":{"@id":"https:\/\/lesvolcansnews.net\/?p=4859#breadcrumb"},"inLanguage":"fr-FR","potentialAction":[{"@type":"ReadAction","target":["https:\/\/lesvolcansnews.net\/?p=4859"]}]},{"@type":"ImageObject","inLanguage":"fr-FR","@id":"https:\/\/lesvolcansnews.net\/?p=4859#primaryimage","url":"https:\/\/lesvolcansnews.net\/wp-content\/uploads\/2019\/09\/IMG-20190918-WA0040.jpg","contentUrl":"https:\/\/lesvolcansnews.net\/wp-content\/uploads\/2019\/09\/IMG-20190918-WA0040.jpg","width":1080,"height":720},{"@type":"BreadcrumbList","@id":"https:\/\/lesvolcansnews.net\/?p=4859#breadcrumb","itemListElement":[{"@type":"ListItem","position":1,"name":"Accueil","item":"https:\/\/lesvolcansnews.net\/"},{"@type":"ListItem","position":2,"name":"Nord-Kivu: Le dioc\u00e8se de Goma implique les communaut\u00e9s religieuses de base dans la riposte contre Ebola"}]},{"@type":"WebSite","@id":"https:\/\/lesvolcansnews.net\/#website","url":"https:\/\/lesvolcansnews.net\/","name":"LES VOLCANS NEWS","description":"L&#039;INFORMATION C&#039;EST NOUS","potentialAction":[{"@type":"SearchAction","target":{"@type":"EntryPoint","urlTemplate":"https:\/\/lesvolcansnews.net\/?s={search_term_string}"},"query-input":{"@type":"PropertyValueSpecification","valueRequired":true,"valueName":"search_term_string"}}],"inLanguage":"fr-FR"},{"@type":"Person","@id":"https:\/\/lesvolcansnews.net\/#\/schema\/person\/82c8bed2e77879ecf6cca63441f57354","name":"R\u00e9daction - Les Volcans News","image":{"@type":"ImageObject","inLanguage":"fr-FR","@id":"https:\/\/secure.gravatar.com\/avatar\/8408942dd851e8a9c09f3d382a661bc05d2b3cd9002139bc1795b9528cdc6c80?s=96&d=mm&r=g","url":"https:\/\/secure.gravatar.com\/avatar\/8408942dd851e8a9c09f3d382a661bc05d2b3cd9002139bc1795b9528cdc6c80?s=96&d=mm&r=g","contentUrl":"https:\/\/secure.gravatar.com\/avatar\/8408942dd851e8a9c09f3d382a661bc05d2b3cd9002139bc1795b9528cdc6c80?s=96&d=mm&r=g","caption":"R\u00e9daction - Les Volcans News"},"url":"https:\/\/lesvolcansnews.net\/?author=14"}]}},"_links":{"self":[{"href":"https:\/\/lesvolcansnews.net\/index.php?rest_route=\/wp\/v2\/posts\/4859","targetHints":{"allow":["GET"]}}],"collection":[{"href":"https:\/\/lesvolcansnews.net\/index.php?rest_route=\/wp\/v2\/posts"}],"about":[{"href":"https:\/\/lesvolcansnews.net\/index.php?rest_route=\/wp\/v2\/types\/post"}],"author":[{"embeddable":true,"href":"https:\/\/lesvolcansnews.net\/index.php?rest_route=\/wp\/v2\/users\/14"}],"replies":[{"embeddable":true,"href":"https:\/\/lesvolcansnews.net\/index.php?rest_route=%2Fwp%2Fv2%2Fcomments&post=4859"}],"version-history":[{"count":3,"href":"https:\/\/lesvolcansnews.net\/index.php?rest_route=\/wp\/v2\/posts\/4859\/revisions"}],"predecessor-version":[{"id":4863,"href":"https:\/\/lesvolcansnews.net\/index.php?rest_route=\/wp\/v2\/posts\/4859\/revisions\/4863"}],"wp:featuredmedia":[{"embeddable":true,"href":"https:\/\/lesvolcansnews.net\/index.php?rest_route=\/wp\/v2\/media\/4861"}],"wp:attachment":[{"href":"https:\/\/lesvolcansnews.net\/index.php?rest_route=%2Fwp%2Fv2%2Fmedia&parent=4859"}],"wp:term":[{"taxonomy":"category","embeddable":true,"href":"https:\/\/lesvolcansnews.net\/index.php?rest_route=%2Fwp%2Fv2%2Fcategories&post=4859"},{"taxonomy":"post_tag","embeddable":true,"href":"https:\/\/lesvolcansnews.net\/index.php?rest_route=%2Fwp%2Fv2%2Ftags&post=4859"}],"curies":[{"name":"wp","href":"https:\/\/api.w.org\/{rel}","templated":true}]}}