{"id":4827,"date":"2019-09-16T20:33:24","date_gmt":"2019-09-16T20:33:24","guid":{"rendered":"http:\/\/lesvolcansnews.net\/2019\/09\/16\/flash-22h-a-goma-la-lucha-toujours-devant-le-bureau-airtel-est\/"},"modified":"2019-09-16T20:37:15","modified_gmt":"2019-09-16T20:37:15","slug":"flash-22h-a-goma-la-lucha-toujours-devant-le-bureau-airtel-est","status":"publish","type":"post","link":"https:\/\/lesvolcansnews.net\/?p=4827","title":{"rendered":"Flash: 22h \u00e0 Goma, la Lucha toujours en sit-in devant le bureau Airtel\/Est"},"content":{"rendered":"<p>Depuis le matin de ce lundi, les militants du mouvement lutte pour changement LUCHA\/RDC, ont d\u00e9clench\u00e9 une action de sit-in  devant le bureau de la soci\u00e9t\u00e9  de communication Airtel.<\/p>\n<p>Jusqu&#8217;\u00e0 22h30&#8243;, les militants pro-d\u00e9mocratie maintiennent leur sit-in devant les portes de cette soci\u00e9t\u00e9.<\/p>\n<p>Au moins une dizaine de jeunes sont visibles sous une pluie fine devant le b\u00e2timent abritant le bureau r\u00e9gional\/Est de la RDC.<\/p>\n<p>Aucune pr\u00e9sence polici\u00e8re pour s\u00e9curiser les manifestants pourtant ils sont \u00e0 quelques m\u00e8tres du quartier g\u00e9n\u00e9ral de la police nationale Congolaise.<\/p>\n<p>  manifestations au Soudan sont entr\u00e9es<br \/>\ndans une nouvelle phase. D\u00e9j\u00e0 parce que c\u2019est la premi\u00e8re<br \/>\nfois que des protestations rassemblent autant de monde en<br \/>\ntrente ans de r\u00e8gne d\u2019Omar el-B\u00e9chir. Ensuite parce que<br \/>\nl\u2019arm\u00e9e semble leur apporter du soutien.<br \/>\nLa lucha manifeste pour exiger l\u2019am\u00e9lioration des services offert par airtel \u00e0 ces abonn\u00e9s.<\/p>\n<p><strong><em>Gabriel KASHUGUSHU<\/em><\/strong><\/p>\n","protected":false},"excerpt":{"rendered":"<p>Depuis le matin de ce lundi, les militants du mouvement lutte pour changement LUCHA\/RDC, ont d\u00e9clench\u00e9 une action de sit-in devant le bureau de la soci\u00e9t\u00e9 de communication Airtel. Jusqu&#8217;\u00e0<\/p>\n","protected":false},"author":14,"featured_media":4826,"comment_status":"open","ping_status":"open","sticky":false,"template":"","format":"standard","meta":{"footnotes":""},"categories":[1],"tags":[],"class_list":["post-4827","post","type-post","status-publish","format-standard","has-post-thumbnail","hentry","category-actualite"],"yoast_head":"<!-- This site is optimized with the Yoast SEO plugin v27.3 - https:\/\/yoast.com\/product\/yoast-seo-wordpress\/ -->\n<title>Flash: 22h \u00e0 Goma, la Lucha toujours en sit-in devant le bureau Airtel\/Est - LES VOLCANS NEWS<\/title>\n<meta name=\"robots\" content=\"index, follow, max-snippet:-1, max-image-preview:large, max-video-preview:-1\" \/>\n<link rel=\"canonical\" href=\"https:\/\/lesvolcansnews.net\/?p=4827\" \/>\n<meta property=\"og:locale\" content=\"fr_FR\" \/>\n<meta property=\"og:type\" content=\"article\" \/>\n<meta property=\"og:title\" content=\"Flash: 22h \u00e0 Goma, la Lucha toujours en sit-in devant le bureau Airtel\/Est - LES VOLCANS NEWS\" \/>\n<meta property=\"og:description\" content=\"Depuis le matin de ce lundi, les militants du mouvement lutte pour changement LUCHA\/RDC, ont d\u00e9clench\u00e9 une action de sit-in devant le bureau de la soci\u00e9t\u00e9 de communication Airtel. Jusqu&#8217;\u00e0\" \/>\n<meta property=\"og:url\" content=\"https:\/\/lesvolcansnews.net\/?p=4827\" \/>\n<meta property=\"og:site_name\" content=\"LES VOLCANS NEWS\" \/>\n<meta property=\"article:published_time\" content=\"2019-09-16T20:33:24+00:00\" \/>\n<meta property=\"article:modified_time\" content=\"2019-09-16T20:37:15+00:00\" \/>\n<meta property=\"og:image\" content=\"https:\/\/lesvolcansnews.net\/wp-content\/uploads\/2019\/09\/IMG-20190916-WA0128.jpg\" \/>\n\t<meta property=\"og:image:width\" content=\"960\" \/>\n\t<meta property=\"og:image:height\" content=\"480\" \/>\n\t<meta property=\"og:image:type\" content=\"image\/jpeg\" \/>\n<meta name=\"author\" content=\"R\u00e9daction - Les Volcans News\" \/>\n<meta name=\"twitter:card\" content=\"summary_large_image\" \/>\n<meta name=\"twitter:label1\" content=\"\u00c9crit par\" \/>\n\t<meta name=\"twitter:data1\" content=\"R\u00e9daction - Les Volcans News\" \/>\n\t<meta name=\"twitter:label2\" content=\"Dur\u00e9e de lecture estim\u00e9e\" \/>\n\t<meta name=\"twitter:data2\" content=\"1 minute\" \/>\n<script type=\"application\/ld+json\" class=\"yoast-schema-graph\">{\"@context\":\"https:\\\/\\\/schema.org\",\"@graph\":[{\"@type\":\"Article\",\"@id\":\"https:\\\/\\\/lesvolcansnews.net\\\/?p=4827#article\",\"isPartOf\":{\"@id\":\"https:\\\/\\\/lesvolcansnews.net\\\/?p=4827\"},\"author\":{\"name\":\"R\u00e9daction - Les Volcans News\",\"@id\":\"https:\\\/\\\/lesvolcansnews.net\\\/#\\\/schema\\\/person\\\/82c8bed2e77879ecf6cca63441f57354\"},\"headline\":\"Flash: 22h \u00e0 Goma, la Lucha toujours en sit-in devant le bureau Airtel\\\/Est\",\"datePublished\":\"2019-09-16T20:33:24+00:00\",\"dateModified\":\"2019-09-16T20:37:15+00:00\",\"mainEntityOfPage\":{\"@id\":\"https:\\\/\\\/lesvolcansnews.net\\\/?p=4827\"},\"wordCount\":178,\"commentCount\":0,\"image\":{\"@id\":\"https:\\\/\\\/lesvolcansnews.net\\\/?p=4827#primaryimage\"},\"thumbnailUrl\":\"https:\\\/\\\/lesvolcansnews.net\\\/wp-content\\\/uploads\\\/2019\\\/09\\\/IMG-20190916-WA0128.jpg\",\"articleSection\":[\"ACTUALIT\u00c9\"],\"inLanguage\":\"fr-FR\",\"potentialAction\":[{\"@type\":\"CommentAction\",\"name\":\"Comment\",\"target\":[\"https:\\\/\\\/lesvolcansnews.net\\\/?p=4827#respond\"]}]},{\"@type\":\"WebPage\",\"@id\":\"https:\\\/\\\/lesvolcansnews.net\\\/?p=4827\",\"url\":\"https:\\\/\\\/lesvolcansnews.net\\\/?p=4827\",\"name\":\"Flash: 22h \u00e0 Goma, la Lucha toujours en sit-in devant le bureau Airtel\\\/Est - LES VOLCANS NEWS\",\"isPartOf\":{\"@id\":\"https:\\\/\\\/lesvolcansnews.net\\\/#website\"},\"primaryImageOfPage\":{\"@id\":\"https:\\\/\\\/lesvolcansnews.net\\\/?p=4827#primaryimage\"},\"image\":{\"@id\":\"https:\\\/\\\/lesvolcansnews.net\\\/?p=4827#primaryimage\"},\"thumbnailUrl\":\"https:\\\/\\\/lesvolcansnews.net\\\/wp-content\\\/uploads\\\/2019\\\/09\\\/IMG-20190916-WA0128.jpg\",\"datePublished\":\"2019-09-16T20:33:24+00:00\",\"dateModified\":\"2019-09-16T20:37:15+00:00\",\"author\":{\"@id\":\"https:\\\/\\\/lesvolcansnews.net\\\/#\\\/schema\\\/person\\\/82c8bed2e77879ecf6cca63441f57354\"},\"breadcrumb\":{\"@id\":\"https:\\\/\\\/lesvolcansnews.net\\\/?p=4827#breadcrumb\"},\"inLanguage\":\"fr-FR\",\"potentialAction\":[{\"@type\":\"ReadAction\",\"target\":[\"https:\\\/\\\/lesvolcansnews.net\\\/?p=4827\"]}]},{\"@type\":\"ImageObject\",\"inLanguage\":\"fr-FR\",\"@id\":\"https:\\\/\\\/lesvolcansnews.net\\\/?p=4827#primaryimage\",\"url\":\"https:\\\/\\\/lesvolcansnews.net\\\/wp-content\\\/uploads\\\/2019\\\/09\\\/IMG-20190916-WA0128.jpg\",\"contentUrl\":\"https:\\\/\\\/lesvolcansnews.net\\\/wp-content\\\/uploads\\\/2019\\\/09\\\/IMG-20190916-WA0128.jpg\",\"width\":960,\"height\":480},{\"@type\":\"BreadcrumbList\",\"@id\":\"https:\\\/\\\/lesvolcansnews.net\\\/?p=4827#breadcrumb\",\"itemListElement\":[{\"@type\":\"ListItem\",\"position\":1,\"name\":\"Accueil\",\"item\":\"https:\\\/\\\/lesvolcansnews.net\\\/\"},{\"@type\":\"ListItem\",\"position\":2,\"name\":\"Flash: 22h \u00e0 Goma, la Lucha toujours en sit-in devant le bureau Airtel\\\/Est\"}]},{\"@type\":\"WebSite\",\"@id\":\"https:\\\/\\\/lesvolcansnews.net\\\/#website\",\"url\":\"https:\\\/\\\/lesvolcansnews.net\\\/\",\"name\":\"LES VOLCANS NEWS\",\"description\":\"L&#039;INFORMATION C&#039;EST NOUS\",\"potentialAction\":[{\"@type\":\"SearchAction\",\"target\":{\"@type\":\"EntryPoint\",\"urlTemplate\":\"https:\\\/\\\/lesvolcansnews.net\\\/?s={search_term_string}\"},\"query-input\":{\"@type\":\"PropertyValueSpecification\",\"valueRequired\":true,\"valueName\":\"search_term_string\"}}],\"inLanguage\":\"fr-FR\"},{\"@type\":\"Person\",\"@id\":\"https:\\\/\\\/lesvolcansnews.net\\\/#\\\/schema\\\/person\\\/82c8bed2e77879ecf6cca63441f57354\",\"name\":\"R\u00e9daction - Les Volcans News\",\"image\":{\"@type\":\"ImageObject\",\"inLanguage\":\"fr-FR\",\"@id\":\"https:\\\/\\\/secure.gravatar.com\\\/avatar\\\/8408942dd851e8a9c09f3d382a661bc05d2b3cd9002139bc1795b9528cdc6c80?s=96&d=mm&r=g\",\"url\":\"https:\\\/\\\/secure.gravatar.com\\\/avatar\\\/8408942dd851e8a9c09f3d382a661bc05d2b3cd9002139bc1795b9528cdc6c80?s=96&d=mm&r=g\",\"contentUrl\":\"https:\\\/\\\/secure.gravatar.com\\\/avatar\\\/8408942dd851e8a9c09f3d382a661bc05d2b3cd9002139bc1795b9528cdc6c80?s=96&d=mm&r=g\",\"caption\":\"R\u00e9daction - Les Volcans News\"},\"url\":\"https:\\\/\\\/lesvolcansnews.net\\\/?author=14\"}]}<\/script>\n<!-- \/ Yoast SEO plugin. -->","yoast_head_json":{"title":"Flash: 22h \u00e0 Goma, la Lucha toujours en sit-in devant le bureau Airtel\/Est - LES VOLCANS NEWS","robots":{"index":"index","follow":"follow","max-snippet":"max-snippet:-1","max-image-preview":"max-image-preview:large","max-video-preview":"max-video-preview:-1"},"canonical":"https:\/\/lesvolcansnews.net\/?p=4827","og_locale":"fr_FR","og_type":"article","og_title":"Flash: 22h \u00e0 Goma, la Lucha toujours en sit-in devant le bureau Airtel\/Est - LES VOLCANS NEWS","og_description":"Depuis le matin de ce lundi, les militants du mouvement lutte pour changement LUCHA\/RDC, ont d\u00e9clench\u00e9 une action de sit-in devant le bureau de la soci\u00e9t\u00e9 de communication Airtel. Jusqu&#8217;\u00e0","og_url":"https:\/\/lesvolcansnews.net\/?p=4827","og_site_name":"LES VOLCANS NEWS","article_published_time":"2019-09-16T20:33:24+00:00","article_modified_time":"2019-09-16T20:37:15+00:00","og_image":[{"width":960,"height":480,"url":"https:\/\/lesvolcansnews.net\/wp-content\/uploads\/2019\/09\/IMG-20190916-WA0128.jpg","type":"image\/jpeg"}],"author":"R\u00e9daction - Les Volcans News","twitter_card":"summary_large_image","twitter_misc":{"\u00c9crit par":"R\u00e9daction - Les Volcans News","Dur\u00e9e de lecture estim\u00e9e":"1 minute"},"schema":{"@context":"https:\/\/schema.org","@graph":[{"@type":"Article","@id":"https:\/\/lesvolcansnews.net\/?p=4827#article","isPartOf":{"@id":"https:\/\/lesvolcansnews.net\/?p=4827"},"author":{"name":"R\u00e9daction - Les Volcans News","@id":"https:\/\/lesvolcansnews.net\/#\/schema\/person\/82c8bed2e77879ecf6cca63441f57354"},"headline":"Flash: 22h \u00e0 Goma, la Lucha toujours en sit-in devant le bureau Airtel\/Est","datePublished":"2019-09-16T20:33:24+00:00","dateModified":"2019-09-16T20:37:15+00:00","mainEntityOfPage":{"@id":"https:\/\/lesvolcansnews.net\/?p=4827"},"wordCount":178,"commentCount":0,"image":{"@id":"https:\/\/lesvolcansnews.net\/?p=4827#primaryimage"},"thumbnailUrl":"https:\/\/lesvolcansnews.net\/wp-content\/uploads\/2019\/09\/IMG-20190916-WA0128.jpg","articleSection":["ACTUALIT\u00c9"],"inLanguage":"fr-FR","potentialAction":[{"@type":"CommentAction","name":"Comment","target":["https:\/\/lesvolcansnews.net\/?p=4827#respond"]}]},{"@type":"WebPage","@id":"https:\/\/lesvolcansnews.net\/?p=4827","url":"https:\/\/lesvolcansnews.net\/?p=4827","name":"Flash: 22h \u00e0 Goma, la Lucha toujours en sit-in devant le bureau Airtel\/Est - LES VOLCANS NEWS","isPartOf":{"@id":"https:\/\/lesvolcansnews.net\/#website"},"primaryImageOfPage":{"@id":"https:\/\/lesvolcansnews.net\/?p=4827#primaryimage"},"image":{"@id":"https:\/\/lesvolcansnews.net\/?p=4827#primaryimage"},"thumbnailUrl":"https:\/\/lesvolcansnews.net\/wp-content\/uploads\/2019\/09\/IMG-20190916-WA0128.jpg","datePublished":"2019-09-16T20:33:24+00:00","dateModified":"2019-09-16T20:37:15+00:00","author":{"@id":"https:\/\/lesvolcansnews.net\/#\/schema\/person\/82c8bed2e77879ecf6cca63441f57354"},"breadcrumb":{"@id":"https:\/\/lesvolcansnews.net\/?p=4827#breadcrumb"},"inLanguage":"fr-FR","potentialAction":[{"@type":"ReadAction","target":["https:\/\/lesvolcansnews.net\/?p=4827"]}]},{"@type":"ImageObject","inLanguage":"fr-FR","@id":"https:\/\/lesvolcansnews.net\/?p=4827#primaryimage","url":"https:\/\/lesvolcansnews.net\/wp-content\/uploads\/2019\/09\/IMG-20190916-WA0128.jpg","contentUrl":"https:\/\/lesvolcansnews.net\/wp-content\/uploads\/2019\/09\/IMG-20190916-WA0128.jpg","width":960,"height":480},{"@type":"BreadcrumbList","@id":"https:\/\/lesvolcansnews.net\/?p=4827#breadcrumb","itemListElement":[{"@type":"ListItem","position":1,"name":"Accueil","item":"https:\/\/lesvolcansnews.net\/"},{"@type":"ListItem","position":2,"name":"Flash: 22h \u00e0 Goma, la Lucha toujours en sit-in devant le bureau Airtel\/Est"}]},{"@type":"WebSite","@id":"https:\/\/lesvolcansnews.net\/#website","url":"https:\/\/lesvolcansnews.net\/","name":"LES VOLCANS NEWS","description":"L&#039;INFORMATION C&#039;EST NOUS","potentialAction":[{"@type":"SearchAction","target":{"@type":"EntryPoint","urlTemplate":"https:\/\/lesvolcansnews.net\/?s={search_term_string}"},"query-input":{"@type":"PropertyValueSpecification","valueRequired":true,"valueName":"search_term_string"}}],"inLanguage":"fr-FR"},{"@type":"Person","@id":"https:\/\/lesvolcansnews.net\/#\/schema\/person\/82c8bed2e77879ecf6cca63441f57354","name":"R\u00e9daction - Les Volcans News","image":{"@type":"ImageObject","inLanguage":"fr-FR","@id":"https:\/\/secure.gravatar.com\/avatar\/8408942dd851e8a9c09f3d382a661bc05d2b3cd9002139bc1795b9528cdc6c80?s=96&d=mm&r=g","url":"https:\/\/secure.gravatar.com\/avatar\/8408942dd851e8a9c09f3d382a661bc05d2b3cd9002139bc1795b9528cdc6c80?s=96&d=mm&r=g","contentUrl":"https:\/\/secure.gravatar.com\/avatar\/8408942dd851e8a9c09f3d382a661bc05d2b3cd9002139bc1795b9528cdc6c80?s=96&d=mm&r=g","caption":"R\u00e9daction - Les Volcans News"},"url":"https:\/\/lesvolcansnews.net\/?author=14"}]}},"_links":{"self":[{"href":"https:\/\/lesvolcansnews.net\/index.php?rest_route=\/wp\/v2\/posts\/4827","targetHints":{"allow":["GET"]}}],"collection":[{"href":"https:\/\/lesvolcansnews.net\/index.php?rest_route=\/wp\/v2\/posts"}],"about":[{"href":"https:\/\/lesvolcansnews.net\/index.php?rest_route=\/wp\/v2\/types\/post"}],"author":[{"embeddable":true,"href":"https:\/\/lesvolcansnews.net\/index.php?rest_route=\/wp\/v2\/users\/14"}],"replies":[{"embeddable":true,"href":"https:\/\/lesvolcansnews.net\/index.php?rest_route=%2Fwp%2Fv2%2Fcomments&post=4827"}],"version-history":[{"count":1,"href":"https:\/\/lesvolcansnews.net\/index.php?rest_route=\/wp\/v2\/posts\/4827\/revisions"}],"predecessor-version":[{"id":4828,"href":"https:\/\/lesvolcansnews.net\/index.php?rest_route=\/wp\/v2\/posts\/4827\/revisions\/4828"}],"wp:featuredmedia":[{"embeddable":true,"href":"https:\/\/lesvolcansnews.net\/index.php?rest_route=\/wp\/v2\/media\/4826"}],"wp:attachment":[{"href":"https:\/\/lesvolcansnews.net\/index.php?rest_route=%2Fwp%2Fv2%2Fmedia&parent=4827"}],"wp:term":[{"taxonomy":"category","embeddable":true,"href":"https:\/\/lesvolcansnews.net\/index.php?rest_route=%2Fwp%2Fv2%2Fcategories&post=4827"},{"taxonomy":"post_tag","embeddable":true,"href":"https:\/\/lesvolcansnews.net\/index.php?rest_route=%2Fwp%2Fv2%2Ftags&post=4827"}],"curies":[{"name":"wp","href":"https:\/\/api.w.org\/{rel}","templated":true}]}}