{"id":4824,"date":"2019-09-16T19:41:35","date_gmt":"2019-09-16T19:41:35","guid":{"rendered":"http:\/\/lesvolcansnews.net\/2019\/09\/16\/kinshasa-le-depute-mike-mukebayi-de-lamuka-transfere-a-makala-ce-lundi\/"},"modified":"2019-09-16T19:45:33","modified_gmt":"2019-09-16T19:45:33","slug":"kinshasa-le-depute-mike-mukebayi-de-lamuka-transfere-a-makala-ce-lundi","status":"publish","type":"post","link":"https:\/\/lesvolcansnews.net\/?p=4824","title":{"rendered":"Kinshasa : le d\u00e9put\u00e9 Mike Mukebayi de Lamuka transf\u00e9r\u00e9 \u00e0 la prison makala ce lundi"},"content":{"rendered":"<p>Le d\u00e9put\u00e9 provincial Mike Mukebayi \u00e9lu de lingwala en ville province de Kinshasa, accus\u00e9 de diffamation et chantage a \u00e9t\u00e9 transf\u00e9r\u00e9 ce lundi,  \u00e0 la prison centrale de Makala apr\u00e8s sa d\u00e9tention provisoire d\u00e9tenu au cachot de la cour d\u2019appel de la Gombe en ville de Kinshasa, apr\u00e8s son audition par l\u2019avocat g\u00e9n\u00e9ral Samy Banduki Baombolia.<\/p>\n<p>Les avocats de Mike d\u00e9nonce un proc\u00e8s politique contre ce d\u00e9put\u00e9 de Lamuka.<\/p>\n<p>&#8220;<em>Nous comprenons que c\u2019est<\/em><br \/>\n<em>un proc\u00e8s politique pour nuire \u00e0 la personne de Mukebayi car il une faiblesse des preuves sur ce qu&#8217;on accuse mon client<\/em> &#8220;, a dit Papy Mbaki, avocat de Mukebayi.<\/p>\n<p>Tout s&#8217;est pass\u00e9  en pr\u00e9sence de  la police d\u00e9ploy\u00e9e au palais de justice o\u00f9 des cadres de Lamuka ont accompagn\u00e9 Mike<br \/>\nMukebayi.<\/p>\n","protected":false},"excerpt":{"rendered":"<p>Le d\u00e9put\u00e9 provincial Mike Mukebayi \u00e9lu de lingwala en ville province de Kinshasa, accus\u00e9 de diffamation et chantage a \u00e9t\u00e9 transf\u00e9r\u00e9 ce lundi, \u00e0 la prison centrale de Makala apr\u00e8s<\/p>\n","protected":false},"author":14,"featured_media":4823,"comment_status":"open","ping_status":"open","sticky":false,"template":"","format":"standard","meta":{"footnotes":""},"categories":[27],"tags":[],"class_list":["post-4824","post","type-post","status-publish","format-standard","has-post-thumbnail","hentry","category-politique"],"yoast_head":"<!-- This site is optimized with the Yoast SEO plugin v27.3 - https:\/\/yoast.com\/product\/yoast-seo-wordpress\/ -->\n<title>Kinshasa : le d\u00e9put\u00e9 Mike Mukebayi de Lamuka transf\u00e9r\u00e9 \u00e0 la prison makala ce lundi - LES VOLCANS NEWS<\/title>\n<meta name=\"robots\" content=\"index, follow, max-snippet:-1, max-image-preview:large, max-video-preview:-1\" \/>\n<link rel=\"canonical\" href=\"https:\/\/lesvolcansnews.net\/?p=4824\" \/>\n<meta property=\"og:locale\" content=\"fr_FR\" \/>\n<meta property=\"og:type\" content=\"article\" \/>\n<meta property=\"og:title\" content=\"Kinshasa : le d\u00e9put\u00e9 Mike Mukebayi de Lamuka transf\u00e9r\u00e9 \u00e0 la prison makala ce lundi - LES VOLCANS NEWS\" \/>\n<meta property=\"og:description\" content=\"Le d\u00e9put\u00e9 provincial Mike Mukebayi \u00e9lu de lingwala en ville province de Kinshasa, accus\u00e9 de diffamation et chantage a \u00e9t\u00e9 transf\u00e9r\u00e9 ce lundi, \u00e0 la prison centrale de Makala apr\u00e8s\" \/>\n<meta property=\"og:url\" content=\"https:\/\/lesvolcansnews.net\/?p=4824\" \/>\n<meta property=\"og:site_name\" content=\"LES VOLCANS NEWS\" \/>\n<meta property=\"article:published_time\" content=\"2019-09-16T19:41:35+00:00\" \/>\n<meta property=\"article:modified_time\" content=\"2019-09-16T19:45:33+00:00\" \/>\n<meta property=\"og:image\" content=\"https:\/\/lesvolcansnews.net\/wp-content\/uploads\/2019\/09\/mukebayi-mike-cprk_jpg_640_350_1.jpeg\" \/>\n\t<meta property=\"og:image:width\" content=\"640\" \/>\n\t<meta property=\"og:image:height\" content=\"350\" \/>\n\t<meta property=\"og:image:type\" content=\"image\/jpeg\" \/>\n<meta name=\"author\" content=\"R\u00e9daction - Les Volcans News\" \/>\n<meta name=\"twitter:card\" content=\"summary_large_image\" \/>\n<meta name=\"twitter:label1\" content=\"\u00c9crit par\" \/>\n\t<meta name=\"twitter:data1\" content=\"R\u00e9daction - Les Volcans News\" \/>\n\t<meta name=\"twitter:label2\" content=\"Dur\u00e9e de lecture estim\u00e9e\" \/>\n\t<meta name=\"twitter:data2\" content=\"1 minute\" \/>\n<script type=\"application\/ld+json\" class=\"yoast-schema-graph\">{\"@context\":\"https:\\\/\\\/schema.org\",\"@graph\":[{\"@type\":\"Article\",\"@id\":\"https:\\\/\\\/lesvolcansnews.net\\\/?p=4824#article\",\"isPartOf\":{\"@id\":\"https:\\\/\\\/lesvolcansnews.net\\\/?p=4824\"},\"author\":{\"name\":\"R\u00e9daction - Les Volcans News\",\"@id\":\"https:\\\/\\\/lesvolcansnews.net\\\/#\\\/schema\\\/person\\\/82c8bed2e77879ecf6cca63441f57354\"},\"headline\":\"Kinshasa : le d\u00e9put\u00e9 Mike Mukebayi de Lamuka transf\u00e9r\u00e9 \u00e0 la prison makala ce lundi\",\"datePublished\":\"2019-09-16T19:41:35+00:00\",\"dateModified\":\"2019-09-16T19:45:33+00:00\",\"mainEntityOfPage\":{\"@id\":\"https:\\\/\\\/lesvolcansnews.net\\\/?p=4824\"},\"wordCount\":157,\"commentCount\":0,\"image\":{\"@id\":\"https:\\\/\\\/lesvolcansnews.net\\\/?p=4824#primaryimage\"},\"thumbnailUrl\":\"https:\\\/\\\/lesvolcansnews.net\\\/wp-content\\\/uploads\\\/2019\\\/09\\\/mukebayi-mike-cprk_jpg_640_350_1.jpeg\",\"articleSection\":[\"POLITIQUE\"],\"inLanguage\":\"fr-FR\",\"potentialAction\":[{\"@type\":\"CommentAction\",\"name\":\"Comment\",\"target\":[\"https:\\\/\\\/lesvolcansnews.net\\\/?p=4824#respond\"]}]},{\"@type\":\"WebPage\",\"@id\":\"https:\\\/\\\/lesvolcansnews.net\\\/?p=4824\",\"url\":\"https:\\\/\\\/lesvolcansnews.net\\\/?p=4824\",\"name\":\"Kinshasa : le d\u00e9put\u00e9 Mike Mukebayi de Lamuka transf\u00e9r\u00e9 \u00e0 la prison makala ce lundi - LES VOLCANS NEWS\",\"isPartOf\":{\"@id\":\"https:\\\/\\\/lesvolcansnews.net\\\/#website\"},\"primaryImageOfPage\":{\"@id\":\"https:\\\/\\\/lesvolcansnews.net\\\/?p=4824#primaryimage\"},\"image\":{\"@id\":\"https:\\\/\\\/lesvolcansnews.net\\\/?p=4824#primaryimage\"},\"thumbnailUrl\":\"https:\\\/\\\/lesvolcansnews.net\\\/wp-content\\\/uploads\\\/2019\\\/09\\\/mukebayi-mike-cprk_jpg_640_350_1.jpeg\",\"datePublished\":\"2019-09-16T19:41:35+00:00\",\"dateModified\":\"2019-09-16T19:45:33+00:00\",\"author\":{\"@id\":\"https:\\\/\\\/lesvolcansnews.net\\\/#\\\/schema\\\/person\\\/82c8bed2e77879ecf6cca63441f57354\"},\"breadcrumb\":{\"@id\":\"https:\\\/\\\/lesvolcansnews.net\\\/?p=4824#breadcrumb\"},\"inLanguage\":\"fr-FR\",\"potentialAction\":[{\"@type\":\"ReadAction\",\"target\":[\"https:\\\/\\\/lesvolcansnews.net\\\/?p=4824\"]}]},{\"@type\":\"ImageObject\",\"inLanguage\":\"fr-FR\",\"@id\":\"https:\\\/\\\/lesvolcansnews.net\\\/?p=4824#primaryimage\",\"url\":\"https:\\\/\\\/lesvolcansnews.net\\\/wp-content\\\/uploads\\\/2019\\\/09\\\/mukebayi-mike-cprk_jpg_640_350_1.jpeg\",\"contentUrl\":\"https:\\\/\\\/lesvolcansnews.net\\\/wp-content\\\/uploads\\\/2019\\\/09\\\/mukebayi-mike-cprk_jpg_640_350_1.jpeg\",\"width\":640,\"height\":350},{\"@type\":\"BreadcrumbList\",\"@id\":\"https:\\\/\\\/lesvolcansnews.net\\\/?p=4824#breadcrumb\",\"itemListElement\":[{\"@type\":\"ListItem\",\"position\":1,\"name\":\"Accueil\",\"item\":\"https:\\\/\\\/lesvolcansnews.net\\\/\"},{\"@type\":\"ListItem\",\"position\":2,\"name\":\"Kinshasa : le d\u00e9put\u00e9 Mike Mukebayi de Lamuka transf\u00e9r\u00e9 \u00e0 la prison makala ce lundi\"}]},{\"@type\":\"WebSite\",\"@id\":\"https:\\\/\\\/lesvolcansnews.net\\\/#website\",\"url\":\"https:\\\/\\\/lesvolcansnews.net\\\/\",\"name\":\"LES VOLCANS NEWS\",\"description\":\"L&#039;INFORMATION C&#039;EST NOUS\",\"potentialAction\":[{\"@type\":\"SearchAction\",\"target\":{\"@type\":\"EntryPoint\",\"urlTemplate\":\"https:\\\/\\\/lesvolcansnews.net\\\/?s={search_term_string}\"},\"query-input\":{\"@type\":\"PropertyValueSpecification\",\"valueRequired\":true,\"valueName\":\"search_term_string\"}}],\"inLanguage\":\"fr-FR\"},{\"@type\":\"Person\",\"@id\":\"https:\\\/\\\/lesvolcansnews.net\\\/#\\\/schema\\\/person\\\/82c8bed2e77879ecf6cca63441f57354\",\"name\":\"R\u00e9daction - Les Volcans News\",\"image\":{\"@type\":\"ImageObject\",\"inLanguage\":\"fr-FR\",\"@id\":\"https:\\\/\\\/secure.gravatar.com\\\/avatar\\\/8408942dd851e8a9c09f3d382a661bc05d2b3cd9002139bc1795b9528cdc6c80?s=96&d=mm&r=g\",\"url\":\"https:\\\/\\\/secure.gravatar.com\\\/avatar\\\/8408942dd851e8a9c09f3d382a661bc05d2b3cd9002139bc1795b9528cdc6c80?s=96&d=mm&r=g\",\"contentUrl\":\"https:\\\/\\\/secure.gravatar.com\\\/avatar\\\/8408942dd851e8a9c09f3d382a661bc05d2b3cd9002139bc1795b9528cdc6c80?s=96&d=mm&r=g\",\"caption\":\"R\u00e9daction - Les Volcans News\"},\"url\":\"https:\\\/\\\/lesvolcansnews.net\\\/?author=14\"}]}<\/script>\n<!-- \/ Yoast SEO plugin. -->","yoast_head_json":{"title":"Kinshasa : le d\u00e9put\u00e9 Mike Mukebayi de Lamuka transf\u00e9r\u00e9 \u00e0 la prison makala ce lundi - LES VOLCANS NEWS","robots":{"index":"index","follow":"follow","max-snippet":"max-snippet:-1","max-image-preview":"max-image-preview:large","max-video-preview":"max-video-preview:-1"},"canonical":"https:\/\/lesvolcansnews.net\/?p=4824","og_locale":"fr_FR","og_type":"article","og_title":"Kinshasa : le d\u00e9put\u00e9 Mike Mukebayi de Lamuka transf\u00e9r\u00e9 \u00e0 la prison makala ce lundi - LES VOLCANS NEWS","og_description":"Le d\u00e9put\u00e9 provincial Mike Mukebayi \u00e9lu de lingwala en ville province de Kinshasa, accus\u00e9 de diffamation et chantage a \u00e9t\u00e9 transf\u00e9r\u00e9 ce lundi, \u00e0 la prison centrale de Makala apr\u00e8s","og_url":"https:\/\/lesvolcansnews.net\/?p=4824","og_site_name":"LES VOLCANS NEWS","article_published_time":"2019-09-16T19:41:35+00:00","article_modified_time":"2019-09-16T19:45:33+00:00","og_image":[{"width":640,"height":350,"url":"https:\/\/lesvolcansnews.net\/wp-content\/uploads\/2019\/09\/mukebayi-mike-cprk_jpg_640_350_1.jpeg","type":"image\/jpeg"}],"author":"R\u00e9daction - Les Volcans News","twitter_card":"summary_large_image","twitter_misc":{"\u00c9crit par":"R\u00e9daction - Les Volcans News","Dur\u00e9e de lecture estim\u00e9e":"1 minute"},"schema":{"@context":"https:\/\/schema.org","@graph":[{"@type":"Article","@id":"https:\/\/lesvolcansnews.net\/?p=4824#article","isPartOf":{"@id":"https:\/\/lesvolcansnews.net\/?p=4824"},"author":{"name":"R\u00e9daction - Les Volcans News","@id":"https:\/\/lesvolcansnews.net\/#\/schema\/person\/82c8bed2e77879ecf6cca63441f57354"},"headline":"Kinshasa : le d\u00e9put\u00e9 Mike Mukebayi de Lamuka transf\u00e9r\u00e9 \u00e0 la prison makala ce lundi","datePublished":"2019-09-16T19:41:35+00:00","dateModified":"2019-09-16T19:45:33+00:00","mainEntityOfPage":{"@id":"https:\/\/lesvolcansnews.net\/?p=4824"},"wordCount":157,"commentCount":0,"image":{"@id":"https:\/\/lesvolcansnews.net\/?p=4824#primaryimage"},"thumbnailUrl":"https:\/\/lesvolcansnews.net\/wp-content\/uploads\/2019\/09\/mukebayi-mike-cprk_jpg_640_350_1.jpeg","articleSection":["POLITIQUE"],"inLanguage":"fr-FR","potentialAction":[{"@type":"CommentAction","name":"Comment","target":["https:\/\/lesvolcansnews.net\/?p=4824#respond"]}]},{"@type":"WebPage","@id":"https:\/\/lesvolcansnews.net\/?p=4824","url":"https:\/\/lesvolcansnews.net\/?p=4824","name":"Kinshasa : le d\u00e9put\u00e9 Mike Mukebayi de Lamuka transf\u00e9r\u00e9 \u00e0 la prison makala ce lundi - LES VOLCANS NEWS","isPartOf":{"@id":"https:\/\/lesvolcansnews.net\/#website"},"primaryImageOfPage":{"@id":"https:\/\/lesvolcansnews.net\/?p=4824#primaryimage"},"image":{"@id":"https:\/\/lesvolcansnews.net\/?p=4824#primaryimage"},"thumbnailUrl":"https:\/\/lesvolcansnews.net\/wp-content\/uploads\/2019\/09\/mukebayi-mike-cprk_jpg_640_350_1.jpeg","datePublished":"2019-09-16T19:41:35+00:00","dateModified":"2019-09-16T19:45:33+00:00","author":{"@id":"https:\/\/lesvolcansnews.net\/#\/schema\/person\/82c8bed2e77879ecf6cca63441f57354"},"breadcrumb":{"@id":"https:\/\/lesvolcansnews.net\/?p=4824#breadcrumb"},"inLanguage":"fr-FR","potentialAction":[{"@type":"ReadAction","target":["https:\/\/lesvolcansnews.net\/?p=4824"]}]},{"@type":"ImageObject","inLanguage":"fr-FR","@id":"https:\/\/lesvolcansnews.net\/?p=4824#primaryimage","url":"https:\/\/lesvolcansnews.net\/wp-content\/uploads\/2019\/09\/mukebayi-mike-cprk_jpg_640_350_1.jpeg","contentUrl":"https:\/\/lesvolcansnews.net\/wp-content\/uploads\/2019\/09\/mukebayi-mike-cprk_jpg_640_350_1.jpeg","width":640,"height":350},{"@type":"BreadcrumbList","@id":"https:\/\/lesvolcansnews.net\/?p=4824#breadcrumb","itemListElement":[{"@type":"ListItem","position":1,"name":"Accueil","item":"https:\/\/lesvolcansnews.net\/"},{"@type":"ListItem","position":2,"name":"Kinshasa : le d\u00e9put\u00e9 Mike Mukebayi de Lamuka transf\u00e9r\u00e9 \u00e0 la prison makala ce lundi"}]},{"@type":"WebSite","@id":"https:\/\/lesvolcansnews.net\/#website","url":"https:\/\/lesvolcansnews.net\/","name":"LES VOLCANS NEWS","description":"L&#039;INFORMATION C&#039;EST NOUS","potentialAction":[{"@type":"SearchAction","target":{"@type":"EntryPoint","urlTemplate":"https:\/\/lesvolcansnews.net\/?s={search_term_string}"},"query-input":{"@type":"PropertyValueSpecification","valueRequired":true,"valueName":"search_term_string"}}],"inLanguage":"fr-FR"},{"@type":"Person","@id":"https:\/\/lesvolcansnews.net\/#\/schema\/person\/82c8bed2e77879ecf6cca63441f57354","name":"R\u00e9daction - Les Volcans News","image":{"@type":"ImageObject","inLanguage":"fr-FR","@id":"https:\/\/secure.gravatar.com\/avatar\/8408942dd851e8a9c09f3d382a661bc05d2b3cd9002139bc1795b9528cdc6c80?s=96&d=mm&r=g","url":"https:\/\/secure.gravatar.com\/avatar\/8408942dd851e8a9c09f3d382a661bc05d2b3cd9002139bc1795b9528cdc6c80?s=96&d=mm&r=g","contentUrl":"https:\/\/secure.gravatar.com\/avatar\/8408942dd851e8a9c09f3d382a661bc05d2b3cd9002139bc1795b9528cdc6c80?s=96&d=mm&r=g","caption":"R\u00e9daction - Les Volcans News"},"url":"https:\/\/lesvolcansnews.net\/?author=14"}]}},"_links":{"self":[{"href":"https:\/\/lesvolcansnews.net\/index.php?rest_route=\/wp\/v2\/posts\/4824","targetHints":{"allow":["GET"]}}],"collection":[{"href":"https:\/\/lesvolcansnews.net\/index.php?rest_route=\/wp\/v2\/posts"}],"about":[{"href":"https:\/\/lesvolcansnews.net\/index.php?rest_route=\/wp\/v2\/types\/post"}],"author":[{"embeddable":true,"href":"https:\/\/lesvolcansnews.net\/index.php?rest_route=\/wp\/v2\/users\/14"}],"replies":[{"embeddable":true,"href":"https:\/\/lesvolcansnews.net\/index.php?rest_route=%2Fwp%2Fv2%2Fcomments&post=4824"}],"version-history":[{"count":1,"href":"https:\/\/lesvolcansnews.net\/index.php?rest_route=\/wp\/v2\/posts\/4824\/revisions"}],"predecessor-version":[{"id":4825,"href":"https:\/\/lesvolcansnews.net\/index.php?rest_route=\/wp\/v2\/posts\/4824\/revisions\/4825"}],"wp:featuredmedia":[{"embeddable":true,"href":"https:\/\/lesvolcansnews.net\/index.php?rest_route=\/wp\/v2\/media\/4823"}],"wp:attachment":[{"href":"https:\/\/lesvolcansnews.net\/index.php?rest_route=%2Fwp%2Fv2%2Fmedia&parent=4824"}],"wp:term":[{"taxonomy":"category","embeddable":true,"href":"https:\/\/lesvolcansnews.net\/index.php?rest_route=%2Fwp%2Fv2%2Fcategories&post=4824"},{"taxonomy":"post_tag","embeddable":true,"href":"https:\/\/lesvolcansnews.net\/index.php?rest_route=%2Fwp%2Fv2%2Ftags&post=4824"}],"curies":[{"name":"wp","href":"https:\/\/api.w.org\/{rel}","templated":true}]}}