{"id":4788,"date":"2019-09-15T15:36:26","date_gmt":"2019-09-15T15:36:26","guid":{"rendered":"https:\/\/lesvolcansnews.net\/2019\/09\/15\/beni-le-chef-de-secteur-de-rwenzori-appelle-les-jeunes-a-se-desolidariser-des-groupes-rebelles\/"},"modified":"2019-09-15T15:36:26","modified_gmt":"2019-09-15T15:36:26","slug":"beni-le-chef-de-secteur-de-rwenzori-appelle-les-jeunes-a-se-desolidariser-des-groupes-rebelles","status":"publish","type":"post","link":"https:\/\/lesvolcansnews.net\/?p=4788","title":{"rendered":"Beni: le chef de secteur de Rwenzori appelle les jeunes \u00e0 se d\u00e9solidariser des groupes rebelles"},"content":{"rendered":"<p>Tout en jugeant relativement calme la situation s\u00e9curitaire dans sa juridiction, le chef de secteur de RUWENZRI en territoire de BENI au Nord-Kivu, Sindiwako Bin Vuhaka Bozi appelle les jeunes \u00e0 se d\u00e9solidariser des groupes arm\u00e9s auteurs des crimes de guerre et des crimes contre l&#8217;humanit\u00e9. Il a lanc\u00e9 cet appel, jeudi 12 septembre \u00e0 KASINDI-LUBIRIHA au cours d&#8217;un \u00e9change avec les professionnels de m\u00e9dias, pour cette autorit\u00e9 sectorielle les jeunes qui \u00e9vitent les groupes arm\u00e9s seront \u00e9pargn\u00e9s des poursuites judiciaires aupr\u00e8s des instances p\u00e9nales.<\/p>\n<p>SINDIWAKO BIN VUHAKA BOZI a tout de m\u00eame indiqu\u00e9 que, l&#8217;arm\u00e9e loyaliste  &#8220;<em>les forces arm\u00e9es de la R\u00e9publique D\u00e9mocratique du Congo, FARDC<\/em>&#8221; allait bient\u00f4t lancer une op\u00e9ration de grande envergure dans la r\u00e9gion pour d\u00e9sarmer les rebelles Ougandais des ADF, coupables de plusieurs exactions contre des civils.<\/p>\n<p>PAUL ZAIDI.<\/p>\n","protected":false},"excerpt":{"rendered":"<p>Tout en jugeant relativement calme la situation s\u00e9curitaire dans sa juridiction, le chef de secteur de RUWENZRI en territoire de BENI au Nord-Kivu, Sindiwako Bin Vuhaka Bozi appelle les jeunes<\/p>\n","protected":false},"author":14,"featured_media":4687,"comment_status":"open","ping_status":"open","sticky":false,"template":"","format":"standard","meta":{"footnotes":""},"categories":[1],"tags":[],"class_list":["post-4788","post","type-post","status-publish","format-standard","has-post-thumbnail","hentry","category-actualite"],"yoast_head":"<!-- This site is optimized with the Yoast SEO plugin v27.5 - https:\/\/yoast.com\/product\/yoast-seo-wordpress\/ -->\n<title>Beni: le chef de secteur de Rwenzori appelle les jeunes \u00e0 se d\u00e9solidariser des groupes rebelles - LES VOLCANS NEWS<\/title>\n<meta name=\"robots\" content=\"index, follow, max-snippet:-1, max-image-preview:large, max-video-preview:-1\" \/>\n<link rel=\"canonical\" href=\"https:\/\/lesvolcansnews.net\/?p=4788\" \/>\n<meta property=\"og:locale\" content=\"fr_FR\" \/>\n<meta property=\"og:type\" content=\"article\" \/>\n<meta property=\"og:title\" content=\"Beni: le chef de secteur de Rwenzori appelle les jeunes \u00e0 se d\u00e9solidariser des groupes rebelles - LES VOLCANS NEWS\" \/>\n<meta property=\"og:description\" content=\"Tout en jugeant relativement calme la situation s\u00e9curitaire dans sa juridiction, le chef de secteur de RUWENZRI en territoire de BENI au Nord-Kivu, Sindiwako Bin Vuhaka Bozi appelle les jeunes\" \/>\n<meta property=\"og:url\" content=\"https:\/\/lesvolcansnews.net\/?p=4788\" \/>\n<meta property=\"og:site_name\" content=\"LES VOLCANS NEWS\" \/>\n<meta property=\"article:published_time\" content=\"2019-09-15T15:36:26+00:00\" \/>\n<meta property=\"og:image\" content=\"https:\/\/lesvolcansnews.net\/wp-content\/uploads\/2019\/09\/IMG-20190907-WA0085.jpg\" \/>\n\t<meta property=\"og:image:width\" content=\"1040\" \/>\n\t<meta property=\"og:image:height\" content=\"780\" \/>\n\t<meta property=\"og:image:type\" content=\"image\/jpeg\" \/>\n<meta name=\"author\" content=\"R\u00e9daction - Les Volcans News\" \/>\n<meta name=\"twitter:card\" content=\"summary_large_image\" \/>\n<meta name=\"twitter:label1\" content=\"\u00c9crit par\" \/>\n\t<meta name=\"twitter:data1\" content=\"R\u00e9daction - Les Volcans News\" \/>\n\t<meta name=\"twitter:label2\" content=\"Dur\u00e9e de lecture estim\u00e9e\" \/>\n\t<meta name=\"twitter:data2\" content=\"1 minute\" \/>\n<script type=\"application\/ld+json\" class=\"yoast-schema-graph\">{\"@context\":\"https:\\\/\\\/schema.org\",\"@graph\":[{\"@type\":\"Article\",\"@id\":\"https:\\\/\\\/lesvolcansnews.net\\\/?p=4788#article\",\"isPartOf\":{\"@id\":\"https:\\\/\\\/lesvolcansnews.net\\\/?p=4788\"},\"author\":{\"name\":\"R\u00e9daction - Les Volcans News\",\"@id\":\"https:\\\/\\\/lesvolcansnews.net\\\/#\\\/schema\\\/person\\\/82c8bed2e77879ecf6cca63441f57354\"},\"headline\":\"Beni: le chef de secteur de Rwenzori appelle les jeunes \u00e0 se d\u00e9solidariser des groupes rebelles\",\"datePublished\":\"2019-09-15T15:36:26+00:00\",\"mainEntityOfPage\":{\"@id\":\"https:\\\/\\\/lesvolcansnews.net\\\/?p=4788\"},\"wordCount\":167,\"commentCount\":0,\"image\":{\"@id\":\"https:\\\/\\\/lesvolcansnews.net\\\/?p=4788#primaryimage\"},\"thumbnailUrl\":\"https:\\\/\\\/lesvolcansnews.net\\\/wp-content\\\/uploads\\\/2019\\\/09\\\/IMG-20190907-WA0085.jpg\",\"articleSection\":[\"ACTUALIT\u00c9\"],\"inLanguage\":\"fr-FR\",\"potentialAction\":[{\"@type\":\"CommentAction\",\"name\":\"Comment\",\"target\":[\"https:\\\/\\\/lesvolcansnews.net\\\/?p=4788#respond\"]}]},{\"@type\":\"WebPage\",\"@id\":\"https:\\\/\\\/lesvolcansnews.net\\\/?p=4788\",\"url\":\"https:\\\/\\\/lesvolcansnews.net\\\/?p=4788\",\"name\":\"Beni: le chef de secteur de Rwenzori appelle les jeunes \u00e0 se d\u00e9solidariser des groupes rebelles - LES VOLCANS NEWS\",\"isPartOf\":{\"@id\":\"https:\\\/\\\/lesvolcansnews.net\\\/#website\"},\"primaryImageOfPage\":{\"@id\":\"https:\\\/\\\/lesvolcansnews.net\\\/?p=4788#primaryimage\"},\"image\":{\"@id\":\"https:\\\/\\\/lesvolcansnews.net\\\/?p=4788#primaryimage\"},\"thumbnailUrl\":\"https:\\\/\\\/lesvolcansnews.net\\\/wp-content\\\/uploads\\\/2019\\\/09\\\/IMG-20190907-WA0085.jpg\",\"datePublished\":\"2019-09-15T15:36:26+00:00\",\"author\":{\"@id\":\"https:\\\/\\\/lesvolcansnews.net\\\/#\\\/schema\\\/person\\\/82c8bed2e77879ecf6cca63441f57354\"},\"breadcrumb\":{\"@id\":\"https:\\\/\\\/lesvolcansnews.net\\\/?p=4788#breadcrumb\"},\"inLanguage\":\"fr-FR\",\"potentialAction\":[{\"@type\":\"ReadAction\",\"target\":[\"https:\\\/\\\/lesvolcansnews.net\\\/?p=4788\"]}]},{\"@type\":\"ImageObject\",\"inLanguage\":\"fr-FR\",\"@id\":\"https:\\\/\\\/lesvolcansnews.net\\\/?p=4788#primaryimage\",\"url\":\"https:\\\/\\\/lesvolcansnews.net\\\/wp-content\\\/uploads\\\/2019\\\/09\\\/IMG-20190907-WA0085.jpg\",\"contentUrl\":\"https:\\\/\\\/lesvolcansnews.net\\\/wp-content\\\/uploads\\\/2019\\\/09\\\/IMG-20190907-WA0085.jpg\",\"width\":1040,\"height\":780},{\"@type\":\"BreadcrumbList\",\"@id\":\"https:\\\/\\\/lesvolcansnews.net\\\/?p=4788#breadcrumb\",\"itemListElement\":[{\"@type\":\"ListItem\",\"position\":1,\"name\":\"Accueil\",\"item\":\"https:\\\/\\\/lesvolcansnews.net\\\/\"},{\"@type\":\"ListItem\",\"position\":2,\"name\":\"Beni: le chef de secteur de Rwenzori appelle les jeunes \u00e0 se d\u00e9solidariser des groupes rebelles\"}]},{\"@type\":\"WebSite\",\"@id\":\"https:\\\/\\\/lesvolcansnews.net\\\/#website\",\"url\":\"https:\\\/\\\/lesvolcansnews.net\\\/\",\"name\":\"LES VOLCANS NEWS\",\"description\":\"L&#039;INFORMATION C&#039;EST NOUS\",\"potentialAction\":[{\"@type\":\"SearchAction\",\"target\":{\"@type\":\"EntryPoint\",\"urlTemplate\":\"https:\\\/\\\/lesvolcansnews.net\\\/?s={search_term_string}\"},\"query-input\":{\"@type\":\"PropertyValueSpecification\",\"valueRequired\":true,\"valueName\":\"search_term_string\"}}],\"inLanguage\":\"fr-FR\"},{\"@type\":\"Person\",\"@id\":\"https:\\\/\\\/lesvolcansnews.net\\\/#\\\/schema\\\/person\\\/82c8bed2e77879ecf6cca63441f57354\",\"name\":\"R\u00e9daction - Les Volcans News\",\"image\":{\"@type\":\"ImageObject\",\"inLanguage\":\"fr-FR\",\"@id\":\"https:\\\/\\\/secure.gravatar.com\\\/avatar\\\/8408942dd851e8a9c09f3d382a661bc05d2b3cd9002139bc1795b9528cdc6c80?s=96&d=mm&r=g\",\"url\":\"https:\\\/\\\/secure.gravatar.com\\\/avatar\\\/8408942dd851e8a9c09f3d382a661bc05d2b3cd9002139bc1795b9528cdc6c80?s=96&d=mm&r=g\",\"contentUrl\":\"https:\\\/\\\/secure.gravatar.com\\\/avatar\\\/8408942dd851e8a9c09f3d382a661bc05d2b3cd9002139bc1795b9528cdc6c80?s=96&d=mm&r=g\",\"caption\":\"R\u00e9daction - Les Volcans News\"},\"url\":\"https:\\\/\\\/lesvolcansnews.net\\\/?author=14\"}]}<\/script>\n<!-- \/ Yoast SEO plugin. -->","yoast_head_json":{"title":"Beni: le chef de secteur de Rwenzori appelle les jeunes \u00e0 se d\u00e9solidariser des groupes rebelles - LES VOLCANS NEWS","robots":{"index":"index","follow":"follow","max-snippet":"max-snippet:-1","max-image-preview":"max-image-preview:large","max-video-preview":"max-video-preview:-1"},"canonical":"https:\/\/lesvolcansnews.net\/?p=4788","og_locale":"fr_FR","og_type":"article","og_title":"Beni: le chef de secteur de Rwenzori appelle les jeunes \u00e0 se d\u00e9solidariser des groupes rebelles - LES VOLCANS NEWS","og_description":"Tout en jugeant relativement calme la situation s\u00e9curitaire dans sa juridiction, le chef de secteur de RUWENZRI en territoire de BENI au Nord-Kivu, Sindiwako Bin Vuhaka Bozi appelle les jeunes","og_url":"https:\/\/lesvolcansnews.net\/?p=4788","og_site_name":"LES VOLCANS NEWS","article_published_time":"2019-09-15T15:36:26+00:00","og_image":[{"width":1040,"height":780,"url":"https:\/\/lesvolcansnews.net\/wp-content\/uploads\/2019\/09\/IMG-20190907-WA0085.jpg","type":"image\/jpeg"}],"author":"R\u00e9daction - Les Volcans News","twitter_card":"summary_large_image","twitter_misc":{"\u00c9crit par":"R\u00e9daction - Les Volcans News","Dur\u00e9e de lecture estim\u00e9e":"1 minute"},"schema":{"@context":"https:\/\/schema.org","@graph":[{"@type":"Article","@id":"https:\/\/lesvolcansnews.net\/?p=4788#article","isPartOf":{"@id":"https:\/\/lesvolcansnews.net\/?p=4788"},"author":{"name":"R\u00e9daction - Les Volcans News","@id":"https:\/\/lesvolcansnews.net\/#\/schema\/person\/82c8bed2e77879ecf6cca63441f57354"},"headline":"Beni: le chef de secteur de Rwenzori appelle les jeunes \u00e0 se d\u00e9solidariser des groupes rebelles","datePublished":"2019-09-15T15:36:26+00:00","mainEntityOfPage":{"@id":"https:\/\/lesvolcansnews.net\/?p=4788"},"wordCount":167,"commentCount":0,"image":{"@id":"https:\/\/lesvolcansnews.net\/?p=4788#primaryimage"},"thumbnailUrl":"https:\/\/lesvolcansnews.net\/wp-content\/uploads\/2019\/09\/IMG-20190907-WA0085.jpg","articleSection":["ACTUALIT\u00c9"],"inLanguage":"fr-FR","potentialAction":[{"@type":"CommentAction","name":"Comment","target":["https:\/\/lesvolcansnews.net\/?p=4788#respond"]}]},{"@type":"WebPage","@id":"https:\/\/lesvolcansnews.net\/?p=4788","url":"https:\/\/lesvolcansnews.net\/?p=4788","name":"Beni: le chef de secteur de Rwenzori appelle les jeunes \u00e0 se d\u00e9solidariser des groupes rebelles - LES VOLCANS NEWS","isPartOf":{"@id":"https:\/\/lesvolcansnews.net\/#website"},"primaryImageOfPage":{"@id":"https:\/\/lesvolcansnews.net\/?p=4788#primaryimage"},"image":{"@id":"https:\/\/lesvolcansnews.net\/?p=4788#primaryimage"},"thumbnailUrl":"https:\/\/lesvolcansnews.net\/wp-content\/uploads\/2019\/09\/IMG-20190907-WA0085.jpg","datePublished":"2019-09-15T15:36:26+00:00","author":{"@id":"https:\/\/lesvolcansnews.net\/#\/schema\/person\/82c8bed2e77879ecf6cca63441f57354"},"breadcrumb":{"@id":"https:\/\/lesvolcansnews.net\/?p=4788#breadcrumb"},"inLanguage":"fr-FR","potentialAction":[{"@type":"ReadAction","target":["https:\/\/lesvolcansnews.net\/?p=4788"]}]},{"@type":"ImageObject","inLanguage":"fr-FR","@id":"https:\/\/lesvolcansnews.net\/?p=4788#primaryimage","url":"https:\/\/lesvolcansnews.net\/wp-content\/uploads\/2019\/09\/IMG-20190907-WA0085.jpg","contentUrl":"https:\/\/lesvolcansnews.net\/wp-content\/uploads\/2019\/09\/IMG-20190907-WA0085.jpg","width":1040,"height":780},{"@type":"BreadcrumbList","@id":"https:\/\/lesvolcansnews.net\/?p=4788#breadcrumb","itemListElement":[{"@type":"ListItem","position":1,"name":"Accueil","item":"https:\/\/lesvolcansnews.net\/"},{"@type":"ListItem","position":2,"name":"Beni: le chef de secteur de Rwenzori appelle les jeunes \u00e0 se d\u00e9solidariser des groupes rebelles"}]},{"@type":"WebSite","@id":"https:\/\/lesvolcansnews.net\/#website","url":"https:\/\/lesvolcansnews.net\/","name":"LES VOLCANS NEWS","description":"L&#039;INFORMATION C&#039;EST NOUS","potentialAction":[{"@type":"SearchAction","target":{"@type":"EntryPoint","urlTemplate":"https:\/\/lesvolcansnews.net\/?s={search_term_string}"},"query-input":{"@type":"PropertyValueSpecification","valueRequired":true,"valueName":"search_term_string"}}],"inLanguage":"fr-FR"},{"@type":"Person","@id":"https:\/\/lesvolcansnews.net\/#\/schema\/person\/82c8bed2e77879ecf6cca63441f57354","name":"R\u00e9daction - Les Volcans News","image":{"@type":"ImageObject","inLanguage":"fr-FR","@id":"https:\/\/secure.gravatar.com\/avatar\/8408942dd851e8a9c09f3d382a661bc05d2b3cd9002139bc1795b9528cdc6c80?s=96&d=mm&r=g","url":"https:\/\/secure.gravatar.com\/avatar\/8408942dd851e8a9c09f3d382a661bc05d2b3cd9002139bc1795b9528cdc6c80?s=96&d=mm&r=g","contentUrl":"https:\/\/secure.gravatar.com\/avatar\/8408942dd851e8a9c09f3d382a661bc05d2b3cd9002139bc1795b9528cdc6c80?s=96&d=mm&r=g","caption":"R\u00e9daction - Les Volcans News"},"url":"https:\/\/lesvolcansnews.net\/?author=14"}]}},"_links":{"self":[{"href":"https:\/\/lesvolcansnews.net\/index.php?rest_route=\/wp\/v2\/posts\/4788","targetHints":{"allow":["GET"]}}],"collection":[{"href":"https:\/\/lesvolcansnews.net\/index.php?rest_route=\/wp\/v2\/posts"}],"about":[{"href":"https:\/\/lesvolcansnews.net\/index.php?rest_route=\/wp\/v2\/types\/post"}],"author":[{"embeddable":true,"href":"https:\/\/lesvolcansnews.net\/index.php?rest_route=\/wp\/v2\/users\/14"}],"replies":[{"embeddable":true,"href":"https:\/\/lesvolcansnews.net\/index.php?rest_route=%2Fwp%2Fv2%2Fcomments&post=4788"}],"version-history":[{"count":0,"href":"https:\/\/lesvolcansnews.net\/index.php?rest_route=\/wp\/v2\/posts\/4788\/revisions"}],"wp:featuredmedia":[{"embeddable":true,"href":"https:\/\/lesvolcansnews.net\/index.php?rest_route=\/wp\/v2\/media\/4687"}],"wp:attachment":[{"href":"https:\/\/lesvolcansnews.net\/index.php?rest_route=%2Fwp%2Fv2%2Fmedia&parent=4788"}],"wp:term":[{"taxonomy":"category","embeddable":true,"href":"https:\/\/lesvolcansnews.net\/index.php?rest_route=%2Fwp%2Fv2%2Fcategories&post=4788"},{"taxonomy":"post_tag","embeddable":true,"href":"https:\/\/lesvolcansnews.net\/index.php?rest_route=%2Fwp%2Fv2%2Ftags&post=4788"}],"curies":[{"name":"wp","href":"https:\/\/api.w.org\/{rel}","templated":true}]}}