{"id":4706,"date":"2019-09-09T10:43:47","date_gmt":"2019-09-09T10:43:47","guid":{"rendered":"https:\/\/lesvolcansnews.net\/2019\/09\/09\/la-lucha-appelle-le-reseau-airtel-detre-respectueux-en-vers-sa-clientele\/"},"modified":"2019-09-09T10:55:35","modified_gmt":"2019-09-09T10:55:35","slug":"la-lucha-appelle-le-reseau-airtel-detre-respectueux-en-vers-sa-clientele","status":"publish","type":"post","link":"https:\/\/lesvolcansnews.net\/?p=4706","title":{"rendered":"La lucha appelle le r\u00e9seau AIRTEL d\u2019\u00eatre respectueux en vers sa client\u00e8le"},"content":{"rendered":"<p>Les jeunes du mouvement Lutte pour le changement Lucha, ont manifest\u00e9 ce lundi 9 septembre 2019 devant le bureau r\u00e9gional de la soci\u00e9t\u00e9 AIRTEL, zone-EST en ville de Goma, pour infliger une am\u00e9lioration de la qualit\u00e9 des services de cette entreprise de t\u00e9l\u00e9communication.<br \/>\nDans leurs revendications, les jeunes avec plusieurs messages, figure ce qu\u2019ils qualifient de n\u00e9gligence manifeste du peuple congolais par cette entreprise, car plusieurs fois les r\u00e9clamations ne sont pas prises en compte.<br \/>\n\u00ab Plusieurs fois nous avons demand\u00e9 l\u2019am\u00e9lioration de la connexion internet, le syst\u00e8me de messagerie(SMS), et la g\u00e9olocalisation des kidnappeurs qui utilisent toujours le r\u00e9seau AIRTEL pour ran\u00e7onner leurs victimes. H\u00e9las, nous n\u2019avons pas toujours une solution malgr\u00e9 les multiples actions men\u00e9e \u00bb a d\u00e9plor\u00e9 Espoir Ngalukiye<br \/>\nLes militants de la Lucha accusent de AIRTEL de faire le double paiement lors des transactions Mobile Money aupr\u00e8s de sa client\u00e8le.<br \/>\nLa marche s\u2019est tenue sans incident en pr\u00e9sence des \u00e9l\u00e9ments de la Police nationale congolaise d\u00e9ploy\u00e9s sur le lieu.<\/p>\n<p><em><strong>Gabriel KASHUGUSH<\/strong><\/em><strong>U<\/strong><\/p>\n","protected":false},"excerpt":{"rendered":"<p>Les jeunes du mouvement Lutte pour le changement Lucha, ont manifest\u00e9 ce lundi 9 septembre 2019 devant le bureau r\u00e9gional de la soci\u00e9t\u00e9 AIRTEL, zone-EST en ville de Goma, pour<\/p>\n","protected":false},"author":14,"featured_media":4705,"comment_status":"open","ping_status":"open","sticky":false,"template":"","format":"standard","meta":{"footnotes":""},"categories":[9],"tags":[],"class_list":["post-4706","post","type-post","status-publish","format-standard","has-post-thumbnail","hentry","category-societe"],"yoast_head":"<!-- This site is optimized with the Yoast SEO plugin v27.3 - https:\/\/yoast.com\/product\/yoast-seo-wordpress\/ -->\n<title>La lucha appelle le r\u00e9seau AIRTEL d\u2019\u00eatre respectueux en vers sa client\u00e8le - LES VOLCANS NEWS<\/title>\n<meta name=\"robots\" content=\"index, follow, max-snippet:-1, max-image-preview:large, max-video-preview:-1\" \/>\n<link rel=\"canonical\" href=\"https:\/\/lesvolcansnews.net\/?p=4706\" \/>\n<meta property=\"og:locale\" content=\"fr_FR\" \/>\n<meta property=\"og:type\" content=\"article\" \/>\n<meta property=\"og:title\" content=\"La lucha appelle le r\u00e9seau AIRTEL d\u2019\u00eatre respectueux en vers sa client\u00e8le - LES VOLCANS NEWS\" \/>\n<meta property=\"og:description\" content=\"Les jeunes du mouvement Lutte pour le changement Lucha, ont manifest\u00e9 ce lundi 9 septembre 2019 devant le bureau r\u00e9gional de la soci\u00e9t\u00e9 AIRTEL, zone-EST en ville de Goma, pour\" \/>\n<meta property=\"og:url\" content=\"https:\/\/lesvolcansnews.net\/?p=4706\" \/>\n<meta property=\"og:site_name\" content=\"LES VOLCANS NEWS\" \/>\n<meta property=\"article:published_time\" content=\"2019-09-09T10:43:47+00:00\" \/>\n<meta property=\"article:modified_time\" content=\"2019-09-09T10:55:35+00:00\" \/>\n<meta property=\"og:image\" content=\"https:\/\/lesvolcansnews.net\/wp-content\/uploads\/2019\/09\/IMG_0654.jpg\" \/>\n\t<meta property=\"og:image:width\" content=\"1024\" \/>\n\t<meta property=\"og:image:height\" content=\"683\" \/>\n\t<meta property=\"og:image:type\" content=\"image\/jpeg\" \/>\n<meta name=\"author\" content=\"R\u00e9daction - Les Volcans News\" \/>\n<meta name=\"twitter:card\" content=\"summary_large_image\" \/>\n<meta name=\"twitter:label1\" content=\"\u00c9crit par\" \/>\n\t<meta name=\"twitter:data1\" content=\"R\u00e9daction - Les Volcans News\" \/>\n\t<meta name=\"twitter:label2\" content=\"Dur\u00e9e de lecture estim\u00e9e\" \/>\n\t<meta name=\"twitter:data2\" content=\"1 minute\" \/>\n<script type=\"application\/ld+json\" class=\"yoast-schema-graph\">{\"@context\":\"https:\\\/\\\/schema.org\",\"@graph\":[{\"@type\":\"Article\",\"@id\":\"https:\\\/\\\/lesvolcansnews.net\\\/?p=4706#article\",\"isPartOf\":{\"@id\":\"https:\\\/\\\/lesvolcansnews.net\\\/?p=4706\"},\"author\":{\"name\":\"R\u00e9daction - Les Volcans News\",\"@id\":\"https:\\\/\\\/lesvolcansnews.net\\\/#\\\/schema\\\/person\\\/82c8bed2e77879ecf6cca63441f57354\"},\"headline\":\"La lucha appelle le r\u00e9seau AIRTEL d\u2019\u00eatre respectueux en vers sa client\u00e8le\",\"datePublished\":\"2019-09-09T10:43:47+00:00\",\"dateModified\":\"2019-09-09T10:55:35+00:00\",\"mainEntityOfPage\":{\"@id\":\"https:\\\/\\\/lesvolcansnews.net\\\/?p=4706\"},\"wordCount\":203,\"commentCount\":0,\"image\":{\"@id\":\"https:\\\/\\\/lesvolcansnews.net\\\/?p=4706#primaryimage\"},\"thumbnailUrl\":\"https:\\\/\\\/lesvolcansnews.net\\\/wp-content\\\/uploads\\\/2019\\\/09\\\/IMG_0654.jpg\",\"articleSection\":[\"SOCIET\u00c9\"],\"inLanguage\":\"fr-FR\",\"potentialAction\":[{\"@type\":\"CommentAction\",\"name\":\"Comment\",\"target\":[\"https:\\\/\\\/lesvolcansnews.net\\\/?p=4706#respond\"]}]},{\"@type\":\"WebPage\",\"@id\":\"https:\\\/\\\/lesvolcansnews.net\\\/?p=4706\",\"url\":\"https:\\\/\\\/lesvolcansnews.net\\\/?p=4706\",\"name\":\"La lucha appelle le r\u00e9seau AIRTEL d\u2019\u00eatre respectueux en vers sa client\u00e8le - LES VOLCANS NEWS\",\"isPartOf\":{\"@id\":\"https:\\\/\\\/lesvolcansnews.net\\\/#website\"},\"primaryImageOfPage\":{\"@id\":\"https:\\\/\\\/lesvolcansnews.net\\\/?p=4706#primaryimage\"},\"image\":{\"@id\":\"https:\\\/\\\/lesvolcansnews.net\\\/?p=4706#primaryimage\"},\"thumbnailUrl\":\"https:\\\/\\\/lesvolcansnews.net\\\/wp-content\\\/uploads\\\/2019\\\/09\\\/IMG_0654.jpg\",\"datePublished\":\"2019-09-09T10:43:47+00:00\",\"dateModified\":\"2019-09-09T10:55:35+00:00\",\"author\":{\"@id\":\"https:\\\/\\\/lesvolcansnews.net\\\/#\\\/schema\\\/person\\\/82c8bed2e77879ecf6cca63441f57354\"},\"breadcrumb\":{\"@id\":\"https:\\\/\\\/lesvolcansnews.net\\\/?p=4706#breadcrumb\"},\"inLanguage\":\"fr-FR\",\"potentialAction\":[{\"@type\":\"ReadAction\",\"target\":[\"https:\\\/\\\/lesvolcansnews.net\\\/?p=4706\"]}]},{\"@type\":\"ImageObject\",\"inLanguage\":\"fr-FR\",\"@id\":\"https:\\\/\\\/lesvolcansnews.net\\\/?p=4706#primaryimage\",\"url\":\"https:\\\/\\\/lesvolcansnews.net\\\/wp-content\\\/uploads\\\/2019\\\/09\\\/IMG_0654.jpg\",\"contentUrl\":\"https:\\\/\\\/lesvolcansnews.net\\\/wp-content\\\/uploads\\\/2019\\\/09\\\/IMG_0654.jpg\",\"width\":1024,\"height\":683},{\"@type\":\"BreadcrumbList\",\"@id\":\"https:\\\/\\\/lesvolcansnews.net\\\/?p=4706#breadcrumb\",\"itemListElement\":[{\"@type\":\"ListItem\",\"position\":1,\"name\":\"Accueil\",\"item\":\"https:\\\/\\\/lesvolcansnews.net\\\/\"},{\"@type\":\"ListItem\",\"position\":2,\"name\":\"La lucha appelle le r\u00e9seau AIRTEL d\u2019\u00eatre respectueux en vers sa client\u00e8le\"}]},{\"@type\":\"WebSite\",\"@id\":\"https:\\\/\\\/lesvolcansnews.net\\\/#website\",\"url\":\"https:\\\/\\\/lesvolcansnews.net\\\/\",\"name\":\"LES VOLCANS NEWS\",\"description\":\"L&#039;INFORMATION C&#039;EST NOUS\",\"potentialAction\":[{\"@type\":\"SearchAction\",\"target\":{\"@type\":\"EntryPoint\",\"urlTemplate\":\"https:\\\/\\\/lesvolcansnews.net\\\/?s={search_term_string}\"},\"query-input\":{\"@type\":\"PropertyValueSpecification\",\"valueRequired\":true,\"valueName\":\"search_term_string\"}}],\"inLanguage\":\"fr-FR\"},{\"@type\":\"Person\",\"@id\":\"https:\\\/\\\/lesvolcansnews.net\\\/#\\\/schema\\\/person\\\/82c8bed2e77879ecf6cca63441f57354\",\"name\":\"R\u00e9daction - Les Volcans News\",\"image\":{\"@type\":\"ImageObject\",\"inLanguage\":\"fr-FR\",\"@id\":\"https:\\\/\\\/secure.gravatar.com\\\/avatar\\\/8408942dd851e8a9c09f3d382a661bc05d2b3cd9002139bc1795b9528cdc6c80?s=96&d=mm&r=g\",\"url\":\"https:\\\/\\\/secure.gravatar.com\\\/avatar\\\/8408942dd851e8a9c09f3d382a661bc05d2b3cd9002139bc1795b9528cdc6c80?s=96&d=mm&r=g\",\"contentUrl\":\"https:\\\/\\\/secure.gravatar.com\\\/avatar\\\/8408942dd851e8a9c09f3d382a661bc05d2b3cd9002139bc1795b9528cdc6c80?s=96&d=mm&r=g\",\"caption\":\"R\u00e9daction - Les Volcans News\"},\"url\":\"https:\\\/\\\/lesvolcansnews.net\\\/?author=14\"}]}<\/script>\n<!-- \/ Yoast SEO plugin. -->","yoast_head_json":{"title":"La lucha appelle le r\u00e9seau AIRTEL d\u2019\u00eatre respectueux en vers sa client\u00e8le - LES VOLCANS NEWS","robots":{"index":"index","follow":"follow","max-snippet":"max-snippet:-1","max-image-preview":"max-image-preview:large","max-video-preview":"max-video-preview:-1"},"canonical":"https:\/\/lesvolcansnews.net\/?p=4706","og_locale":"fr_FR","og_type":"article","og_title":"La lucha appelle le r\u00e9seau AIRTEL d\u2019\u00eatre respectueux en vers sa client\u00e8le - LES VOLCANS NEWS","og_description":"Les jeunes du mouvement Lutte pour le changement Lucha, ont manifest\u00e9 ce lundi 9 septembre 2019 devant le bureau r\u00e9gional de la soci\u00e9t\u00e9 AIRTEL, zone-EST en ville de Goma, pour","og_url":"https:\/\/lesvolcansnews.net\/?p=4706","og_site_name":"LES VOLCANS NEWS","article_published_time":"2019-09-09T10:43:47+00:00","article_modified_time":"2019-09-09T10:55:35+00:00","og_image":[{"width":1024,"height":683,"url":"https:\/\/lesvolcansnews.net\/wp-content\/uploads\/2019\/09\/IMG_0654.jpg","type":"image\/jpeg"}],"author":"R\u00e9daction - Les Volcans News","twitter_card":"summary_large_image","twitter_misc":{"\u00c9crit par":"R\u00e9daction - Les Volcans News","Dur\u00e9e de lecture estim\u00e9e":"1 minute"},"schema":{"@context":"https:\/\/schema.org","@graph":[{"@type":"Article","@id":"https:\/\/lesvolcansnews.net\/?p=4706#article","isPartOf":{"@id":"https:\/\/lesvolcansnews.net\/?p=4706"},"author":{"name":"R\u00e9daction - Les Volcans News","@id":"https:\/\/lesvolcansnews.net\/#\/schema\/person\/82c8bed2e77879ecf6cca63441f57354"},"headline":"La lucha appelle le r\u00e9seau AIRTEL d\u2019\u00eatre respectueux en vers sa client\u00e8le","datePublished":"2019-09-09T10:43:47+00:00","dateModified":"2019-09-09T10:55:35+00:00","mainEntityOfPage":{"@id":"https:\/\/lesvolcansnews.net\/?p=4706"},"wordCount":203,"commentCount":0,"image":{"@id":"https:\/\/lesvolcansnews.net\/?p=4706#primaryimage"},"thumbnailUrl":"https:\/\/lesvolcansnews.net\/wp-content\/uploads\/2019\/09\/IMG_0654.jpg","articleSection":["SOCIET\u00c9"],"inLanguage":"fr-FR","potentialAction":[{"@type":"CommentAction","name":"Comment","target":["https:\/\/lesvolcansnews.net\/?p=4706#respond"]}]},{"@type":"WebPage","@id":"https:\/\/lesvolcansnews.net\/?p=4706","url":"https:\/\/lesvolcansnews.net\/?p=4706","name":"La lucha appelle le r\u00e9seau AIRTEL d\u2019\u00eatre respectueux en vers sa client\u00e8le - LES VOLCANS NEWS","isPartOf":{"@id":"https:\/\/lesvolcansnews.net\/#website"},"primaryImageOfPage":{"@id":"https:\/\/lesvolcansnews.net\/?p=4706#primaryimage"},"image":{"@id":"https:\/\/lesvolcansnews.net\/?p=4706#primaryimage"},"thumbnailUrl":"https:\/\/lesvolcansnews.net\/wp-content\/uploads\/2019\/09\/IMG_0654.jpg","datePublished":"2019-09-09T10:43:47+00:00","dateModified":"2019-09-09T10:55:35+00:00","author":{"@id":"https:\/\/lesvolcansnews.net\/#\/schema\/person\/82c8bed2e77879ecf6cca63441f57354"},"breadcrumb":{"@id":"https:\/\/lesvolcansnews.net\/?p=4706#breadcrumb"},"inLanguage":"fr-FR","potentialAction":[{"@type":"ReadAction","target":["https:\/\/lesvolcansnews.net\/?p=4706"]}]},{"@type":"ImageObject","inLanguage":"fr-FR","@id":"https:\/\/lesvolcansnews.net\/?p=4706#primaryimage","url":"https:\/\/lesvolcansnews.net\/wp-content\/uploads\/2019\/09\/IMG_0654.jpg","contentUrl":"https:\/\/lesvolcansnews.net\/wp-content\/uploads\/2019\/09\/IMG_0654.jpg","width":1024,"height":683},{"@type":"BreadcrumbList","@id":"https:\/\/lesvolcansnews.net\/?p=4706#breadcrumb","itemListElement":[{"@type":"ListItem","position":1,"name":"Accueil","item":"https:\/\/lesvolcansnews.net\/"},{"@type":"ListItem","position":2,"name":"La lucha appelle le r\u00e9seau AIRTEL d\u2019\u00eatre respectueux en vers sa client\u00e8le"}]},{"@type":"WebSite","@id":"https:\/\/lesvolcansnews.net\/#website","url":"https:\/\/lesvolcansnews.net\/","name":"LES VOLCANS NEWS","description":"L&#039;INFORMATION C&#039;EST NOUS","potentialAction":[{"@type":"SearchAction","target":{"@type":"EntryPoint","urlTemplate":"https:\/\/lesvolcansnews.net\/?s={search_term_string}"},"query-input":{"@type":"PropertyValueSpecification","valueRequired":true,"valueName":"search_term_string"}}],"inLanguage":"fr-FR"},{"@type":"Person","@id":"https:\/\/lesvolcansnews.net\/#\/schema\/person\/82c8bed2e77879ecf6cca63441f57354","name":"R\u00e9daction - Les Volcans News","image":{"@type":"ImageObject","inLanguage":"fr-FR","@id":"https:\/\/secure.gravatar.com\/avatar\/8408942dd851e8a9c09f3d382a661bc05d2b3cd9002139bc1795b9528cdc6c80?s=96&d=mm&r=g","url":"https:\/\/secure.gravatar.com\/avatar\/8408942dd851e8a9c09f3d382a661bc05d2b3cd9002139bc1795b9528cdc6c80?s=96&d=mm&r=g","contentUrl":"https:\/\/secure.gravatar.com\/avatar\/8408942dd851e8a9c09f3d382a661bc05d2b3cd9002139bc1795b9528cdc6c80?s=96&d=mm&r=g","caption":"R\u00e9daction - Les Volcans News"},"url":"https:\/\/lesvolcansnews.net\/?author=14"}]}},"_links":{"self":[{"href":"https:\/\/lesvolcansnews.net\/index.php?rest_route=\/wp\/v2\/posts\/4706","targetHints":{"allow":["GET"]}}],"collection":[{"href":"https:\/\/lesvolcansnews.net\/index.php?rest_route=\/wp\/v2\/posts"}],"about":[{"href":"https:\/\/lesvolcansnews.net\/index.php?rest_route=\/wp\/v2\/types\/post"}],"author":[{"embeddable":true,"href":"https:\/\/lesvolcansnews.net\/index.php?rest_route=\/wp\/v2\/users\/14"}],"replies":[{"embeddable":true,"href":"https:\/\/lesvolcansnews.net\/index.php?rest_route=%2Fwp%2Fv2%2Fcomments&post=4706"}],"version-history":[{"count":1,"href":"https:\/\/lesvolcansnews.net\/index.php?rest_route=\/wp\/v2\/posts\/4706\/revisions"}],"predecessor-version":[{"id":4707,"href":"https:\/\/lesvolcansnews.net\/index.php?rest_route=\/wp\/v2\/posts\/4706\/revisions\/4707"}],"wp:featuredmedia":[{"embeddable":true,"href":"https:\/\/lesvolcansnews.net\/index.php?rest_route=\/wp\/v2\/media\/4705"}],"wp:attachment":[{"href":"https:\/\/lesvolcansnews.net\/index.php?rest_route=%2Fwp%2Fv2%2Fmedia&parent=4706"}],"wp:term":[{"taxonomy":"category","embeddable":true,"href":"https:\/\/lesvolcansnews.net\/index.php?rest_route=%2Fwp%2Fv2%2Fcategories&post=4706"},{"taxonomy":"post_tag","embeddable":true,"href":"https:\/\/lesvolcansnews.net\/index.php?rest_route=%2Fwp%2Fv2%2Ftags&post=4706"}],"curies":[{"name":"wp","href":"https:\/\/api.w.org\/{rel}","templated":true}]}}