{"id":4676,"date":"2019-09-07T11:49:18","date_gmt":"2019-09-07T11:49:18","guid":{"rendered":"https:\/\/lesvolcansnews.net\/2019\/09\/07\/guinee-conakry-florent-ibenge-candidat-au-poste-de-selectionneur-national\/"},"modified":"2019-09-07T11:49:18","modified_gmt":"2019-09-07T11:49:18","slug":"guinee-conakry-florent-ibenge-candidat-au-poste-de-selectionneur-national","status":"publish","type":"post","link":"https:\/\/lesvolcansnews.net\/?p=4676","title":{"rendered":"Guin\u00e9e-Conakry : Florent Ibenge candidat au poste de s\u00e9lectionneur national"},"content":{"rendered":"<p>L&#8217;ancien de la R\u00e9publique D\u00e9mocratique du Congo<br \/>\nJean Florent Ibenge a d\u00e9pos\u00e9 sa candidature au poste  s\u00e9lectionneur de l\u2019\u00e9quipe nationale A de la Guin\u00e9e.<\/p>\n<p>L&#8217;annonce a \u00e9t\u00e9 faite par la F\u00e9d\u00e9ration Guin\u00e9enne de football, ce vendredi 06 septembre 2019.<\/p>\n<p>Elles sont au total 17 personnes qui ont postul\u00e9 pour le poste d\u2019entra\u00eeneur de la Guinn\u00e9e. Nous y retrouvons les noms des techniciens Africains comme Europ\u00e9ens dont Claudio Ranieri (ancien entra\u00eeneur de Chelsea et de la Juve), Georges Leekens ( ex entra\u00eeneur d\u2019Alg\u00e9rie et de la Tunisie), Fran\u00e7ois Zahoui (finaliste de la CAN 2012 avec la C\u00f4te d\u2019Ivoire) et aussi Florent Ibenge qui vient de d\u00e9missionner apr\u00e8s 5 ans pass\u00e9es \u00e0 la t\u00eate de la RDC. Ce dernier doit se rendre en Guin\u00e9e le 12 Septembre prochain pour d\u00e9fendre sa candidature.<\/p>\n<p>Un mois apr\u00e8s sa d\u00e9mission \u00e0 la t\u00eate de la s\u00e9lection matinale de la Rdc , apr\u00e8s 5 de service, Florent Ibenge veut rebondir en Guin\u00e9e avec les co\u00e9quipiers de Naby Keita.<\/p>\n<p>Ibenge part favori \u00e0 ce poste vue son exp\u00e9rience qui a convaincu le monde du football professionnel avec les L\u00e9opards Congolais.<br \/>\nLa grande question qui se pose est de savoir s\u2019il restera aussi \u00e0 la t\u00eate de l\u2019AS.V Club en cas de son enr\u00f4lement.<\/p>\n<p><strong><em>Cedrick Sadiki Mbala<\/em><\/strong><\/p>\n","protected":false},"excerpt":{"rendered":"<p>L&#8217;ancien de la R\u00e9publique D\u00e9mocratique du Congo Jean Florent Ibenge a d\u00e9pos\u00e9 sa candidature au poste s\u00e9lectionneur de l\u2019\u00e9quipe nationale A de la Guin\u00e9e. L&#8217;annonce a \u00e9t\u00e9 faite par la<\/p>\n","protected":false},"author":14,"featured_media":4675,"comment_status":"open","ping_status":"open","sticky":false,"template":"","format":"standard","meta":{"footnotes":""},"categories":[11],"tags":[],"class_list":["post-4676","post","type-post","status-publish","format-standard","has-post-thumbnail","hentry","category-sports"],"yoast_head":"<!-- This site is optimized with the Yoast SEO plugin v27.3 - https:\/\/yoast.com\/product\/yoast-seo-wordpress\/ -->\n<title>Guin\u00e9e-Conakry : Florent Ibenge candidat au poste de s\u00e9lectionneur national - LES VOLCANS NEWS<\/title>\n<meta name=\"robots\" content=\"index, follow, max-snippet:-1, max-image-preview:large, max-video-preview:-1\" \/>\n<link rel=\"canonical\" href=\"https:\/\/lesvolcansnews.net\/?p=4676\" \/>\n<meta property=\"og:locale\" content=\"fr_FR\" \/>\n<meta property=\"og:type\" content=\"article\" \/>\n<meta property=\"og:title\" content=\"Guin\u00e9e-Conakry : Florent Ibenge candidat au poste de s\u00e9lectionneur national - LES VOLCANS NEWS\" \/>\n<meta property=\"og:description\" content=\"L&#8217;ancien de la R\u00e9publique D\u00e9mocratique du Congo Jean Florent Ibenge a d\u00e9pos\u00e9 sa candidature au poste s\u00e9lectionneur de l\u2019\u00e9quipe nationale A de la Guin\u00e9e. L&#8217;annonce a \u00e9t\u00e9 faite par la\" \/>\n<meta property=\"og:url\" content=\"https:\/\/lesvolcansnews.net\/?p=4676\" \/>\n<meta property=\"og:site_name\" content=\"LES VOLCANS NEWS\" \/>\n<meta property=\"article:published_time\" content=\"2019-09-07T11:49:18+00:00\" \/>\n<meta property=\"og:image\" content=\"https:\/\/lesvolcansnews.net\/wp-content\/uploads\/2019\/09\/Florent-Ibenge-Foot-RDC-750x430.jpg\" \/>\n\t<meta property=\"og:image:width\" content=\"750\" \/>\n\t<meta property=\"og:image:height\" content=\"430\" \/>\n\t<meta property=\"og:image:type\" content=\"image\/jpeg\" \/>\n<meta name=\"author\" content=\"R\u00e9daction - Les Volcans News\" \/>\n<meta name=\"twitter:card\" content=\"summary_large_image\" \/>\n<meta name=\"twitter:label1\" content=\"\u00c9crit par\" \/>\n\t<meta name=\"twitter:data1\" content=\"R\u00e9daction - Les Volcans News\" \/>\n\t<meta name=\"twitter:label2\" content=\"Dur\u00e9e de lecture estim\u00e9e\" \/>\n\t<meta name=\"twitter:data2\" content=\"1 minute\" \/>\n<script type=\"application\/ld+json\" class=\"yoast-schema-graph\">{\"@context\":\"https:\\\/\\\/schema.org\",\"@graph\":[{\"@type\":\"Article\",\"@id\":\"https:\\\/\\\/lesvolcansnews.net\\\/?p=4676#article\",\"isPartOf\":{\"@id\":\"https:\\\/\\\/lesvolcansnews.net\\\/?p=4676\"},\"author\":{\"name\":\"R\u00e9daction - Les Volcans News\",\"@id\":\"https:\\\/\\\/lesvolcansnews.net\\\/#\\\/schema\\\/person\\\/82c8bed2e77879ecf6cca63441f57354\"},\"headline\":\"Guin\u00e9e-Conakry : Florent Ibenge candidat au poste de s\u00e9lectionneur national\",\"datePublished\":\"2019-09-07T11:49:18+00:00\",\"mainEntityOfPage\":{\"@id\":\"https:\\\/\\\/lesvolcansnews.net\\\/?p=4676\"},\"wordCount\":249,\"commentCount\":0,\"image\":{\"@id\":\"https:\\\/\\\/lesvolcansnews.net\\\/?p=4676#primaryimage\"},\"thumbnailUrl\":\"https:\\\/\\\/lesvolcansnews.net\\\/wp-content\\\/uploads\\\/2019\\\/09\\\/Florent-Ibenge-Foot-RDC-750x430.jpg\",\"articleSection\":[\"SPORTS\"],\"inLanguage\":\"fr-FR\",\"potentialAction\":[{\"@type\":\"CommentAction\",\"name\":\"Comment\",\"target\":[\"https:\\\/\\\/lesvolcansnews.net\\\/?p=4676#respond\"]}]},{\"@type\":\"WebPage\",\"@id\":\"https:\\\/\\\/lesvolcansnews.net\\\/?p=4676\",\"url\":\"https:\\\/\\\/lesvolcansnews.net\\\/?p=4676\",\"name\":\"Guin\u00e9e-Conakry : Florent Ibenge candidat au poste de s\u00e9lectionneur national - LES VOLCANS NEWS\",\"isPartOf\":{\"@id\":\"https:\\\/\\\/lesvolcansnews.net\\\/#website\"},\"primaryImageOfPage\":{\"@id\":\"https:\\\/\\\/lesvolcansnews.net\\\/?p=4676#primaryimage\"},\"image\":{\"@id\":\"https:\\\/\\\/lesvolcansnews.net\\\/?p=4676#primaryimage\"},\"thumbnailUrl\":\"https:\\\/\\\/lesvolcansnews.net\\\/wp-content\\\/uploads\\\/2019\\\/09\\\/Florent-Ibenge-Foot-RDC-750x430.jpg\",\"datePublished\":\"2019-09-07T11:49:18+00:00\",\"author\":{\"@id\":\"https:\\\/\\\/lesvolcansnews.net\\\/#\\\/schema\\\/person\\\/82c8bed2e77879ecf6cca63441f57354\"},\"breadcrumb\":{\"@id\":\"https:\\\/\\\/lesvolcansnews.net\\\/?p=4676#breadcrumb\"},\"inLanguage\":\"fr-FR\",\"potentialAction\":[{\"@type\":\"ReadAction\",\"target\":[\"https:\\\/\\\/lesvolcansnews.net\\\/?p=4676\"]}]},{\"@type\":\"ImageObject\",\"inLanguage\":\"fr-FR\",\"@id\":\"https:\\\/\\\/lesvolcansnews.net\\\/?p=4676#primaryimage\",\"url\":\"https:\\\/\\\/lesvolcansnews.net\\\/wp-content\\\/uploads\\\/2019\\\/09\\\/Florent-Ibenge-Foot-RDC-750x430.jpg\",\"contentUrl\":\"https:\\\/\\\/lesvolcansnews.net\\\/wp-content\\\/uploads\\\/2019\\\/09\\\/Florent-Ibenge-Foot-RDC-750x430.jpg\",\"width\":750,\"height\":430},{\"@type\":\"BreadcrumbList\",\"@id\":\"https:\\\/\\\/lesvolcansnews.net\\\/?p=4676#breadcrumb\",\"itemListElement\":[{\"@type\":\"ListItem\",\"position\":1,\"name\":\"Accueil\",\"item\":\"https:\\\/\\\/lesvolcansnews.net\\\/\"},{\"@type\":\"ListItem\",\"position\":2,\"name\":\"Guin\u00e9e-Conakry : Florent Ibenge candidat au poste de s\u00e9lectionneur national\"}]},{\"@type\":\"WebSite\",\"@id\":\"https:\\\/\\\/lesvolcansnews.net\\\/#website\",\"url\":\"https:\\\/\\\/lesvolcansnews.net\\\/\",\"name\":\"LES VOLCANS NEWS\",\"description\":\"L&#039;INFORMATION C&#039;EST NOUS\",\"potentialAction\":[{\"@type\":\"SearchAction\",\"target\":{\"@type\":\"EntryPoint\",\"urlTemplate\":\"https:\\\/\\\/lesvolcansnews.net\\\/?s={search_term_string}\"},\"query-input\":{\"@type\":\"PropertyValueSpecification\",\"valueRequired\":true,\"valueName\":\"search_term_string\"}}],\"inLanguage\":\"fr-FR\"},{\"@type\":\"Person\",\"@id\":\"https:\\\/\\\/lesvolcansnews.net\\\/#\\\/schema\\\/person\\\/82c8bed2e77879ecf6cca63441f57354\",\"name\":\"R\u00e9daction - Les Volcans News\",\"image\":{\"@type\":\"ImageObject\",\"inLanguage\":\"fr-FR\",\"@id\":\"https:\\\/\\\/secure.gravatar.com\\\/avatar\\\/8408942dd851e8a9c09f3d382a661bc05d2b3cd9002139bc1795b9528cdc6c80?s=96&d=mm&r=g\",\"url\":\"https:\\\/\\\/secure.gravatar.com\\\/avatar\\\/8408942dd851e8a9c09f3d382a661bc05d2b3cd9002139bc1795b9528cdc6c80?s=96&d=mm&r=g\",\"contentUrl\":\"https:\\\/\\\/secure.gravatar.com\\\/avatar\\\/8408942dd851e8a9c09f3d382a661bc05d2b3cd9002139bc1795b9528cdc6c80?s=96&d=mm&r=g\",\"caption\":\"R\u00e9daction - Les Volcans News\"},\"url\":\"https:\\\/\\\/lesvolcansnews.net\\\/?author=14\"}]}<\/script>\n<!-- \/ Yoast SEO plugin. -->","yoast_head_json":{"title":"Guin\u00e9e-Conakry : Florent Ibenge candidat au poste de s\u00e9lectionneur national - LES VOLCANS NEWS","robots":{"index":"index","follow":"follow","max-snippet":"max-snippet:-1","max-image-preview":"max-image-preview:large","max-video-preview":"max-video-preview:-1"},"canonical":"https:\/\/lesvolcansnews.net\/?p=4676","og_locale":"fr_FR","og_type":"article","og_title":"Guin\u00e9e-Conakry : Florent Ibenge candidat au poste de s\u00e9lectionneur national - LES VOLCANS NEWS","og_description":"L&#8217;ancien de la R\u00e9publique D\u00e9mocratique du Congo Jean Florent Ibenge a d\u00e9pos\u00e9 sa candidature au poste s\u00e9lectionneur de l\u2019\u00e9quipe nationale A de la Guin\u00e9e. L&#8217;annonce a \u00e9t\u00e9 faite par la","og_url":"https:\/\/lesvolcansnews.net\/?p=4676","og_site_name":"LES VOLCANS NEWS","article_published_time":"2019-09-07T11:49:18+00:00","og_image":[{"width":750,"height":430,"url":"https:\/\/lesvolcansnews.net\/wp-content\/uploads\/2019\/09\/Florent-Ibenge-Foot-RDC-750x430.jpg","type":"image\/jpeg"}],"author":"R\u00e9daction - Les Volcans News","twitter_card":"summary_large_image","twitter_misc":{"\u00c9crit par":"R\u00e9daction - Les Volcans News","Dur\u00e9e de lecture estim\u00e9e":"1 minute"},"schema":{"@context":"https:\/\/schema.org","@graph":[{"@type":"Article","@id":"https:\/\/lesvolcansnews.net\/?p=4676#article","isPartOf":{"@id":"https:\/\/lesvolcansnews.net\/?p=4676"},"author":{"name":"R\u00e9daction - Les Volcans News","@id":"https:\/\/lesvolcansnews.net\/#\/schema\/person\/82c8bed2e77879ecf6cca63441f57354"},"headline":"Guin\u00e9e-Conakry : Florent Ibenge candidat au poste de s\u00e9lectionneur national","datePublished":"2019-09-07T11:49:18+00:00","mainEntityOfPage":{"@id":"https:\/\/lesvolcansnews.net\/?p=4676"},"wordCount":249,"commentCount":0,"image":{"@id":"https:\/\/lesvolcansnews.net\/?p=4676#primaryimage"},"thumbnailUrl":"https:\/\/lesvolcansnews.net\/wp-content\/uploads\/2019\/09\/Florent-Ibenge-Foot-RDC-750x430.jpg","articleSection":["SPORTS"],"inLanguage":"fr-FR","potentialAction":[{"@type":"CommentAction","name":"Comment","target":["https:\/\/lesvolcansnews.net\/?p=4676#respond"]}]},{"@type":"WebPage","@id":"https:\/\/lesvolcansnews.net\/?p=4676","url":"https:\/\/lesvolcansnews.net\/?p=4676","name":"Guin\u00e9e-Conakry : Florent Ibenge candidat au poste de s\u00e9lectionneur national - LES VOLCANS NEWS","isPartOf":{"@id":"https:\/\/lesvolcansnews.net\/#website"},"primaryImageOfPage":{"@id":"https:\/\/lesvolcansnews.net\/?p=4676#primaryimage"},"image":{"@id":"https:\/\/lesvolcansnews.net\/?p=4676#primaryimage"},"thumbnailUrl":"https:\/\/lesvolcansnews.net\/wp-content\/uploads\/2019\/09\/Florent-Ibenge-Foot-RDC-750x430.jpg","datePublished":"2019-09-07T11:49:18+00:00","author":{"@id":"https:\/\/lesvolcansnews.net\/#\/schema\/person\/82c8bed2e77879ecf6cca63441f57354"},"breadcrumb":{"@id":"https:\/\/lesvolcansnews.net\/?p=4676#breadcrumb"},"inLanguage":"fr-FR","potentialAction":[{"@type":"ReadAction","target":["https:\/\/lesvolcansnews.net\/?p=4676"]}]},{"@type":"ImageObject","inLanguage":"fr-FR","@id":"https:\/\/lesvolcansnews.net\/?p=4676#primaryimage","url":"https:\/\/lesvolcansnews.net\/wp-content\/uploads\/2019\/09\/Florent-Ibenge-Foot-RDC-750x430.jpg","contentUrl":"https:\/\/lesvolcansnews.net\/wp-content\/uploads\/2019\/09\/Florent-Ibenge-Foot-RDC-750x430.jpg","width":750,"height":430},{"@type":"BreadcrumbList","@id":"https:\/\/lesvolcansnews.net\/?p=4676#breadcrumb","itemListElement":[{"@type":"ListItem","position":1,"name":"Accueil","item":"https:\/\/lesvolcansnews.net\/"},{"@type":"ListItem","position":2,"name":"Guin\u00e9e-Conakry : Florent Ibenge candidat au poste de s\u00e9lectionneur national"}]},{"@type":"WebSite","@id":"https:\/\/lesvolcansnews.net\/#website","url":"https:\/\/lesvolcansnews.net\/","name":"LES VOLCANS NEWS","description":"L&#039;INFORMATION C&#039;EST NOUS","potentialAction":[{"@type":"SearchAction","target":{"@type":"EntryPoint","urlTemplate":"https:\/\/lesvolcansnews.net\/?s={search_term_string}"},"query-input":{"@type":"PropertyValueSpecification","valueRequired":true,"valueName":"search_term_string"}}],"inLanguage":"fr-FR"},{"@type":"Person","@id":"https:\/\/lesvolcansnews.net\/#\/schema\/person\/82c8bed2e77879ecf6cca63441f57354","name":"R\u00e9daction - Les Volcans News","image":{"@type":"ImageObject","inLanguage":"fr-FR","@id":"https:\/\/secure.gravatar.com\/avatar\/8408942dd851e8a9c09f3d382a661bc05d2b3cd9002139bc1795b9528cdc6c80?s=96&d=mm&r=g","url":"https:\/\/secure.gravatar.com\/avatar\/8408942dd851e8a9c09f3d382a661bc05d2b3cd9002139bc1795b9528cdc6c80?s=96&d=mm&r=g","contentUrl":"https:\/\/secure.gravatar.com\/avatar\/8408942dd851e8a9c09f3d382a661bc05d2b3cd9002139bc1795b9528cdc6c80?s=96&d=mm&r=g","caption":"R\u00e9daction - Les Volcans News"},"url":"https:\/\/lesvolcansnews.net\/?author=14"}]}},"_links":{"self":[{"href":"https:\/\/lesvolcansnews.net\/index.php?rest_route=\/wp\/v2\/posts\/4676","targetHints":{"allow":["GET"]}}],"collection":[{"href":"https:\/\/lesvolcansnews.net\/index.php?rest_route=\/wp\/v2\/posts"}],"about":[{"href":"https:\/\/lesvolcansnews.net\/index.php?rest_route=\/wp\/v2\/types\/post"}],"author":[{"embeddable":true,"href":"https:\/\/lesvolcansnews.net\/index.php?rest_route=\/wp\/v2\/users\/14"}],"replies":[{"embeddable":true,"href":"https:\/\/lesvolcansnews.net\/index.php?rest_route=%2Fwp%2Fv2%2Fcomments&post=4676"}],"version-history":[{"count":0,"href":"https:\/\/lesvolcansnews.net\/index.php?rest_route=\/wp\/v2\/posts\/4676\/revisions"}],"wp:featuredmedia":[{"embeddable":true,"href":"https:\/\/lesvolcansnews.net\/index.php?rest_route=\/wp\/v2\/media\/4675"}],"wp:attachment":[{"href":"https:\/\/lesvolcansnews.net\/index.php?rest_route=%2Fwp%2Fv2%2Fmedia&parent=4676"}],"wp:term":[{"taxonomy":"category","embeddable":true,"href":"https:\/\/lesvolcansnews.net\/index.php?rest_route=%2Fwp%2Fv2%2Fcategories&post=4676"},{"taxonomy":"post_tag","embeddable":true,"href":"https:\/\/lesvolcansnews.net\/index.php?rest_route=%2Fwp%2Fv2%2Ftags&post=4676"}],"curies":[{"name":"wp","href":"https:\/\/api.w.org\/{rel}","templated":true}]}}