{"id":4621,"date":"2019-09-04T14:03:21","date_gmt":"2019-09-04T14:03:21","guid":{"rendered":"https:\/\/lesvolcansnews.net\/2019\/09\/04\/les-personnalites-phares-de-la-rdc-seront-plebiscitees-le-jeudi-le-05-septembre-a-goma\/"},"modified":"2019-09-04T14:03:21","modified_gmt":"2019-09-04T14:03:21","slug":"les-personnalites-phares-de-la-rdc-seront-plebiscitees-le-jeudi-le-05-septembre-a-goma","status":"publish","type":"post","link":"https:\/\/lesvolcansnews.net\/?p=4621","title":{"rendered":"Les personnalit\u00e9s phares de la RDC seront pl\u00e9biscit\u00e9es le jeudi le 05 septembre \u00e0 Goma"},"content":{"rendered":"<p>M.Amani DUNIA pr\u00e9sident de l\u2019asbl Congo Excellence International (COEXI) a annonc\u00e9 au travers un point avec la presse locale de Goma, la remise des troph\u00e9es internationaux des excellents en RDC ce jeudi 5 septembre dans une soir\u00e9e en ville de Goma.<br \/>\nSelon ce cadre de cette structure des jeunes artisans et b\u00e2tisseurs de la bonne image du Congo, l\u2019objectif de cet \u00e9v\u00e8nement en caract\u00e8re international, est de reconnaitre les m\u00e9rit\u00e9s des congolais, ONGs et entreprises ayant excell\u00e9s dans leur domaine pour l\u2019\u00e9mergence de la RDC et son bien \u00eatre afin de faire le Congo un pays plus beau qu\u2019avant.<br \/>\nDeux cat\u00e9gories de prix ont \u00e9t\u00e9 retenues pour cette soir\u00e9e \u00e0 savoir : la cat\u00e9gorie espoir qui prend les entreprises ou personnalit\u00e9s qui commencent \u00e0 fleurir et cat\u00e9gorie \u00e9mergence qui regroupe les personnes et entreprises brillantes qui sont bien assises et qui fleurissent. A cette activit\u00e9 certains autres nomin\u00e9s recevront des photos mus\u00e9es et des troph\u00e9es internationaux.<br \/>\nLe coordonnateur appelle les citoyens congolais \u00e0 la culture de l\u2019excellence pour m\u00e9riter la confiance et contribuer comme un morceau \u00e0 l\u2019\u00e9mergence du Congo en d\u00e9fendant la dignit\u00e9.<br \/>\nCette activit\u00e9 est soutenue par plusieurs organisations et entreprises dont la soci\u00e9t\u00e9 de t\u00e9l\u00e9communication orange, la banque SMICO, la marque Diamant Noir design, Belazik, la F\u00e9d\u00e9ration nationale des jeunes entrepreneurs du Congo et le mouvement international des jeunes d\u2019Afrique qui veulent immortaliser ceux qui font le congo grand au travers leurs activit\u00e9s pour le futur de son pays.<\/p>\n<p>Gabriel Kashugushu<\/p>\n","protected":false},"excerpt":{"rendered":"<p>M.Amani DUNIA pr\u00e9sident de l\u2019asbl Congo Excellence International (COEXI) a annonc\u00e9 au travers un point avec la presse locale de Goma, la remise des troph\u00e9es internationaux des excellents en RDC<\/p>\n","protected":false},"author":14,"featured_media":4619,"comment_status":"open","ping_status":"open","sticky":false,"template":"","format":"standard","meta":{"footnotes":""},"categories":[12],"tags":[],"class_list":["post-4621","post","type-post","status-publish","format-standard","has-post-thumbnail","hentry","category-culture"],"yoast_head":"<!-- This site is optimized with the Yoast SEO plugin v27.3 - https:\/\/yoast.com\/product\/yoast-seo-wordpress\/ -->\n<title>Les personnalit\u00e9s phares de la RDC seront pl\u00e9biscit\u00e9es le jeudi le 05 septembre \u00e0 Goma - LES VOLCANS NEWS<\/title>\n<meta name=\"robots\" content=\"index, follow, max-snippet:-1, max-image-preview:large, max-video-preview:-1\" \/>\n<link rel=\"canonical\" href=\"https:\/\/lesvolcansnews.net\/?p=4621\" \/>\n<meta property=\"og:locale\" content=\"fr_FR\" \/>\n<meta property=\"og:type\" content=\"article\" \/>\n<meta property=\"og:title\" content=\"Les personnalit\u00e9s phares de la RDC seront pl\u00e9biscit\u00e9es le jeudi le 05 septembre \u00e0 Goma - LES VOLCANS NEWS\" \/>\n<meta property=\"og:description\" content=\"M.Amani DUNIA pr\u00e9sident de l\u2019asbl Congo Excellence International (COEXI) a annonc\u00e9 au travers un point avec la presse locale de Goma, la remise des troph\u00e9es internationaux des excellents en RDC\" \/>\n<meta property=\"og:url\" content=\"https:\/\/lesvolcansnews.net\/?p=4621\" \/>\n<meta property=\"og:site_name\" content=\"LES VOLCANS NEWS\" \/>\n<meta property=\"article:published_time\" content=\"2019-09-04T14:03:21+00:00\" \/>\n<meta property=\"og:image\" content=\"https:\/\/lesvolcansnews.net\/wp-content\/uploads\/2019\/09\/IMG-20190904-WA0012.jpg\" \/>\n\t<meta property=\"og:image:width\" content=\"1080\" \/>\n\t<meta property=\"og:image:height\" content=\"1080\" \/>\n\t<meta property=\"og:image:type\" content=\"image\/jpeg\" \/>\n<meta name=\"author\" content=\"R\u00e9daction - Les Volcans News\" \/>\n<meta name=\"twitter:card\" content=\"summary_large_image\" \/>\n<meta name=\"twitter:label1\" content=\"\u00c9crit par\" \/>\n\t<meta name=\"twitter:data1\" content=\"R\u00e9daction - Les Volcans News\" \/>\n\t<meta name=\"twitter:label2\" content=\"Dur\u00e9e de lecture estim\u00e9e\" \/>\n\t<meta name=\"twitter:data2\" content=\"1 minute\" \/>\n<script type=\"application\/ld+json\" class=\"yoast-schema-graph\">{\"@context\":\"https:\\\/\\\/schema.org\",\"@graph\":[{\"@type\":\"Article\",\"@id\":\"https:\\\/\\\/lesvolcansnews.net\\\/?p=4621#article\",\"isPartOf\":{\"@id\":\"https:\\\/\\\/lesvolcansnews.net\\\/?p=4621\"},\"author\":{\"name\":\"R\u00e9daction - Les Volcans News\",\"@id\":\"https:\\\/\\\/lesvolcansnews.net\\\/#\\\/schema\\\/person\\\/82c8bed2e77879ecf6cca63441f57354\"},\"headline\":\"Les personnalit\u00e9s phares de la RDC seront pl\u00e9biscit\u00e9es le jeudi le 05 septembre \u00e0 Goma\",\"datePublished\":\"2019-09-04T14:03:21+00:00\",\"mainEntityOfPage\":{\"@id\":\"https:\\\/\\\/lesvolcansnews.net\\\/?p=4621\"},\"wordCount\":287,\"commentCount\":0,\"image\":{\"@id\":\"https:\\\/\\\/lesvolcansnews.net\\\/?p=4621#primaryimage\"},\"thumbnailUrl\":\"https:\\\/\\\/lesvolcansnews.net\\\/wp-content\\\/uploads\\\/2019\\\/09\\\/IMG-20190904-WA0012.jpg\",\"articleSection\":[\"CULTURE\"],\"inLanguage\":\"fr-FR\",\"potentialAction\":[{\"@type\":\"CommentAction\",\"name\":\"Comment\",\"target\":[\"https:\\\/\\\/lesvolcansnews.net\\\/?p=4621#respond\"]}]},{\"@type\":\"WebPage\",\"@id\":\"https:\\\/\\\/lesvolcansnews.net\\\/?p=4621\",\"url\":\"https:\\\/\\\/lesvolcansnews.net\\\/?p=4621\",\"name\":\"Les personnalit\u00e9s phares de la RDC seront pl\u00e9biscit\u00e9es le jeudi le 05 septembre \u00e0 Goma - LES VOLCANS NEWS\",\"isPartOf\":{\"@id\":\"https:\\\/\\\/lesvolcansnews.net\\\/#website\"},\"primaryImageOfPage\":{\"@id\":\"https:\\\/\\\/lesvolcansnews.net\\\/?p=4621#primaryimage\"},\"image\":{\"@id\":\"https:\\\/\\\/lesvolcansnews.net\\\/?p=4621#primaryimage\"},\"thumbnailUrl\":\"https:\\\/\\\/lesvolcansnews.net\\\/wp-content\\\/uploads\\\/2019\\\/09\\\/IMG-20190904-WA0012.jpg\",\"datePublished\":\"2019-09-04T14:03:21+00:00\",\"author\":{\"@id\":\"https:\\\/\\\/lesvolcansnews.net\\\/#\\\/schema\\\/person\\\/82c8bed2e77879ecf6cca63441f57354\"},\"breadcrumb\":{\"@id\":\"https:\\\/\\\/lesvolcansnews.net\\\/?p=4621#breadcrumb\"},\"inLanguage\":\"fr-FR\",\"potentialAction\":[{\"@type\":\"ReadAction\",\"target\":[\"https:\\\/\\\/lesvolcansnews.net\\\/?p=4621\"]}]},{\"@type\":\"ImageObject\",\"inLanguage\":\"fr-FR\",\"@id\":\"https:\\\/\\\/lesvolcansnews.net\\\/?p=4621#primaryimage\",\"url\":\"https:\\\/\\\/lesvolcansnews.net\\\/wp-content\\\/uploads\\\/2019\\\/09\\\/IMG-20190904-WA0012.jpg\",\"contentUrl\":\"https:\\\/\\\/lesvolcansnews.net\\\/wp-content\\\/uploads\\\/2019\\\/09\\\/IMG-20190904-WA0012.jpg\",\"width\":1080,\"height\":1080},{\"@type\":\"BreadcrumbList\",\"@id\":\"https:\\\/\\\/lesvolcansnews.net\\\/?p=4621#breadcrumb\",\"itemListElement\":[{\"@type\":\"ListItem\",\"position\":1,\"name\":\"Accueil\",\"item\":\"https:\\\/\\\/lesvolcansnews.net\\\/\"},{\"@type\":\"ListItem\",\"position\":2,\"name\":\"Les personnalit\u00e9s phares de la RDC seront pl\u00e9biscit\u00e9es le jeudi le 05 septembre \u00e0 Goma\"}]},{\"@type\":\"WebSite\",\"@id\":\"https:\\\/\\\/lesvolcansnews.net\\\/#website\",\"url\":\"https:\\\/\\\/lesvolcansnews.net\\\/\",\"name\":\"LES VOLCANS NEWS\",\"description\":\"L&#039;INFORMATION C&#039;EST NOUS\",\"potentialAction\":[{\"@type\":\"SearchAction\",\"target\":{\"@type\":\"EntryPoint\",\"urlTemplate\":\"https:\\\/\\\/lesvolcansnews.net\\\/?s={search_term_string}\"},\"query-input\":{\"@type\":\"PropertyValueSpecification\",\"valueRequired\":true,\"valueName\":\"search_term_string\"}}],\"inLanguage\":\"fr-FR\"},{\"@type\":\"Person\",\"@id\":\"https:\\\/\\\/lesvolcansnews.net\\\/#\\\/schema\\\/person\\\/82c8bed2e77879ecf6cca63441f57354\",\"name\":\"R\u00e9daction - Les Volcans News\",\"image\":{\"@type\":\"ImageObject\",\"inLanguage\":\"fr-FR\",\"@id\":\"https:\\\/\\\/secure.gravatar.com\\\/avatar\\\/8408942dd851e8a9c09f3d382a661bc05d2b3cd9002139bc1795b9528cdc6c80?s=96&d=mm&r=g\",\"url\":\"https:\\\/\\\/secure.gravatar.com\\\/avatar\\\/8408942dd851e8a9c09f3d382a661bc05d2b3cd9002139bc1795b9528cdc6c80?s=96&d=mm&r=g\",\"contentUrl\":\"https:\\\/\\\/secure.gravatar.com\\\/avatar\\\/8408942dd851e8a9c09f3d382a661bc05d2b3cd9002139bc1795b9528cdc6c80?s=96&d=mm&r=g\",\"caption\":\"R\u00e9daction - Les Volcans News\"},\"url\":\"https:\\\/\\\/lesvolcansnews.net\\\/?author=14\"}]}<\/script>\n<!-- \/ Yoast SEO plugin. -->","yoast_head_json":{"title":"Les personnalit\u00e9s phares de la RDC seront pl\u00e9biscit\u00e9es le jeudi le 05 septembre \u00e0 Goma - LES VOLCANS NEWS","robots":{"index":"index","follow":"follow","max-snippet":"max-snippet:-1","max-image-preview":"max-image-preview:large","max-video-preview":"max-video-preview:-1"},"canonical":"https:\/\/lesvolcansnews.net\/?p=4621","og_locale":"fr_FR","og_type":"article","og_title":"Les personnalit\u00e9s phares de la RDC seront pl\u00e9biscit\u00e9es le jeudi le 05 septembre \u00e0 Goma - LES VOLCANS NEWS","og_description":"M.Amani DUNIA pr\u00e9sident de l\u2019asbl Congo Excellence International (COEXI) a annonc\u00e9 au travers un point avec la presse locale de Goma, la remise des troph\u00e9es internationaux des excellents en RDC","og_url":"https:\/\/lesvolcansnews.net\/?p=4621","og_site_name":"LES VOLCANS NEWS","article_published_time":"2019-09-04T14:03:21+00:00","og_image":[{"width":1080,"height":1080,"url":"https:\/\/lesvolcansnews.net\/wp-content\/uploads\/2019\/09\/IMG-20190904-WA0012.jpg","type":"image\/jpeg"}],"author":"R\u00e9daction - Les Volcans News","twitter_card":"summary_large_image","twitter_misc":{"\u00c9crit par":"R\u00e9daction - Les Volcans News","Dur\u00e9e de lecture estim\u00e9e":"1 minute"},"schema":{"@context":"https:\/\/schema.org","@graph":[{"@type":"Article","@id":"https:\/\/lesvolcansnews.net\/?p=4621#article","isPartOf":{"@id":"https:\/\/lesvolcansnews.net\/?p=4621"},"author":{"name":"R\u00e9daction - Les Volcans News","@id":"https:\/\/lesvolcansnews.net\/#\/schema\/person\/82c8bed2e77879ecf6cca63441f57354"},"headline":"Les personnalit\u00e9s phares de la RDC seront pl\u00e9biscit\u00e9es le jeudi le 05 septembre \u00e0 Goma","datePublished":"2019-09-04T14:03:21+00:00","mainEntityOfPage":{"@id":"https:\/\/lesvolcansnews.net\/?p=4621"},"wordCount":287,"commentCount":0,"image":{"@id":"https:\/\/lesvolcansnews.net\/?p=4621#primaryimage"},"thumbnailUrl":"https:\/\/lesvolcansnews.net\/wp-content\/uploads\/2019\/09\/IMG-20190904-WA0012.jpg","articleSection":["CULTURE"],"inLanguage":"fr-FR","potentialAction":[{"@type":"CommentAction","name":"Comment","target":["https:\/\/lesvolcansnews.net\/?p=4621#respond"]}]},{"@type":"WebPage","@id":"https:\/\/lesvolcansnews.net\/?p=4621","url":"https:\/\/lesvolcansnews.net\/?p=4621","name":"Les personnalit\u00e9s phares de la RDC seront pl\u00e9biscit\u00e9es le jeudi le 05 septembre \u00e0 Goma - LES VOLCANS NEWS","isPartOf":{"@id":"https:\/\/lesvolcansnews.net\/#website"},"primaryImageOfPage":{"@id":"https:\/\/lesvolcansnews.net\/?p=4621#primaryimage"},"image":{"@id":"https:\/\/lesvolcansnews.net\/?p=4621#primaryimage"},"thumbnailUrl":"https:\/\/lesvolcansnews.net\/wp-content\/uploads\/2019\/09\/IMG-20190904-WA0012.jpg","datePublished":"2019-09-04T14:03:21+00:00","author":{"@id":"https:\/\/lesvolcansnews.net\/#\/schema\/person\/82c8bed2e77879ecf6cca63441f57354"},"breadcrumb":{"@id":"https:\/\/lesvolcansnews.net\/?p=4621#breadcrumb"},"inLanguage":"fr-FR","potentialAction":[{"@type":"ReadAction","target":["https:\/\/lesvolcansnews.net\/?p=4621"]}]},{"@type":"ImageObject","inLanguage":"fr-FR","@id":"https:\/\/lesvolcansnews.net\/?p=4621#primaryimage","url":"https:\/\/lesvolcansnews.net\/wp-content\/uploads\/2019\/09\/IMG-20190904-WA0012.jpg","contentUrl":"https:\/\/lesvolcansnews.net\/wp-content\/uploads\/2019\/09\/IMG-20190904-WA0012.jpg","width":1080,"height":1080},{"@type":"BreadcrumbList","@id":"https:\/\/lesvolcansnews.net\/?p=4621#breadcrumb","itemListElement":[{"@type":"ListItem","position":1,"name":"Accueil","item":"https:\/\/lesvolcansnews.net\/"},{"@type":"ListItem","position":2,"name":"Les personnalit\u00e9s phares de la RDC seront pl\u00e9biscit\u00e9es le jeudi le 05 septembre \u00e0 Goma"}]},{"@type":"WebSite","@id":"https:\/\/lesvolcansnews.net\/#website","url":"https:\/\/lesvolcansnews.net\/","name":"LES VOLCANS NEWS","description":"L&#039;INFORMATION C&#039;EST NOUS","potentialAction":[{"@type":"SearchAction","target":{"@type":"EntryPoint","urlTemplate":"https:\/\/lesvolcansnews.net\/?s={search_term_string}"},"query-input":{"@type":"PropertyValueSpecification","valueRequired":true,"valueName":"search_term_string"}}],"inLanguage":"fr-FR"},{"@type":"Person","@id":"https:\/\/lesvolcansnews.net\/#\/schema\/person\/82c8bed2e77879ecf6cca63441f57354","name":"R\u00e9daction - Les Volcans News","image":{"@type":"ImageObject","inLanguage":"fr-FR","@id":"https:\/\/secure.gravatar.com\/avatar\/8408942dd851e8a9c09f3d382a661bc05d2b3cd9002139bc1795b9528cdc6c80?s=96&d=mm&r=g","url":"https:\/\/secure.gravatar.com\/avatar\/8408942dd851e8a9c09f3d382a661bc05d2b3cd9002139bc1795b9528cdc6c80?s=96&d=mm&r=g","contentUrl":"https:\/\/secure.gravatar.com\/avatar\/8408942dd851e8a9c09f3d382a661bc05d2b3cd9002139bc1795b9528cdc6c80?s=96&d=mm&r=g","caption":"R\u00e9daction - Les Volcans News"},"url":"https:\/\/lesvolcansnews.net\/?author=14"}]}},"_links":{"self":[{"href":"https:\/\/lesvolcansnews.net\/index.php?rest_route=\/wp\/v2\/posts\/4621","targetHints":{"allow":["GET"]}}],"collection":[{"href":"https:\/\/lesvolcansnews.net\/index.php?rest_route=\/wp\/v2\/posts"}],"about":[{"href":"https:\/\/lesvolcansnews.net\/index.php?rest_route=\/wp\/v2\/types\/post"}],"author":[{"embeddable":true,"href":"https:\/\/lesvolcansnews.net\/index.php?rest_route=\/wp\/v2\/users\/14"}],"replies":[{"embeddable":true,"href":"https:\/\/lesvolcansnews.net\/index.php?rest_route=%2Fwp%2Fv2%2Fcomments&post=4621"}],"version-history":[{"count":0,"href":"https:\/\/lesvolcansnews.net\/index.php?rest_route=\/wp\/v2\/posts\/4621\/revisions"}],"wp:featuredmedia":[{"embeddable":true,"href":"https:\/\/lesvolcansnews.net\/index.php?rest_route=\/wp\/v2\/media\/4619"}],"wp:attachment":[{"href":"https:\/\/lesvolcansnews.net\/index.php?rest_route=%2Fwp%2Fv2%2Fmedia&parent=4621"}],"wp:term":[{"taxonomy":"category","embeddable":true,"href":"https:\/\/lesvolcansnews.net\/index.php?rest_route=%2Fwp%2Fv2%2Fcategories&post=4621"},{"taxonomy":"post_tag","embeddable":true,"href":"https:\/\/lesvolcansnews.net\/index.php?rest_route=%2Fwp%2Fv2%2Ftags&post=4621"}],"curies":[{"name":"wp","href":"https:\/\/api.w.org\/{rel}","templated":true}]}}