{"id":4574,"date":"2019-08-31T19:52:48","date_gmt":"2019-08-31T19:52:48","guid":{"rendered":"https:\/\/lesvolcansnews.net\/2019\/08\/31\/les-questions-de-paix-justice-et-cohesion-sociale-evoquees-a-goma-par-les-bloggeurs-de-goma\/"},"modified":"2019-08-31T19:52:48","modified_gmt":"2019-08-31T19:52:48","slug":"les-questions-de-paix-justice-et-cohesion-sociale-evoquees-a-goma-par-les-bloggeurs-de-goma","status":"publish","type":"post","link":"https:\/\/lesvolcansnews.net\/?p=4574","title":{"rendered":"Les questions de paix, justice et coh\u00e9sion sociale \u00e9voqu\u00e9es \u00e0 Goma par les bloggeurs de goma"},"content":{"rendered":"<p>Pr\u00e8s de 200 personnes majoritairement des jeunes intellectuels ont pris part \u00e0 un d\u00e9bat populaire tenu vendredi dernier dans la salle de lh\u00f4tel Bungwe et organis\u00e9 par La communaut\u00e9 des blogueurs de Goma,(BloGoma) en partenariat avec Yole AFRICA dans le cadre de partage dexp\u00e9riences en mati\u00e8re de justice pour construire une coh\u00e9sion sociale en zone post conflit<br \/>\nCette activit\u00e9 dont la finalit\u00e9 \u00e9tait de faire comprendre aux participants la complexit\u00e9 du processus de pacification tout en poursuivant les pr\u00e9sum\u00e9s criminels en justice et les faire connaitre exactement comment tirer profit des dispositions d\u00e9j\u00e0 mis en place par la commission africaine des droits de lhomme et des peuples (CADH) a \u00e9t\u00e9 une occasion d\u00e9tablir une comparaison entre la situation v\u00e9cue lors des guerres de Bosnie, Colombie avec celle de lEST de la RDC au travers une protection vid\u00e9o dun documentaire intitul\u00e9 \u00ab The Prosecutors \u00bb, qui reprend les proc\u00e9dures suivis par diff\u00e9rents avocats de ces trois pays apr\u00e8s les crimes caract\u00e9ris\u00e9s par les viols, extorsions, tortures, sauvageries et les habitants locaux.<br \/>\nAu cours de ce d\u00e9bat, les juristes, auditeurs militaires et chercheurs engag\u00e9s dans un panel, ont \u00e9t\u00e9 unanime sur linfluence des instances internationales sur un Etat mais le r\u00f4le jou\u00e9 par la justice congolaise apr\u00e8s les crimes de lEST. Il sest d\u00e9gag\u00e9 un constat selon lequel, le pouvoir judiciaire congolais subirait toujours de pression de deux autres pouvoirs qui ne lui accorde pas son autonomie totale.<br \/>\nAu terme de pr\u00e9cieux \u00e9changes, les organisateurs ont invit\u00e9 les participants vivre la justice mais \u00e9galement \u00e0 creuser fort les documents des accords dont la RDC est signataire afin de comprendre le pourquoi de certaines mesures appliqu\u00e9es dans les p\u00e9riodes des conflits comme celles post conflits.<br \/>\nINNOCENT Buchu du collectif des bloggeurs de Goma, estime que malgr\u00e9 les conflits persistants en RDC, la paix d\u00e9j\u00e0 accuse devrait \u00eatre pr\u00e9serv\u00e9 pour la coh\u00e9sion sociale.<\/p>\n<p>Gabriel KASHUGUSHU<\/p>\n","protected":false},"excerpt":{"rendered":"<p>Pr\u00e8s de 200 personnes majoritairement des jeunes intellectuels ont pris part \u00e0 un d\u00e9bat populaire tenu vendredi dernier dans la salle de lh\u00f4tel Bungwe et organis\u00e9 par La communaut\u00e9 des<\/p>\n","protected":false},"author":14,"featured_media":0,"comment_status":"open","ping_status":"open","sticky":false,"template":"","format":"standard","meta":{"footnotes":""},"categories":[1],"tags":[],"class_list":["post-4574","post","type-post","status-publish","format-standard","hentry","category-actualite"],"yoast_head":"<!-- This site is optimized with the Yoast SEO plugin v27.3 - https:\/\/yoast.com\/product\/yoast-seo-wordpress\/ -->\n<title>Les questions de paix, justice et coh\u00e9sion sociale \u00e9voqu\u00e9es \u00e0 Goma par les bloggeurs de goma - LES VOLCANS NEWS<\/title>\n<meta name=\"robots\" content=\"index, follow, max-snippet:-1, max-image-preview:large, max-video-preview:-1\" \/>\n<link rel=\"canonical\" href=\"https:\/\/lesvolcansnews.net\/?p=4574\" \/>\n<meta property=\"og:locale\" content=\"fr_FR\" \/>\n<meta property=\"og:type\" content=\"article\" \/>\n<meta property=\"og:title\" content=\"Les questions de paix, justice et coh\u00e9sion sociale \u00e9voqu\u00e9es \u00e0 Goma par les bloggeurs de goma - LES VOLCANS NEWS\" \/>\n<meta property=\"og:description\" content=\"Pr\u00e8s de 200 personnes majoritairement des jeunes intellectuels ont pris part \u00e0 un d\u00e9bat populaire tenu vendredi dernier dans la salle de lh\u00f4tel Bungwe et organis\u00e9 par La communaut\u00e9 des\" \/>\n<meta property=\"og:url\" content=\"https:\/\/lesvolcansnews.net\/?p=4574\" \/>\n<meta property=\"og:site_name\" content=\"LES VOLCANS NEWS\" \/>\n<meta property=\"article:published_time\" content=\"2019-08-31T19:52:48+00:00\" \/>\n<meta name=\"author\" content=\"R\u00e9daction - Les Volcans News\" \/>\n<meta name=\"twitter:card\" content=\"summary_large_image\" \/>\n<meta name=\"twitter:label1\" content=\"\u00c9crit par\" \/>\n\t<meta name=\"twitter:data1\" content=\"R\u00e9daction - Les Volcans News\" \/>\n\t<meta name=\"twitter:label2\" content=\"Dur\u00e9e de lecture estim\u00e9e\" \/>\n\t<meta name=\"twitter:data2\" content=\"2 minutes\" \/>\n<script type=\"application\/ld+json\" class=\"yoast-schema-graph\">{\"@context\":\"https:\\\/\\\/schema.org\",\"@graph\":[{\"@type\":\"Article\",\"@id\":\"https:\\\/\\\/lesvolcansnews.net\\\/?p=4574#article\",\"isPartOf\":{\"@id\":\"https:\\\/\\\/lesvolcansnews.net\\\/?p=4574\"},\"author\":{\"name\":\"R\u00e9daction - Les Volcans News\",\"@id\":\"https:\\\/\\\/lesvolcansnews.net\\\/#\\\/schema\\\/person\\\/82c8bed2e77879ecf6cca63441f57354\"},\"headline\":\"Les questions de paix, justice et coh\u00e9sion sociale \u00e9voqu\u00e9es \u00e0 Goma par les bloggeurs de goma\",\"datePublished\":\"2019-08-31T19:52:48+00:00\",\"mainEntityOfPage\":{\"@id\":\"https:\\\/\\\/lesvolcansnews.net\\\/?p=4574\"},\"wordCount\":352,\"commentCount\":0,\"articleSection\":[\"ACTUALIT\u00c9\"],\"inLanguage\":\"fr-FR\",\"potentialAction\":[{\"@type\":\"CommentAction\",\"name\":\"Comment\",\"target\":[\"https:\\\/\\\/lesvolcansnews.net\\\/?p=4574#respond\"]}]},{\"@type\":\"WebPage\",\"@id\":\"https:\\\/\\\/lesvolcansnews.net\\\/?p=4574\",\"url\":\"https:\\\/\\\/lesvolcansnews.net\\\/?p=4574\",\"name\":\"Les questions de paix, justice et coh\u00e9sion sociale \u00e9voqu\u00e9es \u00e0 Goma par les bloggeurs de goma - LES VOLCANS NEWS\",\"isPartOf\":{\"@id\":\"https:\\\/\\\/lesvolcansnews.net\\\/#website\"},\"datePublished\":\"2019-08-31T19:52:48+00:00\",\"author\":{\"@id\":\"https:\\\/\\\/lesvolcansnews.net\\\/#\\\/schema\\\/person\\\/82c8bed2e77879ecf6cca63441f57354\"},\"breadcrumb\":{\"@id\":\"https:\\\/\\\/lesvolcansnews.net\\\/?p=4574#breadcrumb\"},\"inLanguage\":\"fr-FR\",\"potentialAction\":[{\"@type\":\"ReadAction\",\"target\":[\"https:\\\/\\\/lesvolcansnews.net\\\/?p=4574\"]}]},{\"@type\":\"BreadcrumbList\",\"@id\":\"https:\\\/\\\/lesvolcansnews.net\\\/?p=4574#breadcrumb\",\"itemListElement\":[{\"@type\":\"ListItem\",\"position\":1,\"name\":\"Accueil\",\"item\":\"https:\\\/\\\/lesvolcansnews.net\\\/\"},{\"@type\":\"ListItem\",\"position\":2,\"name\":\"Les questions de paix, justice et coh\u00e9sion sociale \u00e9voqu\u00e9es \u00e0 Goma par les bloggeurs de goma\"}]},{\"@type\":\"WebSite\",\"@id\":\"https:\\\/\\\/lesvolcansnews.net\\\/#website\",\"url\":\"https:\\\/\\\/lesvolcansnews.net\\\/\",\"name\":\"LES VOLCANS NEWS\",\"description\":\"L&#039;INFORMATION C&#039;EST NOUS\",\"potentialAction\":[{\"@type\":\"SearchAction\",\"target\":{\"@type\":\"EntryPoint\",\"urlTemplate\":\"https:\\\/\\\/lesvolcansnews.net\\\/?s={search_term_string}\"},\"query-input\":{\"@type\":\"PropertyValueSpecification\",\"valueRequired\":true,\"valueName\":\"search_term_string\"}}],\"inLanguage\":\"fr-FR\"},{\"@type\":\"Person\",\"@id\":\"https:\\\/\\\/lesvolcansnews.net\\\/#\\\/schema\\\/person\\\/82c8bed2e77879ecf6cca63441f57354\",\"name\":\"R\u00e9daction - Les Volcans News\",\"image\":{\"@type\":\"ImageObject\",\"inLanguage\":\"fr-FR\",\"@id\":\"https:\\\/\\\/secure.gravatar.com\\\/avatar\\\/8408942dd851e8a9c09f3d382a661bc05d2b3cd9002139bc1795b9528cdc6c80?s=96&d=mm&r=g\",\"url\":\"https:\\\/\\\/secure.gravatar.com\\\/avatar\\\/8408942dd851e8a9c09f3d382a661bc05d2b3cd9002139bc1795b9528cdc6c80?s=96&d=mm&r=g\",\"contentUrl\":\"https:\\\/\\\/secure.gravatar.com\\\/avatar\\\/8408942dd851e8a9c09f3d382a661bc05d2b3cd9002139bc1795b9528cdc6c80?s=96&d=mm&r=g\",\"caption\":\"R\u00e9daction - Les Volcans News\"},\"url\":\"https:\\\/\\\/lesvolcansnews.net\\\/?author=14\"}]}<\/script>\n<!-- \/ Yoast SEO plugin. -->","yoast_head_json":{"title":"Les questions de paix, justice et coh\u00e9sion sociale \u00e9voqu\u00e9es \u00e0 Goma par les bloggeurs de goma - LES VOLCANS NEWS","robots":{"index":"index","follow":"follow","max-snippet":"max-snippet:-1","max-image-preview":"max-image-preview:large","max-video-preview":"max-video-preview:-1"},"canonical":"https:\/\/lesvolcansnews.net\/?p=4574","og_locale":"fr_FR","og_type":"article","og_title":"Les questions de paix, justice et coh\u00e9sion sociale \u00e9voqu\u00e9es \u00e0 Goma par les bloggeurs de goma - LES VOLCANS NEWS","og_description":"Pr\u00e8s de 200 personnes majoritairement des jeunes intellectuels ont pris part \u00e0 un d\u00e9bat populaire tenu vendredi dernier dans la salle de lh\u00f4tel Bungwe et organis\u00e9 par La communaut\u00e9 des","og_url":"https:\/\/lesvolcansnews.net\/?p=4574","og_site_name":"LES VOLCANS NEWS","article_published_time":"2019-08-31T19:52:48+00:00","author":"R\u00e9daction - Les Volcans News","twitter_card":"summary_large_image","twitter_misc":{"\u00c9crit par":"R\u00e9daction - Les Volcans News","Dur\u00e9e de lecture estim\u00e9e":"2 minutes"},"schema":{"@context":"https:\/\/schema.org","@graph":[{"@type":"Article","@id":"https:\/\/lesvolcansnews.net\/?p=4574#article","isPartOf":{"@id":"https:\/\/lesvolcansnews.net\/?p=4574"},"author":{"name":"R\u00e9daction - Les Volcans News","@id":"https:\/\/lesvolcansnews.net\/#\/schema\/person\/82c8bed2e77879ecf6cca63441f57354"},"headline":"Les questions de paix, justice et coh\u00e9sion sociale \u00e9voqu\u00e9es \u00e0 Goma par les bloggeurs de goma","datePublished":"2019-08-31T19:52:48+00:00","mainEntityOfPage":{"@id":"https:\/\/lesvolcansnews.net\/?p=4574"},"wordCount":352,"commentCount":0,"articleSection":["ACTUALIT\u00c9"],"inLanguage":"fr-FR","potentialAction":[{"@type":"CommentAction","name":"Comment","target":["https:\/\/lesvolcansnews.net\/?p=4574#respond"]}]},{"@type":"WebPage","@id":"https:\/\/lesvolcansnews.net\/?p=4574","url":"https:\/\/lesvolcansnews.net\/?p=4574","name":"Les questions de paix, justice et coh\u00e9sion sociale \u00e9voqu\u00e9es \u00e0 Goma par les bloggeurs de goma - LES VOLCANS NEWS","isPartOf":{"@id":"https:\/\/lesvolcansnews.net\/#website"},"datePublished":"2019-08-31T19:52:48+00:00","author":{"@id":"https:\/\/lesvolcansnews.net\/#\/schema\/person\/82c8bed2e77879ecf6cca63441f57354"},"breadcrumb":{"@id":"https:\/\/lesvolcansnews.net\/?p=4574#breadcrumb"},"inLanguage":"fr-FR","potentialAction":[{"@type":"ReadAction","target":["https:\/\/lesvolcansnews.net\/?p=4574"]}]},{"@type":"BreadcrumbList","@id":"https:\/\/lesvolcansnews.net\/?p=4574#breadcrumb","itemListElement":[{"@type":"ListItem","position":1,"name":"Accueil","item":"https:\/\/lesvolcansnews.net\/"},{"@type":"ListItem","position":2,"name":"Les questions de paix, justice et coh\u00e9sion sociale \u00e9voqu\u00e9es \u00e0 Goma par les bloggeurs de goma"}]},{"@type":"WebSite","@id":"https:\/\/lesvolcansnews.net\/#website","url":"https:\/\/lesvolcansnews.net\/","name":"LES VOLCANS NEWS","description":"L&#039;INFORMATION C&#039;EST NOUS","potentialAction":[{"@type":"SearchAction","target":{"@type":"EntryPoint","urlTemplate":"https:\/\/lesvolcansnews.net\/?s={search_term_string}"},"query-input":{"@type":"PropertyValueSpecification","valueRequired":true,"valueName":"search_term_string"}}],"inLanguage":"fr-FR"},{"@type":"Person","@id":"https:\/\/lesvolcansnews.net\/#\/schema\/person\/82c8bed2e77879ecf6cca63441f57354","name":"R\u00e9daction - Les Volcans News","image":{"@type":"ImageObject","inLanguage":"fr-FR","@id":"https:\/\/secure.gravatar.com\/avatar\/8408942dd851e8a9c09f3d382a661bc05d2b3cd9002139bc1795b9528cdc6c80?s=96&d=mm&r=g","url":"https:\/\/secure.gravatar.com\/avatar\/8408942dd851e8a9c09f3d382a661bc05d2b3cd9002139bc1795b9528cdc6c80?s=96&d=mm&r=g","contentUrl":"https:\/\/secure.gravatar.com\/avatar\/8408942dd851e8a9c09f3d382a661bc05d2b3cd9002139bc1795b9528cdc6c80?s=96&d=mm&r=g","caption":"R\u00e9daction - Les Volcans News"},"url":"https:\/\/lesvolcansnews.net\/?author=14"}]}},"_links":{"self":[{"href":"https:\/\/lesvolcansnews.net\/index.php?rest_route=\/wp\/v2\/posts\/4574","targetHints":{"allow":["GET"]}}],"collection":[{"href":"https:\/\/lesvolcansnews.net\/index.php?rest_route=\/wp\/v2\/posts"}],"about":[{"href":"https:\/\/lesvolcansnews.net\/index.php?rest_route=\/wp\/v2\/types\/post"}],"author":[{"embeddable":true,"href":"https:\/\/lesvolcansnews.net\/index.php?rest_route=\/wp\/v2\/users\/14"}],"replies":[{"embeddable":true,"href":"https:\/\/lesvolcansnews.net\/index.php?rest_route=%2Fwp%2Fv2%2Fcomments&post=4574"}],"version-history":[{"count":0,"href":"https:\/\/lesvolcansnews.net\/index.php?rest_route=\/wp\/v2\/posts\/4574\/revisions"}],"wp:attachment":[{"href":"https:\/\/lesvolcansnews.net\/index.php?rest_route=%2Fwp%2Fv2%2Fmedia&parent=4574"}],"wp:term":[{"taxonomy":"category","embeddable":true,"href":"https:\/\/lesvolcansnews.net\/index.php?rest_route=%2Fwp%2Fv2%2Fcategories&post=4574"},{"taxonomy":"post_tag","embeddable":true,"href":"https:\/\/lesvolcansnews.net\/index.php?rest_route=%2Fwp%2Fv2%2Ftags&post=4574"}],"curies":[{"name":"wp","href":"https:\/\/api.w.org\/{rel}","templated":true}]}}