{"id":4557,"date":"2019-08-30T18:54:38","date_gmt":"2019-08-30T18:54:38","guid":{"rendered":"https:\/\/lesvolcansnews.net\/2019\/08\/30\/echos243-jean-marc-makusu-devra-passer-encore-deux-mois-avant-sa-montee-sur-la-pelouse\/"},"modified":"2019-08-30T18:54:38","modified_gmt":"2019-08-30T18:54:38","slug":"echos243-jean-marc-makusu-devra-passer-encore-deux-mois-avant-sa-montee-sur-la-pelouse","status":"publish","type":"post","link":"https:\/\/lesvolcansnews.net\/?p=4557","title":{"rendered":"\u00c9chos243: Jean-Marc Makusu devra passer encore deux mois avant sa mont\u00e9e sur la pelouse"},"content":{"rendered":"<p>Plus que deux mois avant que Jean-Marc Makusu Mundele reprenne les entra\u00eenement avec Vita club. L&#8217;attaquant des Dauphins noirs de Kinshasa victime d&#8217;un tibia P\u00e9ron\u00e9 d&#8217;une fracture de la jambe gauche le 14 avril dernier lors du match opposant son club au Fc Renaissance du Congo.<\/p>\n<p>La douloureuse blessure est intervenue apr\u00e8s un tacle violant de Nzungu Mafuana. Le meilleur buteur de la 23\u00e8me \u00e9dition du championnat national d&#8217;\u00e9lite est revenu au pays des L\u00e9opards (Rd.Congo) apr\u00e8s avoir pass\u00e9 une op\u00e9ration chirurgicale en Inde.<\/p>\n<p>Makusu qui marche d\u00e9j\u00e0 bien seul devra passer deux derniers mois de r\u00e9\u00e9ducation avant de retrouver ses co\u00e9quipiers et son retour en comp\u00e9tition d\u00e9pendra en suite de sa capacit\u00e9 de pouvoir r\u00e9cup\u00e9r\u00e9r psychologiquement.<br \/>\nC&#8217;est comme l&#8217;a pr\u00e9cis\u00e9 le Dr de l&#8217;As Victoria club, Mathieu Matusimua , dans un entretien accord\u00e9 \u00e0 nos confr\u00e8res de la Topcongo Fm. C&#8217;\u00e9tait ce jeudi 29 ao\u00fbt 2019.<\/p>\n<p>&#8220;<em> Le joueur Makusi est revenu de l&#8217;Inde o\u00f9 on a plac\u00e9 un clou dans son tibia pour une bonne efficacit\u00e9. Il marche d\u00e9j\u00e0. Il aura deux mois pour s&#8217;habituer avec ce mat\u00e9riel et au mois de novembre, il rejoint le groupe pour le d\u00e9but des entrainements &#8220;, <\/em>a-t-il rassur\u00e9 le Docteur Mathieu Matusimua.<\/p>\n<p><strong><em>Cedrick Sadiki<\/em><\/strong><\/p>\n","protected":false},"excerpt":{"rendered":"<p>Plus que deux mois avant que Jean-Marc Makusu Mundele reprenne les entra\u00eenement avec Vita club. L&#8217;attaquant des Dauphins noirs de Kinshasa victime d&#8217;un tibia P\u00e9ron\u00e9 d&#8217;une fracture de la jambe<\/p>\n","protected":false},"author":14,"featured_media":0,"comment_status":"open","ping_status":"open","sticky":false,"template":"","format":"standard","meta":{"footnotes":""},"categories":[11],"tags":[],"class_list":["post-4557","post","type-post","status-publish","format-standard","hentry","category-sports"],"yoast_head":"<!-- This site is optimized with the Yoast SEO plugin v27.3 - https:\/\/yoast.com\/product\/yoast-seo-wordpress\/ -->\n<title>\u00c9chos243: Jean-Marc Makusu devra passer encore deux mois avant sa mont\u00e9e sur la pelouse - LES VOLCANS NEWS<\/title>\n<meta name=\"robots\" content=\"index, follow, max-snippet:-1, max-image-preview:large, max-video-preview:-1\" \/>\n<link rel=\"canonical\" href=\"https:\/\/lesvolcansnews.net\/?p=4557\" \/>\n<meta property=\"og:locale\" content=\"fr_FR\" \/>\n<meta property=\"og:type\" content=\"article\" \/>\n<meta property=\"og:title\" content=\"\u00c9chos243: Jean-Marc Makusu devra passer encore deux mois avant sa mont\u00e9e sur la pelouse - LES VOLCANS NEWS\" \/>\n<meta property=\"og:description\" content=\"Plus que deux mois avant que Jean-Marc Makusu Mundele reprenne les entra\u00eenement avec Vita club. L&#8217;attaquant des Dauphins noirs de Kinshasa victime d&#8217;un tibia P\u00e9ron\u00e9 d&#8217;une fracture de la jambe\" \/>\n<meta property=\"og:url\" content=\"https:\/\/lesvolcansnews.net\/?p=4557\" \/>\n<meta property=\"og:site_name\" content=\"LES VOLCANS NEWS\" \/>\n<meta property=\"article:published_time\" content=\"2019-08-30T18:54:38+00:00\" \/>\n<meta name=\"author\" content=\"R\u00e9daction - Les Volcans News\" \/>\n<meta name=\"twitter:card\" content=\"summary_large_image\" \/>\n<meta name=\"twitter:label1\" content=\"\u00c9crit par\" \/>\n\t<meta name=\"twitter:data1\" content=\"R\u00e9daction - Les Volcans News\" \/>\n\t<meta name=\"twitter:label2\" content=\"Dur\u00e9e de lecture estim\u00e9e\" \/>\n\t<meta name=\"twitter:data2\" content=\"1 minute\" \/>\n<script type=\"application\/ld+json\" class=\"yoast-schema-graph\">{\"@context\":\"https:\\\/\\\/schema.org\",\"@graph\":[{\"@type\":\"Article\",\"@id\":\"https:\\\/\\\/lesvolcansnews.net\\\/?p=4557#article\",\"isPartOf\":{\"@id\":\"https:\\\/\\\/lesvolcansnews.net\\\/?p=4557\"},\"author\":{\"name\":\"R\u00e9daction - Les Volcans News\",\"@id\":\"https:\\\/\\\/lesvolcansnews.net\\\/#\\\/schema\\\/person\\\/82c8bed2e77879ecf6cca63441f57354\"},\"headline\":\"\u00c9chos243: Jean-Marc Makusu devra passer encore deux mois avant sa mont\u00e9e sur la pelouse\",\"datePublished\":\"2019-08-30T18:54:38+00:00\",\"mainEntityOfPage\":{\"@id\":\"https:\\\/\\\/lesvolcansnews.net\\\/?p=4557\"},\"wordCount\":242,\"commentCount\":0,\"articleSection\":[\"SPORTS\"],\"inLanguage\":\"fr-FR\",\"potentialAction\":[{\"@type\":\"CommentAction\",\"name\":\"Comment\",\"target\":[\"https:\\\/\\\/lesvolcansnews.net\\\/?p=4557#respond\"]}]},{\"@type\":\"WebPage\",\"@id\":\"https:\\\/\\\/lesvolcansnews.net\\\/?p=4557\",\"url\":\"https:\\\/\\\/lesvolcansnews.net\\\/?p=4557\",\"name\":\"\u00c9chos243: Jean-Marc Makusu devra passer encore deux mois avant sa mont\u00e9e sur la pelouse - LES VOLCANS NEWS\",\"isPartOf\":{\"@id\":\"https:\\\/\\\/lesvolcansnews.net\\\/#website\"},\"datePublished\":\"2019-08-30T18:54:38+00:00\",\"author\":{\"@id\":\"https:\\\/\\\/lesvolcansnews.net\\\/#\\\/schema\\\/person\\\/82c8bed2e77879ecf6cca63441f57354\"},\"breadcrumb\":{\"@id\":\"https:\\\/\\\/lesvolcansnews.net\\\/?p=4557#breadcrumb\"},\"inLanguage\":\"fr-FR\",\"potentialAction\":[{\"@type\":\"ReadAction\",\"target\":[\"https:\\\/\\\/lesvolcansnews.net\\\/?p=4557\"]}]},{\"@type\":\"BreadcrumbList\",\"@id\":\"https:\\\/\\\/lesvolcansnews.net\\\/?p=4557#breadcrumb\",\"itemListElement\":[{\"@type\":\"ListItem\",\"position\":1,\"name\":\"Accueil\",\"item\":\"https:\\\/\\\/lesvolcansnews.net\\\/\"},{\"@type\":\"ListItem\",\"position\":2,\"name\":\"\u00c9chos243: Jean-Marc Makusu devra passer encore deux mois avant sa mont\u00e9e sur la pelouse\"}]},{\"@type\":\"WebSite\",\"@id\":\"https:\\\/\\\/lesvolcansnews.net\\\/#website\",\"url\":\"https:\\\/\\\/lesvolcansnews.net\\\/\",\"name\":\"LES VOLCANS NEWS\",\"description\":\"L&#039;INFORMATION C&#039;EST NOUS\",\"potentialAction\":[{\"@type\":\"SearchAction\",\"target\":{\"@type\":\"EntryPoint\",\"urlTemplate\":\"https:\\\/\\\/lesvolcansnews.net\\\/?s={search_term_string}\"},\"query-input\":{\"@type\":\"PropertyValueSpecification\",\"valueRequired\":true,\"valueName\":\"search_term_string\"}}],\"inLanguage\":\"fr-FR\"},{\"@type\":\"Person\",\"@id\":\"https:\\\/\\\/lesvolcansnews.net\\\/#\\\/schema\\\/person\\\/82c8bed2e77879ecf6cca63441f57354\",\"name\":\"R\u00e9daction - Les Volcans News\",\"image\":{\"@type\":\"ImageObject\",\"inLanguage\":\"fr-FR\",\"@id\":\"https:\\\/\\\/secure.gravatar.com\\\/avatar\\\/8408942dd851e8a9c09f3d382a661bc05d2b3cd9002139bc1795b9528cdc6c80?s=96&d=mm&r=g\",\"url\":\"https:\\\/\\\/secure.gravatar.com\\\/avatar\\\/8408942dd851e8a9c09f3d382a661bc05d2b3cd9002139bc1795b9528cdc6c80?s=96&d=mm&r=g\",\"contentUrl\":\"https:\\\/\\\/secure.gravatar.com\\\/avatar\\\/8408942dd851e8a9c09f3d382a661bc05d2b3cd9002139bc1795b9528cdc6c80?s=96&d=mm&r=g\",\"caption\":\"R\u00e9daction - Les Volcans News\"},\"url\":\"https:\\\/\\\/lesvolcansnews.net\\\/?author=14\"}]}<\/script>\n<!-- \/ Yoast SEO plugin. -->","yoast_head_json":{"title":"\u00c9chos243: Jean-Marc Makusu devra passer encore deux mois avant sa mont\u00e9e sur la pelouse - LES VOLCANS NEWS","robots":{"index":"index","follow":"follow","max-snippet":"max-snippet:-1","max-image-preview":"max-image-preview:large","max-video-preview":"max-video-preview:-1"},"canonical":"https:\/\/lesvolcansnews.net\/?p=4557","og_locale":"fr_FR","og_type":"article","og_title":"\u00c9chos243: Jean-Marc Makusu devra passer encore deux mois avant sa mont\u00e9e sur la pelouse - LES VOLCANS NEWS","og_description":"Plus que deux mois avant que Jean-Marc Makusu Mundele reprenne les entra\u00eenement avec Vita club. L&#8217;attaquant des Dauphins noirs de Kinshasa victime d&#8217;un tibia P\u00e9ron\u00e9 d&#8217;une fracture de la jambe","og_url":"https:\/\/lesvolcansnews.net\/?p=4557","og_site_name":"LES VOLCANS NEWS","article_published_time":"2019-08-30T18:54:38+00:00","author":"R\u00e9daction - Les Volcans News","twitter_card":"summary_large_image","twitter_misc":{"\u00c9crit par":"R\u00e9daction - Les Volcans News","Dur\u00e9e de lecture estim\u00e9e":"1 minute"},"schema":{"@context":"https:\/\/schema.org","@graph":[{"@type":"Article","@id":"https:\/\/lesvolcansnews.net\/?p=4557#article","isPartOf":{"@id":"https:\/\/lesvolcansnews.net\/?p=4557"},"author":{"name":"R\u00e9daction - Les Volcans News","@id":"https:\/\/lesvolcansnews.net\/#\/schema\/person\/82c8bed2e77879ecf6cca63441f57354"},"headline":"\u00c9chos243: Jean-Marc Makusu devra passer encore deux mois avant sa mont\u00e9e sur la pelouse","datePublished":"2019-08-30T18:54:38+00:00","mainEntityOfPage":{"@id":"https:\/\/lesvolcansnews.net\/?p=4557"},"wordCount":242,"commentCount":0,"articleSection":["SPORTS"],"inLanguage":"fr-FR","potentialAction":[{"@type":"CommentAction","name":"Comment","target":["https:\/\/lesvolcansnews.net\/?p=4557#respond"]}]},{"@type":"WebPage","@id":"https:\/\/lesvolcansnews.net\/?p=4557","url":"https:\/\/lesvolcansnews.net\/?p=4557","name":"\u00c9chos243: Jean-Marc Makusu devra passer encore deux mois avant sa mont\u00e9e sur la pelouse - LES VOLCANS NEWS","isPartOf":{"@id":"https:\/\/lesvolcansnews.net\/#website"},"datePublished":"2019-08-30T18:54:38+00:00","author":{"@id":"https:\/\/lesvolcansnews.net\/#\/schema\/person\/82c8bed2e77879ecf6cca63441f57354"},"breadcrumb":{"@id":"https:\/\/lesvolcansnews.net\/?p=4557#breadcrumb"},"inLanguage":"fr-FR","potentialAction":[{"@type":"ReadAction","target":["https:\/\/lesvolcansnews.net\/?p=4557"]}]},{"@type":"BreadcrumbList","@id":"https:\/\/lesvolcansnews.net\/?p=4557#breadcrumb","itemListElement":[{"@type":"ListItem","position":1,"name":"Accueil","item":"https:\/\/lesvolcansnews.net\/"},{"@type":"ListItem","position":2,"name":"\u00c9chos243: Jean-Marc Makusu devra passer encore deux mois avant sa mont\u00e9e sur la pelouse"}]},{"@type":"WebSite","@id":"https:\/\/lesvolcansnews.net\/#website","url":"https:\/\/lesvolcansnews.net\/","name":"LES VOLCANS NEWS","description":"L&#039;INFORMATION C&#039;EST NOUS","potentialAction":[{"@type":"SearchAction","target":{"@type":"EntryPoint","urlTemplate":"https:\/\/lesvolcansnews.net\/?s={search_term_string}"},"query-input":{"@type":"PropertyValueSpecification","valueRequired":true,"valueName":"search_term_string"}}],"inLanguage":"fr-FR"},{"@type":"Person","@id":"https:\/\/lesvolcansnews.net\/#\/schema\/person\/82c8bed2e77879ecf6cca63441f57354","name":"R\u00e9daction - Les Volcans News","image":{"@type":"ImageObject","inLanguage":"fr-FR","@id":"https:\/\/secure.gravatar.com\/avatar\/8408942dd851e8a9c09f3d382a661bc05d2b3cd9002139bc1795b9528cdc6c80?s=96&d=mm&r=g","url":"https:\/\/secure.gravatar.com\/avatar\/8408942dd851e8a9c09f3d382a661bc05d2b3cd9002139bc1795b9528cdc6c80?s=96&d=mm&r=g","contentUrl":"https:\/\/secure.gravatar.com\/avatar\/8408942dd851e8a9c09f3d382a661bc05d2b3cd9002139bc1795b9528cdc6c80?s=96&d=mm&r=g","caption":"R\u00e9daction - Les Volcans News"},"url":"https:\/\/lesvolcansnews.net\/?author=14"}]}},"_links":{"self":[{"href":"https:\/\/lesvolcansnews.net\/index.php?rest_route=\/wp\/v2\/posts\/4557","targetHints":{"allow":["GET"]}}],"collection":[{"href":"https:\/\/lesvolcansnews.net\/index.php?rest_route=\/wp\/v2\/posts"}],"about":[{"href":"https:\/\/lesvolcansnews.net\/index.php?rest_route=\/wp\/v2\/types\/post"}],"author":[{"embeddable":true,"href":"https:\/\/lesvolcansnews.net\/index.php?rest_route=\/wp\/v2\/users\/14"}],"replies":[{"embeddable":true,"href":"https:\/\/lesvolcansnews.net\/index.php?rest_route=%2Fwp%2Fv2%2Fcomments&post=4557"}],"version-history":[{"count":0,"href":"https:\/\/lesvolcansnews.net\/index.php?rest_route=\/wp\/v2\/posts\/4557\/revisions"}],"wp:attachment":[{"href":"https:\/\/lesvolcansnews.net\/index.php?rest_route=%2Fwp%2Fv2%2Fmedia&parent=4557"}],"wp:term":[{"taxonomy":"category","embeddable":true,"href":"https:\/\/lesvolcansnews.net\/index.php?rest_route=%2Fwp%2Fv2%2Fcategories&post=4557"},{"taxonomy":"post_tag","embeddable":true,"href":"https:\/\/lesvolcansnews.net\/index.php?rest_route=%2Fwp%2Fv2%2Ftags&post=4557"}],"curies":[{"name":"wp","href":"https:\/\/api.w.org\/{rel}","templated":true}]}}