{"id":4524,"date":"2019-08-29T12:46:04","date_gmt":"2019-08-29T12:46:04","guid":{"rendered":"https:\/\/lesvolcansnews.net\/2019\/08\/29\/meschack-elia-et-arsene-zola-avortes-par-anderlecht\/"},"modified":"2019-08-29T12:56:35","modified_gmt":"2019-08-29T12:56:35","slug":"meschack-elia-et-arsene-zola-avortes-par-anderlecht","status":"publish","type":"post","link":"https:\/\/lesvolcansnews.net\/?p=4524","title":{"rendered":"Meschack Elia et Ars\u00e8ne Zola avort\u00e9s par Anderlecht ?"},"content":{"rendered":"<p>Pourtant qu&#8217;ils \u00e9taient en essaies en Belgique pour signer dans le club de la premi\u00e8re division Belge (Anderlecht) , l&#8217;attaquant Congolais Meschack Elia et le d\u00e9fenseur Ars\u00e8ne Zola, tous deux joueurs de TP Mazembe de Lubumbashi, sont introuvables en Belgique comme commentent plusieurs m\u00e9dias.<\/p>\n<p>Alors que Meschack Elia a satisfait au test d&#8217;Anderlecht , mais cette petite Congolaise semble n&#8217;est pas \u00eatre sur les tablettes du club Belge qui pr\u00e9cise ne pas \u00eatre pr\u00eat pour engager ce L\u00e9opard congolais. De l&#8217;autre part son co\u00e9quipier, Ars\u00e8ne, n\u2019avait pas tap\u00e9 dans l&#8217;\u0153il d&#8217;Anderlecht pour faute de n&#8217;avoir pas satisfait au test.<\/p>\n<p><em><strong>Les deux prodiges Congolais sont avort\u00e9s ou pas ?<\/strong><\/em><\/p>\n<p>En tout cas une source confidentielle renchir \u00e9galement que Meschack Elia a \u00e9t\u00e9 convoiti par une \u00e9quipe de la premi\u00e8re division Suisse qui joue la Ligue des champions europ\u00e9enne cette saison. Il s\u2019agit de \u201cYoung Boys\u201d, mais c\u2019est son club de provenance ( le Tp Mazembe) qui t\u00e2tonne pour permettre \u00e0 Young Boys de mettre la main sur Meschak Elia.<\/p>\n<p>Alors que les portes sont presque ouvertes pour Meschack Elia dans plusieurs Clubs comme par exemple l&#8217;Allemagne qui veut accueillir ce dernier par les canal de Francfort qui solliciterait<br \/>\nMeschack Elia.<\/p>\n<p>Pour sa part, Ass\u00e8ne Zola reste toujours introuvable et silencieux alors que Meschack est d\u00e9cel\u00e9 par plusieurs clubs.<\/p>\n<p><strong><em>Cedrick Sadiki<\/em><\/strong><\/p>\n","protected":false},"excerpt":{"rendered":"<p>Pourtant qu&#8217;ils \u00e9taient en essaies en Belgique pour signer dans le club de la premi\u00e8re division Belge (Anderlecht) , l&#8217;attaquant Congolais Meschack Elia et le d\u00e9fenseur Ars\u00e8ne Zola, tous deux<\/p>\n","protected":false},"author":14,"featured_media":4525,"comment_status":"open","ping_status":"open","sticky":false,"template":"","format":"standard","meta":{"footnotes":""},"categories":[11],"tags":[],"class_list":["post-4524","post","type-post","status-publish","format-standard","has-post-thumbnail","hentry","category-sports"],"yoast_head":"<!-- This site is optimized with the Yoast SEO plugin v27.3 - https:\/\/yoast.com\/product\/yoast-seo-wordpress\/ -->\n<title>Meschack Elia et Ars\u00e8ne Zola avort\u00e9s par Anderlecht ? - LES VOLCANS NEWS<\/title>\n<meta name=\"robots\" content=\"index, follow, max-snippet:-1, max-image-preview:large, max-video-preview:-1\" \/>\n<link rel=\"canonical\" href=\"https:\/\/lesvolcansnews.net\/?p=4524\" \/>\n<meta property=\"og:locale\" content=\"fr_FR\" \/>\n<meta property=\"og:type\" content=\"article\" \/>\n<meta property=\"og:title\" content=\"Meschack Elia et Ars\u00e8ne Zola avort\u00e9s par Anderlecht ? - LES VOLCANS NEWS\" \/>\n<meta property=\"og:description\" content=\"Pourtant qu&#8217;ils \u00e9taient en essaies en Belgique pour signer dans le club de la premi\u00e8re division Belge (Anderlecht) , l&#8217;attaquant Congolais Meschack Elia et le d\u00e9fenseur Ars\u00e8ne Zola, tous deux\" \/>\n<meta property=\"og:url\" content=\"https:\/\/lesvolcansnews.net\/?p=4524\" \/>\n<meta property=\"og:site_name\" content=\"LES VOLCANS NEWS\" \/>\n<meta property=\"article:published_time\" content=\"2019-08-29T12:46:04+00:00\" \/>\n<meta property=\"article:modified_time\" content=\"2019-08-29T12:56:35+00:00\" \/>\n<meta property=\"og:image\" content=\"https:\/\/lesvolcansnews.net\/wp-content\/uploads\/2019\/08\/received_534441140429687-780x405.jpeg\" \/>\n\t<meta property=\"og:image:width\" content=\"357\" \/>\n\t<meta property=\"og:image:height\" content=\"210\" \/>\n\t<meta property=\"og:image:type\" content=\"image\/jpeg\" \/>\n<meta name=\"author\" content=\"R\u00e9daction - Les Volcans News\" \/>\n<meta name=\"twitter:card\" content=\"summary_large_image\" \/>\n<meta name=\"twitter:label1\" content=\"\u00c9crit par\" \/>\n\t<meta name=\"twitter:data1\" content=\"R\u00e9daction - Les Volcans News\" \/>\n\t<meta name=\"twitter:label2\" content=\"Dur\u00e9e de lecture estim\u00e9e\" \/>\n\t<meta name=\"twitter:data2\" content=\"1 minute\" \/>\n<script type=\"application\/ld+json\" class=\"yoast-schema-graph\">{\"@context\":\"https:\\\/\\\/schema.org\",\"@graph\":[{\"@type\":\"Article\",\"@id\":\"https:\\\/\\\/lesvolcansnews.net\\\/?p=4524#article\",\"isPartOf\":{\"@id\":\"https:\\\/\\\/lesvolcansnews.net\\\/?p=4524\"},\"author\":{\"name\":\"R\u00e9daction - Les Volcans News\",\"@id\":\"https:\\\/\\\/lesvolcansnews.net\\\/#\\\/schema\\\/person\\\/82c8bed2e77879ecf6cca63441f57354\"},\"headline\":\"Meschack Elia et Ars\u00e8ne Zola avort\u00e9s par Anderlecht ?\",\"datePublished\":\"2019-08-29T12:46:04+00:00\",\"dateModified\":\"2019-08-29T12:56:35+00:00\",\"mainEntityOfPage\":{\"@id\":\"https:\\\/\\\/lesvolcansnews.net\\\/?p=4524\"},\"wordCount\":251,\"commentCount\":0,\"image\":{\"@id\":\"https:\\\/\\\/lesvolcansnews.net\\\/?p=4524#primaryimage\"},\"thumbnailUrl\":\"https:\\\/\\\/lesvolcansnews.net\\\/wp-content\\\/uploads\\\/2019\\\/08\\\/received_534441140429687-780x405.jpeg\",\"articleSection\":[\"SPORTS\"],\"inLanguage\":\"fr-FR\",\"potentialAction\":[{\"@type\":\"CommentAction\",\"name\":\"Comment\",\"target\":[\"https:\\\/\\\/lesvolcansnews.net\\\/?p=4524#respond\"]}]},{\"@type\":\"WebPage\",\"@id\":\"https:\\\/\\\/lesvolcansnews.net\\\/?p=4524\",\"url\":\"https:\\\/\\\/lesvolcansnews.net\\\/?p=4524\",\"name\":\"Meschack Elia et Ars\u00e8ne Zola avort\u00e9s par Anderlecht ? - LES VOLCANS NEWS\",\"isPartOf\":{\"@id\":\"https:\\\/\\\/lesvolcansnews.net\\\/#website\"},\"primaryImageOfPage\":{\"@id\":\"https:\\\/\\\/lesvolcansnews.net\\\/?p=4524#primaryimage\"},\"image\":{\"@id\":\"https:\\\/\\\/lesvolcansnews.net\\\/?p=4524#primaryimage\"},\"thumbnailUrl\":\"https:\\\/\\\/lesvolcansnews.net\\\/wp-content\\\/uploads\\\/2019\\\/08\\\/received_534441140429687-780x405.jpeg\",\"datePublished\":\"2019-08-29T12:46:04+00:00\",\"dateModified\":\"2019-08-29T12:56:35+00:00\",\"author\":{\"@id\":\"https:\\\/\\\/lesvolcansnews.net\\\/#\\\/schema\\\/person\\\/82c8bed2e77879ecf6cca63441f57354\"},\"breadcrumb\":{\"@id\":\"https:\\\/\\\/lesvolcansnews.net\\\/?p=4524#breadcrumb\"},\"inLanguage\":\"fr-FR\",\"potentialAction\":[{\"@type\":\"ReadAction\",\"target\":[\"https:\\\/\\\/lesvolcansnews.net\\\/?p=4524\"]}]},{\"@type\":\"ImageObject\",\"inLanguage\":\"fr-FR\",\"@id\":\"https:\\\/\\\/lesvolcansnews.net\\\/?p=4524#primaryimage\",\"url\":\"https:\\\/\\\/lesvolcansnews.net\\\/wp-content\\\/uploads\\\/2019\\\/08\\\/received_534441140429687-780x405.jpeg\",\"contentUrl\":\"https:\\\/\\\/lesvolcansnews.net\\\/wp-content\\\/uploads\\\/2019\\\/08\\\/received_534441140429687-780x405.jpeg\",\"width\":357,\"height\":210},{\"@type\":\"BreadcrumbList\",\"@id\":\"https:\\\/\\\/lesvolcansnews.net\\\/?p=4524#breadcrumb\",\"itemListElement\":[{\"@type\":\"ListItem\",\"position\":1,\"name\":\"Accueil\",\"item\":\"https:\\\/\\\/lesvolcansnews.net\\\/\"},{\"@type\":\"ListItem\",\"position\":2,\"name\":\"Meschack Elia et Ars\u00e8ne Zola avort\u00e9s par Anderlecht ?\"}]},{\"@type\":\"WebSite\",\"@id\":\"https:\\\/\\\/lesvolcansnews.net\\\/#website\",\"url\":\"https:\\\/\\\/lesvolcansnews.net\\\/\",\"name\":\"LES VOLCANS NEWS\",\"description\":\"L&#039;INFORMATION C&#039;EST NOUS\",\"potentialAction\":[{\"@type\":\"SearchAction\",\"target\":{\"@type\":\"EntryPoint\",\"urlTemplate\":\"https:\\\/\\\/lesvolcansnews.net\\\/?s={search_term_string}\"},\"query-input\":{\"@type\":\"PropertyValueSpecification\",\"valueRequired\":true,\"valueName\":\"search_term_string\"}}],\"inLanguage\":\"fr-FR\"},{\"@type\":\"Person\",\"@id\":\"https:\\\/\\\/lesvolcansnews.net\\\/#\\\/schema\\\/person\\\/82c8bed2e77879ecf6cca63441f57354\",\"name\":\"R\u00e9daction - Les Volcans News\",\"image\":{\"@type\":\"ImageObject\",\"inLanguage\":\"fr-FR\",\"@id\":\"https:\\\/\\\/secure.gravatar.com\\\/avatar\\\/8408942dd851e8a9c09f3d382a661bc05d2b3cd9002139bc1795b9528cdc6c80?s=96&d=mm&r=g\",\"url\":\"https:\\\/\\\/secure.gravatar.com\\\/avatar\\\/8408942dd851e8a9c09f3d382a661bc05d2b3cd9002139bc1795b9528cdc6c80?s=96&d=mm&r=g\",\"contentUrl\":\"https:\\\/\\\/secure.gravatar.com\\\/avatar\\\/8408942dd851e8a9c09f3d382a661bc05d2b3cd9002139bc1795b9528cdc6c80?s=96&d=mm&r=g\",\"caption\":\"R\u00e9daction - Les Volcans News\"},\"url\":\"https:\\\/\\\/lesvolcansnews.net\\\/?author=14\"}]}<\/script>\n<!-- \/ Yoast SEO plugin. -->","yoast_head_json":{"title":"Meschack Elia et Ars\u00e8ne Zola avort\u00e9s par Anderlecht ? - LES VOLCANS NEWS","robots":{"index":"index","follow":"follow","max-snippet":"max-snippet:-1","max-image-preview":"max-image-preview:large","max-video-preview":"max-video-preview:-1"},"canonical":"https:\/\/lesvolcansnews.net\/?p=4524","og_locale":"fr_FR","og_type":"article","og_title":"Meschack Elia et Ars\u00e8ne Zola avort\u00e9s par Anderlecht ? - LES VOLCANS NEWS","og_description":"Pourtant qu&#8217;ils \u00e9taient en essaies en Belgique pour signer dans le club de la premi\u00e8re division Belge (Anderlecht) , l&#8217;attaquant Congolais Meschack Elia et le d\u00e9fenseur Ars\u00e8ne Zola, tous deux","og_url":"https:\/\/lesvolcansnews.net\/?p=4524","og_site_name":"LES VOLCANS NEWS","article_published_time":"2019-08-29T12:46:04+00:00","article_modified_time":"2019-08-29T12:56:35+00:00","og_image":[{"width":357,"height":210,"url":"https:\/\/lesvolcansnews.net\/wp-content\/uploads\/2019\/08\/received_534441140429687-780x405.jpeg","type":"image\/jpeg"}],"author":"R\u00e9daction - Les Volcans News","twitter_card":"summary_large_image","twitter_misc":{"\u00c9crit par":"R\u00e9daction - Les Volcans News","Dur\u00e9e de lecture estim\u00e9e":"1 minute"},"schema":{"@context":"https:\/\/schema.org","@graph":[{"@type":"Article","@id":"https:\/\/lesvolcansnews.net\/?p=4524#article","isPartOf":{"@id":"https:\/\/lesvolcansnews.net\/?p=4524"},"author":{"name":"R\u00e9daction - Les Volcans News","@id":"https:\/\/lesvolcansnews.net\/#\/schema\/person\/82c8bed2e77879ecf6cca63441f57354"},"headline":"Meschack Elia et Ars\u00e8ne Zola avort\u00e9s par Anderlecht ?","datePublished":"2019-08-29T12:46:04+00:00","dateModified":"2019-08-29T12:56:35+00:00","mainEntityOfPage":{"@id":"https:\/\/lesvolcansnews.net\/?p=4524"},"wordCount":251,"commentCount":0,"image":{"@id":"https:\/\/lesvolcansnews.net\/?p=4524#primaryimage"},"thumbnailUrl":"https:\/\/lesvolcansnews.net\/wp-content\/uploads\/2019\/08\/received_534441140429687-780x405.jpeg","articleSection":["SPORTS"],"inLanguage":"fr-FR","potentialAction":[{"@type":"CommentAction","name":"Comment","target":["https:\/\/lesvolcansnews.net\/?p=4524#respond"]}]},{"@type":"WebPage","@id":"https:\/\/lesvolcansnews.net\/?p=4524","url":"https:\/\/lesvolcansnews.net\/?p=4524","name":"Meschack Elia et Ars\u00e8ne Zola avort\u00e9s par Anderlecht ? - LES VOLCANS NEWS","isPartOf":{"@id":"https:\/\/lesvolcansnews.net\/#website"},"primaryImageOfPage":{"@id":"https:\/\/lesvolcansnews.net\/?p=4524#primaryimage"},"image":{"@id":"https:\/\/lesvolcansnews.net\/?p=4524#primaryimage"},"thumbnailUrl":"https:\/\/lesvolcansnews.net\/wp-content\/uploads\/2019\/08\/received_534441140429687-780x405.jpeg","datePublished":"2019-08-29T12:46:04+00:00","dateModified":"2019-08-29T12:56:35+00:00","author":{"@id":"https:\/\/lesvolcansnews.net\/#\/schema\/person\/82c8bed2e77879ecf6cca63441f57354"},"breadcrumb":{"@id":"https:\/\/lesvolcansnews.net\/?p=4524#breadcrumb"},"inLanguage":"fr-FR","potentialAction":[{"@type":"ReadAction","target":["https:\/\/lesvolcansnews.net\/?p=4524"]}]},{"@type":"ImageObject","inLanguage":"fr-FR","@id":"https:\/\/lesvolcansnews.net\/?p=4524#primaryimage","url":"https:\/\/lesvolcansnews.net\/wp-content\/uploads\/2019\/08\/received_534441140429687-780x405.jpeg","contentUrl":"https:\/\/lesvolcansnews.net\/wp-content\/uploads\/2019\/08\/received_534441140429687-780x405.jpeg","width":357,"height":210},{"@type":"BreadcrumbList","@id":"https:\/\/lesvolcansnews.net\/?p=4524#breadcrumb","itemListElement":[{"@type":"ListItem","position":1,"name":"Accueil","item":"https:\/\/lesvolcansnews.net\/"},{"@type":"ListItem","position":2,"name":"Meschack Elia et Ars\u00e8ne Zola avort\u00e9s par Anderlecht ?"}]},{"@type":"WebSite","@id":"https:\/\/lesvolcansnews.net\/#website","url":"https:\/\/lesvolcansnews.net\/","name":"LES VOLCANS NEWS","description":"L&#039;INFORMATION C&#039;EST NOUS","potentialAction":[{"@type":"SearchAction","target":{"@type":"EntryPoint","urlTemplate":"https:\/\/lesvolcansnews.net\/?s={search_term_string}"},"query-input":{"@type":"PropertyValueSpecification","valueRequired":true,"valueName":"search_term_string"}}],"inLanguage":"fr-FR"},{"@type":"Person","@id":"https:\/\/lesvolcansnews.net\/#\/schema\/person\/82c8bed2e77879ecf6cca63441f57354","name":"R\u00e9daction - Les Volcans News","image":{"@type":"ImageObject","inLanguage":"fr-FR","@id":"https:\/\/secure.gravatar.com\/avatar\/8408942dd851e8a9c09f3d382a661bc05d2b3cd9002139bc1795b9528cdc6c80?s=96&d=mm&r=g","url":"https:\/\/secure.gravatar.com\/avatar\/8408942dd851e8a9c09f3d382a661bc05d2b3cd9002139bc1795b9528cdc6c80?s=96&d=mm&r=g","contentUrl":"https:\/\/secure.gravatar.com\/avatar\/8408942dd851e8a9c09f3d382a661bc05d2b3cd9002139bc1795b9528cdc6c80?s=96&d=mm&r=g","caption":"R\u00e9daction - Les Volcans News"},"url":"https:\/\/lesvolcansnews.net\/?author=14"}]}},"_links":{"self":[{"href":"https:\/\/lesvolcansnews.net\/index.php?rest_route=\/wp\/v2\/posts\/4524","targetHints":{"allow":["GET"]}}],"collection":[{"href":"https:\/\/lesvolcansnews.net\/index.php?rest_route=\/wp\/v2\/posts"}],"about":[{"href":"https:\/\/lesvolcansnews.net\/index.php?rest_route=\/wp\/v2\/types\/post"}],"author":[{"embeddable":true,"href":"https:\/\/lesvolcansnews.net\/index.php?rest_route=\/wp\/v2\/users\/14"}],"replies":[{"embeddable":true,"href":"https:\/\/lesvolcansnews.net\/index.php?rest_route=%2Fwp%2Fv2%2Fcomments&post=4524"}],"version-history":[{"count":1,"href":"https:\/\/lesvolcansnews.net\/index.php?rest_route=\/wp\/v2\/posts\/4524\/revisions"}],"predecessor-version":[{"id":4526,"href":"https:\/\/lesvolcansnews.net\/index.php?rest_route=\/wp\/v2\/posts\/4524\/revisions\/4526"}],"wp:featuredmedia":[{"embeddable":true,"href":"https:\/\/lesvolcansnews.net\/index.php?rest_route=\/wp\/v2\/media\/4525"}],"wp:attachment":[{"href":"https:\/\/lesvolcansnews.net\/index.php?rest_route=%2Fwp%2Fv2%2Fmedia&parent=4524"}],"wp:term":[{"taxonomy":"category","embeddable":true,"href":"https:\/\/lesvolcansnews.net\/index.php?rest_route=%2Fwp%2Fv2%2Fcategories&post=4524"},{"taxonomy":"post_tag","embeddable":true,"href":"https:\/\/lesvolcansnews.net\/index.php?rest_route=%2Fwp%2Fv2%2Ftags&post=4524"}],"curies":[{"name":"wp","href":"https:\/\/api.w.org\/{rel}","templated":true}]}}