{"id":4522,"date":"2019-08-29T12:37:13","date_gmt":"2019-08-29T12:37:13","guid":{"rendered":"https:\/\/lesvolcansnews.net\/2019\/08\/29\/beni-la-nomination-de-kambale-lufungula-robert-aux-ministeres-de-la-justice-de-droits-humains-tourisme-culture-et-art-saluee-par-la-population\/"},"modified":"2019-08-29T12:37:13","modified_gmt":"2019-08-29T12:37:13","slug":"beni-la-nomination-de-kambale-lufungula-robert-aux-ministeres-de-la-justice-de-droits-humains-tourisme-culture-et-art-saluee-par-la-population","status":"publish","type":"post","link":"https:\/\/lesvolcansnews.net\/?p=4522","title":{"rendered":"Beni: la nomination de Kambale Lufungula Robert aux minist\u00e8res de la justice, de droits humains, tourisme, culture et art salu\u00e9e par la population"},"content":{"rendered":"<p>Plusieurs habitants du territoire de BENI, ont r\u00e9pondu \u00e0 l&#8217;appel des partis politiques membres de la coalition FCC-CASH qui ont organis\u00e9 mercredi 28 ao\u00fbt 2019 \u00e0 KASINDI dans le secteur de RUWENZRI, une marche pacifique pour t\u00e9moigner leur sentiment de soutien, de loyaut\u00e9 ind\u00e9fectible et d&#8217;attachement au nouveau ministre provincial de la justice, de droits humains, tourisme, culture et art Kambale Lufungula Robert.<br \/>\nLa marche qui avait aussi comme but remercier le gouverneur NZANZU CASIVITA CARLY pour la nomination et la marque de confiance attribu\u00e9e \u00e0 l&#8217;un de leurs fils, a d\u00e9but\u00e9 par un culte d&#8217;action de gr\u00e2ce dit \u00e0 l&#8217;\u00e9glise Anglicane de Kamirongo, une agglom\u00e9ration situ\u00e9e \u00e0 environ 5Km de LUBIRIHA \u00e0 la fronti\u00e8re Congolo-ougandaise.<br \/>\nLes manifestants sont partis de cet \u00e9difice religieux en empruntant la route nationale num\u00e9ro quatre, pour chuter \u00e0 l&#8217;espace apog\u00e9e de l&#8217;entit\u00e9 l&#8217;h\u00f4tel (HKL), o\u00f9 un repas circonstanciel a \u00e9t\u00e9 mis \u00e0 la disposition des manifestants en vue de cl\u00f4turer cette activit\u00e9 en bont\u00e9.<br \/>\nIl est n\u00e9cessaire de noter que, cette marche qui a drain\u00e9 des foules nombreuses en dehors des militants et cadre de Partis politiques, s\u2019est d\u00e9roul\u00e9 sans casse gr\u00e2ce au d\u00e9vouement sinc\u00e8re de la population de cette partie du Grand Nord-Kivu.<\/p>\n<p><strong><em>Paul Zaidi<\/em><\/strong><\/p>\n","protected":false},"excerpt":{"rendered":"<p>Plusieurs habitants du territoire de BENI, ont r\u00e9pondu \u00e0 l&#8217;appel des partis politiques membres de la coalition FCC-CASH qui ont organis\u00e9 mercredi 28 ao\u00fbt 2019 \u00e0 KASINDI dans le secteur<\/p>\n","protected":false},"author":14,"featured_media":4521,"comment_status":"open","ping_status":"open","sticky":false,"template":"","format":"standard","meta":{"footnotes":""},"categories":[27],"tags":[],"class_list":["post-4522","post","type-post","status-publish","format-standard","has-post-thumbnail","hentry","category-politique"],"yoast_head":"<!-- This site is optimized with the Yoast SEO plugin v27.3 - https:\/\/yoast.com\/product\/yoast-seo-wordpress\/ -->\n<title>Beni: la nomination de Kambale Lufungula Robert aux minist\u00e8res de la justice, de droits humains, tourisme, culture et art salu\u00e9e par la population - LES VOLCANS NEWS<\/title>\n<meta name=\"robots\" content=\"index, follow, max-snippet:-1, max-image-preview:large, max-video-preview:-1\" \/>\n<link rel=\"canonical\" href=\"https:\/\/lesvolcansnews.net\/?p=4522\" \/>\n<meta property=\"og:locale\" content=\"fr_FR\" \/>\n<meta property=\"og:type\" content=\"article\" \/>\n<meta property=\"og:title\" content=\"Beni: la nomination de Kambale Lufungula Robert aux minist\u00e8res de la justice, de droits humains, tourisme, culture et art salu\u00e9e par la population - LES VOLCANS NEWS\" \/>\n<meta property=\"og:description\" content=\"Plusieurs habitants du territoire de BENI, ont r\u00e9pondu \u00e0 l&#8217;appel des partis politiques membres de la coalition FCC-CASH qui ont organis\u00e9 mercredi 28 ao\u00fbt 2019 \u00e0 KASINDI dans le secteur\" \/>\n<meta property=\"og:url\" content=\"https:\/\/lesvolcansnews.net\/?p=4522\" \/>\n<meta property=\"og:site_name\" content=\"LES VOLCANS NEWS\" \/>\n<meta property=\"article:published_time\" content=\"2019-08-29T12:37:13+00:00\" \/>\n<meta property=\"og:image\" content=\"https:\/\/lesvolcansnews.net\/wp-content\/uploads\/2019\/08\/IMG-20190829-WA0012.jpg\" \/>\n\t<meta property=\"og:image:width\" content=\"1080\" \/>\n\t<meta property=\"og:image:height\" content=\"810\" \/>\n\t<meta property=\"og:image:type\" content=\"image\/jpeg\" \/>\n<meta name=\"author\" content=\"R\u00e9daction - Les Volcans News\" \/>\n<meta name=\"twitter:card\" content=\"summary_large_image\" \/>\n<meta name=\"twitter:label1\" content=\"\u00c9crit par\" \/>\n\t<meta name=\"twitter:data1\" content=\"R\u00e9daction - Les Volcans News\" \/>\n\t<meta name=\"twitter:label2\" content=\"Dur\u00e9e de lecture estim\u00e9e\" \/>\n\t<meta name=\"twitter:data2\" content=\"1 minute\" \/>\n<script type=\"application\/ld+json\" class=\"yoast-schema-graph\">{\"@context\":\"https:\\\/\\\/schema.org\",\"@graph\":[{\"@type\":\"Article\",\"@id\":\"https:\\\/\\\/lesvolcansnews.net\\\/?p=4522#article\",\"isPartOf\":{\"@id\":\"https:\\\/\\\/lesvolcansnews.net\\\/?p=4522\"},\"author\":{\"name\":\"R\u00e9daction - Les Volcans News\",\"@id\":\"https:\\\/\\\/lesvolcansnews.net\\\/#\\\/schema\\\/person\\\/82c8bed2e77879ecf6cca63441f57354\"},\"headline\":\"Beni: la nomination de Kambale Lufungula Robert aux minist\u00e8res de la justice, de droits humains, tourisme, culture et art salu\u00e9e par la population\",\"datePublished\":\"2019-08-29T12:37:13+00:00\",\"mainEntityOfPage\":{\"@id\":\"https:\\\/\\\/lesvolcansnews.net\\\/?p=4522\"},\"wordCount\":245,\"commentCount\":0,\"image\":{\"@id\":\"https:\\\/\\\/lesvolcansnews.net\\\/?p=4522#primaryimage\"},\"thumbnailUrl\":\"https:\\\/\\\/lesvolcansnews.net\\\/wp-content\\\/uploads\\\/2019\\\/08\\\/IMG-20190829-WA0012.jpg\",\"articleSection\":[\"POLITIQUE\"],\"inLanguage\":\"fr-FR\",\"potentialAction\":[{\"@type\":\"CommentAction\",\"name\":\"Comment\",\"target\":[\"https:\\\/\\\/lesvolcansnews.net\\\/?p=4522#respond\"]}]},{\"@type\":\"WebPage\",\"@id\":\"https:\\\/\\\/lesvolcansnews.net\\\/?p=4522\",\"url\":\"https:\\\/\\\/lesvolcansnews.net\\\/?p=4522\",\"name\":\"Beni: la nomination de Kambale Lufungula Robert aux minist\u00e8res de la justice, de droits humains, tourisme, culture et art salu\u00e9e par la population - LES VOLCANS NEWS\",\"isPartOf\":{\"@id\":\"https:\\\/\\\/lesvolcansnews.net\\\/#website\"},\"primaryImageOfPage\":{\"@id\":\"https:\\\/\\\/lesvolcansnews.net\\\/?p=4522#primaryimage\"},\"image\":{\"@id\":\"https:\\\/\\\/lesvolcansnews.net\\\/?p=4522#primaryimage\"},\"thumbnailUrl\":\"https:\\\/\\\/lesvolcansnews.net\\\/wp-content\\\/uploads\\\/2019\\\/08\\\/IMG-20190829-WA0012.jpg\",\"datePublished\":\"2019-08-29T12:37:13+00:00\",\"author\":{\"@id\":\"https:\\\/\\\/lesvolcansnews.net\\\/#\\\/schema\\\/person\\\/82c8bed2e77879ecf6cca63441f57354\"},\"breadcrumb\":{\"@id\":\"https:\\\/\\\/lesvolcansnews.net\\\/?p=4522#breadcrumb\"},\"inLanguage\":\"fr-FR\",\"potentialAction\":[{\"@type\":\"ReadAction\",\"target\":[\"https:\\\/\\\/lesvolcansnews.net\\\/?p=4522\"]}]},{\"@type\":\"ImageObject\",\"inLanguage\":\"fr-FR\",\"@id\":\"https:\\\/\\\/lesvolcansnews.net\\\/?p=4522#primaryimage\",\"url\":\"https:\\\/\\\/lesvolcansnews.net\\\/wp-content\\\/uploads\\\/2019\\\/08\\\/IMG-20190829-WA0012.jpg\",\"contentUrl\":\"https:\\\/\\\/lesvolcansnews.net\\\/wp-content\\\/uploads\\\/2019\\\/08\\\/IMG-20190829-WA0012.jpg\",\"width\":1080,\"height\":810},{\"@type\":\"BreadcrumbList\",\"@id\":\"https:\\\/\\\/lesvolcansnews.net\\\/?p=4522#breadcrumb\",\"itemListElement\":[{\"@type\":\"ListItem\",\"position\":1,\"name\":\"Accueil\",\"item\":\"https:\\\/\\\/lesvolcansnews.net\\\/\"},{\"@type\":\"ListItem\",\"position\":2,\"name\":\"Beni: la nomination de Kambale Lufungula Robert aux minist\u00e8res de la justice, de droits humains, tourisme, culture et art salu\u00e9e par la population\"}]},{\"@type\":\"WebSite\",\"@id\":\"https:\\\/\\\/lesvolcansnews.net\\\/#website\",\"url\":\"https:\\\/\\\/lesvolcansnews.net\\\/\",\"name\":\"LES VOLCANS NEWS\",\"description\":\"L&#039;INFORMATION C&#039;EST NOUS\",\"potentialAction\":[{\"@type\":\"SearchAction\",\"target\":{\"@type\":\"EntryPoint\",\"urlTemplate\":\"https:\\\/\\\/lesvolcansnews.net\\\/?s={search_term_string}\"},\"query-input\":{\"@type\":\"PropertyValueSpecification\",\"valueRequired\":true,\"valueName\":\"search_term_string\"}}],\"inLanguage\":\"fr-FR\"},{\"@type\":\"Person\",\"@id\":\"https:\\\/\\\/lesvolcansnews.net\\\/#\\\/schema\\\/person\\\/82c8bed2e77879ecf6cca63441f57354\",\"name\":\"R\u00e9daction - Les Volcans News\",\"image\":{\"@type\":\"ImageObject\",\"inLanguage\":\"fr-FR\",\"@id\":\"https:\\\/\\\/secure.gravatar.com\\\/avatar\\\/8408942dd851e8a9c09f3d382a661bc05d2b3cd9002139bc1795b9528cdc6c80?s=96&d=mm&r=g\",\"url\":\"https:\\\/\\\/secure.gravatar.com\\\/avatar\\\/8408942dd851e8a9c09f3d382a661bc05d2b3cd9002139bc1795b9528cdc6c80?s=96&d=mm&r=g\",\"contentUrl\":\"https:\\\/\\\/secure.gravatar.com\\\/avatar\\\/8408942dd851e8a9c09f3d382a661bc05d2b3cd9002139bc1795b9528cdc6c80?s=96&d=mm&r=g\",\"caption\":\"R\u00e9daction - Les Volcans News\"},\"url\":\"https:\\\/\\\/lesvolcansnews.net\\\/?author=14\"}]}<\/script>\n<!-- \/ Yoast SEO plugin. -->","yoast_head_json":{"title":"Beni: la nomination de Kambale Lufungula Robert aux minist\u00e8res de la justice, de droits humains, tourisme, culture et art salu\u00e9e par la population - LES VOLCANS NEWS","robots":{"index":"index","follow":"follow","max-snippet":"max-snippet:-1","max-image-preview":"max-image-preview:large","max-video-preview":"max-video-preview:-1"},"canonical":"https:\/\/lesvolcansnews.net\/?p=4522","og_locale":"fr_FR","og_type":"article","og_title":"Beni: la nomination de Kambale Lufungula Robert aux minist\u00e8res de la justice, de droits humains, tourisme, culture et art salu\u00e9e par la population - LES VOLCANS NEWS","og_description":"Plusieurs habitants du territoire de BENI, ont r\u00e9pondu \u00e0 l&#8217;appel des partis politiques membres de la coalition FCC-CASH qui ont organis\u00e9 mercredi 28 ao\u00fbt 2019 \u00e0 KASINDI dans le secteur","og_url":"https:\/\/lesvolcansnews.net\/?p=4522","og_site_name":"LES VOLCANS NEWS","article_published_time":"2019-08-29T12:37:13+00:00","og_image":[{"width":1080,"height":810,"url":"https:\/\/lesvolcansnews.net\/wp-content\/uploads\/2019\/08\/IMG-20190829-WA0012.jpg","type":"image\/jpeg"}],"author":"R\u00e9daction - Les Volcans News","twitter_card":"summary_large_image","twitter_misc":{"\u00c9crit par":"R\u00e9daction - Les Volcans News","Dur\u00e9e de lecture estim\u00e9e":"1 minute"},"schema":{"@context":"https:\/\/schema.org","@graph":[{"@type":"Article","@id":"https:\/\/lesvolcansnews.net\/?p=4522#article","isPartOf":{"@id":"https:\/\/lesvolcansnews.net\/?p=4522"},"author":{"name":"R\u00e9daction - Les Volcans News","@id":"https:\/\/lesvolcansnews.net\/#\/schema\/person\/82c8bed2e77879ecf6cca63441f57354"},"headline":"Beni: la nomination de Kambale Lufungula Robert aux minist\u00e8res de la justice, de droits humains, tourisme, culture et art salu\u00e9e par la population","datePublished":"2019-08-29T12:37:13+00:00","mainEntityOfPage":{"@id":"https:\/\/lesvolcansnews.net\/?p=4522"},"wordCount":245,"commentCount":0,"image":{"@id":"https:\/\/lesvolcansnews.net\/?p=4522#primaryimage"},"thumbnailUrl":"https:\/\/lesvolcansnews.net\/wp-content\/uploads\/2019\/08\/IMG-20190829-WA0012.jpg","articleSection":["POLITIQUE"],"inLanguage":"fr-FR","potentialAction":[{"@type":"CommentAction","name":"Comment","target":["https:\/\/lesvolcansnews.net\/?p=4522#respond"]}]},{"@type":"WebPage","@id":"https:\/\/lesvolcansnews.net\/?p=4522","url":"https:\/\/lesvolcansnews.net\/?p=4522","name":"Beni: la nomination de Kambale Lufungula Robert aux minist\u00e8res de la justice, de droits humains, tourisme, culture et art salu\u00e9e par la population - LES VOLCANS NEWS","isPartOf":{"@id":"https:\/\/lesvolcansnews.net\/#website"},"primaryImageOfPage":{"@id":"https:\/\/lesvolcansnews.net\/?p=4522#primaryimage"},"image":{"@id":"https:\/\/lesvolcansnews.net\/?p=4522#primaryimage"},"thumbnailUrl":"https:\/\/lesvolcansnews.net\/wp-content\/uploads\/2019\/08\/IMG-20190829-WA0012.jpg","datePublished":"2019-08-29T12:37:13+00:00","author":{"@id":"https:\/\/lesvolcansnews.net\/#\/schema\/person\/82c8bed2e77879ecf6cca63441f57354"},"breadcrumb":{"@id":"https:\/\/lesvolcansnews.net\/?p=4522#breadcrumb"},"inLanguage":"fr-FR","potentialAction":[{"@type":"ReadAction","target":["https:\/\/lesvolcansnews.net\/?p=4522"]}]},{"@type":"ImageObject","inLanguage":"fr-FR","@id":"https:\/\/lesvolcansnews.net\/?p=4522#primaryimage","url":"https:\/\/lesvolcansnews.net\/wp-content\/uploads\/2019\/08\/IMG-20190829-WA0012.jpg","contentUrl":"https:\/\/lesvolcansnews.net\/wp-content\/uploads\/2019\/08\/IMG-20190829-WA0012.jpg","width":1080,"height":810},{"@type":"BreadcrumbList","@id":"https:\/\/lesvolcansnews.net\/?p=4522#breadcrumb","itemListElement":[{"@type":"ListItem","position":1,"name":"Accueil","item":"https:\/\/lesvolcansnews.net\/"},{"@type":"ListItem","position":2,"name":"Beni: la nomination de Kambale Lufungula Robert aux minist\u00e8res de la justice, de droits humains, tourisme, culture et art salu\u00e9e par la population"}]},{"@type":"WebSite","@id":"https:\/\/lesvolcansnews.net\/#website","url":"https:\/\/lesvolcansnews.net\/","name":"LES VOLCANS NEWS","description":"L&#039;INFORMATION C&#039;EST NOUS","potentialAction":[{"@type":"SearchAction","target":{"@type":"EntryPoint","urlTemplate":"https:\/\/lesvolcansnews.net\/?s={search_term_string}"},"query-input":{"@type":"PropertyValueSpecification","valueRequired":true,"valueName":"search_term_string"}}],"inLanguage":"fr-FR"},{"@type":"Person","@id":"https:\/\/lesvolcansnews.net\/#\/schema\/person\/82c8bed2e77879ecf6cca63441f57354","name":"R\u00e9daction - Les Volcans News","image":{"@type":"ImageObject","inLanguage":"fr-FR","@id":"https:\/\/secure.gravatar.com\/avatar\/8408942dd851e8a9c09f3d382a661bc05d2b3cd9002139bc1795b9528cdc6c80?s=96&d=mm&r=g","url":"https:\/\/secure.gravatar.com\/avatar\/8408942dd851e8a9c09f3d382a661bc05d2b3cd9002139bc1795b9528cdc6c80?s=96&d=mm&r=g","contentUrl":"https:\/\/secure.gravatar.com\/avatar\/8408942dd851e8a9c09f3d382a661bc05d2b3cd9002139bc1795b9528cdc6c80?s=96&d=mm&r=g","caption":"R\u00e9daction - Les Volcans News"},"url":"https:\/\/lesvolcansnews.net\/?author=14"}]}},"_links":{"self":[{"href":"https:\/\/lesvolcansnews.net\/index.php?rest_route=\/wp\/v2\/posts\/4522","targetHints":{"allow":["GET"]}}],"collection":[{"href":"https:\/\/lesvolcansnews.net\/index.php?rest_route=\/wp\/v2\/posts"}],"about":[{"href":"https:\/\/lesvolcansnews.net\/index.php?rest_route=\/wp\/v2\/types\/post"}],"author":[{"embeddable":true,"href":"https:\/\/lesvolcansnews.net\/index.php?rest_route=\/wp\/v2\/users\/14"}],"replies":[{"embeddable":true,"href":"https:\/\/lesvolcansnews.net\/index.php?rest_route=%2Fwp%2Fv2%2Fcomments&post=4522"}],"version-history":[{"count":0,"href":"https:\/\/lesvolcansnews.net\/index.php?rest_route=\/wp\/v2\/posts\/4522\/revisions"}],"wp:featuredmedia":[{"embeddable":true,"href":"https:\/\/lesvolcansnews.net\/index.php?rest_route=\/wp\/v2\/media\/4521"}],"wp:attachment":[{"href":"https:\/\/lesvolcansnews.net\/index.php?rest_route=%2Fwp%2Fv2%2Fmedia&parent=4522"}],"wp:term":[{"taxonomy":"category","embeddable":true,"href":"https:\/\/lesvolcansnews.net\/index.php?rest_route=%2Fwp%2Fv2%2Fcategories&post=4522"},{"taxonomy":"post_tag","embeddable":true,"href":"https:\/\/lesvolcansnews.net\/index.php?rest_route=%2Fwp%2Fv2%2Ftags&post=4522"}],"curies":[{"name":"wp","href":"https:\/\/api.w.org\/{rel}","templated":true}]}}