{"id":4470,"date":"2019-08-26T20:26:01","date_gmt":"2019-08-26T20:26:01","guid":{"rendered":"https:\/\/lesvolcansnews.net\/2019\/08\/26\/jeannot-bombenga-annonce-la-fin-de-sa-carriere-musicale-sur-scene\/"},"modified":"2019-08-26T20:31:51","modified_gmt":"2019-08-26T20:31:51","slug":"jeannot-bombenga-annonce-la-fin-de-sa-carriere-musicale-sur-scene","status":"publish","type":"post","link":"https:\/\/lesvolcansnews.net\/?p=4470","title":{"rendered":"Jeannot Bombenga annonce la fin de sa carri\u00e8re musicale sur sc\u00e8ne"},"content":{"rendered":"<p>Apr\u00e8s 64 ans de production musicale sans discontinuer et 84ans d&#8217;\u00e2ge, l&#8217;artiste musicien, Jeannot Bombenga W\u2019Ewando, a annonc\u00e9 la fin de sa carri\u00e8re sur sc\u00e8ne.<\/p>\n<p>Le message a \u00e9t\u00e9 d\u00e9voil\u00e9  dimanche \u00e0 Kinshasa, en pr\u00e9sence de nombreux m\u00e9lomanes, amoureux de la rumba congolaise, lors d\u2019une soir\u00e9e musicale.<\/p>\n<p>L&#8217;artiste auteur-compositeur, arrangeur, producteur et<br \/>\nexcellent vocaliste a motiv\u00e9 sa d\u00e9cision le poids de l&#8217;\u00e2ge qui commence \u00e0 peser sur lui mais \u00e9galement  son \u00e9tat de sant\u00e9 de plus en plus d\u00e9gradante.<br \/>\n\u00ab J\u2019ai fait mon temps dans la musique. Cet art noble a fait de moi une ic\u00f4ne, personnalit\u00e9 dans mon pays. J\u2019ai \u00e9crit et chant\u00e9 des tr\u00e8s belles chansons qui sont des r\u00e9f\u00e9rences dans le r\u00e9pertoire de la rumba congolaise. Dieu m\u2019a fait gr\u00e2ce de vivre jusqu\u2019\u00e0 cet \u00e2ge. L\u2019heure a sonn\u00e9 pour moi de laisser aussi la place aux enfants, aux jeunes de continuer ce travail l\u00e0 o\u00f9 nous nous sommes arr\u00eat\u00e9s \u00bb, s&#8217;est-il confi\u00e9 \u00e0 la presse kinoise.<br \/>\n<strong><em>Biographie de l&#8217;artiste<\/em><\/strong><\/p>\n<p>L&#8217;un des p\u00e8res g\u00e9niteurs de la musique congolaise moderne, Jeannot Bombenga est n\u00e9 en 1934, il d\u00e9marre sa carri\u00e8re musicale \u00e0 l\u2019\u00e2ge de 23 ans. En<br \/>\n1959, il entame une carri\u00e8re professionnelle et cr\u00e9e l\u2019orchestre Vox-Africa avec Franklin Boukaka venu de<br \/>\nBrazzaville. Sans faire beaucoup de succ\u00e8s.<br \/>\nLors de la deuxi\u00e8me scission de l\u2019orchestre African Jazz, avec le d\u00e9part de Nico Kassanda, Roger Izeidi et Pascal Tabu Rochereau, en 1963, il fait son entr\u00e9e dans African Jazz \u00e0 c\u00f4t\u00e9 de Kabasele \u00ab Grand Kalle \u00bb<\/p>\n<p><strong><em>R\u00e9daction<\/em><\/strong><\/p>\n","protected":false},"excerpt":{"rendered":"<p>Apr\u00e8s 64 ans de production musicale sans discontinuer et 84ans d&#8217;\u00e2ge, l&#8217;artiste musicien, Jeannot Bombenga W\u2019Ewando, a annonc\u00e9 la fin de sa carri\u00e8re sur sc\u00e8ne. Le message a \u00e9t\u00e9 d\u00e9voil\u00e9<\/p>\n","protected":false},"author":14,"featured_media":4469,"comment_status":"open","ping_status":"open","sticky":false,"template":"","format":"standard","meta":{"footnotes":""},"categories":[12],"tags":[],"class_list":["post-4470","post","type-post","status-publish","format-standard","has-post-thumbnail","hentry","category-culture"],"yoast_head":"<!-- This site is optimized with the Yoast SEO plugin v27.3 - https:\/\/yoast.com\/product\/yoast-seo-wordpress\/ -->\n<title>Jeannot Bombenga annonce la fin de sa carri\u00e8re musicale sur sc\u00e8ne - LES VOLCANS NEWS<\/title>\n<meta name=\"robots\" content=\"index, follow, max-snippet:-1, max-image-preview:large, max-video-preview:-1\" \/>\n<link rel=\"canonical\" href=\"https:\/\/lesvolcansnews.net\/?p=4470\" \/>\n<meta property=\"og:locale\" content=\"fr_FR\" \/>\n<meta property=\"og:type\" content=\"article\" \/>\n<meta property=\"og:title\" content=\"Jeannot Bombenga annonce la fin de sa carri\u00e8re musicale sur sc\u00e8ne - LES VOLCANS NEWS\" \/>\n<meta property=\"og:description\" content=\"Apr\u00e8s 64 ans de production musicale sans discontinuer et 84ans d&#8217;\u00e2ge, l&#8217;artiste musicien, Jeannot Bombenga W\u2019Ewando, a annonc\u00e9 la fin de sa carri\u00e8re sur sc\u00e8ne. Le message a \u00e9t\u00e9 d\u00e9voil\u00e9\" \/>\n<meta property=\"og:url\" content=\"https:\/\/lesvolcansnews.net\/?p=4470\" \/>\n<meta property=\"og:site_name\" content=\"LES VOLCANS NEWS\" \/>\n<meta property=\"article:published_time\" content=\"2019-08-26T20:26:01+00:00\" \/>\n<meta property=\"article:modified_time\" content=\"2019-08-26T20:31:51+00:00\" \/>\n<meta property=\"og:image\" content=\"https:\/\/lesvolcansnews.net\/wp-content\/uploads\/2019\/08\/jeannot-bombenga-576x400-2096610728.png\" \/>\n\t<meta property=\"og:image:width\" content=\"576\" \/>\n\t<meta property=\"og:image:height\" content=\"400\" \/>\n\t<meta property=\"og:image:type\" content=\"image\/png\" \/>\n<meta name=\"author\" content=\"R\u00e9daction - Les Volcans News\" \/>\n<meta name=\"twitter:card\" content=\"summary_large_image\" \/>\n<meta name=\"twitter:label1\" content=\"\u00c9crit par\" \/>\n\t<meta name=\"twitter:data1\" content=\"R\u00e9daction - Les Volcans News\" \/>\n\t<meta name=\"twitter:label2\" content=\"Dur\u00e9e de lecture estim\u00e9e\" \/>\n\t<meta name=\"twitter:data2\" content=\"1 minute\" \/>\n<script type=\"application\/ld+json\" class=\"yoast-schema-graph\">{\"@context\":\"https:\\\/\\\/schema.org\",\"@graph\":[{\"@type\":\"Article\",\"@id\":\"https:\\\/\\\/lesvolcansnews.net\\\/?p=4470#article\",\"isPartOf\":{\"@id\":\"https:\\\/\\\/lesvolcansnews.net\\\/?p=4470\"},\"author\":{\"name\":\"R\u00e9daction - Les Volcans News\",\"@id\":\"https:\\\/\\\/lesvolcansnews.net\\\/#\\\/schema\\\/person\\\/82c8bed2e77879ecf6cca63441f57354\"},\"headline\":\"Jeannot Bombenga annonce la fin de sa carri\u00e8re musicale sur sc\u00e8ne\",\"datePublished\":\"2019-08-26T20:26:01+00:00\",\"dateModified\":\"2019-08-26T20:31:51+00:00\",\"mainEntityOfPage\":{\"@id\":\"https:\\\/\\\/lesvolcansnews.net\\\/?p=4470\"},\"wordCount\":292,\"commentCount\":0,\"image\":{\"@id\":\"https:\\\/\\\/lesvolcansnews.net\\\/?p=4470#primaryimage\"},\"thumbnailUrl\":\"https:\\\/\\\/lesvolcansnews.net\\\/wp-content\\\/uploads\\\/2019\\\/08\\\/jeannot-bombenga-576x400-2096610728.png\",\"articleSection\":[\"CULTURE\"],\"inLanguage\":\"fr-FR\",\"potentialAction\":[{\"@type\":\"CommentAction\",\"name\":\"Comment\",\"target\":[\"https:\\\/\\\/lesvolcansnews.net\\\/?p=4470#respond\"]}]},{\"@type\":\"WebPage\",\"@id\":\"https:\\\/\\\/lesvolcansnews.net\\\/?p=4470\",\"url\":\"https:\\\/\\\/lesvolcansnews.net\\\/?p=4470\",\"name\":\"Jeannot Bombenga annonce la fin de sa carri\u00e8re musicale sur sc\u00e8ne - LES VOLCANS NEWS\",\"isPartOf\":{\"@id\":\"https:\\\/\\\/lesvolcansnews.net\\\/#website\"},\"primaryImageOfPage\":{\"@id\":\"https:\\\/\\\/lesvolcansnews.net\\\/?p=4470#primaryimage\"},\"image\":{\"@id\":\"https:\\\/\\\/lesvolcansnews.net\\\/?p=4470#primaryimage\"},\"thumbnailUrl\":\"https:\\\/\\\/lesvolcansnews.net\\\/wp-content\\\/uploads\\\/2019\\\/08\\\/jeannot-bombenga-576x400-2096610728.png\",\"datePublished\":\"2019-08-26T20:26:01+00:00\",\"dateModified\":\"2019-08-26T20:31:51+00:00\",\"author\":{\"@id\":\"https:\\\/\\\/lesvolcansnews.net\\\/#\\\/schema\\\/person\\\/82c8bed2e77879ecf6cca63441f57354\"},\"breadcrumb\":{\"@id\":\"https:\\\/\\\/lesvolcansnews.net\\\/?p=4470#breadcrumb\"},\"inLanguage\":\"fr-FR\",\"potentialAction\":[{\"@type\":\"ReadAction\",\"target\":[\"https:\\\/\\\/lesvolcansnews.net\\\/?p=4470\"]}]},{\"@type\":\"ImageObject\",\"inLanguage\":\"fr-FR\",\"@id\":\"https:\\\/\\\/lesvolcansnews.net\\\/?p=4470#primaryimage\",\"url\":\"https:\\\/\\\/lesvolcansnews.net\\\/wp-content\\\/uploads\\\/2019\\\/08\\\/jeannot-bombenga-576x400-2096610728.png\",\"contentUrl\":\"https:\\\/\\\/lesvolcansnews.net\\\/wp-content\\\/uploads\\\/2019\\\/08\\\/jeannot-bombenga-576x400-2096610728.png\",\"width\":576,\"height\":400},{\"@type\":\"BreadcrumbList\",\"@id\":\"https:\\\/\\\/lesvolcansnews.net\\\/?p=4470#breadcrumb\",\"itemListElement\":[{\"@type\":\"ListItem\",\"position\":1,\"name\":\"Accueil\",\"item\":\"https:\\\/\\\/lesvolcansnews.net\\\/\"},{\"@type\":\"ListItem\",\"position\":2,\"name\":\"Jeannot Bombenga annonce la fin de sa carri\u00e8re musicale sur sc\u00e8ne\"}]},{\"@type\":\"WebSite\",\"@id\":\"https:\\\/\\\/lesvolcansnews.net\\\/#website\",\"url\":\"https:\\\/\\\/lesvolcansnews.net\\\/\",\"name\":\"LES VOLCANS NEWS\",\"description\":\"L&#039;INFORMATION C&#039;EST NOUS\",\"potentialAction\":[{\"@type\":\"SearchAction\",\"target\":{\"@type\":\"EntryPoint\",\"urlTemplate\":\"https:\\\/\\\/lesvolcansnews.net\\\/?s={search_term_string}\"},\"query-input\":{\"@type\":\"PropertyValueSpecification\",\"valueRequired\":true,\"valueName\":\"search_term_string\"}}],\"inLanguage\":\"fr-FR\"},{\"@type\":\"Person\",\"@id\":\"https:\\\/\\\/lesvolcansnews.net\\\/#\\\/schema\\\/person\\\/82c8bed2e77879ecf6cca63441f57354\",\"name\":\"R\u00e9daction - Les Volcans News\",\"image\":{\"@type\":\"ImageObject\",\"inLanguage\":\"fr-FR\",\"@id\":\"https:\\\/\\\/secure.gravatar.com\\\/avatar\\\/8408942dd851e8a9c09f3d382a661bc05d2b3cd9002139bc1795b9528cdc6c80?s=96&d=mm&r=g\",\"url\":\"https:\\\/\\\/secure.gravatar.com\\\/avatar\\\/8408942dd851e8a9c09f3d382a661bc05d2b3cd9002139bc1795b9528cdc6c80?s=96&d=mm&r=g\",\"contentUrl\":\"https:\\\/\\\/secure.gravatar.com\\\/avatar\\\/8408942dd851e8a9c09f3d382a661bc05d2b3cd9002139bc1795b9528cdc6c80?s=96&d=mm&r=g\",\"caption\":\"R\u00e9daction - Les Volcans News\"},\"url\":\"https:\\\/\\\/lesvolcansnews.net\\\/?author=14\"}]}<\/script>\n<!-- \/ Yoast SEO plugin. -->","yoast_head_json":{"title":"Jeannot Bombenga annonce la fin de sa carri\u00e8re musicale sur sc\u00e8ne - LES VOLCANS NEWS","robots":{"index":"index","follow":"follow","max-snippet":"max-snippet:-1","max-image-preview":"max-image-preview:large","max-video-preview":"max-video-preview:-1"},"canonical":"https:\/\/lesvolcansnews.net\/?p=4470","og_locale":"fr_FR","og_type":"article","og_title":"Jeannot Bombenga annonce la fin de sa carri\u00e8re musicale sur sc\u00e8ne - LES VOLCANS NEWS","og_description":"Apr\u00e8s 64 ans de production musicale sans discontinuer et 84ans d&#8217;\u00e2ge, l&#8217;artiste musicien, Jeannot Bombenga W\u2019Ewando, a annonc\u00e9 la fin de sa carri\u00e8re sur sc\u00e8ne. Le message a \u00e9t\u00e9 d\u00e9voil\u00e9","og_url":"https:\/\/lesvolcansnews.net\/?p=4470","og_site_name":"LES VOLCANS NEWS","article_published_time":"2019-08-26T20:26:01+00:00","article_modified_time":"2019-08-26T20:31:51+00:00","og_image":[{"width":576,"height":400,"url":"https:\/\/lesvolcansnews.net\/wp-content\/uploads\/2019\/08\/jeannot-bombenga-576x400-2096610728.png","type":"image\/png"}],"author":"R\u00e9daction - Les Volcans News","twitter_card":"summary_large_image","twitter_misc":{"\u00c9crit par":"R\u00e9daction - Les Volcans News","Dur\u00e9e de lecture estim\u00e9e":"1 minute"},"schema":{"@context":"https:\/\/schema.org","@graph":[{"@type":"Article","@id":"https:\/\/lesvolcansnews.net\/?p=4470#article","isPartOf":{"@id":"https:\/\/lesvolcansnews.net\/?p=4470"},"author":{"name":"R\u00e9daction - Les Volcans News","@id":"https:\/\/lesvolcansnews.net\/#\/schema\/person\/82c8bed2e77879ecf6cca63441f57354"},"headline":"Jeannot Bombenga annonce la fin de sa carri\u00e8re musicale sur sc\u00e8ne","datePublished":"2019-08-26T20:26:01+00:00","dateModified":"2019-08-26T20:31:51+00:00","mainEntityOfPage":{"@id":"https:\/\/lesvolcansnews.net\/?p=4470"},"wordCount":292,"commentCount":0,"image":{"@id":"https:\/\/lesvolcansnews.net\/?p=4470#primaryimage"},"thumbnailUrl":"https:\/\/lesvolcansnews.net\/wp-content\/uploads\/2019\/08\/jeannot-bombenga-576x400-2096610728.png","articleSection":["CULTURE"],"inLanguage":"fr-FR","potentialAction":[{"@type":"CommentAction","name":"Comment","target":["https:\/\/lesvolcansnews.net\/?p=4470#respond"]}]},{"@type":"WebPage","@id":"https:\/\/lesvolcansnews.net\/?p=4470","url":"https:\/\/lesvolcansnews.net\/?p=4470","name":"Jeannot Bombenga annonce la fin de sa carri\u00e8re musicale sur sc\u00e8ne - LES VOLCANS NEWS","isPartOf":{"@id":"https:\/\/lesvolcansnews.net\/#website"},"primaryImageOfPage":{"@id":"https:\/\/lesvolcansnews.net\/?p=4470#primaryimage"},"image":{"@id":"https:\/\/lesvolcansnews.net\/?p=4470#primaryimage"},"thumbnailUrl":"https:\/\/lesvolcansnews.net\/wp-content\/uploads\/2019\/08\/jeannot-bombenga-576x400-2096610728.png","datePublished":"2019-08-26T20:26:01+00:00","dateModified":"2019-08-26T20:31:51+00:00","author":{"@id":"https:\/\/lesvolcansnews.net\/#\/schema\/person\/82c8bed2e77879ecf6cca63441f57354"},"breadcrumb":{"@id":"https:\/\/lesvolcansnews.net\/?p=4470#breadcrumb"},"inLanguage":"fr-FR","potentialAction":[{"@type":"ReadAction","target":["https:\/\/lesvolcansnews.net\/?p=4470"]}]},{"@type":"ImageObject","inLanguage":"fr-FR","@id":"https:\/\/lesvolcansnews.net\/?p=4470#primaryimage","url":"https:\/\/lesvolcansnews.net\/wp-content\/uploads\/2019\/08\/jeannot-bombenga-576x400-2096610728.png","contentUrl":"https:\/\/lesvolcansnews.net\/wp-content\/uploads\/2019\/08\/jeannot-bombenga-576x400-2096610728.png","width":576,"height":400},{"@type":"BreadcrumbList","@id":"https:\/\/lesvolcansnews.net\/?p=4470#breadcrumb","itemListElement":[{"@type":"ListItem","position":1,"name":"Accueil","item":"https:\/\/lesvolcansnews.net\/"},{"@type":"ListItem","position":2,"name":"Jeannot Bombenga annonce la fin de sa carri\u00e8re musicale sur sc\u00e8ne"}]},{"@type":"WebSite","@id":"https:\/\/lesvolcansnews.net\/#website","url":"https:\/\/lesvolcansnews.net\/","name":"LES VOLCANS NEWS","description":"L&#039;INFORMATION C&#039;EST NOUS","potentialAction":[{"@type":"SearchAction","target":{"@type":"EntryPoint","urlTemplate":"https:\/\/lesvolcansnews.net\/?s={search_term_string}"},"query-input":{"@type":"PropertyValueSpecification","valueRequired":true,"valueName":"search_term_string"}}],"inLanguage":"fr-FR"},{"@type":"Person","@id":"https:\/\/lesvolcansnews.net\/#\/schema\/person\/82c8bed2e77879ecf6cca63441f57354","name":"R\u00e9daction - Les Volcans News","image":{"@type":"ImageObject","inLanguage":"fr-FR","@id":"https:\/\/secure.gravatar.com\/avatar\/8408942dd851e8a9c09f3d382a661bc05d2b3cd9002139bc1795b9528cdc6c80?s=96&d=mm&r=g","url":"https:\/\/secure.gravatar.com\/avatar\/8408942dd851e8a9c09f3d382a661bc05d2b3cd9002139bc1795b9528cdc6c80?s=96&d=mm&r=g","contentUrl":"https:\/\/secure.gravatar.com\/avatar\/8408942dd851e8a9c09f3d382a661bc05d2b3cd9002139bc1795b9528cdc6c80?s=96&d=mm&r=g","caption":"R\u00e9daction - Les Volcans News"},"url":"https:\/\/lesvolcansnews.net\/?author=14"}]}},"_links":{"self":[{"href":"https:\/\/lesvolcansnews.net\/index.php?rest_route=\/wp\/v2\/posts\/4470","targetHints":{"allow":["GET"]}}],"collection":[{"href":"https:\/\/lesvolcansnews.net\/index.php?rest_route=\/wp\/v2\/posts"}],"about":[{"href":"https:\/\/lesvolcansnews.net\/index.php?rest_route=\/wp\/v2\/types\/post"}],"author":[{"embeddable":true,"href":"https:\/\/lesvolcansnews.net\/index.php?rest_route=\/wp\/v2\/users\/14"}],"replies":[{"embeddable":true,"href":"https:\/\/lesvolcansnews.net\/index.php?rest_route=%2Fwp%2Fv2%2Fcomments&post=4470"}],"version-history":[{"count":2,"href":"https:\/\/lesvolcansnews.net\/index.php?rest_route=\/wp\/v2\/posts\/4470\/revisions"}],"predecessor-version":[{"id":4472,"href":"https:\/\/lesvolcansnews.net\/index.php?rest_route=\/wp\/v2\/posts\/4470\/revisions\/4472"}],"wp:featuredmedia":[{"embeddable":true,"href":"https:\/\/lesvolcansnews.net\/index.php?rest_route=\/wp\/v2\/media\/4469"}],"wp:attachment":[{"href":"https:\/\/lesvolcansnews.net\/index.php?rest_route=%2Fwp%2Fv2%2Fmedia&parent=4470"}],"wp:term":[{"taxonomy":"category","embeddable":true,"href":"https:\/\/lesvolcansnews.net\/index.php?rest_route=%2Fwp%2Fv2%2Fcategories&post=4470"},{"taxonomy":"post_tag","embeddable":true,"href":"https:\/\/lesvolcansnews.net\/index.php?rest_route=%2Fwp%2Fv2%2Ftags&post=4470"}],"curies":[{"name":"wp","href":"https:\/\/api.w.org\/{rel}","templated":true}]}}