{"id":4458,"date":"2019-08-26T09:02:23","date_gmt":"2019-08-26T09:02:23","guid":{"rendered":"https:\/\/lesvolcansnews.net\/2019\/08\/26\/felix-tshisekedi-en-route-pour-la-7eme-conference-internationale-de-tokyo-au-japon\/"},"modified":"2019-08-26T09:25:59","modified_gmt":"2019-08-26T09:25:59","slug":"felix-tshisekedi-en-route-pour-la-7eme-conference-internationale-de-tokyo-au-japon","status":"publish","type":"post","link":"https:\/\/lesvolcansnews.net\/?p=4458","title":{"rendered":"F\u00e9lix Tshisekedi en route  pour la 7\u00e8me conf\u00e9rence internationale de Tokyo au Japon"},"content":{"rendered":"<p>Le Pr\u00e9sident de la R\u00e9publique, F\u00e9lix- Antoine Tshisekedi a quitt\u00e9<br \/>\nKinshasa, lundi \u00e0 6h50\u2032 locales (Est), \u00e0 destination de Tokyo, au Japon, o\u00f9 il prendra part \u00e0 la 7\u00e8me conf\u00e9rence internationale de Tokyo sur le d\u00e9veloppement de l\u2019Afrique (TICAD) qui se tiendra du 28 au 30 ao\u00fbt dans la ville de Yokohama.<\/p>\n<p>Aux c\u00f4t\u00e9s d\u2019autres Chefs d\u2019\u00c9tat, F\u00e9lix Tshisekedi participera<br \/>\naussi, \u00e0 un Th\u00e9 de l\u2019apr\u00e8s- midi\u201d offert par Sa Majest\u00e9 l\u2019Empereur<br \/>\ndu Japon, Naruhito au Palais imp\u00e9rial de Tokyo dans le cadre de ces assises.<\/p>\n<p>Le 7\u00e8me sommet du TICAD qui r\u00e9uni les pays membres de l\u2019Union africaine, de repr\u00e9sentants de grandes entreprises japonaises et africaines, ainsi que des organisations de la soci\u00e9t\u00e9 civile.<\/p>\n<p>Les participants vont traiter sur trois grands th\u00e8mes \u00e0 savoir, l\u2019acc\u00e9l\u00e9ration de la transformation \u00e9conomique et du climat des affaires et des investissements, la construction de soci\u00e9t\u00e9s durables, ainsi que l\u2019\u00e9tablissement de fondements de<br \/>\nprosp\u00e9rit\u00e9 et de s\u00e9curit\u00e9 sur le continent africain.<br \/>\n<strong><em>Gabriel KASHUGUSHU<\/em><\/strong><\/p>\n","protected":false},"excerpt":{"rendered":"<p>Le Pr\u00e9sident de la R\u00e9publique, F\u00e9lix- Antoine Tshisekedi a quitt\u00e9 Kinshasa, lundi \u00e0 6h50\u2032 locales (Est), \u00e0 destination de Tokyo, au Japon, o\u00f9 il prendra part \u00e0 la 7\u00e8me conf\u00e9rence<\/p>\n","protected":false},"author":14,"featured_media":4457,"comment_status":"open","ping_status":"open","sticky":false,"template":"","format":"standard","meta":{"footnotes":""},"categories":[27],"tags":[],"class_list":["post-4458","post","type-post","status-publish","format-standard","has-post-thumbnail","hentry","category-politique"],"yoast_head":"<!-- This site is optimized with the Yoast SEO plugin v27.3 - https:\/\/yoast.com\/product\/yoast-seo-wordpress\/ -->\n<title>F\u00e9lix Tshisekedi en route pour la 7\u00e8me conf\u00e9rence internationale de Tokyo au Japon - LES VOLCANS NEWS<\/title>\n<meta name=\"robots\" content=\"index, follow, max-snippet:-1, max-image-preview:large, max-video-preview:-1\" \/>\n<link rel=\"canonical\" href=\"https:\/\/lesvolcansnews.net\/?p=4458\" \/>\n<meta property=\"og:locale\" content=\"fr_FR\" \/>\n<meta property=\"og:type\" content=\"article\" \/>\n<meta property=\"og:title\" content=\"F\u00e9lix Tshisekedi en route pour la 7\u00e8me conf\u00e9rence internationale de Tokyo au Japon - LES VOLCANS NEWS\" \/>\n<meta property=\"og:description\" content=\"Le Pr\u00e9sident de la R\u00e9publique, F\u00e9lix- Antoine Tshisekedi a quitt\u00e9 Kinshasa, lundi \u00e0 6h50\u2032 locales (Est), \u00e0 destination de Tokyo, au Japon, o\u00f9 il prendra part \u00e0 la 7\u00e8me conf\u00e9rence\" \/>\n<meta property=\"og:url\" content=\"https:\/\/lesvolcansnews.net\/?p=4458\" \/>\n<meta property=\"og:site_name\" content=\"LES VOLCANS NEWS\" \/>\n<meta property=\"article:published_time\" content=\"2019-08-26T09:02:23+00:00\" \/>\n<meta property=\"article:modified_time\" content=\"2019-08-26T09:25:59+00:00\" \/>\n<meta property=\"og:image\" content=\"https:\/\/lesvolcansnews.net\/wp-content\/uploads\/2019\/08\/fatshi-voyage-1313298423.jpg\" \/>\n\t<meta property=\"og:image:width\" content=\"460\" \/>\n\t<meta property=\"og:image:height\" content=\"256\" \/>\n\t<meta property=\"og:image:type\" content=\"image\/jpeg\" \/>\n<meta name=\"author\" content=\"R\u00e9daction - Les Volcans News\" \/>\n<meta name=\"twitter:card\" content=\"summary_large_image\" \/>\n<meta name=\"twitter:label1\" content=\"\u00c9crit par\" \/>\n\t<meta name=\"twitter:data1\" content=\"R\u00e9daction - Les Volcans News\" \/>\n\t<meta name=\"twitter:label2\" content=\"Dur\u00e9e de lecture estim\u00e9e\" \/>\n\t<meta name=\"twitter:data2\" content=\"1 minute\" \/>\n<script type=\"application\/ld+json\" class=\"yoast-schema-graph\">{\"@context\":\"https:\\\/\\\/schema.org\",\"@graph\":[{\"@type\":\"Article\",\"@id\":\"https:\\\/\\\/lesvolcansnews.net\\\/?p=4458#article\",\"isPartOf\":{\"@id\":\"https:\\\/\\\/lesvolcansnews.net\\\/?p=4458\"},\"author\":{\"name\":\"R\u00e9daction - Les Volcans News\",\"@id\":\"https:\\\/\\\/lesvolcansnews.net\\\/#\\\/schema\\\/person\\\/82c8bed2e77879ecf6cca63441f57354\"},\"headline\":\"F\u00e9lix Tshisekedi en route pour la 7\u00e8me conf\u00e9rence internationale de Tokyo au Japon\",\"datePublished\":\"2019-08-26T09:02:23+00:00\",\"dateModified\":\"2019-08-26T09:25:59+00:00\",\"mainEntityOfPage\":{\"@id\":\"https:\\\/\\\/lesvolcansnews.net\\\/?p=4458\"},\"wordCount\":196,\"commentCount\":0,\"image\":{\"@id\":\"https:\\\/\\\/lesvolcansnews.net\\\/?p=4458#primaryimage\"},\"thumbnailUrl\":\"https:\\\/\\\/lesvolcansnews.net\\\/wp-content\\\/uploads\\\/2019\\\/08\\\/fatshi-voyage-1313298423.jpg\",\"articleSection\":[\"POLITIQUE\"],\"inLanguage\":\"fr-FR\",\"potentialAction\":[{\"@type\":\"CommentAction\",\"name\":\"Comment\",\"target\":[\"https:\\\/\\\/lesvolcansnews.net\\\/?p=4458#respond\"]}]},{\"@type\":\"WebPage\",\"@id\":\"https:\\\/\\\/lesvolcansnews.net\\\/?p=4458\",\"url\":\"https:\\\/\\\/lesvolcansnews.net\\\/?p=4458\",\"name\":\"F\u00e9lix Tshisekedi en route pour la 7\u00e8me conf\u00e9rence internationale de Tokyo au Japon - LES VOLCANS NEWS\",\"isPartOf\":{\"@id\":\"https:\\\/\\\/lesvolcansnews.net\\\/#website\"},\"primaryImageOfPage\":{\"@id\":\"https:\\\/\\\/lesvolcansnews.net\\\/?p=4458#primaryimage\"},\"image\":{\"@id\":\"https:\\\/\\\/lesvolcansnews.net\\\/?p=4458#primaryimage\"},\"thumbnailUrl\":\"https:\\\/\\\/lesvolcansnews.net\\\/wp-content\\\/uploads\\\/2019\\\/08\\\/fatshi-voyage-1313298423.jpg\",\"datePublished\":\"2019-08-26T09:02:23+00:00\",\"dateModified\":\"2019-08-26T09:25:59+00:00\",\"author\":{\"@id\":\"https:\\\/\\\/lesvolcansnews.net\\\/#\\\/schema\\\/person\\\/82c8bed2e77879ecf6cca63441f57354\"},\"breadcrumb\":{\"@id\":\"https:\\\/\\\/lesvolcansnews.net\\\/?p=4458#breadcrumb\"},\"inLanguage\":\"fr-FR\",\"potentialAction\":[{\"@type\":\"ReadAction\",\"target\":[\"https:\\\/\\\/lesvolcansnews.net\\\/?p=4458\"]}]},{\"@type\":\"ImageObject\",\"inLanguage\":\"fr-FR\",\"@id\":\"https:\\\/\\\/lesvolcansnews.net\\\/?p=4458#primaryimage\",\"url\":\"https:\\\/\\\/lesvolcansnews.net\\\/wp-content\\\/uploads\\\/2019\\\/08\\\/fatshi-voyage-1313298423.jpg\",\"contentUrl\":\"https:\\\/\\\/lesvolcansnews.net\\\/wp-content\\\/uploads\\\/2019\\\/08\\\/fatshi-voyage-1313298423.jpg\",\"width\":460,\"height\":256},{\"@type\":\"BreadcrumbList\",\"@id\":\"https:\\\/\\\/lesvolcansnews.net\\\/?p=4458#breadcrumb\",\"itemListElement\":[{\"@type\":\"ListItem\",\"position\":1,\"name\":\"Accueil\",\"item\":\"https:\\\/\\\/lesvolcansnews.net\\\/\"},{\"@type\":\"ListItem\",\"position\":2,\"name\":\"F\u00e9lix Tshisekedi en route pour la 7\u00e8me conf\u00e9rence internationale de Tokyo au Japon\"}]},{\"@type\":\"WebSite\",\"@id\":\"https:\\\/\\\/lesvolcansnews.net\\\/#website\",\"url\":\"https:\\\/\\\/lesvolcansnews.net\\\/\",\"name\":\"LES VOLCANS NEWS\",\"description\":\"L&#039;INFORMATION C&#039;EST NOUS\",\"potentialAction\":[{\"@type\":\"SearchAction\",\"target\":{\"@type\":\"EntryPoint\",\"urlTemplate\":\"https:\\\/\\\/lesvolcansnews.net\\\/?s={search_term_string}\"},\"query-input\":{\"@type\":\"PropertyValueSpecification\",\"valueRequired\":true,\"valueName\":\"search_term_string\"}}],\"inLanguage\":\"fr-FR\"},{\"@type\":\"Person\",\"@id\":\"https:\\\/\\\/lesvolcansnews.net\\\/#\\\/schema\\\/person\\\/82c8bed2e77879ecf6cca63441f57354\",\"name\":\"R\u00e9daction - Les Volcans News\",\"image\":{\"@type\":\"ImageObject\",\"inLanguage\":\"fr-FR\",\"@id\":\"https:\\\/\\\/secure.gravatar.com\\\/avatar\\\/8408942dd851e8a9c09f3d382a661bc05d2b3cd9002139bc1795b9528cdc6c80?s=96&d=mm&r=g\",\"url\":\"https:\\\/\\\/secure.gravatar.com\\\/avatar\\\/8408942dd851e8a9c09f3d382a661bc05d2b3cd9002139bc1795b9528cdc6c80?s=96&d=mm&r=g\",\"contentUrl\":\"https:\\\/\\\/secure.gravatar.com\\\/avatar\\\/8408942dd851e8a9c09f3d382a661bc05d2b3cd9002139bc1795b9528cdc6c80?s=96&d=mm&r=g\",\"caption\":\"R\u00e9daction - Les Volcans News\"},\"url\":\"https:\\\/\\\/lesvolcansnews.net\\\/?author=14\"}]}<\/script>\n<!-- \/ Yoast SEO plugin. -->","yoast_head_json":{"title":"F\u00e9lix Tshisekedi en route pour la 7\u00e8me conf\u00e9rence internationale de Tokyo au Japon - LES VOLCANS NEWS","robots":{"index":"index","follow":"follow","max-snippet":"max-snippet:-1","max-image-preview":"max-image-preview:large","max-video-preview":"max-video-preview:-1"},"canonical":"https:\/\/lesvolcansnews.net\/?p=4458","og_locale":"fr_FR","og_type":"article","og_title":"F\u00e9lix Tshisekedi en route pour la 7\u00e8me conf\u00e9rence internationale de Tokyo au Japon - LES VOLCANS NEWS","og_description":"Le Pr\u00e9sident de la R\u00e9publique, F\u00e9lix- Antoine Tshisekedi a quitt\u00e9 Kinshasa, lundi \u00e0 6h50\u2032 locales (Est), \u00e0 destination de Tokyo, au Japon, o\u00f9 il prendra part \u00e0 la 7\u00e8me conf\u00e9rence","og_url":"https:\/\/lesvolcansnews.net\/?p=4458","og_site_name":"LES VOLCANS NEWS","article_published_time":"2019-08-26T09:02:23+00:00","article_modified_time":"2019-08-26T09:25:59+00:00","og_image":[{"width":460,"height":256,"url":"https:\/\/lesvolcansnews.net\/wp-content\/uploads\/2019\/08\/fatshi-voyage-1313298423.jpg","type":"image\/jpeg"}],"author":"R\u00e9daction - Les Volcans News","twitter_card":"summary_large_image","twitter_misc":{"\u00c9crit par":"R\u00e9daction - Les Volcans News","Dur\u00e9e de lecture estim\u00e9e":"1 minute"},"schema":{"@context":"https:\/\/schema.org","@graph":[{"@type":"Article","@id":"https:\/\/lesvolcansnews.net\/?p=4458#article","isPartOf":{"@id":"https:\/\/lesvolcansnews.net\/?p=4458"},"author":{"name":"R\u00e9daction - Les Volcans News","@id":"https:\/\/lesvolcansnews.net\/#\/schema\/person\/82c8bed2e77879ecf6cca63441f57354"},"headline":"F\u00e9lix Tshisekedi en route pour la 7\u00e8me conf\u00e9rence internationale de Tokyo au Japon","datePublished":"2019-08-26T09:02:23+00:00","dateModified":"2019-08-26T09:25:59+00:00","mainEntityOfPage":{"@id":"https:\/\/lesvolcansnews.net\/?p=4458"},"wordCount":196,"commentCount":0,"image":{"@id":"https:\/\/lesvolcansnews.net\/?p=4458#primaryimage"},"thumbnailUrl":"https:\/\/lesvolcansnews.net\/wp-content\/uploads\/2019\/08\/fatshi-voyage-1313298423.jpg","articleSection":["POLITIQUE"],"inLanguage":"fr-FR","potentialAction":[{"@type":"CommentAction","name":"Comment","target":["https:\/\/lesvolcansnews.net\/?p=4458#respond"]}]},{"@type":"WebPage","@id":"https:\/\/lesvolcansnews.net\/?p=4458","url":"https:\/\/lesvolcansnews.net\/?p=4458","name":"F\u00e9lix Tshisekedi en route pour la 7\u00e8me conf\u00e9rence internationale de Tokyo au Japon - LES VOLCANS NEWS","isPartOf":{"@id":"https:\/\/lesvolcansnews.net\/#website"},"primaryImageOfPage":{"@id":"https:\/\/lesvolcansnews.net\/?p=4458#primaryimage"},"image":{"@id":"https:\/\/lesvolcansnews.net\/?p=4458#primaryimage"},"thumbnailUrl":"https:\/\/lesvolcansnews.net\/wp-content\/uploads\/2019\/08\/fatshi-voyage-1313298423.jpg","datePublished":"2019-08-26T09:02:23+00:00","dateModified":"2019-08-26T09:25:59+00:00","author":{"@id":"https:\/\/lesvolcansnews.net\/#\/schema\/person\/82c8bed2e77879ecf6cca63441f57354"},"breadcrumb":{"@id":"https:\/\/lesvolcansnews.net\/?p=4458#breadcrumb"},"inLanguage":"fr-FR","potentialAction":[{"@type":"ReadAction","target":["https:\/\/lesvolcansnews.net\/?p=4458"]}]},{"@type":"ImageObject","inLanguage":"fr-FR","@id":"https:\/\/lesvolcansnews.net\/?p=4458#primaryimage","url":"https:\/\/lesvolcansnews.net\/wp-content\/uploads\/2019\/08\/fatshi-voyage-1313298423.jpg","contentUrl":"https:\/\/lesvolcansnews.net\/wp-content\/uploads\/2019\/08\/fatshi-voyage-1313298423.jpg","width":460,"height":256},{"@type":"BreadcrumbList","@id":"https:\/\/lesvolcansnews.net\/?p=4458#breadcrumb","itemListElement":[{"@type":"ListItem","position":1,"name":"Accueil","item":"https:\/\/lesvolcansnews.net\/"},{"@type":"ListItem","position":2,"name":"F\u00e9lix Tshisekedi en route pour la 7\u00e8me conf\u00e9rence internationale de Tokyo au Japon"}]},{"@type":"WebSite","@id":"https:\/\/lesvolcansnews.net\/#website","url":"https:\/\/lesvolcansnews.net\/","name":"LES VOLCANS NEWS","description":"L&#039;INFORMATION C&#039;EST NOUS","potentialAction":[{"@type":"SearchAction","target":{"@type":"EntryPoint","urlTemplate":"https:\/\/lesvolcansnews.net\/?s={search_term_string}"},"query-input":{"@type":"PropertyValueSpecification","valueRequired":true,"valueName":"search_term_string"}}],"inLanguage":"fr-FR"},{"@type":"Person","@id":"https:\/\/lesvolcansnews.net\/#\/schema\/person\/82c8bed2e77879ecf6cca63441f57354","name":"R\u00e9daction - Les Volcans News","image":{"@type":"ImageObject","inLanguage":"fr-FR","@id":"https:\/\/secure.gravatar.com\/avatar\/8408942dd851e8a9c09f3d382a661bc05d2b3cd9002139bc1795b9528cdc6c80?s=96&d=mm&r=g","url":"https:\/\/secure.gravatar.com\/avatar\/8408942dd851e8a9c09f3d382a661bc05d2b3cd9002139bc1795b9528cdc6c80?s=96&d=mm&r=g","contentUrl":"https:\/\/secure.gravatar.com\/avatar\/8408942dd851e8a9c09f3d382a661bc05d2b3cd9002139bc1795b9528cdc6c80?s=96&d=mm&r=g","caption":"R\u00e9daction - Les Volcans News"},"url":"https:\/\/lesvolcansnews.net\/?author=14"}]}},"_links":{"self":[{"href":"https:\/\/lesvolcansnews.net\/index.php?rest_route=\/wp\/v2\/posts\/4458","targetHints":{"allow":["GET"]}}],"collection":[{"href":"https:\/\/lesvolcansnews.net\/index.php?rest_route=\/wp\/v2\/posts"}],"about":[{"href":"https:\/\/lesvolcansnews.net\/index.php?rest_route=\/wp\/v2\/types\/post"}],"author":[{"embeddable":true,"href":"https:\/\/lesvolcansnews.net\/index.php?rest_route=\/wp\/v2\/users\/14"}],"replies":[{"embeddable":true,"href":"https:\/\/lesvolcansnews.net\/index.php?rest_route=%2Fwp%2Fv2%2Fcomments&post=4458"}],"version-history":[{"count":1,"href":"https:\/\/lesvolcansnews.net\/index.php?rest_route=\/wp\/v2\/posts\/4458\/revisions"}],"predecessor-version":[{"id":4459,"href":"https:\/\/lesvolcansnews.net\/index.php?rest_route=\/wp\/v2\/posts\/4458\/revisions\/4459"}],"wp:featuredmedia":[{"embeddable":true,"href":"https:\/\/lesvolcansnews.net\/index.php?rest_route=\/wp\/v2\/media\/4457"}],"wp:attachment":[{"href":"https:\/\/lesvolcansnews.net\/index.php?rest_route=%2Fwp%2Fv2%2Fmedia&parent=4458"}],"wp:term":[{"taxonomy":"category","embeddable":true,"href":"https:\/\/lesvolcansnews.net\/index.php?rest_route=%2Fwp%2Fv2%2Fcategories&post=4458"},{"taxonomy":"post_tag","embeddable":true,"href":"https:\/\/lesvolcansnews.net\/index.php?rest_route=%2Fwp%2Fv2%2Ftags&post=4458"}],"curies":[{"name":"wp","href":"https:\/\/api.w.org\/{rel}","templated":true}]}}