{"id":4426,"date":"2019-08-23T15:24:53","date_gmt":"2019-08-23T15:24:53","guid":{"rendered":"https:\/\/lesvolcansnews.net\/2019\/08\/23\/insecurite-a-beni-la-lucha-insiste-sur-la-presence-de-felix-tshisekedi-a-oicha\/"},"modified":"2019-08-23T15:24:53","modified_gmt":"2019-08-23T15:24:53","slug":"insecurite-a-beni-la-lucha-insiste-sur-la-presence-de-felix-tshisekedi-a-oicha","status":"publish","type":"post","link":"https:\/\/lesvolcansnews.net\/?p=4426","title":{"rendered":"Ins\u00e9curit\u00e9 \u00e0 Beni, la LUCHA insiste sur la pr\u00e9sence de F\u00e9lix Tshisekedi \u00e0 O\u00efcha"},"content":{"rendered":"<p>Ins\u00e9curit\u00e9 dans la partie EST de la R\u00e9publique D\u00e9mocratique du Congo, le mouvement citoyen lutte pour le changement *&#8221;LUCHA-KASINDI&#8221;* r\u00e9clame la pr\u00e9sence de FELIX-ANTOINE TSHISEKEDI TSHILOMBO dans les zones le plus affect\u00e9es par la criminalit\u00e9 telque &#8220;OICHA&#8221;.<\/p>\n<p>Ce mouvement pro-d\u00e9mocratie pr\u00e9conise une marche pacifique dans la cit\u00e9 frontali\u00e8re de KASINDI-LUBIRIHA pour le samedi 24 ao\u00fbt prochain, en vue d&#8217;inciter les autorit\u00e9s \u00e0 trouver une solution rapide au regain de l&#8217;ins\u00e9curit\u00e9 caus\u00e9 par la pr\u00e9sence d&#8217;\u00e9l\u00e9ments ADF dans la r\u00e9gion.<\/p>\n<p>Une lettre d&#8217;information \u00e0 \u00e9t\u00e9 d\u00e9pos\u00e9 le jeudi 22 ao\u00fbt dernier au Fonctionnaire d\u00e9l\u00e9gu\u00e9 du gouverneur affect\u00e9 \u00e0 KASINDI en marge de l&#8217;information comme prescrit dans la constitution du pays, mais aussi en vue de solliciter l&#8217;encadrement de la police en guise de pr\u00e9venir les d\u00e9bordements.<\/p>\n<p>PAUL ZAIDI<\/p>\n","protected":false},"excerpt":{"rendered":"<p>Ins\u00e9curit\u00e9 dans la partie EST de la R\u00e9publique D\u00e9mocratique du Congo, le mouvement citoyen lutte pour le changement *&#8221;LUCHA-KASINDI&#8221;* r\u00e9clame la pr\u00e9sence de FELIX-ANTOINE TSHISEKEDI TSHILOMBO dans les zones le<\/p>\n","protected":false},"author":14,"featured_media":0,"comment_status":"open","ping_status":"open","sticky":false,"template":"","format":"standard","meta":{"footnotes":""},"categories":[1],"tags":[],"class_list":["post-4426","post","type-post","status-publish","format-standard","hentry","category-actualite"],"yoast_head":"<!-- This site is optimized with the Yoast SEO plugin v27.3 - https:\/\/yoast.com\/product\/yoast-seo-wordpress\/ -->\n<title>Ins\u00e9curit\u00e9 \u00e0 Beni, la LUCHA insiste sur la pr\u00e9sence de F\u00e9lix Tshisekedi \u00e0 O\u00efcha - LES VOLCANS NEWS<\/title>\n<meta name=\"robots\" content=\"index, follow, max-snippet:-1, max-image-preview:large, max-video-preview:-1\" \/>\n<link rel=\"canonical\" href=\"https:\/\/lesvolcansnews.net\/?p=4426\" \/>\n<meta property=\"og:locale\" content=\"fr_FR\" \/>\n<meta property=\"og:type\" content=\"article\" \/>\n<meta property=\"og:title\" content=\"Ins\u00e9curit\u00e9 \u00e0 Beni, la LUCHA insiste sur la pr\u00e9sence de F\u00e9lix Tshisekedi \u00e0 O\u00efcha - LES VOLCANS NEWS\" \/>\n<meta property=\"og:description\" content=\"Ins\u00e9curit\u00e9 dans la partie EST de la R\u00e9publique D\u00e9mocratique du Congo, le mouvement citoyen lutte pour le changement *&#8221;LUCHA-KASINDI&#8221;* r\u00e9clame la pr\u00e9sence de FELIX-ANTOINE TSHISEKEDI TSHILOMBO dans les zones le\" \/>\n<meta property=\"og:url\" content=\"https:\/\/lesvolcansnews.net\/?p=4426\" \/>\n<meta property=\"og:site_name\" content=\"LES VOLCANS NEWS\" \/>\n<meta property=\"article:published_time\" content=\"2019-08-23T15:24:53+00:00\" \/>\n<meta name=\"author\" content=\"R\u00e9daction - Les Volcans News\" \/>\n<meta name=\"twitter:card\" content=\"summary_large_image\" \/>\n<meta name=\"twitter:label1\" content=\"\u00c9crit par\" \/>\n\t<meta name=\"twitter:data1\" content=\"R\u00e9daction - Les Volcans News\" \/>\n\t<meta name=\"twitter:label2\" content=\"Dur\u00e9e de lecture estim\u00e9e\" \/>\n\t<meta name=\"twitter:data2\" content=\"1 minute\" \/>\n<script type=\"application\/ld+json\" class=\"yoast-schema-graph\">{\"@context\":\"https:\\\/\\\/schema.org\",\"@graph\":[{\"@type\":\"Article\",\"@id\":\"https:\\\/\\\/lesvolcansnews.net\\\/?p=4426#article\",\"isPartOf\":{\"@id\":\"https:\\\/\\\/lesvolcansnews.net\\\/?p=4426\"},\"author\":{\"name\":\"R\u00e9daction - Les Volcans News\",\"@id\":\"https:\\\/\\\/lesvolcansnews.net\\\/#\\\/schema\\\/person\\\/82c8bed2e77879ecf6cca63441f57354\"},\"headline\":\"Ins\u00e9curit\u00e9 \u00e0 Beni, la LUCHA insiste sur la pr\u00e9sence de F\u00e9lix Tshisekedi \u00e0 O\u00efcha\",\"datePublished\":\"2019-08-23T15:24:53+00:00\",\"mainEntityOfPage\":{\"@id\":\"https:\\\/\\\/lesvolcansnews.net\\\/?p=4426\"},\"wordCount\":165,\"commentCount\":0,\"articleSection\":[\"ACTUALIT\u00c9\"],\"inLanguage\":\"fr-FR\",\"potentialAction\":[{\"@type\":\"CommentAction\",\"name\":\"Comment\",\"target\":[\"https:\\\/\\\/lesvolcansnews.net\\\/?p=4426#respond\"]}]},{\"@type\":\"WebPage\",\"@id\":\"https:\\\/\\\/lesvolcansnews.net\\\/?p=4426\",\"url\":\"https:\\\/\\\/lesvolcansnews.net\\\/?p=4426\",\"name\":\"Ins\u00e9curit\u00e9 \u00e0 Beni, la LUCHA insiste sur la pr\u00e9sence de F\u00e9lix Tshisekedi \u00e0 O\u00efcha - LES VOLCANS NEWS\",\"isPartOf\":{\"@id\":\"https:\\\/\\\/lesvolcansnews.net\\\/#website\"},\"datePublished\":\"2019-08-23T15:24:53+00:00\",\"author\":{\"@id\":\"https:\\\/\\\/lesvolcansnews.net\\\/#\\\/schema\\\/person\\\/82c8bed2e77879ecf6cca63441f57354\"},\"breadcrumb\":{\"@id\":\"https:\\\/\\\/lesvolcansnews.net\\\/?p=4426#breadcrumb\"},\"inLanguage\":\"fr-FR\",\"potentialAction\":[{\"@type\":\"ReadAction\",\"target\":[\"https:\\\/\\\/lesvolcansnews.net\\\/?p=4426\"]}]},{\"@type\":\"BreadcrumbList\",\"@id\":\"https:\\\/\\\/lesvolcansnews.net\\\/?p=4426#breadcrumb\",\"itemListElement\":[{\"@type\":\"ListItem\",\"position\":1,\"name\":\"Accueil\",\"item\":\"https:\\\/\\\/lesvolcansnews.net\\\/\"},{\"@type\":\"ListItem\",\"position\":2,\"name\":\"Ins\u00e9curit\u00e9 \u00e0 Beni, la LUCHA insiste sur la pr\u00e9sence de F\u00e9lix Tshisekedi \u00e0 O\u00efcha\"}]},{\"@type\":\"WebSite\",\"@id\":\"https:\\\/\\\/lesvolcansnews.net\\\/#website\",\"url\":\"https:\\\/\\\/lesvolcansnews.net\\\/\",\"name\":\"LES VOLCANS NEWS\",\"description\":\"L&#039;INFORMATION C&#039;EST NOUS\",\"potentialAction\":[{\"@type\":\"SearchAction\",\"target\":{\"@type\":\"EntryPoint\",\"urlTemplate\":\"https:\\\/\\\/lesvolcansnews.net\\\/?s={search_term_string}\"},\"query-input\":{\"@type\":\"PropertyValueSpecification\",\"valueRequired\":true,\"valueName\":\"search_term_string\"}}],\"inLanguage\":\"fr-FR\"},{\"@type\":\"Person\",\"@id\":\"https:\\\/\\\/lesvolcansnews.net\\\/#\\\/schema\\\/person\\\/82c8bed2e77879ecf6cca63441f57354\",\"name\":\"R\u00e9daction - Les Volcans News\",\"image\":{\"@type\":\"ImageObject\",\"inLanguage\":\"fr-FR\",\"@id\":\"https:\\\/\\\/secure.gravatar.com\\\/avatar\\\/8408942dd851e8a9c09f3d382a661bc05d2b3cd9002139bc1795b9528cdc6c80?s=96&d=mm&r=g\",\"url\":\"https:\\\/\\\/secure.gravatar.com\\\/avatar\\\/8408942dd851e8a9c09f3d382a661bc05d2b3cd9002139bc1795b9528cdc6c80?s=96&d=mm&r=g\",\"contentUrl\":\"https:\\\/\\\/secure.gravatar.com\\\/avatar\\\/8408942dd851e8a9c09f3d382a661bc05d2b3cd9002139bc1795b9528cdc6c80?s=96&d=mm&r=g\",\"caption\":\"R\u00e9daction - Les Volcans News\"},\"url\":\"https:\\\/\\\/lesvolcansnews.net\\\/?author=14\"}]}<\/script>\n<!-- \/ Yoast SEO plugin. -->","yoast_head_json":{"title":"Ins\u00e9curit\u00e9 \u00e0 Beni, la LUCHA insiste sur la pr\u00e9sence de F\u00e9lix Tshisekedi \u00e0 O\u00efcha - LES VOLCANS NEWS","robots":{"index":"index","follow":"follow","max-snippet":"max-snippet:-1","max-image-preview":"max-image-preview:large","max-video-preview":"max-video-preview:-1"},"canonical":"https:\/\/lesvolcansnews.net\/?p=4426","og_locale":"fr_FR","og_type":"article","og_title":"Ins\u00e9curit\u00e9 \u00e0 Beni, la LUCHA insiste sur la pr\u00e9sence de F\u00e9lix Tshisekedi \u00e0 O\u00efcha - LES VOLCANS NEWS","og_description":"Ins\u00e9curit\u00e9 dans la partie EST de la R\u00e9publique D\u00e9mocratique du Congo, le mouvement citoyen lutte pour le changement *&#8221;LUCHA-KASINDI&#8221;* r\u00e9clame la pr\u00e9sence de FELIX-ANTOINE TSHISEKEDI TSHILOMBO dans les zones le","og_url":"https:\/\/lesvolcansnews.net\/?p=4426","og_site_name":"LES VOLCANS NEWS","article_published_time":"2019-08-23T15:24:53+00:00","author":"R\u00e9daction - Les Volcans News","twitter_card":"summary_large_image","twitter_misc":{"\u00c9crit par":"R\u00e9daction - Les Volcans News","Dur\u00e9e de lecture estim\u00e9e":"1 minute"},"schema":{"@context":"https:\/\/schema.org","@graph":[{"@type":"Article","@id":"https:\/\/lesvolcansnews.net\/?p=4426#article","isPartOf":{"@id":"https:\/\/lesvolcansnews.net\/?p=4426"},"author":{"name":"R\u00e9daction - Les Volcans News","@id":"https:\/\/lesvolcansnews.net\/#\/schema\/person\/82c8bed2e77879ecf6cca63441f57354"},"headline":"Ins\u00e9curit\u00e9 \u00e0 Beni, la LUCHA insiste sur la pr\u00e9sence de F\u00e9lix Tshisekedi \u00e0 O\u00efcha","datePublished":"2019-08-23T15:24:53+00:00","mainEntityOfPage":{"@id":"https:\/\/lesvolcansnews.net\/?p=4426"},"wordCount":165,"commentCount":0,"articleSection":["ACTUALIT\u00c9"],"inLanguage":"fr-FR","potentialAction":[{"@type":"CommentAction","name":"Comment","target":["https:\/\/lesvolcansnews.net\/?p=4426#respond"]}]},{"@type":"WebPage","@id":"https:\/\/lesvolcansnews.net\/?p=4426","url":"https:\/\/lesvolcansnews.net\/?p=4426","name":"Ins\u00e9curit\u00e9 \u00e0 Beni, la LUCHA insiste sur la pr\u00e9sence de F\u00e9lix Tshisekedi \u00e0 O\u00efcha - LES VOLCANS NEWS","isPartOf":{"@id":"https:\/\/lesvolcansnews.net\/#website"},"datePublished":"2019-08-23T15:24:53+00:00","author":{"@id":"https:\/\/lesvolcansnews.net\/#\/schema\/person\/82c8bed2e77879ecf6cca63441f57354"},"breadcrumb":{"@id":"https:\/\/lesvolcansnews.net\/?p=4426#breadcrumb"},"inLanguage":"fr-FR","potentialAction":[{"@type":"ReadAction","target":["https:\/\/lesvolcansnews.net\/?p=4426"]}]},{"@type":"BreadcrumbList","@id":"https:\/\/lesvolcansnews.net\/?p=4426#breadcrumb","itemListElement":[{"@type":"ListItem","position":1,"name":"Accueil","item":"https:\/\/lesvolcansnews.net\/"},{"@type":"ListItem","position":2,"name":"Ins\u00e9curit\u00e9 \u00e0 Beni, la LUCHA insiste sur la pr\u00e9sence de F\u00e9lix Tshisekedi \u00e0 O\u00efcha"}]},{"@type":"WebSite","@id":"https:\/\/lesvolcansnews.net\/#website","url":"https:\/\/lesvolcansnews.net\/","name":"LES VOLCANS NEWS","description":"L&#039;INFORMATION C&#039;EST NOUS","potentialAction":[{"@type":"SearchAction","target":{"@type":"EntryPoint","urlTemplate":"https:\/\/lesvolcansnews.net\/?s={search_term_string}"},"query-input":{"@type":"PropertyValueSpecification","valueRequired":true,"valueName":"search_term_string"}}],"inLanguage":"fr-FR"},{"@type":"Person","@id":"https:\/\/lesvolcansnews.net\/#\/schema\/person\/82c8bed2e77879ecf6cca63441f57354","name":"R\u00e9daction - Les Volcans News","image":{"@type":"ImageObject","inLanguage":"fr-FR","@id":"https:\/\/secure.gravatar.com\/avatar\/8408942dd851e8a9c09f3d382a661bc05d2b3cd9002139bc1795b9528cdc6c80?s=96&d=mm&r=g","url":"https:\/\/secure.gravatar.com\/avatar\/8408942dd851e8a9c09f3d382a661bc05d2b3cd9002139bc1795b9528cdc6c80?s=96&d=mm&r=g","contentUrl":"https:\/\/secure.gravatar.com\/avatar\/8408942dd851e8a9c09f3d382a661bc05d2b3cd9002139bc1795b9528cdc6c80?s=96&d=mm&r=g","caption":"R\u00e9daction - Les Volcans News"},"url":"https:\/\/lesvolcansnews.net\/?author=14"}]}},"_links":{"self":[{"href":"https:\/\/lesvolcansnews.net\/index.php?rest_route=\/wp\/v2\/posts\/4426","targetHints":{"allow":["GET"]}}],"collection":[{"href":"https:\/\/lesvolcansnews.net\/index.php?rest_route=\/wp\/v2\/posts"}],"about":[{"href":"https:\/\/lesvolcansnews.net\/index.php?rest_route=\/wp\/v2\/types\/post"}],"author":[{"embeddable":true,"href":"https:\/\/lesvolcansnews.net\/index.php?rest_route=\/wp\/v2\/users\/14"}],"replies":[{"embeddable":true,"href":"https:\/\/lesvolcansnews.net\/index.php?rest_route=%2Fwp%2Fv2%2Fcomments&post=4426"}],"version-history":[{"count":0,"href":"https:\/\/lesvolcansnews.net\/index.php?rest_route=\/wp\/v2\/posts\/4426\/revisions"}],"wp:attachment":[{"href":"https:\/\/lesvolcansnews.net\/index.php?rest_route=%2Fwp%2Fv2%2Fmedia&parent=4426"}],"wp:term":[{"taxonomy":"category","embeddable":true,"href":"https:\/\/lesvolcansnews.net\/index.php?rest_route=%2Fwp%2Fv2%2Fcategories&post=4426"},{"taxonomy":"post_tag","embeddable":true,"href":"https:\/\/lesvolcansnews.net\/index.php?rest_route=%2Fwp%2Fv2%2Ftags&post=4426"}],"curies":[{"name":"wp","href":"https:\/\/api.w.org\/{rel}","templated":true}]}}