{"id":4423,"date":"2019-08-23T12:54:40","date_gmt":"2019-08-23T12:54:40","guid":{"rendered":"https:\/\/lesvolcansnews.net\/?p=4423"},"modified":"2019-08-23T12:54:47","modified_gmt":"2019-08-23T12:54:47","slug":"inter-club-de-la-caf-dcmp-a-douala-v-club-comme-maniema-union-a-domicile-pour-une-place-qualificative-ce-weekend","status":"publish","type":"post","link":"https:\/\/lesvolcansnews.net\/?p=4423","title":{"rendered":"Inter-Club de la CAF : DCMP \u00e0 Douala, V.club comme Maniema union \u00e0 domicile pour une place qualificative ce weekend"},"content":{"rendered":"<p>La phase retour des pr\u00e9liminaires de la ligue des champions et de la coupe de la conf\u00e9d\u00e9ration s&#8217;ouvre ce week-end du 23 ao\u00fbt 2019 avec les premi\u00e8res rencontres sur le continent, qui se poursuivront le samedi 24 ao\u00fbt et dimanche 25 ao\u00fbt 2019, journ\u00e9e des duels de repr\u00e9sentants de la R\u00e9publique D\u00e9mocratique du Congo.<\/p>\n<p>En coupe de la conf\u00e9d\u00e9ration de la CAF<br \/>\nLe daring club mote mapembe (DCMP) qui jouera en d\u00e9placement face \u00e0 stade retard du Cameroun quitte le pays ce vendredi 23 ao\u00fbt 2019 dans la matin\u00e9e avec son avance de 2-0 acquise au match aller.<\/p>\n<p>Pour l&#8217;autre ambassadeur du pays dans cette comp\u00e9tition la qualification se jouera \u00e0 la maison au stade Joseph Kabila de kindu.<br \/>\nApr\u00e8s le match nul de 1-1 au Gabon l&#8217;as Maniema union recevra l&#8217;as p\u00e9lican pour son match de vie ou de mort en coupe de la CAF cette saison devant ses supporters.<\/p>\n<p>En outre, dans la ligue des champions, l&#8217;as vclub de Kinshasa recevra l&#8217;usm loum du Cameroun au stade des martyrs de la pentec\u00f4te.<br \/>\n\u00c7a passera ou \u00e7a cassera pour les moscovites qui avaient r\u00e9alis\u00e9 un match nul en d\u00e9placement au Cameroun.<br \/>\nPriv\u00e9 de son entra\u00eeneur principal Jean Florent Ibenge annonc\u00e9 en vacance, le club \u00e9voluera le dimanche avec ce dernier qui avait pris les commandes du groupe apr\u00e8s ce 0-0 de la rencontre du match d\u2019aller.<\/p>\n<p>Georges Ben Muhima<\/p>\n","protected":false},"excerpt":{"rendered":"<p>La phase retour des pr\u00e9liminaires de la ligue des champions et de la coupe de la conf\u00e9d\u00e9ration s&#8217;ouvre ce week-end du 23 ao\u00fbt 2019 avec les premi\u00e8res rencontres sur le<\/p>\n","protected":false},"author":14,"featured_media":4422,"comment_status":"open","ping_status":"open","sticky":false,"template":"","format":"standard","meta":{"footnotes":""},"categories":[11],"tags":[],"class_list":["post-4423","post","type-post","status-publish","format-standard","has-post-thumbnail","hentry","category-sports"],"yoast_head":"<!-- This site is optimized with the Yoast SEO plugin v27.3 - https:\/\/yoast.com\/product\/yoast-seo-wordpress\/ -->\n<title>Inter-Club de la CAF : DCMP \u00e0 Douala, V.club comme Maniema union \u00e0 domicile pour une place qualificative ce weekend - LES VOLCANS NEWS<\/title>\n<meta name=\"robots\" content=\"index, follow, max-snippet:-1, max-image-preview:large, max-video-preview:-1\" \/>\n<link rel=\"canonical\" href=\"https:\/\/lesvolcansnews.net\/?p=4423\" \/>\n<meta property=\"og:locale\" content=\"fr_FR\" \/>\n<meta property=\"og:type\" content=\"article\" \/>\n<meta property=\"og:title\" content=\"Inter-Club de la CAF : DCMP \u00e0 Douala, V.club comme Maniema union \u00e0 domicile pour une place qualificative ce weekend - LES VOLCANS NEWS\" \/>\n<meta property=\"og:description\" content=\"La phase retour des pr\u00e9liminaires de la ligue des champions et de la coupe de la conf\u00e9d\u00e9ration s&#8217;ouvre ce week-end du 23 ao\u00fbt 2019 avec les premi\u00e8res rencontres sur le\" \/>\n<meta property=\"og:url\" content=\"https:\/\/lesvolcansnews.net\/?p=4423\" \/>\n<meta property=\"og:site_name\" content=\"LES VOLCANS NEWS\" \/>\n<meta property=\"article:published_time\" content=\"2019-08-23T12:54:40+00:00\" \/>\n<meta property=\"article:modified_time\" content=\"2019-08-23T12:54:47+00:00\" \/>\n<meta property=\"og:image\" content=\"https:\/\/lesvolcansnews.net\/wp-content\/uploads\/2019\/08\/IMG-20190823-WA0029.jpg\" \/>\n\t<meta property=\"og:image:width\" content=\"474\" \/>\n\t<meta property=\"og:image:height\" content=\"318\" \/>\n\t<meta property=\"og:image:type\" content=\"image\/jpeg\" \/>\n<meta name=\"author\" content=\"R\u00e9daction - Les Volcans News\" \/>\n<meta name=\"twitter:card\" content=\"summary_large_image\" \/>\n<meta name=\"twitter:label1\" content=\"\u00c9crit par\" \/>\n\t<meta name=\"twitter:data1\" content=\"R\u00e9daction - Les Volcans News\" \/>\n\t<meta name=\"twitter:label2\" content=\"Dur\u00e9e de lecture estim\u00e9e\" \/>\n\t<meta name=\"twitter:data2\" content=\"1 minute\" \/>\n<script type=\"application\/ld+json\" class=\"yoast-schema-graph\">{\"@context\":\"https:\\\/\\\/schema.org\",\"@graph\":[{\"@type\":\"Article\",\"@id\":\"https:\\\/\\\/lesvolcansnews.net\\\/?p=4423#article\",\"isPartOf\":{\"@id\":\"https:\\\/\\\/lesvolcansnews.net\\\/?p=4423\"},\"author\":{\"name\":\"R\u00e9daction - Les Volcans News\",\"@id\":\"https:\\\/\\\/lesvolcansnews.net\\\/#\\\/schema\\\/person\\\/82c8bed2e77879ecf6cca63441f57354\"},\"headline\":\"Inter-Club de la CAF : DCMP \u00e0 Douala, V.club comme Maniema union \u00e0 domicile pour une place qualificative ce weekend\",\"datePublished\":\"2019-08-23T12:54:40+00:00\",\"dateModified\":\"2019-08-23T12:54:47+00:00\",\"mainEntityOfPage\":{\"@id\":\"https:\\\/\\\/lesvolcansnews.net\\\/?p=4423\"},\"wordCount\":270,\"commentCount\":0,\"image\":{\"@id\":\"https:\\\/\\\/lesvolcansnews.net\\\/?p=4423#primaryimage\"},\"thumbnailUrl\":\"https:\\\/\\\/lesvolcansnews.net\\\/wp-content\\\/uploads\\\/2019\\\/08\\\/IMG-20190823-WA0029.jpg\",\"articleSection\":[\"SPORTS\"],\"inLanguage\":\"fr-FR\",\"potentialAction\":[{\"@type\":\"CommentAction\",\"name\":\"Comment\",\"target\":[\"https:\\\/\\\/lesvolcansnews.net\\\/?p=4423#respond\"]}]},{\"@type\":\"WebPage\",\"@id\":\"https:\\\/\\\/lesvolcansnews.net\\\/?p=4423\",\"url\":\"https:\\\/\\\/lesvolcansnews.net\\\/?p=4423\",\"name\":\"Inter-Club de la CAF : DCMP \u00e0 Douala, V.club comme Maniema union \u00e0 domicile pour une place qualificative ce weekend - LES VOLCANS NEWS\",\"isPartOf\":{\"@id\":\"https:\\\/\\\/lesvolcansnews.net\\\/#website\"},\"primaryImageOfPage\":{\"@id\":\"https:\\\/\\\/lesvolcansnews.net\\\/?p=4423#primaryimage\"},\"image\":{\"@id\":\"https:\\\/\\\/lesvolcansnews.net\\\/?p=4423#primaryimage\"},\"thumbnailUrl\":\"https:\\\/\\\/lesvolcansnews.net\\\/wp-content\\\/uploads\\\/2019\\\/08\\\/IMG-20190823-WA0029.jpg\",\"datePublished\":\"2019-08-23T12:54:40+00:00\",\"dateModified\":\"2019-08-23T12:54:47+00:00\",\"author\":{\"@id\":\"https:\\\/\\\/lesvolcansnews.net\\\/#\\\/schema\\\/person\\\/82c8bed2e77879ecf6cca63441f57354\"},\"breadcrumb\":{\"@id\":\"https:\\\/\\\/lesvolcansnews.net\\\/?p=4423#breadcrumb\"},\"inLanguage\":\"fr-FR\",\"potentialAction\":[{\"@type\":\"ReadAction\",\"target\":[\"https:\\\/\\\/lesvolcansnews.net\\\/?p=4423\"]}]},{\"@type\":\"ImageObject\",\"inLanguage\":\"fr-FR\",\"@id\":\"https:\\\/\\\/lesvolcansnews.net\\\/?p=4423#primaryimage\",\"url\":\"https:\\\/\\\/lesvolcansnews.net\\\/wp-content\\\/uploads\\\/2019\\\/08\\\/IMG-20190823-WA0029.jpg\",\"contentUrl\":\"https:\\\/\\\/lesvolcansnews.net\\\/wp-content\\\/uploads\\\/2019\\\/08\\\/IMG-20190823-WA0029.jpg\",\"width\":474,\"height\":318},{\"@type\":\"BreadcrumbList\",\"@id\":\"https:\\\/\\\/lesvolcansnews.net\\\/?p=4423#breadcrumb\",\"itemListElement\":[{\"@type\":\"ListItem\",\"position\":1,\"name\":\"Accueil\",\"item\":\"https:\\\/\\\/lesvolcansnews.net\\\/\"},{\"@type\":\"ListItem\",\"position\":2,\"name\":\"Inter-Club de la CAF : DCMP \u00e0 Douala, V.club comme Maniema union \u00e0 domicile pour une place qualificative ce weekend\"}]},{\"@type\":\"WebSite\",\"@id\":\"https:\\\/\\\/lesvolcansnews.net\\\/#website\",\"url\":\"https:\\\/\\\/lesvolcansnews.net\\\/\",\"name\":\"LES VOLCANS NEWS\",\"description\":\"L&#039;INFORMATION C&#039;EST NOUS\",\"potentialAction\":[{\"@type\":\"SearchAction\",\"target\":{\"@type\":\"EntryPoint\",\"urlTemplate\":\"https:\\\/\\\/lesvolcansnews.net\\\/?s={search_term_string}\"},\"query-input\":{\"@type\":\"PropertyValueSpecification\",\"valueRequired\":true,\"valueName\":\"search_term_string\"}}],\"inLanguage\":\"fr-FR\"},{\"@type\":\"Person\",\"@id\":\"https:\\\/\\\/lesvolcansnews.net\\\/#\\\/schema\\\/person\\\/82c8bed2e77879ecf6cca63441f57354\",\"name\":\"R\u00e9daction - Les Volcans News\",\"image\":{\"@type\":\"ImageObject\",\"inLanguage\":\"fr-FR\",\"@id\":\"https:\\\/\\\/secure.gravatar.com\\\/avatar\\\/8408942dd851e8a9c09f3d382a661bc05d2b3cd9002139bc1795b9528cdc6c80?s=96&d=mm&r=g\",\"url\":\"https:\\\/\\\/secure.gravatar.com\\\/avatar\\\/8408942dd851e8a9c09f3d382a661bc05d2b3cd9002139bc1795b9528cdc6c80?s=96&d=mm&r=g\",\"contentUrl\":\"https:\\\/\\\/secure.gravatar.com\\\/avatar\\\/8408942dd851e8a9c09f3d382a661bc05d2b3cd9002139bc1795b9528cdc6c80?s=96&d=mm&r=g\",\"caption\":\"R\u00e9daction - Les Volcans News\"},\"url\":\"https:\\\/\\\/lesvolcansnews.net\\\/?author=14\"}]}<\/script>\n<!-- \/ Yoast SEO plugin. -->","yoast_head_json":{"title":"Inter-Club de la CAF : DCMP \u00e0 Douala, V.club comme Maniema union \u00e0 domicile pour une place qualificative ce weekend - LES VOLCANS NEWS","robots":{"index":"index","follow":"follow","max-snippet":"max-snippet:-1","max-image-preview":"max-image-preview:large","max-video-preview":"max-video-preview:-1"},"canonical":"https:\/\/lesvolcansnews.net\/?p=4423","og_locale":"fr_FR","og_type":"article","og_title":"Inter-Club de la CAF : DCMP \u00e0 Douala, V.club comme Maniema union \u00e0 domicile pour une place qualificative ce weekend - LES VOLCANS NEWS","og_description":"La phase retour des pr\u00e9liminaires de la ligue des champions et de la coupe de la conf\u00e9d\u00e9ration s&#8217;ouvre ce week-end du 23 ao\u00fbt 2019 avec les premi\u00e8res rencontres sur le","og_url":"https:\/\/lesvolcansnews.net\/?p=4423","og_site_name":"LES VOLCANS NEWS","article_published_time":"2019-08-23T12:54:40+00:00","article_modified_time":"2019-08-23T12:54:47+00:00","og_image":[{"width":474,"height":318,"url":"https:\/\/lesvolcansnews.net\/wp-content\/uploads\/2019\/08\/IMG-20190823-WA0029.jpg","type":"image\/jpeg"}],"author":"R\u00e9daction - Les Volcans News","twitter_card":"summary_large_image","twitter_misc":{"\u00c9crit par":"R\u00e9daction - Les Volcans News","Dur\u00e9e de lecture estim\u00e9e":"1 minute"},"schema":{"@context":"https:\/\/schema.org","@graph":[{"@type":"Article","@id":"https:\/\/lesvolcansnews.net\/?p=4423#article","isPartOf":{"@id":"https:\/\/lesvolcansnews.net\/?p=4423"},"author":{"name":"R\u00e9daction - Les Volcans News","@id":"https:\/\/lesvolcansnews.net\/#\/schema\/person\/82c8bed2e77879ecf6cca63441f57354"},"headline":"Inter-Club de la CAF : DCMP \u00e0 Douala, V.club comme Maniema union \u00e0 domicile pour une place qualificative ce weekend","datePublished":"2019-08-23T12:54:40+00:00","dateModified":"2019-08-23T12:54:47+00:00","mainEntityOfPage":{"@id":"https:\/\/lesvolcansnews.net\/?p=4423"},"wordCount":270,"commentCount":0,"image":{"@id":"https:\/\/lesvolcansnews.net\/?p=4423#primaryimage"},"thumbnailUrl":"https:\/\/lesvolcansnews.net\/wp-content\/uploads\/2019\/08\/IMG-20190823-WA0029.jpg","articleSection":["SPORTS"],"inLanguage":"fr-FR","potentialAction":[{"@type":"CommentAction","name":"Comment","target":["https:\/\/lesvolcansnews.net\/?p=4423#respond"]}]},{"@type":"WebPage","@id":"https:\/\/lesvolcansnews.net\/?p=4423","url":"https:\/\/lesvolcansnews.net\/?p=4423","name":"Inter-Club de la CAF : DCMP \u00e0 Douala, V.club comme Maniema union \u00e0 domicile pour une place qualificative ce weekend - LES VOLCANS NEWS","isPartOf":{"@id":"https:\/\/lesvolcansnews.net\/#website"},"primaryImageOfPage":{"@id":"https:\/\/lesvolcansnews.net\/?p=4423#primaryimage"},"image":{"@id":"https:\/\/lesvolcansnews.net\/?p=4423#primaryimage"},"thumbnailUrl":"https:\/\/lesvolcansnews.net\/wp-content\/uploads\/2019\/08\/IMG-20190823-WA0029.jpg","datePublished":"2019-08-23T12:54:40+00:00","dateModified":"2019-08-23T12:54:47+00:00","author":{"@id":"https:\/\/lesvolcansnews.net\/#\/schema\/person\/82c8bed2e77879ecf6cca63441f57354"},"breadcrumb":{"@id":"https:\/\/lesvolcansnews.net\/?p=4423#breadcrumb"},"inLanguage":"fr-FR","potentialAction":[{"@type":"ReadAction","target":["https:\/\/lesvolcansnews.net\/?p=4423"]}]},{"@type":"ImageObject","inLanguage":"fr-FR","@id":"https:\/\/lesvolcansnews.net\/?p=4423#primaryimage","url":"https:\/\/lesvolcansnews.net\/wp-content\/uploads\/2019\/08\/IMG-20190823-WA0029.jpg","contentUrl":"https:\/\/lesvolcansnews.net\/wp-content\/uploads\/2019\/08\/IMG-20190823-WA0029.jpg","width":474,"height":318},{"@type":"BreadcrumbList","@id":"https:\/\/lesvolcansnews.net\/?p=4423#breadcrumb","itemListElement":[{"@type":"ListItem","position":1,"name":"Accueil","item":"https:\/\/lesvolcansnews.net\/"},{"@type":"ListItem","position":2,"name":"Inter-Club de la CAF : DCMP \u00e0 Douala, V.club comme Maniema union \u00e0 domicile pour une place qualificative ce weekend"}]},{"@type":"WebSite","@id":"https:\/\/lesvolcansnews.net\/#website","url":"https:\/\/lesvolcansnews.net\/","name":"LES VOLCANS NEWS","description":"L&#039;INFORMATION C&#039;EST NOUS","potentialAction":[{"@type":"SearchAction","target":{"@type":"EntryPoint","urlTemplate":"https:\/\/lesvolcansnews.net\/?s={search_term_string}"},"query-input":{"@type":"PropertyValueSpecification","valueRequired":true,"valueName":"search_term_string"}}],"inLanguage":"fr-FR"},{"@type":"Person","@id":"https:\/\/lesvolcansnews.net\/#\/schema\/person\/82c8bed2e77879ecf6cca63441f57354","name":"R\u00e9daction - Les Volcans News","image":{"@type":"ImageObject","inLanguage":"fr-FR","@id":"https:\/\/secure.gravatar.com\/avatar\/8408942dd851e8a9c09f3d382a661bc05d2b3cd9002139bc1795b9528cdc6c80?s=96&d=mm&r=g","url":"https:\/\/secure.gravatar.com\/avatar\/8408942dd851e8a9c09f3d382a661bc05d2b3cd9002139bc1795b9528cdc6c80?s=96&d=mm&r=g","contentUrl":"https:\/\/secure.gravatar.com\/avatar\/8408942dd851e8a9c09f3d382a661bc05d2b3cd9002139bc1795b9528cdc6c80?s=96&d=mm&r=g","caption":"R\u00e9daction - Les Volcans News"},"url":"https:\/\/lesvolcansnews.net\/?author=14"}]}},"_links":{"self":[{"href":"https:\/\/lesvolcansnews.net\/index.php?rest_route=\/wp\/v2\/posts\/4423","targetHints":{"allow":["GET"]}}],"collection":[{"href":"https:\/\/lesvolcansnews.net\/index.php?rest_route=\/wp\/v2\/posts"}],"about":[{"href":"https:\/\/lesvolcansnews.net\/index.php?rest_route=\/wp\/v2\/types\/post"}],"author":[{"embeddable":true,"href":"https:\/\/lesvolcansnews.net\/index.php?rest_route=\/wp\/v2\/users\/14"}],"replies":[{"embeddable":true,"href":"https:\/\/lesvolcansnews.net\/index.php?rest_route=%2Fwp%2Fv2%2Fcomments&post=4423"}],"version-history":[{"count":1,"href":"https:\/\/lesvolcansnews.net\/index.php?rest_route=\/wp\/v2\/posts\/4423\/revisions"}],"predecessor-version":[{"id":4424,"href":"https:\/\/lesvolcansnews.net\/index.php?rest_route=\/wp\/v2\/posts\/4423\/revisions\/4424"}],"wp:featuredmedia":[{"embeddable":true,"href":"https:\/\/lesvolcansnews.net\/index.php?rest_route=\/wp\/v2\/media\/4422"}],"wp:attachment":[{"href":"https:\/\/lesvolcansnews.net\/index.php?rest_route=%2Fwp%2Fv2%2Fmedia&parent=4423"}],"wp:term":[{"taxonomy":"category","embeddable":true,"href":"https:\/\/lesvolcansnews.net\/index.php?rest_route=%2Fwp%2Fv2%2Fcategories&post=4423"},{"taxonomy":"post_tag","embeddable":true,"href":"https:\/\/lesvolcansnews.net\/index.php?rest_route=%2Fwp%2Fv2%2Ftags&post=4423"}],"curies":[{"name":"wp","href":"https:\/\/api.w.org\/{rel}","templated":true}]}}