{"id":4421,"date":"2019-08-22T22:14:35","date_gmt":"2019-08-22T22:14:35","guid":{"rendered":"https:\/\/lesvolcansnews.net\/2019\/08\/22\/rdc-les-gouverneurs-des-provinces-recus-a-la-presidence-de-la-republique\/"},"modified":"2019-08-22T22:14:35","modified_gmt":"2019-08-22T22:14:35","slug":"rdc-les-gouverneurs-des-provinces-recus-a-la-presidence-de-la-republique","status":"publish","type":"post","link":"https:\/\/lesvolcansnews.net\/?p=4421","title":{"rendered":"RDC : Les gouverneurs des provinces re\u00e7us \u00e0 la Pr\u00e9sidence de la R\u00e9publique"},"content":{"rendered":"<p>Le Pr\u00e9sident de la R\u00e9publique, F\u00e9lix Antoine Tshisekedi Tshilombo, a re\u00e7u jeudi, \u00e0 la cit\u00e9 de l\u2019Union Africaine (UA) les<br \/>\ngouverneurs des provinces en s\u00e9jour \u00e0 Kinshasa, a indiqu\u00e9 le service de communication de la Pr\u00e9sidence de la R\u00e9publique.<br \/>\nSelon la m\u00eame source, les gouverneurs lui ont fait part des probl\u00e8mes sp\u00e9cifiques auxquels sont confront\u00e9es leurs provinces.<br \/>\nLe Pr\u00e9sident de la R\u00e9publique, rappelle-t-on, avait dans son discours, \u00e0 l\u2019occasion de l\u2019ouverture, en mai dernier, de la Conf\u00e9rence des gouverneurs de<br \/>\nprovince, exhort\u00e9 les chefs de l\u2019ex\u00e9cutif provincial, en leur qualit\u00e9 de repr\u00e9sentants en province, \u00e0 adopter un comportement exemplaire, dans la gestion de leurs entit\u00e9s respectives.<br \/>\nIl leur avait instruit d\u2019\u00e9laborer leurs programmes respectifs qui seront adopt\u00e9s par les assembl\u00e9es provinciales, en int\u00e9grant sa vision bas\u00e9e notamment sur l\u2019am\u00e9lioration des conditions de vie des<br \/>\npopulations, devant lesquelles il avait pris un engagement solennel, lors de son discours<br \/>\nd\u2019investiture, de servir dans le strict respect de la Constitution de la R\u00e9publique ainsi que sur le<br \/>\nd\u00e9veloppement int\u00e9gral du pays en pla\u00e7ant l\u2019homme au centre de toutes leurs actions dans les diff\u00e9rents domaines de la vie.<br \/>\nIl leur avait fait savoir qu\u2019il compte sur chacun d\u2019eux pour qu\u2019\u00e0 l\u2019issue de son mandat qu\u2019ils puissent tous ensemble amener le changement qu\u2019il avait promis au peuple congolais au cours de sa campagne \u00e9lectorale.<br \/>\nIl avait, \u00e0 cette m\u00eame occasion, rappel\u00e9 que les antivaleurs qui minent les institutions constituent les premiers obstacles \u00e0 tout effort de d\u00e9veloppement, avant de promettre de combattre avec la derni\u00e8re \u00e9nergie la corruption, les d\u00e9tournements des deniers<br \/>\npublics, le tribalisme, le n\u00e9potisme, la concussion, le<br \/>\nclient\u00e9lisme.<br \/>\n\u00ab <em>Les valeurs r\u00e9publicaines seront de stricte observance \u00bb<\/em>, avait-il dit, soulignant que sa vision se<br \/>\nd\u00e9cline autour de quatre axes strat\u00e9giques qui sont l\u2019homme, la croissance \u00e9conomique, la bonne<br \/>\ngouvernance et la soci\u00e9t\u00e9 solidaire.<br \/>\nIl avait aussi d\u00e9nonc\u00e9 la fraude fiscale et les barri\u00e8res organis\u00e9es par certaines autorit\u00e9s provinciales, de l\u2019arm\u00e9e et de la police ainsi que la multiplicit\u00e9 de<br \/>\nservices et autres organes au niveau des postes fronti\u00e8res, le mauvais \u00e9tat des routes, la pr\u00e9carit\u00e9 des infrastructures sanitaires, scolaires et autres etc.<br \/>\nLa t\u00e2che qui nous attend est lourde et les d\u00e9fis \u00e0 relever sont \u00e9normes\u201d, a-t-il soulign\u00e9, promettant d\u2019y veiller dans le cadre de la r\u00e9trocession, afin que des moyens cons\u00e9quents soient allou\u00e9s aux provinces<br \/>\npour vaincre tous ces d\u00e9fis du d\u00e9veloppement. <strong><em>ACP<\/em><\/strong><\/p>\n","protected":false},"excerpt":{"rendered":"<p>Le Pr\u00e9sident de la R\u00e9publique, F\u00e9lix Antoine Tshisekedi Tshilombo, a re\u00e7u jeudi, \u00e0 la cit\u00e9 de l\u2019Union Africaine (UA) les gouverneurs des provinces en s\u00e9jour \u00e0 Kinshasa, a indiqu\u00e9 le<\/p>\n","protected":false},"author":14,"featured_media":4420,"comment_status":"open","ping_status":"open","sticky":false,"template":"","format":"standard","meta":{"footnotes":""},"categories":[27],"tags":[],"class_list":["post-4421","post","type-post","status-publish","format-standard","has-post-thumbnail","hentry","category-politique"],"yoast_head":"<!-- This site is optimized with the Yoast SEO plugin v27.3 - https:\/\/yoast.com\/product\/yoast-seo-wordpress\/ -->\n<title>RDC : Les gouverneurs des provinces re\u00e7us \u00e0 la Pr\u00e9sidence de la R\u00e9publique - LES VOLCANS NEWS<\/title>\n<meta name=\"robots\" content=\"index, follow, max-snippet:-1, max-image-preview:large, max-video-preview:-1\" \/>\n<link rel=\"canonical\" href=\"https:\/\/lesvolcansnews.net\/?p=4421\" \/>\n<meta property=\"og:locale\" content=\"fr_FR\" \/>\n<meta property=\"og:type\" content=\"article\" \/>\n<meta property=\"og:title\" content=\"RDC : Les gouverneurs des provinces re\u00e7us \u00e0 la Pr\u00e9sidence de la R\u00e9publique - LES VOLCANS NEWS\" \/>\n<meta property=\"og:description\" content=\"Le Pr\u00e9sident de la R\u00e9publique, F\u00e9lix Antoine Tshisekedi Tshilombo, a re\u00e7u jeudi, \u00e0 la cit\u00e9 de l\u2019Union Africaine (UA) les gouverneurs des provinces en s\u00e9jour \u00e0 Kinshasa, a indiqu\u00e9 le\" \/>\n<meta property=\"og:url\" content=\"https:\/\/lesvolcansnews.net\/?p=4421\" \/>\n<meta property=\"og:site_name\" content=\"LES VOLCANS NEWS\" \/>\n<meta property=\"article:published_time\" content=\"2019-08-22T22:14:35+00:00\" \/>\n<meta property=\"og:image\" content=\"https:\/\/lesvolcansnews.net\/wp-content\/uploads\/2019\/08\/fatshi-et-gouv-964508360.jpg\" \/>\n\t<meta property=\"og:image:width\" content=\"450\" \/>\n\t<meta property=\"og:image:height\" content=\"275\" \/>\n\t<meta property=\"og:image:type\" content=\"image\/jpeg\" \/>\n<meta name=\"author\" content=\"R\u00e9daction - Les Volcans News\" \/>\n<meta name=\"twitter:card\" content=\"summary_large_image\" \/>\n<meta name=\"twitter:label1\" content=\"\u00c9crit par\" \/>\n\t<meta name=\"twitter:data1\" content=\"R\u00e9daction - Les Volcans News\" \/>\n\t<meta name=\"twitter:label2\" content=\"Dur\u00e9e de lecture estim\u00e9e\" \/>\n\t<meta name=\"twitter:data2\" content=\"2 minutes\" \/>\n<script type=\"application\/ld+json\" class=\"yoast-schema-graph\">{\"@context\":\"https:\\\/\\\/schema.org\",\"@graph\":[{\"@type\":\"Article\",\"@id\":\"https:\\\/\\\/lesvolcansnews.net\\\/?p=4421#article\",\"isPartOf\":{\"@id\":\"https:\\\/\\\/lesvolcansnews.net\\\/?p=4421\"},\"author\":{\"name\":\"R\u00e9daction - Les Volcans News\",\"@id\":\"https:\\\/\\\/lesvolcansnews.net\\\/#\\\/schema\\\/person\\\/82c8bed2e77879ecf6cca63441f57354\"},\"headline\":\"RDC : Les gouverneurs des provinces re\u00e7us \u00e0 la Pr\u00e9sidence de la R\u00e9publique\",\"datePublished\":\"2019-08-22T22:14:35+00:00\",\"mainEntityOfPage\":{\"@id\":\"https:\\\/\\\/lesvolcansnews.net\\\/?p=4421\"},\"wordCount\":464,\"commentCount\":0,\"image\":{\"@id\":\"https:\\\/\\\/lesvolcansnews.net\\\/?p=4421#primaryimage\"},\"thumbnailUrl\":\"https:\\\/\\\/lesvolcansnews.net\\\/wp-content\\\/uploads\\\/2019\\\/08\\\/fatshi-et-gouv-964508360.jpg\",\"articleSection\":[\"POLITIQUE\"],\"inLanguage\":\"fr-FR\",\"potentialAction\":[{\"@type\":\"CommentAction\",\"name\":\"Comment\",\"target\":[\"https:\\\/\\\/lesvolcansnews.net\\\/?p=4421#respond\"]}]},{\"@type\":\"WebPage\",\"@id\":\"https:\\\/\\\/lesvolcansnews.net\\\/?p=4421\",\"url\":\"https:\\\/\\\/lesvolcansnews.net\\\/?p=4421\",\"name\":\"RDC : Les gouverneurs des provinces re\u00e7us \u00e0 la Pr\u00e9sidence de la R\u00e9publique - LES VOLCANS NEWS\",\"isPartOf\":{\"@id\":\"https:\\\/\\\/lesvolcansnews.net\\\/#website\"},\"primaryImageOfPage\":{\"@id\":\"https:\\\/\\\/lesvolcansnews.net\\\/?p=4421#primaryimage\"},\"image\":{\"@id\":\"https:\\\/\\\/lesvolcansnews.net\\\/?p=4421#primaryimage\"},\"thumbnailUrl\":\"https:\\\/\\\/lesvolcansnews.net\\\/wp-content\\\/uploads\\\/2019\\\/08\\\/fatshi-et-gouv-964508360.jpg\",\"datePublished\":\"2019-08-22T22:14:35+00:00\",\"author\":{\"@id\":\"https:\\\/\\\/lesvolcansnews.net\\\/#\\\/schema\\\/person\\\/82c8bed2e77879ecf6cca63441f57354\"},\"breadcrumb\":{\"@id\":\"https:\\\/\\\/lesvolcansnews.net\\\/?p=4421#breadcrumb\"},\"inLanguage\":\"fr-FR\",\"potentialAction\":[{\"@type\":\"ReadAction\",\"target\":[\"https:\\\/\\\/lesvolcansnews.net\\\/?p=4421\"]}]},{\"@type\":\"ImageObject\",\"inLanguage\":\"fr-FR\",\"@id\":\"https:\\\/\\\/lesvolcansnews.net\\\/?p=4421#primaryimage\",\"url\":\"https:\\\/\\\/lesvolcansnews.net\\\/wp-content\\\/uploads\\\/2019\\\/08\\\/fatshi-et-gouv-964508360.jpg\",\"contentUrl\":\"https:\\\/\\\/lesvolcansnews.net\\\/wp-content\\\/uploads\\\/2019\\\/08\\\/fatshi-et-gouv-964508360.jpg\",\"width\":450,\"height\":275},{\"@type\":\"BreadcrumbList\",\"@id\":\"https:\\\/\\\/lesvolcansnews.net\\\/?p=4421#breadcrumb\",\"itemListElement\":[{\"@type\":\"ListItem\",\"position\":1,\"name\":\"Accueil\",\"item\":\"https:\\\/\\\/lesvolcansnews.net\\\/\"},{\"@type\":\"ListItem\",\"position\":2,\"name\":\"RDC : Les gouverneurs des provinces re\u00e7us \u00e0 la Pr\u00e9sidence de la R\u00e9publique\"}]},{\"@type\":\"WebSite\",\"@id\":\"https:\\\/\\\/lesvolcansnews.net\\\/#website\",\"url\":\"https:\\\/\\\/lesvolcansnews.net\\\/\",\"name\":\"LES VOLCANS NEWS\",\"description\":\"L&#039;INFORMATION C&#039;EST NOUS\",\"potentialAction\":[{\"@type\":\"SearchAction\",\"target\":{\"@type\":\"EntryPoint\",\"urlTemplate\":\"https:\\\/\\\/lesvolcansnews.net\\\/?s={search_term_string}\"},\"query-input\":{\"@type\":\"PropertyValueSpecification\",\"valueRequired\":true,\"valueName\":\"search_term_string\"}}],\"inLanguage\":\"fr-FR\"},{\"@type\":\"Person\",\"@id\":\"https:\\\/\\\/lesvolcansnews.net\\\/#\\\/schema\\\/person\\\/82c8bed2e77879ecf6cca63441f57354\",\"name\":\"R\u00e9daction - Les Volcans News\",\"image\":{\"@type\":\"ImageObject\",\"inLanguage\":\"fr-FR\",\"@id\":\"https:\\\/\\\/secure.gravatar.com\\\/avatar\\\/8408942dd851e8a9c09f3d382a661bc05d2b3cd9002139bc1795b9528cdc6c80?s=96&d=mm&r=g\",\"url\":\"https:\\\/\\\/secure.gravatar.com\\\/avatar\\\/8408942dd851e8a9c09f3d382a661bc05d2b3cd9002139bc1795b9528cdc6c80?s=96&d=mm&r=g\",\"contentUrl\":\"https:\\\/\\\/secure.gravatar.com\\\/avatar\\\/8408942dd851e8a9c09f3d382a661bc05d2b3cd9002139bc1795b9528cdc6c80?s=96&d=mm&r=g\",\"caption\":\"R\u00e9daction - Les Volcans News\"},\"url\":\"https:\\\/\\\/lesvolcansnews.net\\\/?author=14\"}]}<\/script>\n<!-- \/ Yoast SEO plugin. -->","yoast_head_json":{"title":"RDC : Les gouverneurs des provinces re\u00e7us \u00e0 la Pr\u00e9sidence de la R\u00e9publique - LES VOLCANS NEWS","robots":{"index":"index","follow":"follow","max-snippet":"max-snippet:-1","max-image-preview":"max-image-preview:large","max-video-preview":"max-video-preview:-1"},"canonical":"https:\/\/lesvolcansnews.net\/?p=4421","og_locale":"fr_FR","og_type":"article","og_title":"RDC : Les gouverneurs des provinces re\u00e7us \u00e0 la Pr\u00e9sidence de la R\u00e9publique - LES VOLCANS NEWS","og_description":"Le Pr\u00e9sident de la R\u00e9publique, F\u00e9lix Antoine Tshisekedi Tshilombo, a re\u00e7u jeudi, \u00e0 la cit\u00e9 de l\u2019Union Africaine (UA) les gouverneurs des provinces en s\u00e9jour \u00e0 Kinshasa, a indiqu\u00e9 le","og_url":"https:\/\/lesvolcansnews.net\/?p=4421","og_site_name":"LES VOLCANS NEWS","article_published_time":"2019-08-22T22:14:35+00:00","og_image":[{"width":450,"height":275,"url":"https:\/\/lesvolcansnews.net\/wp-content\/uploads\/2019\/08\/fatshi-et-gouv-964508360.jpg","type":"image\/jpeg"}],"author":"R\u00e9daction - Les Volcans News","twitter_card":"summary_large_image","twitter_misc":{"\u00c9crit par":"R\u00e9daction - Les Volcans News","Dur\u00e9e de lecture estim\u00e9e":"2 minutes"},"schema":{"@context":"https:\/\/schema.org","@graph":[{"@type":"Article","@id":"https:\/\/lesvolcansnews.net\/?p=4421#article","isPartOf":{"@id":"https:\/\/lesvolcansnews.net\/?p=4421"},"author":{"name":"R\u00e9daction - Les Volcans News","@id":"https:\/\/lesvolcansnews.net\/#\/schema\/person\/82c8bed2e77879ecf6cca63441f57354"},"headline":"RDC : Les gouverneurs des provinces re\u00e7us \u00e0 la Pr\u00e9sidence de la R\u00e9publique","datePublished":"2019-08-22T22:14:35+00:00","mainEntityOfPage":{"@id":"https:\/\/lesvolcansnews.net\/?p=4421"},"wordCount":464,"commentCount":0,"image":{"@id":"https:\/\/lesvolcansnews.net\/?p=4421#primaryimage"},"thumbnailUrl":"https:\/\/lesvolcansnews.net\/wp-content\/uploads\/2019\/08\/fatshi-et-gouv-964508360.jpg","articleSection":["POLITIQUE"],"inLanguage":"fr-FR","potentialAction":[{"@type":"CommentAction","name":"Comment","target":["https:\/\/lesvolcansnews.net\/?p=4421#respond"]}]},{"@type":"WebPage","@id":"https:\/\/lesvolcansnews.net\/?p=4421","url":"https:\/\/lesvolcansnews.net\/?p=4421","name":"RDC : Les gouverneurs des provinces re\u00e7us \u00e0 la Pr\u00e9sidence de la R\u00e9publique - LES VOLCANS NEWS","isPartOf":{"@id":"https:\/\/lesvolcansnews.net\/#website"},"primaryImageOfPage":{"@id":"https:\/\/lesvolcansnews.net\/?p=4421#primaryimage"},"image":{"@id":"https:\/\/lesvolcansnews.net\/?p=4421#primaryimage"},"thumbnailUrl":"https:\/\/lesvolcansnews.net\/wp-content\/uploads\/2019\/08\/fatshi-et-gouv-964508360.jpg","datePublished":"2019-08-22T22:14:35+00:00","author":{"@id":"https:\/\/lesvolcansnews.net\/#\/schema\/person\/82c8bed2e77879ecf6cca63441f57354"},"breadcrumb":{"@id":"https:\/\/lesvolcansnews.net\/?p=4421#breadcrumb"},"inLanguage":"fr-FR","potentialAction":[{"@type":"ReadAction","target":["https:\/\/lesvolcansnews.net\/?p=4421"]}]},{"@type":"ImageObject","inLanguage":"fr-FR","@id":"https:\/\/lesvolcansnews.net\/?p=4421#primaryimage","url":"https:\/\/lesvolcansnews.net\/wp-content\/uploads\/2019\/08\/fatshi-et-gouv-964508360.jpg","contentUrl":"https:\/\/lesvolcansnews.net\/wp-content\/uploads\/2019\/08\/fatshi-et-gouv-964508360.jpg","width":450,"height":275},{"@type":"BreadcrumbList","@id":"https:\/\/lesvolcansnews.net\/?p=4421#breadcrumb","itemListElement":[{"@type":"ListItem","position":1,"name":"Accueil","item":"https:\/\/lesvolcansnews.net\/"},{"@type":"ListItem","position":2,"name":"RDC : Les gouverneurs des provinces re\u00e7us \u00e0 la Pr\u00e9sidence de la R\u00e9publique"}]},{"@type":"WebSite","@id":"https:\/\/lesvolcansnews.net\/#website","url":"https:\/\/lesvolcansnews.net\/","name":"LES VOLCANS NEWS","description":"L&#039;INFORMATION C&#039;EST NOUS","potentialAction":[{"@type":"SearchAction","target":{"@type":"EntryPoint","urlTemplate":"https:\/\/lesvolcansnews.net\/?s={search_term_string}"},"query-input":{"@type":"PropertyValueSpecification","valueRequired":true,"valueName":"search_term_string"}}],"inLanguage":"fr-FR"},{"@type":"Person","@id":"https:\/\/lesvolcansnews.net\/#\/schema\/person\/82c8bed2e77879ecf6cca63441f57354","name":"R\u00e9daction - Les Volcans News","image":{"@type":"ImageObject","inLanguage":"fr-FR","@id":"https:\/\/secure.gravatar.com\/avatar\/8408942dd851e8a9c09f3d382a661bc05d2b3cd9002139bc1795b9528cdc6c80?s=96&d=mm&r=g","url":"https:\/\/secure.gravatar.com\/avatar\/8408942dd851e8a9c09f3d382a661bc05d2b3cd9002139bc1795b9528cdc6c80?s=96&d=mm&r=g","contentUrl":"https:\/\/secure.gravatar.com\/avatar\/8408942dd851e8a9c09f3d382a661bc05d2b3cd9002139bc1795b9528cdc6c80?s=96&d=mm&r=g","caption":"R\u00e9daction - Les Volcans News"},"url":"https:\/\/lesvolcansnews.net\/?author=14"}]}},"_links":{"self":[{"href":"https:\/\/lesvolcansnews.net\/index.php?rest_route=\/wp\/v2\/posts\/4421","targetHints":{"allow":["GET"]}}],"collection":[{"href":"https:\/\/lesvolcansnews.net\/index.php?rest_route=\/wp\/v2\/posts"}],"about":[{"href":"https:\/\/lesvolcansnews.net\/index.php?rest_route=\/wp\/v2\/types\/post"}],"author":[{"embeddable":true,"href":"https:\/\/lesvolcansnews.net\/index.php?rest_route=\/wp\/v2\/users\/14"}],"replies":[{"embeddable":true,"href":"https:\/\/lesvolcansnews.net\/index.php?rest_route=%2Fwp%2Fv2%2Fcomments&post=4421"}],"version-history":[{"count":0,"href":"https:\/\/lesvolcansnews.net\/index.php?rest_route=\/wp\/v2\/posts\/4421\/revisions"}],"wp:featuredmedia":[{"embeddable":true,"href":"https:\/\/lesvolcansnews.net\/index.php?rest_route=\/wp\/v2\/media\/4420"}],"wp:attachment":[{"href":"https:\/\/lesvolcansnews.net\/index.php?rest_route=%2Fwp%2Fv2%2Fmedia&parent=4421"}],"wp:term":[{"taxonomy":"category","embeddable":true,"href":"https:\/\/lesvolcansnews.net\/index.php?rest_route=%2Fwp%2Fv2%2Fcategories&post=4421"},{"taxonomy":"post_tag","embeddable":true,"href":"https:\/\/lesvolcansnews.net\/index.php?rest_route=%2Fwp%2Fv2%2Ftags&post=4421"}],"curies":[{"name":"wp","href":"https:\/\/api.w.org\/{rel}","templated":true}]}}